{"id":1000,"date":"2016-03-30T19:30:16","date_gmt":"2016-03-30T19:30:16","guid":{"rendered":"http:\/\/vientosur.top\/museo\/\/?p=1000"},"modified":"2016-03-30T19:30:16","modified_gmt":"2016-03-30T19:30:16","slug":"museo-violeta-parra-inicia-abril-con-variado-fin-de-semana","status":"publish","type":"post","link":"http:\/\/vientosur.top\/museo\/museo-violeta-parra-inicia-abril-con-variado-fin-de-semana\/","title":{"rendered":"Museo Violeta Parra inicia abril con variado fin de semana"},"content":{"rendered":"<ul>\n<li><strong><em>El cuarto mes del a\u00f1o comenzar\u00e1 con un taller de Telar de Cintura y los recitales de Pedro Villagra y Valentina Rodr\u00edguez.<\/em><\/strong><\/li>\n<\/ul>\n<p><!--more--><\/p>\n<p>El Museo Violeta Parra abrir\u00e1 el mes de abril con una nutrida agenda de actividades para este fin de semana, que incluye dos recitales y un entretenido taller.<\/p>\n<p>La primera actividad tendr\u00e1 lugar el s\u00e1bado 2 de abril a las 15:00 horas, cuando se abrir\u00e1n las puertas de la Sala Educativa para recibir el taller de Telar de Cintura, a cargo de la Factor\u00eda Insomnio.<\/p>\n<p>En la oportunidad, los participantes conocer\u00e1n la ancestral t\u00e9cnica del bordado de cintura utilizada por mujeres ind\u00edgenas y campesinas de diversas culturas para confeccionar su vestuario. Inspirados en los tocados centroamericanos, los aprendices fabricar\u00e1n una cinta para diversos usos.<\/p>\n<p>M\u00e1s adelante, a las 16:00 en el auditorio Antar, se desarrollar\u00e1 el recital de Pedro Villagra, compositor y cantautor chileno de amplia trayectoria que ha integrado los grupos Santiago del Nuevo Extremo e Inti-Illimani, entre otros ensambles destacados.<\/p>\n<p>La presentaci\u00f3n incluir\u00e1 temas de los discos \u201cConvite a la danza\u201d, \u201cRebubl\u00fa\u201d y el in\u00e9dito \u201cF\u00e1ciles de piel\u201d, con musicalizaciones de poes\u00eda chilena y universal, variedad de ritmos de origen afroamericano y un especial homenaje a Violeta Parra.<\/p>\n<p>El m\u00fasico estar\u00e1 acompa\u00f1ado de Daniela Conejero en voz, percusi\u00f3n, cuerdas; y de Franco Inostroza en flauta, percusi\u00f3n y coros.<\/p>\n<p>El domingo continuar\u00e1 la m\u00fasica al auditorio Antar, con el recital a las 16:00 horas de la cantautora nacional Valentina Rodr\u00edguez, quien presenta el material contenido en su segundo disco solista llamado \u201cLa Siembra\u201d.<\/p>\n<p>En la presentaci\u00f3n los boleros, la cumbia, cueca, vals y candombe se fusionan con delicadeza en una m\u00fasica fresca, elegante y moderna.<\/p>\n<p>La entrada para ambos recitales es gratuita previo retiro de invitaciones en informaciones del museo, las que deben obtenerse en Vicu\u00f1a Mackenna #37, Santiago.<\/p>\n<p>Adem\u00e1s, como cada fin de semana, el equipo de Educaci\u00f3n del Museo Violeta Parra realizar\u00e1 visitas guiadas a las 11:00 y 12:00 horas, previa inscripci\u00f3n. \u00c9stas son de car\u00e1cter gratuito.<\/p>\n","protected":false},"excerpt":{"rendered":"<p>El cuarto mes del a\u00f1o comenzar\u00e1 con un taller de Telar de Cintura y los recitales de Pedro Villagra y Valentina Rodr\u00edguez.<\/p>\n","protected":false},"author":5,"featured_media":1038,"comment_status":"open","ping_status":"open","sticky":false,"template":"","format":"standard","meta":{"site-sidebar-layout":"default","site-content-layout":"","ast-site-content-layout":"default","site-content-style":"default","site-sidebar-style":"default","ast-global-header-display":"","ast-banner-title-visibility":"","ast-main-header-display":"","ast-hfb-above-header-display":"","ast-hfb-below-header-display":"","ast-hfb-mobile-header-display":"","site-post-title":"","ast-breadcrumbs-content":"","ast-featured-img":"","footer-sml-layout":"","theme-transparent-header-meta":"","adv-header-id-meta":"","stick-header-meta":"","header-above-stick-meta":"","header-main-stick-meta":"","header-below-stick-meta":"","astra-migrate-meta-layouts":"default","ast-page-background-enabled":"default","ast-page-background-meta":{"desktop":{"background-color":"var(--ast-global-color-4)","background-image":"","background-repeat":"repeat","background-position":"center center","background-size":"auto","background-attachment":"scroll","background-type":"","background-media":"","overlay-type":"","overlay-color":"","overlay-opacity":"","overlay-gradient":""},"tablet":{"background-color":"","background-image":"","background-repeat":"repeat","background-position":"center center","background-size":"auto","background-attachment":"scroll","background-type":"","background-media":"","overlay-type":"","overlay-color":"","overlay-opacity":"","overlay-gradient":""},"mobile":{"background-color":"","background-image":"","background-repeat":"repeat","background-position":"center center","background-size":"auto","background-attachment":"scroll","background-type":"","background-media":"","overlay-type":"","overlay-color":"","overlay-opacity":"","overlay-gradient":""}},"ast-content-background-meta":{"desktop":{"background-color":"var(--ast-global-color-5)","background-image":"","background-repeat":"repeat","background-position":"center center","background-size":"auto","background-attachment":"scroll","background-type":"","background-media":"","overlay-type":"","overlay-color":"","overlay-opacity":"","overlay-gradient":""},"tablet":{"background-color":"var(--ast-global-color-5)","background-image":"","background-repeat":"repeat","background-position":"center center","background-size":"auto","background-attachment":"scroll","background-type":"","background-media":"","overlay-type":"","overlay-color":"","overlay-opacity":"","overlay-gradient":""},"mobile":{"background-color":"var(--ast-global-color-5)","background-image":"","background-repeat":"repeat","background-position":"center center","background-size":"auto","background-attachment":"scroll","background-type":"","background-media":"","overlay-type":"","overlay-color":"","overlay-opacity":"","overlay-gradient":""}},"footnotes":""},"categories":[8],"tags":[66,65,62],"class_list":["post-1000","post","type-post","status-publish","format-standard","has-post-thumbnail","hentry","category-noticias","tag-auditorio-antar","tag-talleres","tag-visitas-guiadas"],"yoast_head":"<!-- This site is optimized with the Yoast SEO plugin v25.4 - https:\/\/yoast.com\/wordpress\/plugins\/seo\/ -->\n<title>Museo Violeta Parra inicia abril con variado fin de semana - Museo Violeta Parra<\/title>\n<meta name=\"robots\" content=\"index, follow, max-snippet:-1, max-image-preview:large, max-video-preview:-1\" \/>\n<link rel=\"canonical\" href=\"http:\/\/vientosur.top\/museo\/museo-violeta-parra-inicia-abril-con-variado-fin-de-semana\/\" \/>\n<meta property=\"og:locale\" content=\"es_ES\" \/>\n<meta property=\"og:type\" content=\"article\" \/>\n<meta property=\"og:title\" content=\"Museo Violeta Parra inicia abril con variado fin de semana - Museo Violeta Parra\" \/>\n<meta property=\"og:description\" content=\"El cuarto mes del a\u00f1o comenzar\u00e1 con un taller de Telar de Cintura y los recitales de Pedro Villagra y Valentina Rodr\u00edguez.\" \/>\n<meta property=\"og:url\" content=\"http:\/\/vientosur.top\/museo\/museo-violeta-parra-inicia-abril-con-variado-fin-de-semana\/\" \/>\n<meta property=\"og:site_name\" content=\"Museo Violeta Parra\" \/>\n<meta property=\"article:published_time\" content=\"2016-03-30T19:30:16+00:00\" \/>\n<meta property=\"og:image\" content=\"http:\/\/vientosur.top\/museo\/wp-content\/uploads\/2016\/04\/LSE_1881-scaled.jpg\" \/>\n\t<meta property=\"og:image:width\" content=\"2560\" \/>\n\t<meta property=\"og:image:height\" content=\"1707\" \/>\n\t<meta property=\"og:image:type\" content=\"image\/jpeg\" \/>\n<meta name=\"author\" content=\"admin\" \/>\n<meta name=\"twitter:card\" content=\"summary_large_image\" \/>\n<meta name=\"twitter:label1\" content=\"Escrito por\" \/>\n\t<meta name=\"twitter:data1\" content=\"admin\" \/>\n\t<meta name=\"twitter:label2\" content=\"Tiempo de lectura\" \/>\n\t<meta name=\"twitter:data2\" content=\"2 minutos\" \/>\n<script type=\"application\/ld+json\" class=\"yoast-schema-graph\">{\"@context\":\"https:\/\/schema.org\",\"@graph\":[{\"@type\":\"WebPage\",\"@id\":\"http:\/\/vientosur.top\/museo\/museo-violeta-parra-inicia-abril-con-variado-fin-de-semana\/\",\"url\":\"http:\/\/vientosur.top\/museo\/museo-violeta-parra-inicia-abril-con-variado-fin-de-semana\/\",\"name\":\"Museo Violeta Parra inicia abril con variado fin de semana - Museo Violeta Parra\",\"isPartOf\":{\"@id\":\"http:\/\/vientosur.top\/museo\/#website\"},\"primaryImageOfPage\":{\"@id\":\"http:\/\/vientosur.top\/museo\/museo-violeta-parra-inicia-abril-con-variado-fin-de-semana\/#primaryimage\"},\"image\":{\"@id\":\"http:\/\/vientosur.top\/museo\/museo-violeta-parra-inicia-abril-con-variado-fin-de-semana\/#primaryimage\"},\"thumbnailUrl\":\"http:\/\/vientosur.top\/museo\/wp-content\/uploads\/2016\/04\/LSE_1881-scaled.jpg\",\"datePublished\":\"2016-03-30T19:30:16+00:00\",\"author\":{\"@id\":\"http:\/\/vientosur.top\/museo\/#\/schema\/person\/20c79d3c38800971feec8c2693c3dd9c\"},\"breadcrumb\":{\"@id\":\"http:\/\/vientosur.top\/museo\/museo-violeta-parra-inicia-abril-con-variado-fin-de-semana\/#breadcrumb\"},\"inLanguage\":\"es\",\"potentialAction\":[{\"@type\":\"ReadAction\",\"target\":[\"http:\/\/vientosur.top\/museo\/museo-violeta-parra-inicia-abril-con-variado-fin-de-semana\/\"]}]},{\"@type\":\"ImageObject\",\"inLanguage\":\"es\",\"@id\":\"http:\/\/vientosur.top\/museo\/museo-violeta-parra-inicia-abril-con-variado-fin-de-semana\/#primaryimage\",\"url\":\"http:\/\/vientosur.top\/museo\/wp-content\/uploads\/2016\/04\/LSE_1881-scaled.jpg\",\"contentUrl\":\"http:\/\/vientosur.top\/museo\/wp-content\/uploads\/2016\/04\/LSE_1881-scaled.jpg\",\"width\":2560,\"height\":1707},{\"@type\":\"BreadcrumbList\",\"@id\":\"http:\/\/vientosur.top\/museo\/museo-violeta-parra-inicia-abril-con-variado-fin-de-semana\/#breadcrumb\",\"itemListElement\":[{\"@type\":\"ListItem\",\"position\":1,\"name\":\"Portada\",\"item\":\"http:\/\/vientosur.top\/museo\/\"},{\"@type\":\"ListItem\",\"position\":2,\"name\":\"Museo Violeta Parra inicia abril con variado fin de semana\"}]},{\"@type\":\"WebSite\",\"@id\":\"http:\/\/vientosur.top\/museo\/#website\",\"url\":\"http:\/\/vientosur.top\/museo\/\",\"name\":\"Museo Violeta Parra\",\"description\":\"Espacio que alberga tanto la memoria y legado creativo de la artista\",\"potentialAction\":[{\"@type\":\"SearchAction\",\"target\":{\"@type\":\"EntryPoint\",\"urlTemplate\":\"http:\/\/vientosur.top\/museo\/?s={search_term_string}\"},\"query-input\":{\"@type\":\"PropertyValueSpecification\",\"valueRequired\":true,\"valueName\":\"search_term_string\"}}],\"inLanguage\":\"es\"},{\"@type\":\"Person\",\"@id\":\"http:\/\/vientosur.top\/museo\/#\/schema\/person\/20c79d3c38800971feec8c2693c3dd9c\",\"name\":\"admin\",\"image\":{\"@type\":\"ImageObject\",\"inLanguage\":\"es\",\"@id\":\"http:\/\/vientosur.top\/museo\/#\/schema\/person\/image\/\",\"url\":\"https:\/\/secure.gravatar.com\/avatar\/713677ece3ffa642287213a80e5b773bce9ab81c269dd6d95102a990951c922f?s=96&d=mm&r=g\",\"contentUrl\":\"https:\/\/secure.gravatar.com\/avatar\/713677ece3ffa642287213a80e5b773bce9ab81c269dd6d95102a990951c922f?s=96&d=mm&r=g\",\"caption\":\"admin\"},\"sameAs\":[\"http:\/\/vientosur.top\/museo\"],\"url\":\"http:\/\/vientosur.top\/museo\/author\/comunicacionesmvp\/\"}]}<\/script>\n<!-- \/ Yoast SEO plugin. -->","yoast_head_json":{"title":"Museo Violeta Parra inicia abril con variado fin de semana - Museo Violeta Parra","robots":{"index":"index","follow":"follow","max-snippet":"max-snippet:-1","max-image-preview":"max-image-preview:large","max-video-preview":"max-video-preview:-1"},"canonical":"http:\/\/vientosur.top\/museo\/museo-violeta-parra-inicia-abril-con-variado-fin-de-semana\/","og_locale":"es_ES","og_type":"article","og_title":"Museo Violeta Parra inicia abril con variado fin de semana - Museo Violeta Parra","og_description":"El cuarto mes del a\u00f1o comenzar\u00e1 con un taller de Telar de Cintura y los recitales de Pedro Villagra y Valentina Rodr\u00edguez.","og_url":"http:\/\/vientosur.top\/museo\/museo-violeta-parra-inicia-abril-con-variado-fin-de-semana\/","og_site_name":"Museo Violeta Parra","article_published_time":"2016-03-30T19:30:16+00:00","og_image":[{"width":2560,"height":1707,"url":"http:\/\/vientosur.top\/museo\/wp-content\/uploads\/2016\/04\/LSE_1881-scaled.jpg","type":"image\/jpeg"}],"author":"admin","twitter_card":"summary_large_image","twitter_misc":{"Escrito por":"admin","Tiempo de lectura":"2 minutos"},"schema":{"@context":"https:\/\/schema.org","@graph":[{"@type":"WebPage","@id":"http:\/\/vientosur.top\/museo\/museo-violeta-parra-inicia-abril-con-variado-fin-de-semana\/","url":"http:\/\/vientosur.top\/museo\/museo-violeta-parra-inicia-abril-con-variado-fin-de-semana\/","name":"Museo Violeta Parra inicia abril con variado fin de semana - Museo Violeta Parra","isPartOf":{"@id":"http:\/\/vientosur.top\/museo\/#website"},"primaryImageOfPage":{"@id":"http:\/\/vientosur.top\/museo\/museo-violeta-parra-inicia-abril-con-variado-fin-de-semana\/#primaryimage"},"image":{"@id":"http:\/\/vientosur.top\/museo\/museo-violeta-parra-inicia-abril-con-variado-fin-de-semana\/#primaryimage"},"thumbnailUrl":"http:\/\/vientosur.top\/museo\/wp-content\/uploads\/2016\/04\/LSE_1881-scaled.jpg","datePublished":"2016-03-30T19:30:16+00:00","author":{"@id":"http:\/\/vientosur.top\/museo\/#\/schema\/person\/20c79d3c38800971feec8c2693c3dd9c"},"breadcrumb":{"@id":"http:\/\/vientosur.top\/museo\/museo-violeta-parra-inicia-abril-con-variado-fin-de-semana\/#breadcrumb"},"inLanguage":"es","potentialAction":[{"@type":"ReadAction","target":["http:\/\/vientosur.top\/museo\/museo-violeta-parra-inicia-abril-con-variado-fin-de-semana\/"]}]},{"@type":"ImageObject","inLanguage":"es","@id":"http:\/\/vientosur.top\/museo\/museo-violeta-parra-inicia-abril-con-variado-fin-de-semana\/#primaryimage","url":"http:\/\/vientosur.top\/museo\/wp-content\/uploads\/2016\/04\/LSE_1881-scaled.jpg","contentUrl":"http:\/\/vientosur.top\/museo\/wp-content\/uploads\/2016\/04\/LSE_1881-scaled.jpg","width":2560,"height":1707},{"@type":"BreadcrumbList","@id":"http:\/\/vientosur.top\/museo\/museo-violeta-parra-inicia-abril-con-variado-fin-de-semana\/#breadcrumb","itemListElement":[{"@type":"ListItem","position":1,"name":"Portada","item":"http:\/\/vientosur.top\/museo\/"},{"@type":"ListItem","position":2,"name":"Museo Violeta Parra inicia abril con variado fin de semana"}]},{"@type":"WebSite","@id":"http:\/\/vientosur.top\/museo\/#website","url":"http:\/\/vientosur.top\/museo\/","name":"Museo Violeta Parra","description":"Espacio que alberga tanto la memoria y legado creativo de la artista","potentialAction":[{"@type":"SearchAction","target":{"@type":"EntryPoint","urlTemplate":"http:\/\/vientosur.top\/museo\/?s={search_term_string}"},"query-input":{"@type":"PropertyValueSpecification","valueRequired":true,"valueName":"search_term_string"}}],"inLanguage":"es"},{"@type":"Person","@id":"http:\/\/vientosur.top\/museo\/#\/schema\/person\/20c79d3c38800971feec8c2693c3dd9c","name":"admin","image":{"@type":"ImageObject","inLanguage":"es","@id":"http:\/\/vientosur.top\/museo\/#\/schema\/person\/image\/","url":"https:\/\/secure.gravatar.com\/avatar\/713677ece3ffa642287213a80e5b773bce9ab81c269dd6d95102a990951c922f?s=96&d=mm&r=g","contentUrl":"https:\/\/secure.gravatar.com\/avatar\/713677ece3ffa642287213a80e5b773bce9ab81c269dd6d95102a990951c922f?s=96&d=mm&r=g","caption":"admin"},"sameAs":["http:\/\/vientosur.top\/museo"],"url":"http:\/\/vientosur.top\/museo\/author\/comunicacionesmvp\/"}]}},"_links":{"self":[{"href":"http:\/\/vientosur.top\/museo\/wp-json\/wp\/v2\/posts\/1000","targetHints":{"allow":["GET"]}}],"collection":[{"href":"http:\/\/vientosur.top\/museo\/wp-json\/wp\/v2\/posts"}],"about":[{"href":"http:\/\/vientosur.top\/museo\/wp-json\/wp\/v2\/types\/post"}],"author":[{"embeddable":true,"href":"http:\/\/vientosur.top\/museo\/wp-json\/wp\/v2\/users\/5"}],"replies":[{"embeddable":true,"href":"http:\/\/vientosur.top\/museo\/wp-json\/wp\/v2\/comments?post=1000"}],"version-history":[{"count":0,"href":"http:\/\/vientosur.top\/museo\/wp-json\/wp\/v2\/posts\/1000\/revisions"}],"wp:featuredmedia":[{"embeddable":true,"href":"http:\/\/vientosur.top\/museo\/wp-json\/wp\/v2\/media\/1038"}],"wp:attachment":[{"href":"http:\/\/vientosur.top\/museo\/wp-json\/wp\/v2\/media?parent=1000"}],"wp:term":[{"taxonomy":"category","embeddable":true,"href":"http:\/\/vientosur.top\/museo\/wp-json\/wp\/v2\/categories?post=1000"},{"taxonomy":"post_tag","embeddable":true,"href":"http:\/\/vientosur.top\/museo\/wp-json\/wp\/v2\/tags?post=1000"}],"curies":[{"name":"wp","href":"https:\/\/api.w.org\/{rel}","templated":true}]}}