{"id":1023,"date":"2016-03-28T16:26:11","date_gmt":"2016-03-28T16:26:11","guid":{"rendered":"http:\/\/vientosur.top\/museo\/\/?p=1023"},"modified":"2016-03-28T16:26:11","modified_gmt":"2016-03-28T16:26:11","slug":"charla-sobre-gestion-cultural-y-comunidad-en-brasil","status":"publish","type":"post","link":"http:\/\/vientosur.top\/museo\/charla-sobre-gestion-cultural-y-comunidad-en-brasil\/","title":{"rendered":"Charla sobre gesti\u00f3n cultural y comunidad en Brasil"},"content":{"rendered":"<p>El Museo Violeta Parra recibi\u00f3 la visita de Luzenice Macedo, gestora cultural de Casa D\u2019Arte, instituci\u00f3n de San Luis de Maranhao, Brasil, que se encarga de generar diversas iniciativas para aportar a su comunidad desde distintas ramas art\u00edsticas.<\/p>\n<p>En una presentaci\u00f3n realizada en el auditorio Antar del Museo Violeta Parra, previa al recital de su esposo y m\u00fasico Luis Lima, Macedo coment\u00f3 los esfuerzos del centro cultural para acercar la cultura a la ciudadan\u00eda a trav\u00e9s de la creaci\u00f3n musical y pl\u00e1stica.<\/p>\n<p>Casa D\u2019 Arte dispone de espacios para presentaciones musicales y de capacitaci\u00f3n, para contribuir adem\u00e1s en el desarrollo de la localidad. En la charla, se present\u00f3 un video que deja en evidencia el valioso trabajo hecho por la instituci\u00f3n que, en parte, se sustenta con la venta de los art\u00edculos elaborados por sus miembros.<\/p>\n<p>La visita de Luzenice Macedo y Luis Lima se produjo en el marco de un intercambio cultural entre el Museo Violeta Parra y Casa D\u2019Arte.<\/p>\n<p><strong><a href=\"https:\/\/www.facebook.com\/media\/set\/?set=a.1733282440248503.1073741892.1619584511618297&amp;type=3\">Revisa la galer\u00eda de im\u00e1genes aqu\u00ed.<\/a><\/strong><\/p>\n","protected":false},"excerpt":{"rendered":"<p>El Museo Violeta Parra recibi\u00f3 la visita de Luzenice Macedo, gestora cultural de Casa D\u2019Arte, instituci\u00f3n de San Luis de Maranhao, Brasil, que se encarga de generar diversas iniciativas para aportar a su comunidad desde distintas ramas art\u00edsticas. En una presentaci\u00f3n realizada en el auditorio Antar del Museo Violeta Parra, previa al recital de su [&hellip;]<\/p>\n","protected":false},"author":5,"featured_media":1024,"comment_status":"open","ping_status":"open","sticky":false,"template":"","format":"standard","meta":{"site-sidebar-layout":"default","site-content-layout":"","ast-site-content-layout":"default","site-content-style":"default","site-sidebar-style":"default","ast-global-header-display":"","ast-banner-title-visibility":"","ast-main-header-display":"","ast-hfb-above-header-display":"","ast-hfb-below-header-display":"","ast-hfb-mobile-header-display":"","site-post-title":"","ast-breadcrumbs-content":"","ast-featured-img":"","footer-sml-layout":"","theme-transparent-header-meta":"","adv-header-id-meta":"","stick-header-meta":"","header-above-stick-meta":"","header-main-stick-meta":"","header-below-stick-meta":"","astra-migrate-meta-layouts":"default","ast-page-background-enabled":"default","ast-page-background-meta":{"desktop":{"background-color":"var(--ast-global-color-4)","background-image":"","background-repeat":"repeat","background-position":"center center","background-size":"auto","background-attachment":"scroll","background-type":"","background-media":"","overlay-type":"","overlay-color":"","overlay-opacity":"","overlay-gradient":""},"tablet":{"background-color":"","background-image":"","background-repeat":"repeat","background-position":"center center","background-size":"auto","background-attachment":"scroll","background-type":"","background-media":"","overlay-type":"","overlay-color":"","overlay-opacity":"","overlay-gradient":""},"mobile":{"background-color":"","background-image":"","background-repeat":"repeat","background-position":"center center","background-size":"auto","background-attachment":"scroll","background-type":"","background-media":"","overlay-type":"","overlay-color":"","overlay-opacity":"","overlay-gradient":""}},"ast-content-background-meta":{"desktop":{"background-color":"var(--ast-global-color-5)","background-image":"","background-repeat":"repeat","background-position":"center center","background-size":"auto","background-attachment":"scroll","background-type":"","background-media":"","overlay-type":"","overlay-color":"","overlay-opacity":"","overlay-gradient":""},"tablet":{"background-color":"var(--ast-global-color-5)","background-image":"","background-repeat":"repeat","background-position":"center center","background-size":"auto","background-attachment":"scroll","background-type":"","background-media":"","overlay-type":"","overlay-color":"","overlay-opacity":"","overlay-gradient":""},"mobile":{"background-color":"var(--ast-global-color-5)","background-image":"","background-repeat":"repeat","background-position":"center center","background-size":"auto","background-attachment":"scroll","background-type":"","background-media":"","overlay-type":"","overlay-color":"","overlay-opacity":"","overlay-gradient":""}},"footnotes":""},"categories":[59,8],"tags":[],"class_list":["post-1023","post","type-post","status-publish","format-standard","has-post-thumbnail","hentry","category-destacado-noticia","category-noticias"],"yoast_head":"<!-- This site is optimized with the Yoast SEO plugin v25.4 - https:\/\/yoast.com\/wordpress\/plugins\/seo\/ -->\n<title>Charla sobre gesti\u00f3n cultural y comunidad en Brasil - Museo Violeta Parra<\/title>\n<meta name=\"robots\" content=\"index, follow, max-snippet:-1, max-image-preview:large, max-video-preview:-1\" \/>\n<link rel=\"canonical\" href=\"http:\/\/vientosur.top\/museo\/charla-sobre-gestion-cultural-y-comunidad-en-brasil\/\" \/>\n<meta property=\"og:locale\" content=\"es_ES\" \/>\n<meta property=\"og:type\" content=\"article\" \/>\n<meta property=\"og:title\" content=\"Charla sobre gesti\u00f3n cultural y comunidad en Brasil - Museo Violeta Parra\" \/>\n<meta property=\"og:description\" content=\"El Museo Violeta Parra recibi\u00f3 la visita de Luzenice Macedo, gestora cultural de Casa D\u2019Arte, instituci\u00f3n de San Luis de Maranhao, Brasil, que se encarga de generar diversas iniciativas para aportar a su comunidad desde distintas ramas art\u00edsticas. En una presentaci\u00f3n realizada en el auditorio Antar del Museo Violeta Parra, previa al recital de su [&hellip;]\" \/>\n<meta property=\"og:url\" content=\"http:\/\/vientosur.top\/museo\/charla-sobre-gestion-cultural-y-comunidad-en-brasil\/\" \/>\n<meta property=\"og:site_name\" content=\"Museo Violeta Parra\" \/>\n<meta property=\"article:published_time\" content=\"2016-03-28T16:26:11+00:00\" \/>\n<meta property=\"og:image\" content=\"http:\/\/vientosur.top\/museo\/wp-content\/uploads\/2016\/04\/LSE_0872.jpg\" \/>\n\t<meta property=\"og:image:width\" content=\"1843\" \/>\n\t<meta property=\"og:image:height\" content=\"1229\" \/>\n\t<meta property=\"og:image:type\" content=\"image\/jpeg\" \/>\n<meta name=\"author\" content=\"admin\" \/>\n<meta name=\"twitter:card\" content=\"summary_large_image\" \/>\n<meta name=\"twitter:label1\" content=\"Escrito por\" \/>\n\t<meta name=\"twitter:data1\" content=\"admin\" \/>\n\t<meta name=\"twitter:label2\" content=\"Tiempo de lectura\" \/>\n\t<meta name=\"twitter:data2\" content=\"1 minuto\" \/>\n<script type=\"application\/ld+json\" class=\"yoast-schema-graph\">{\"@context\":\"https:\/\/schema.org\",\"@graph\":[{\"@type\":\"WebPage\",\"@id\":\"http:\/\/vientosur.top\/museo\/charla-sobre-gestion-cultural-y-comunidad-en-brasil\/\",\"url\":\"http:\/\/vientosur.top\/museo\/charla-sobre-gestion-cultural-y-comunidad-en-brasil\/\",\"name\":\"Charla sobre gesti\u00f3n cultural y comunidad en Brasil - Museo Violeta Parra\",\"isPartOf\":{\"@id\":\"http:\/\/vientosur.top\/museo\/#website\"},\"primaryImageOfPage\":{\"@id\":\"http:\/\/vientosur.top\/museo\/charla-sobre-gestion-cultural-y-comunidad-en-brasil\/#primaryimage\"},\"image\":{\"@id\":\"http:\/\/vientosur.top\/museo\/charla-sobre-gestion-cultural-y-comunidad-en-brasil\/#primaryimage\"},\"thumbnailUrl\":\"http:\/\/vientosur.top\/museo\/wp-content\/uploads\/2016\/04\/LSE_0872.jpg\",\"datePublished\":\"2016-03-28T16:26:11+00:00\",\"author\":{\"@id\":\"http:\/\/vientosur.top\/museo\/#\/schema\/person\/20c79d3c38800971feec8c2693c3dd9c\"},\"breadcrumb\":{\"@id\":\"http:\/\/vientosur.top\/museo\/charla-sobre-gestion-cultural-y-comunidad-en-brasil\/#breadcrumb\"},\"inLanguage\":\"es\",\"potentialAction\":[{\"@type\":\"ReadAction\",\"target\":[\"http:\/\/vientosur.top\/museo\/charla-sobre-gestion-cultural-y-comunidad-en-brasil\/\"]}]},{\"@type\":\"ImageObject\",\"inLanguage\":\"es\",\"@id\":\"http:\/\/vientosur.top\/museo\/charla-sobre-gestion-cultural-y-comunidad-en-brasil\/#primaryimage\",\"url\":\"http:\/\/vientosur.top\/museo\/wp-content\/uploads\/2016\/04\/LSE_0872.jpg\",\"contentUrl\":\"http:\/\/vientosur.top\/museo\/wp-content\/uploads\/2016\/04\/LSE_0872.jpg\",\"width\":1843,\"height\":1229},{\"@type\":\"BreadcrumbList\",\"@id\":\"http:\/\/vientosur.top\/museo\/charla-sobre-gestion-cultural-y-comunidad-en-brasil\/#breadcrumb\",\"itemListElement\":[{\"@type\":\"ListItem\",\"position\":1,\"name\":\"Portada\",\"item\":\"http:\/\/vientosur.top\/museo\/\"},{\"@type\":\"ListItem\",\"position\":2,\"name\":\"Charla sobre gesti\u00f3n cultural y comunidad en Brasil\"}]},{\"@type\":\"WebSite\",\"@id\":\"http:\/\/vientosur.top\/museo\/#website\",\"url\":\"http:\/\/vientosur.top\/museo\/\",\"name\":\"Museo Violeta Parra\",\"description\":\"Espacio que alberga tanto la memoria y legado creativo de la artista\",\"potentialAction\":[{\"@type\":\"SearchAction\",\"target\":{\"@type\":\"EntryPoint\",\"urlTemplate\":\"http:\/\/vientosur.top\/museo\/?s={search_term_string}\"},\"query-input\":{\"@type\":\"PropertyValueSpecification\",\"valueRequired\":true,\"valueName\":\"search_term_string\"}}],\"inLanguage\":\"es\"},{\"@type\":\"Person\",\"@id\":\"http:\/\/vientosur.top\/museo\/#\/schema\/person\/20c79d3c38800971feec8c2693c3dd9c\",\"name\":\"admin\",\"image\":{\"@type\":\"ImageObject\",\"inLanguage\":\"es\",\"@id\":\"http:\/\/vientosur.top\/museo\/#\/schema\/person\/image\/\",\"url\":\"https:\/\/secure.gravatar.com\/avatar\/713677ece3ffa642287213a80e5b773bce9ab81c269dd6d95102a990951c922f?s=96&d=mm&r=g\",\"contentUrl\":\"https:\/\/secure.gravatar.com\/avatar\/713677ece3ffa642287213a80e5b773bce9ab81c269dd6d95102a990951c922f?s=96&d=mm&r=g\",\"caption\":\"admin\"},\"sameAs\":[\"http:\/\/vientosur.top\/museo\"],\"url\":\"http:\/\/vientosur.top\/museo\/author\/comunicacionesmvp\/\"}]}<\/script>\n<!-- \/ Yoast SEO plugin. -->","yoast_head_json":{"title":"Charla sobre gesti\u00f3n cultural y comunidad en Brasil - Museo Violeta Parra","robots":{"index":"index","follow":"follow","max-snippet":"max-snippet:-1","max-image-preview":"max-image-preview:large","max-video-preview":"max-video-preview:-1"},"canonical":"http:\/\/vientosur.top\/museo\/charla-sobre-gestion-cultural-y-comunidad-en-brasil\/","og_locale":"es_ES","og_type":"article","og_title":"Charla sobre gesti\u00f3n cultural y comunidad en Brasil - Museo Violeta Parra","og_description":"El Museo Violeta Parra recibi\u00f3 la visita de Luzenice Macedo, gestora cultural de Casa D\u2019Arte, instituci\u00f3n de San Luis de Maranhao, Brasil, que se encarga de generar diversas iniciativas para aportar a su comunidad desde distintas ramas art\u00edsticas. En una presentaci\u00f3n realizada en el auditorio Antar del Museo Violeta Parra, previa al recital de su [&hellip;]","og_url":"http:\/\/vientosur.top\/museo\/charla-sobre-gestion-cultural-y-comunidad-en-brasil\/","og_site_name":"Museo Violeta Parra","article_published_time":"2016-03-28T16:26:11+00:00","og_image":[{"width":1843,"height":1229,"url":"http:\/\/vientosur.top\/museo\/wp-content\/uploads\/2016\/04\/LSE_0872.jpg","type":"image\/jpeg"}],"author":"admin","twitter_card":"summary_large_image","twitter_misc":{"Escrito por":"admin","Tiempo de lectura":"1 minuto"},"schema":{"@context":"https:\/\/schema.org","@graph":[{"@type":"WebPage","@id":"http:\/\/vientosur.top\/museo\/charla-sobre-gestion-cultural-y-comunidad-en-brasil\/","url":"http:\/\/vientosur.top\/museo\/charla-sobre-gestion-cultural-y-comunidad-en-brasil\/","name":"Charla sobre gesti\u00f3n cultural y comunidad en Brasil - Museo Violeta Parra","isPartOf":{"@id":"http:\/\/vientosur.top\/museo\/#website"},"primaryImageOfPage":{"@id":"http:\/\/vientosur.top\/museo\/charla-sobre-gestion-cultural-y-comunidad-en-brasil\/#primaryimage"},"image":{"@id":"http:\/\/vientosur.top\/museo\/charla-sobre-gestion-cultural-y-comunidad-en-brasil\/#primaryimage"},"thumbnailUrl":"http:\/\/vientosur.top\/museo\/wp-content\/uploads\/2016\/04\/LSE_0872.jpg","datePublished":"2016-03-28T16:26:11+00:00","author":{"@id":"http:\/\/vientosur.top\/museo\/#\/schema\/person\/20c79d3c38800971feec8c2693c3dd9c"},"breadcrumb":{"@id":"http:\/\/vientosur.top\/museo\/charla-sobre-gestion-cultural-y-comunidad-en-brasil\/#breadcrumb"},"inLanguage":"es","potentialAction":[{"@type":"ReadAction","target":["http:\/\/vientosur.top\/museo\/charla-sobre-gestion-cultural-y-comunidad-en-brasil\/"]}]},{"@type":"ImageObject","inLanguage":"es","@id":"http:\/\/vientosur.top\/museo\/charla-sobre-gestion-cultural-y-comunidad-en-brasil\/#primaryimage","url":"http:\/\/vientosur.top\/museo\/wp-content\/uploads\/2016\/04\/LSE_0872.jpg","contentUrl":"http:\/\/vientosur.top\/museo\/wp-content\/uploads\/2016\/04\/LSE_0872.jpg","width":1843,"height":1229},{"@type":"BreadcrumbList","@id":"http:\/\/vientosur.top\/museo\/charla-sobre-gestion-cultural-y-comunidad-en-brasil\/#breadcrumb","itemListElement":[{"@type":"ListItem","position":1,"name":"Portada","item":"http:\/\/vientosur.top\/museo\/"},{"@type":"ListItem","position":2,"name":"Charla sobre gesti\u00f3n cultural y comunidad en Brasil"}]},{"@type":"WebSite","@id":"http:\/\/vientosur.top\/museo\/#website","url":"http:\/\/vientosur.top\/museo\/","name":"Museo Violeta Parra","description":"Espacio que alberga tanto la memoria y legado creativo de la artista","potentialAction":[{"@type":"SearchAction","target":{"@type":"EntryPoint","urlTemplate":"http:\/\/vientosur.top\/museo\/?s={search_term_string}"},"query-input":{"@type":"PropertyValueSpecification","valueRequired":true,"valueName":"search_term_string"}}],"inLanguage":"es"},{"@type":"Person","@id":"http:\/\/vientosur.top\/museo\/#\/schema\/person\/20c79d3c38800971feec8c2693c3dd9c","name":"admin","image":{"@type":"ImageObject","inLanguage":"es","@id":"http:\/\/vientosur.top\/museo\/#\/schema\/person\/image\/","url":"https:\/\/secure.gravatar.com\/avatar\/713677ece3ffa642287213a80e5b773bce9ab81c269dd6d95102a990951c922f?s=96&d=mm&r=g","contentUrl":"https:\/\/secure.gravatar.com\/avatar\/713677ece3ffa642287213a80e5b773bce9ab81c269dd6d95102a990951c922f?s=96&d=mm&r=g","caption":"admin"},"sameAs":["http:\/\/vientosur.top\/museo"],"url":"http:\/\/vientosur.top\/museo\/author\/comunicacionesmvp\/"}]}},"_links":{"self":[{"href":"http:\/\/vientosur.top\/museo\/wp-json\/wp\/v2\/posts\/1023","targetHints":{"allow":["GET"]}}],"collection":[{"href":"http:\/\/vientosur.top\/museo\/wp-json\/wp\/v2\/posts"}],"about":[{"href":"http:\/\/vientosur.top\/museo\/wp-json\/wp\/v2\/types\/post"}],"author":[{"embeddable":true,"href":"http:\/\/vientosur.top\/museo\/wp-json\/wp\/v2\/users\/5"}],"replies":[{"embeddable":true,"href":"http:\/\/vientosur.top\/museo\/wp-json\/wp\/v2\/comments?post=1023"}],"version-history":[{"count":0,"href":"http:\/\/vientosur.top\/museo\/wp-json\/wp\/v2\/posts\/1023\/revisions"}],"wp:featuredmedia":[{"embeddable":true,"href":"http:\/\/vientosur.top\/museo\/wp-json\/wp\/v2\/media\/1024"}],"wp:attachment":[{"href":"http:\/\/vientosur.top\/museo\/wp-json\/wp\/v2\/media?parent=1023"}],"wp:term":[{"taxonomy":"category","embeddable":true,"href":"http:\/\/vientosur.top\/museo\/wp-json\/wp\/v2\/categories?post=1023"},{"taxonomy":"post_tag","embeddable":true,"href":"http:\/\/vientosur.top\/museo\/wp-json\/wp\/v2\/tags?post=1023"}],"curies":[{"name":"wp","href":"https:\/\/api.w.org\/{rel}","templated":true}]}}