{"id":1037,"date":"2016-04-06T17:46:05","date_gmt":"2016-04-06T17:46:05","guid":{"rendered":"http:\/\/vientosur.top\/museo\/\/?p=1037"},"modified":"2016-04-06T17:46:05","modified_gmt":"2016-04-06T17:46:05","slug":"seis-meses-de-vida-del-museo-violeta-parra","status":"publish","type":"post","link":"http:\/\/vientosur.top\/museo\/seis-meses-de-vida-del-museo-violeta-parra\/","title":{"rendered":"Seis meses de vida del Museo Violeta Parra"},"content":{"rendered":"<ul>\n<li><strong><em>M\u00e1s de 67 mil personas han visitado el espacio, conocido la muestra y participado de sus conciertos y talleres gratuitos. <\/em><\/strong><\/li>\n<\/ul>\n<p>El Museo Violeta Parra cumple este mi\u00e9rcoles seis meses desde su apertura al p\u00fablico el 6 de octubre 2015. Y en este corto per\u00edodo de tiempo, es mucho lo que ha ocurrido al interior del espacio dedicado a una de las artistas m\u00e1s prol\u00edficas que ha dado nuestro pa\u00eds.<\/p>\n<p>Desde esa fecha, <strong>67.642 personas han visitado el museo,<\/strong> ya sea para conocer la obra visual de la multifac\u00e9tica Violeta Parra, como para participar de los talleres o presenciar los conciertos gratuitos que cada fin de semana se toman el auditorio Antar.<\/p>\n<p>De hecho, a la fecha nos han visitado 112 colegios y liceos, con estudiantes de educaci\u00f3n preescolar, b\u00e1sica y media, quienes han participado de los recorridos guiados y otras actividades preparadas por nuestra \u00e1rea de Educaci\u00f3n. Lo propio han hecho las instituciones de educaci\u00f3n superior, con 44 delegaciones de diversas carreras, universidades, institutos y centros de formaci\u00f3n t\u00e9cnica. Y no hablamos s\u00f3lo de Santiago. Delegaciones de Valpara\u00edso, Concepci\u00f3n, Chill\u00e1n, Valdivia y otras zonas del pa\u00eds tambi\u00e9n han querido decir presente en el museo.<\/p>\n<p>Pero esos no son los \u00fanicos esfuerzos del Museo Violeta Parra como entidad educativa: se han realizado 19 talleres con la participaci\u00f3n total de 224 personas, quienes aprendieron a elaborar sus propias arpilleras, micro bordados y cester\u00eda kaweskar, entre otras manualidades.<\/p>\n<p><strong><em>\u201cEn estos seis meses de funcionamiento no s\u00f3lo se ha abierto un nuevo espacio cultural para la ciudadan\u00eda, sino que Chile hoy puede decir con orgullo que cuenta con un espacio de encuentro y reflexi\u00f3n, arte y educaci\u00f3n, teniendo como ejemplo la figura de Violeta Parra, quien a su vez nos regala m\u00faltiples valores acerca de nuestra identidad cultural y de nuestro patrimonio visual y musical. Un espacio \u00fanico dedicado a una artista \u00fanica. Un regalo para el pa\u00eds\u201d,<\/em><\/strong> afirma el director ejecutivo Leonardo Mellado.<\/p>\n<p>Al igual que nuestros visitantes, la m\u00fasica en vivo tambi\u00e9n ha llenado de vida el espacio, tanto el patio como el auditorio Antar. En el exterior, se realizaron recitales de enorme convocatoria como los protagonizados por los hijos de Violeta, Isabel y \u00c1ngel Parra; y el de este \u00faltimo con \u00c1ngel Parra hijo. Hasta hoy, el museo Violeta Parra ha ofrecido 39 conciertos gratuitos de variados estilos y se encuentra trabajando para seguir brindando espect\u00e1culos de calidad.<\/p>\n<p>Pero el auditorio Antar no s\u00f3lo ha albergado m\u00fasica: la obra \u201cDo\u00f1a Petronila y su historia traspuesta\u201d, y los documentales \u201cEl bot\u00f3n de N\u00e1car\u201d -en el marco del D\u00eda Nacional del Cine Chileno-,\u00a0 \u201cLa sabidur\u00eda de las abuelas\u201d y \u201cLa \u00faltima canci\u00f3n de libertad\u201d, tambi\u00e9n han formado parte de nuestra programaci\u00f3n.<\/p>\n<p>El mismo espacio fue utilizado para diversos seminarios, las presentaciones de textos como \u201cGabriela Mistral \u2013 Carta para muchos (Espa\u00f1a, 1933 \u2013 1935)\u201d, de las autoras Karen Benavente y Daniela Shutte; la nueva enciclopedia \u201cMitos de Chile\u201d, de la acad\u00e9mica Sonia Montecino; \u201c10 a\u00f1os de discursos y transcursos del estar de las mujeres\u201d, de la Corporaci\u00f3n Humanas; \u201cEspejo de los sue\u00f1os\u201d, de Francesca Ancarola; y \u00abPoec\u00eda Sivil\u00bb, de Manuel S\u00e1nchez.<\/p>\n<p>En el marco de la \u201cSemana de la Mujer\u201d, tuvo lugar el conversatorio \u201cLa mujer chilena en el arte musical popular\u201d, que fue seguido por el concierto \u201cCantos de Mujer\u201d, con Elizabeth Morris, Magdalena Matthey y Fabiola Gonz\u00e1lez, la Chinganera, que cont\u00f3 con una amplia asistencia de p\u00fablico que replet\u00f3 el patio de acceso al recinto.<\/p>\n<p>Durante esta jornada, el Museo Violeta Parra buscar\u00e1 tener un gesto especial con sus visitantes, con la entrega de regalos para la primera persona en ingresar y las delegaciones que nos visiten.<\/p>\n","protected":false},"excerpt":{"rendered":"<p>M\u00e1s de 67 mil personas han visitado el espacio, conocido la muestra y participado de sus conciertos y talleres gratuitos. El Museo Violeta Parra cumple este mi\u00e9rcoles seis meses desde su apertura al p\u00fablico el 6 de octubre 2015. Y en este corto per\u00edodo de tiempo, es mucho lo que ha ocurrido al interior del [&hellip;]<\/p>\n","protected":false},"author":5,"featured_media":1040,"comment_status":"open","ping_status":"open","sticky":false,"template":"","format":"standard","meta":{"site-sidebar-layout":"default","site-content-layout":"","ast-site-content-layout":"default","site-content-style":"default","site-sidebar-style":"default","ast-global-header-display":"","ast-banner-title-visibility":"","ast-main-header-display":"","ast-hfb-above-header-display":"","ast-hfb-below-header-display":"","ast-hfb-mobile-header-display":"","site-post-title":"","ast-breadcrumbs-content":"","ast-featured-img":"","footer-sml-layout":"","theme-transparent-header-meta":"","adv-header-id-meta":"","stick-header-meta":"","header-above-stick-meta":"","header-main-stick-meta":"","header-below-stick-meta":"","astra-migrate-meta-layouts":"default","ast-page-background-enabled":"default","ast-page-background-meta":{"desktop":{"background-color":"var(--ast-global-color-4)","background-image":"","background-repeat":"repeat","background-position":"center center","background-size":"auto","background-attachment":"scroll","background-type":"","background-media":"","overlay-type":"","overlay-color":"","overlay-opacity":"","overlay-gradient":""},"tablet":{"background-color":"","background-image":"","background-repeat":"repeat","background-position":"center center","background-size":"auto","background-attachment":"scroll","background-type":"","background-media":"","overlay-type":"","overlay-color":"","overlay-opacity":"","overlay-gradient":""},"mobile":{"background-color":"","background-image":"","background-repeat":"repeat","background-position":"center center","background-size":"auto","background-attachment":"scroll","background-type":"","background-media":"","overlay-type":"","overlay-color":"","overlay-opacity":"","overlay-gradient":""}},"ast-content-background-meta":{"desktop":{"background-color":"var(--ast-global-color-5)","background-image":"","background-repeat":"repeat","background-position":"center center","background-size":"auto","background-attachment":"scroll","background-type":"","background-media":"","overlay-type":"","overlay-color":"","overlay-opacity":"","overlay-gradient":""},"tablet":{"background-color":"var(--ast-global-color-5)","background-image":"","background-repeat":"repeat","background-position":"center center","background-size":"auto","background-attachment":"scroll","background-type":"","background-media":"","overlay-type":"","overlay-color":"","overlay-opacity":"","overlay-gradient":""},"mobile":{"background-color":"var(--ast-global-color-5)","background-image":"","background-repeat":"repeat","background-position":"center center","background-size":"auto","background-attachment":"scroll","background-type":"","background-media":"","overlay-type":"","overlay-color":"","overlay-opacity":"","overlay-gradient":""}},"footnotes":""},"categories":[59,8],"tags":[66,81,65],"class_list":["post-1037","post","type-post","status-publish","format-standard","has-post-thumbnail","hentry","category-destacado-noticia","category-noticias","tag-auditorio-antar","tag-recitales","tag-talleres"],"yoast_head":"<!-- This site is optimized with the Yoast SEO plugin v25.4 - https:\/\/yoast.com\/wordpress\/plugins\/seo\/ -->\n<title>Seis meses de vida del Museo Violeta Parra - Museo Violeta Parra<\/title>\n<meta name=\"robots\" content=\"index, follow, max-snippet:-1, max-image-preview:large, max-video-preview:-1\" \/>\n<link rel=\"canonical\" href=\"http:\/\/vientosur.top\/museo\/seis-meses-de-vida-del-museo-violeta-parra\/\" \/>\n<meta property=\"og:locale\" content=\"es_ES\" \/>\n<meta property=\"og:type\" content=\"article\" \/>\n<meta property=\"og:title\" content=\"Seis meses de vida del Museo Violeta Parra - Museo Violeta Parra\" \/>\n<meta property=\"og:description\" content=\"M\u00e1s de 67 mil personas han visitado el espacio, conocido la muestra y participado de sus conciertos y talleres gratuitos. El Museo Violeta Parra cumple este mi\u00e9rcoles seis meses desde su apertura al p\u00fablico el 6 de octubre 2015. Y en este corto per\u00edodo de tiempo, es mucho lo que ha ocurrido al interior del [&hellip;]\" \/>\n<meta property=\"og:url\" content=\"http:\/\/vientosur.top\/museo\/seis-meses-de-vida-del-museo-violeta-parra\/\" \/>\n<meta property=\"og:site_name\" content=\"Museo Violeta Parra\" \/>\n<meta property=\"article:published_time\" content=\"2016-04-06T17:46:05+00:00\" \/>\n<meta property=\"og:image\" content=\"http:\/\/vientosur.top\/museo\/wp-content\/uploads\/2016\/04\/LSE_1620.jpg\" \/>\n\t<meta property=\"og:image:width\" content=\"1843\" \/>\n\t<meta property=\"og:image:height\" content=\"1229\" \/>\n\t<meta property=\"og:image:type\" content=\"image\/jpeg\" \/>\n<meta name=\"author\" content=\"admin\" \/>\n<meta name=\"twitter:card\" content=\"summary_large_image\" \/>\n<meta name=\"twitter:label1\" content=\"Escrito por\" \/>\n\t<meta name=\"twitter:data1\" content=\"admin\" \/>\n\t<meta name=\"twitter:label2\" content=\"Tiempo de lectura\" \/>\n\t<meta name=\"twitter:data2\" content=\"3 minutos\" \/>\n<script type=\"application\/ld+json\" class=\"yoast-schema-graph\">{\"@context\":\"https:\/\/schema.org\",\"@graph\":[{\"@type\":\"WebPage\",\"@id\":\"http:\/\/vientosur.top\/museo\/seis-meses-de-vida-del-museo-violeta-parra\/\",\"url\":\"http:\/\/vientosur.top\/museo\/seis-meses-de-vida-del-museo-violeta-parra\/\",\"name\":\"Seis meses de vida del Museo Violeta Parra - Museo Violeta Parra\",\"isPartOf\":{\"@id\":\"http:\/\/vientosur.top\/museo\/#website\"},\"primaryImageOfPage\":{\"@id\":\"http:\/\/vientosur.top\/museo\/seis-meses-de-vida-del-museo-violeta-parra\/#primaryimage\"},\"image\":{\"@id\":\"http:\/\/vientosur.top\/museo\/seis-meses-de-vida-del-museo-violeta-parra\/#primaryimage\"},\"thumbnailUrl\":\"http:\/\/vientosur.top\/museo\/wp-content\/uploads\/2016\/04\/LSE_1620.jpg\",\"datePublished\":\"2016-04-06T17:46:05+00:00\",\"author\":{\"@id\":\"http:\/\/vientosur.top\/museo\/#\/schema\/person\/20c79d3c38800971feec8c2693c3dd9c\"},\"breadcrumb\":{\"@id\":\"http:\/\/vientosur.top\/museo\/seis-meses-de-vida-del-museo-violeta-parra\/#breadcrumb\"},\"inLanguage\":\"es\",\"potentialAction\":[{\"@type\":\"ReadAction\",\"target\":[\"http:\/\/vientosur.top\/museo\/seis-meses-de-vida-del-museo-violeta-parra\/\"]}]},{\"@type\":\"ImageObject\",\"inLanguage\":\"es\",\"@id\":\"http:\/\/vientosur.top\/museo\/seis-meses-de-vida-del-museo-violeta-parra\/#primaryimage\",\"url\":\"http:\/\/vientosur.top\/museo\/wp-content\/uploads\/2016\/04\/LSE_1620.jpg\",\"contentUrl\":\"http:\/\/vientosur.top\/museo\/wp-content\/uploads\/2016\/04\/LSE_1620.jpg\",\"width\":1843,\"height\":1229},{\"@type\":\"BreadcrumbList\",\"@id\":\"http:\/\/vientosur.top\/museo\/seis-meses-de-vida-del-museo-violeta-parra\/#breadcrumb\",\"itemListElement\":[{\"@type\":\"ListItem\",\"position\":1,\"name\":\"Portada\",\"item\":\"http:\/\/vientosur.top\/museo\/\"},{\"@type\":\"ListItem\",\"position\":2,\"name\":\"Seis meses de vida del Museo Violeta Parra\"}]},{\"@type\":\"WebSite\",\"@id\":\"http:\/\/vientosur.top\/museo\/#website\",\"url\":\"http:\/\/vientosur.top\/museo\/\",\"name\":\"Museo Violeta Parra\",\"description\":\"Espacio que alberga tanto la memoria y legado creativo de la artista\",\"potentialAction\":[{\"@type\":\"SearchAction\",\"target\":{\"@type\":\"EntryPoint\",\"urlTemplate\":\"http:\/\/vientosur.top\/museo\/?s={search_term_string}\"},\"query-input\":{\"@type\":\"PropertyValueSpecification\",\"valueRequired\":true,\"valueName\":\"search_term_string\"}}],\"inLanguage\":\"es\"},{\"@type\":\"Person\",\"@id\":\"http:\/\/vientosur.top\/museo\/#\/schema\/person\/20c79d3c38800971feec8c2693c3dd9c\",\"name\":\"admin\",\"image\":{\"@type\":\"ImageObject\",\"inLanguage\":\"es\",\"@id\":\"http:\/\/vientosur.top\/museo\/#\/schema\/person\/image\/\",\"url\":\"https:\/\/secure.gravatar.com\/avatar\/713677ece3ffa642287213a80e5b773bce9ab81c269dd6d95102a990951c922f?s=96&d=mm&r=g\",\"contentUrl\":\"https:\/\/secure.gravatar.com\/avatar\/713677ece3ffa642287213a80e5b773bce9ab81c269dd6d95102a990951c922f?s=96&d=mm&r=g\",\"caption\":\"admin\"},\"sameAs\":[\"http:\/\/vientosur.top\/museo\"],\"url\":\"http:\/\/vientosur.top\/museo\/author\/comunicacionesmvp\/\"}]}<\/script>\n<!-- \/ Yoast SEO plugin. -->","yoast_head_json":{"title":"Seis meses de vida del Museo Violeta Parra - Museo Violeta Parra","robots":{"index":"index","follow":"follow","max-snippet":"max-snippet:-1","max-image-preview":"max-image-preview:large","max-video-preview":"max-video-preview:-1"},"canonical":"http:\/\/vientosur.top\/museo\/seis-meses-de-vida-del-museo-violeta-parra\/","og_locale":"es_ES","og_type":"article","og_title":"Seis meses de vida del Museo Violeta Parra - Museo Violeta Parra","og_description":"M\u00e1s de 67 mil personas han visitado el espacio, conocido la muestra y participado de sus conciertos y talleres gratuitos. El Museo Violeta Parra cumple este mi\u00e9rcoles seis meses desde su apertura al p\u00fablico el 6 de octubre 2015. Y en este corto per\u00edodo de tiempo, es mucho lo que ha ocurrido al interior del [&hellip;]","og_url":"http:\/\/vientosur.top\/museo\/seis-meses-de-vida-del-museo-violeta-parra\/","og_site_name":"Museo Violeta Parra","article_published_time":"2016-04-06T17:46:05+00:00","og_image":[{"width":1843,"height":1229,"url":"http:\/\/vientosur.top\/museo\/wp-content\/uploads\/2016\/04\/LSE_1620.jpg","type":"image\/jpeg"}],"author":"admin","twitter_card":"summary_large_image","twitter_misc":{"Escrito por":"admin","Tiempo de lectura":"3 minutos"},"schema":{"@context":"https:\/\/schema.org","@graph":[{"@type":"WebPage","@id":"http:\/\/vientosur.top\/museo\/seis-meses-de-vida-del-museo-violeta-parra\/","url":"http:\/\/vientosur.top\/museo\/seis-meses-de-vida-del-museo-violeta-parra\/","name":"Seis meses de vida del Museo Violeta Parra - Museo Violeta Parra","isPartOf":{"@id":"http:\/\/vientosur.top\/museo\/#website"},"primaryImageOfPage":{"@id":"http:\/\/vientosur.top\/museo\/seis-meses-de-vida-del-museo-violeta-parra\/#primaryimage"},"image":{"@id":"http:\/\/vientosur.top\/museo\/seis-meses-de-vida-del-museo-violeta-parra\/#primaryimage"},"thumbnailUrl":"http:\/\/vientosur.top\/museo\/wp-content\/uploads\/2016\/04\/LSE_1620.jpg","datePublished":"2016-04-06T17:46:05+00:00","author":{"@id":"http:\/\/vientosur.top\/museo\/#\/schema\/person\/20c79d3c38800971feec8c2693c3dd9c"},"breadcrumb":{"@id":"http:\/\/vientosur.top\/museo\/seis-meses-de-vida-del-museo-violeta-parra\/#breadcrumb"},"inLanguage":"es","potentialAction":[{"@type":"ReadAction","target":["http:\/\/vientosur.top\/museo\/seis-meses-de-vida-del-museo-violeta-parra\/"]}]},{"@type":"ImageObject","inLanguage":"es","@id":"http:\/\/vientosur.top\/museo\/seis-meses-de-vida-del-museo-violeta-parra\/#primaryimage","url":"http:\/\/vientosur.top\/museo\/wp-content\/uploads\/2016\/04\/LSE_1620.jpg","contentUrl":"http:\/\/vientosur.top\/museo\/wp-content\/uploads\/2016\/04\/LSE_1620.jpg","width":1843,"height":1229},{"@type":"BreadcrumbList","@id":"http:\/\/vientosur.top\/museo\/seis-meses-de-vida-del-museo-violeta-parra\/#breadcrumb","itemListElement":[{"@type":"ListItem","position":1,"name":"Portada","item":"http:\/\/vientosur.top\/museo\/"},{"@type":"ListItem","position":2,"name":"Seis meses de vida del Museo Violeta Parra"}]},{"@type":"WebSite","@id":"http:\/\/vientosur.top\/museo\/#website","url":"http:\/\/vientosur.top\/museo\/","name":"Museo Violeta Parra","description":"Espacio que alberga tanto la memoria y legado creativo de la artista","potentialAction":[{"@type":"SearchAction","target":{"@type":"EntryPoint","urlTemplate":"http:\/\/vientosur.top\/museo\/?s={search_term_string}"},"query-input":{"@type":"PropertyValueSpecification","valueRequired":true,"valueName":"search_term_string"}}],"inLanguage":"es"},{"@type":"Person","@id":"http:\/\/vientosur.top\/museo\/#\/schema\/person\/20c79d3c38800971feec8c2693c3dd9c","name":"admin","image":{"@type":"ImageObject","inLanguage":"es","@id":"http:\/\/vientosur.top\/museo\/#\/schema\/person\/image\/","url":"https:\/\/secure.gravatar.com\/avatar\/713677ece3ffa642287213a80e5b773bce9ab81c269dd6d95102a990951c922f?s=96&d=mm&r=g","contentUrl":"https:\/\/secure.gravatar.com\/avatar\/713677ece3ffa642287213a80e5b773bce9ab81c269dd6d95102a990951c922f?s=96&d=mm&r=g","caption":"admin"},"sameAs":["http:\/\/vientosur.top\/museo"],"url":"http:\/\/vientosur.top\/museo\/author\/comunicacionesmvp\/"}]}},"_links":{"self":[{"href":"http:\/\/vientosur.top\/museo\/wp-json\/wp\/v2\/posts\/1037","targetHints":{"allow":["GET"]}}],"collection":[{"href":"http:\/\/vientosur.top\/museo\/wp-json\/wp\/v2\/posts"}],"about":[{"href":"http:\/\/vientosur.top\/museo\/wp-json\/wp\/v2\/types\/post"}],"author":[{"embeddable":true,"href":"http:\/\/vientosur.top\/museo\/wp-json\/wp\/v2\/users\/5"}],"replies":[{"embeddable":true,"href":"http:\/\/vientosur.top\/museo\/wp-json\/wp\/v2\/comments?post=1037"}],"version-history":[{"count":0,"href":"http:\/\/vientosur.top\/museo\/wp-json\/wp\/v2\/posts\/1037\/revisions"}],"wp:featuredmedia":[{"embeddable":true,"href":"http:\/\/vientosur.top\/museo\/wp-json\/wp\/v2\/media\/1040"}],"wp:attachment":[{"href":"http:\/\/vientosur.top\/museo\/wp-json\/wp\/v2\/media?parent=1037"}],"wp:term":[{"taxonomy":"category","embeddable":true,"href":"http:\/\/vientosur.top\/museo\/wp-json\/wp\/v2\/categories?post=1037"},{"taxonomy":"post_tag","embeddable":true,"href":"http:\/\/vientosur.top\/museo\/wp-json\/wp\/v2\/tags?post=1037"}],"curies":[{"name":"wp","href":"https:\/\/api.w.org\/{rel}","templated":true}]}}