{"id":1061,"date":"2016-04-08T21:44:52","date_gmt":"2016-04-08T21:44:52","guid":{"rendered":"http:\/\/vientosur.top\/museo\/\/?p=1061"},"modified":"2016-04-08T21:44:52","modified_gmt":"2016-04-08T21:44:52","slug":"la-historia-de-la-fotografia-de-violeta-y-su-tapiz","status":"publish","type":"post","link":"http:\/\/vientosur.top\/museo\/la-historia-de-la-fotografia-de-violeta-y-su-tapiz\/","title":{"rendered":"La historia de la fotograf\u00eda de Violeta y su tapiz"},"content":{"rendered":"<ul>\n<li><strong><em>La imagen fue captada en 1960 en la Feria de Artes Pl\u00e1sticas del Parque Forestal.<\/em><\/strong><\/li>\n<\/ul>\n<p><!--more--><\/p>\n<p>El fot\u00f3grafo chileno Marcelo Montealegre es el autor de la instant\u00e1nea donde se aprecia a una sonriente Violeta Parra frente a uno de sus tapices. Se trata de la misma imagen que adorna, entre otros, la fachada de nuestro museo e invita a la ciudadan\u00eda a conocer su obra.<\/p>\n<p>\u00c9sta es una de las tres fotograf\u00edas que hizo de la artista cuando en 1960 mostraba sus obras en la Feria de Artes Pl\u00e1sticas del Parque Forestal. Hoy es el propio autor quien cuenta la historia de ese retrato.<\/p>\n<p>Seg\u00fan relat\u00f3 a la periodista Patricia Pe\u00f1a en la ciudad de Nueva York, las im\u00e1genes fueron captadas en el marco de su trabajo para la revista \u201cLa Voz\u201d, del Arzobispado, cuando daba sus primeros pasos en la fotograf\u00eda.<\/p>\n<p>\u201cTom\u00e9 s\u00f3lo tres fotos a Violeta. No la conoc\u00eda. Vi el nombre Parra y me son\u00f3 a algo por Nicanor. Le pregunt\u00e9 y me dijo que era hermana. Me cont\u00f3 que hab\u00eda estado en Europa y que en realidad era folclorista, pero que en la feria estaba mostrando sus tapices. Ah\u00ed fue cuando le tom\u00e9 fotos\u201d, dice Montealegre, hoy en Nueva York.<\/p>\n<p>\u201cEra impresionantemente accesible. Pos\u00f3 muy alegre. El rato que estuve conversando con ella, que debe haber sido una media hora, se acercaron personas y las atendi\u00f3 muy bien, con mucho entusiasmo\u201d, cuenta.<\/p>\n<p>Pero ese no fue el \u00fanico acercamiento a Violeta Parra y su obra. Muchos a\u00f1os despu\u00e9s, cuando ya estaba instalado en la Gran Manzana, recibi\u00f3 una particular visita en el loft donde viv\u00eda, que funcionaba adem\u00e1s como taller-oficina.<\/p>\n<p>Lo describe como un \u201cse\u00f1or de unos 50 a\u00f1os o m\u00e1s, de cabello gris y cierta madurez\u201d. \u00c9l llega y, de la nada, le dice que tiene una serie de cosas que Violeta Parra le dej\u00f3 en Par\u00eds y que no puede quedarse por estar ad portas de volver a Chile.<\/p>\n<p>\u201cNo s\u00e9 qu\u00e9 hacer con estas cosas, no las puedo guardar, as\u00ed que se las voy a dejar a usted\u201d, le comenta a Montealegre, quien se niega rotundamente y le pregunta qu\u00e9 podr\u00eda hacer \u00e9l con todos esos objetos. \u201cNo s\u00e9. Usted conoce tanta gente que de repente va a aparecer uno de los hijos de Violeta y usted se los entrega\u201d, responde el desconocido, cuyo presagio se har\u00eda realidad m\u00e1s adelante.<\/p>\n<p>Montealegre volvi\u00f3 a negarse pero ya era muy tarde. Estaban descargando las cosas desde una camioneta. \u201cEn eso veo que empiezan a entrar una cantidad enorme de cuadros, rollos, paquetes y yo tratando de decirles que no\u201d, relata.<\/p>\n<p>\u201cHasta luego. Usted se har\u00e1 cargo, usted ver\u00e1\u201d, fueron las \u00faltimas palabras del visitantes, a quien jam\u00e1s volvi\u00f3 a ver. \u201cNunca supe qui\u00e9n era este se\u00f1or\u201d.<\/p>\n<p>\u201cYo cont\u00e9 por lo menos 30 cuadros, arpilleras, tapices de la Violeta y dos cuadernos donde ella ten\u00eda escrito muchas d\u00e9cimas y unas cartas para su hijo. Yo le\u00ed las d\u00e9cimas, las cartas por supuesto que no\u201d, manifiesta Montealegre.<\/p>\n<p>Pasaron un par de meses y se cumpli\u00f3 lo anticipado: \u00c1ngel Parra, hijo de Violeta, tocaba su puerta y se enteraba r\u00e1pidamente de lo ocurrido, aunque sin tener idea alguna de la identidad de la persona en posesi\u00f3n de los objetos.<\/p>\n<p>\u201cLe dije que se llevara las cosas porque eran suyas, de ellos, y se emocion\u00f3 mucho leyendo una carta que le hab\u00eda escrito la Violeta, pero que hab\u00eda escrito sin la intenci\u00f3n de mand\u00e1rsela pues estaba dentro de un cuaderno. Se emocion\u00f3 mucho. Dijo que no se entend\u00eda muy bien con la Violeta y que ah\u00ed se daba cuenta que la Violeta adoraba a su hijo\u201d, cuenta.<\/p>\n<p>Finalmente, fue \u00c1ngel Parra quien se llev\u00f3 los valiosos objetos que Violeta, dada su naturaleza generosa, hab\u00eda regalado al todav\u00eda desconocido poseedor las obras.<\/p>\n<p>Mientras, la imagen de Violeta Parra obtenida por Montealegre contin\u00faa recibiendo a los miles de visitantes que llegan a conocer su obra al museo. Esto fue posible luego que el Museo Violeta Parra se contactara con el autor, quien no tuvo inconvenientes en prestar la imagen para ser utilizada por la instituci\u00f3n\u00a0para diversos fines.<\/p>\n","protected":false},"excerpt":{"rendered":"<p>La imagen fue captada en 1960 en la Feria de Artes Pl\u00e1sticas del Parque Forestal.<\/p>\n","protected":false},"author":5,"featured_media":1062,"comment_status":"open","ping_status":"open","sticky":false,"template":"","format":"standard","meta":{"site-sidebar-layout":"default","site-content-layout":"","ast-site-content-layout":"default","site-content-style":"default","site-sidebar-style":"default","ast-global-header-display":"","ast-banner-title-visibility":"","ast-main-header-display":"","ast-hfb-above-header-display":"","ast-hfb-below-header-display":"","ast-hfb-mobile-header-display":"","site-post-title":"","ast-breadcrumbs-content":"","ast-featured-img":"","footer-sml-layout":"","theme-transparent-header-meta":"","adv-header-id-meta":"","stick-header-meta":"","header-above-stick-meta":"","header-main-stick-meta":"","header-below-stick-meta":"","astra-migrate-meta-layouts":"default","ast-page-background-enabled":"default","ast-page-background-meta":{"desktop":{"background-color":"var(--ast-global-color-4)","background-image":"","background-repeat":"repeat","background-position":"center center","background-size":"auto","background-attachment":"scroll","background-type":"","background-media":"","overlay-type":"","overlay-color":"","overlay-opacity":"","overlay-gradient":""},"tablet":{"background-color":"","background-image":"","background-repeat":"repeat","background-position":"center center","background-size":"auto","background-attachment":"scroll","background-type":"","background-media":"","overlay-type":"","overlay-color":"","overlay-opacity":"","overlay-gradient":""},"mobile":{"background-color":"","background-image":"","background-repeat":"repeat","background-position":"center center","background-size":"auto","background-attachment":"scroll","background-type":"","background-media":"","overlay-type":"","overlay-color":"","overlay-opacity":"","overlay-gradient":""}},"ast-content-background-meta":{"desktop":{"background-color":"var(--ast-global-color-5)","background-image":"","background-repeat":"repeat","background-position":"center center","background-size":"auto","background-attachment":"scroll","background-type":"","background-media":"","overlay-type":"","overlay-color":"","overlay-opacity":"","overlay-gradient":""},"tablet":{"background-color":"var(--ast-global-color-5)","background-image":"","background-repeat":"repeat","background-position":"center center","background-size":"auto","background-attachment":"scroll","background-type":"","background-media":"","overlay-type":"","overlay-color":"","overlay-opacity":"","overlay-gradient":""},"mobile":{"background-color":"var(--ast-global-color-5)","background-image":"","background-repeat":"repeat","background-position":"center center","background-size":"auto","background-attachment":"scroll","background-type":"","background-media":"","overlay-type":"","overlay-color":"","overlay-opacity":"","overlay-gradient":""}},"footnotes":""},"categories":[59,8],"tags":[],"class_list":["post-1061","post","type-post","status-publish","format-standard","has-post-thumbnail","hentry","category-destacado-noticia","category-noticias"],"yoast_head":"<!-- This site is optimized with the Yoast SEO plugin v25.4 - https:\/\/yoast.com\/wordpress\/plugins\/seo\/ -->\n<title>La historia de la fotograf\u00eda de Violeta y su tapiz - Museo Violeta Parra<\/title>\n<meta name=\"robots\" content=\"index, follow, max-snippet:-1, max-image-preview:large, max-video-preview:-1\" \/>\n<link rel=\"canonical\" href=\"http:\/\/vientosur.top\/museo\/la-historia-de-la-fotografia-de-violeta-y-su-tapiz\/\" \/>\n<meta property=\"og:locale\" content=\"es_ES\" \/>\n<meta property=\"og:type\" content=\"article\" \/>\n<meta property=\"og:title\" content=\"La historia de la fotograf\u00eda de Violeta y su tapiz - Museo Violeta Parra\" \/>\n<meta property=\"og:description\" content=\"La imagen fue captada en 1960 en la Feria de Artes Pl\u00e1sticas del Parque Forestal.\" \/>\n<meta property=\"og:url\" content=\"http:\/\/vientosur.top\/museo\/la-historia-de-la-fotografia-de-violeta-y-su-tapiz\/\" \/>\n<meta property=\"og:site_name\" content=\"Museo Violeta Parra\" \/>\n<meta property=\"article:published_time\" content=\"2016-04-08T21:44:52+00:00\" \/>\n<meta property=\"og:image\" content=\"http:\/\/vientosur.top\/museo\/wp-content\/uploads\/2016\/04\/Violeta_Montealegre.jpg\" \/>\n\t<meta property=\"og:image:width\" content=\"786\" \/>\n\t<meta property=\"og:image:height\" content=\"472\" \/>\n\t<meta property=\"og:image:type\" content=\"image\/jpeg\" \/>\n<meta name=\"author\" content=\"admin\" \/>\n<meta name=\"twitter:card\" content=\"summary_large_image\" \/>\n<meta name=\"twitter:label1\" content=\"Escrito por\" \/>\n\t<meta name=\"twitter:data1\" content=\"admin\" \/>\n\t<meta name=\"twitter:label2\" content=\"Tiempo de lectura\" \/>\n\t<meta name=\"twitter:data2\" content=\"4 minutos\" \/>\n<script type=\"application\/ld+json\" class=\"yoast-schema-graph\">{\"@context\":\"https:\/\/schema.org\",\"@graph\":[{\"@type\":\"WebPage\",\"@id\":\"http:\/\/vientosur.top\/museo\/la-historia-de-la-fotografia-de-violeta-y-su-tapiz\/\",\"url\":\"http:\/\/vientosur.top\/museo\/la-historia-de-la-fotografia-de-violeta-y-su-tapiz\/\",\"name\":\"La historia de la fotograf\u00eda de Violeta y su tapiz - Museo Violeta Parra\",\"isPartOf\":{\"@id\":\"http:\/\/vientosur.top\/museo\/#website\"},\"primaryImageOfPage\":{\"@id\":\"http:\/\/vientosur.top\/museo\/la-historia-de-la-fotografia-de-violeta-y-su-tapiz\/#primaryimage\"},\"image\":{\"@id\":\"http:\/\/vientosur.top\/museo\/la-historia-de-la-fotografia-de-violeta-y-su-tapiz\/#primaryimage\"},\"thumbnailUrl\":\"http:\/\/vientosur.top\/museo\/wp-content\/uploads\/2016\/04\/Violeta_Montealegre.jpg\",\"datePublished\":\"2016-04-08T21:44:52+00:00\",\"author\":{\"@id\":\"http:\/\/vientosur.top\/museo\/#\/schema\/person\/20c79d3c38800971feec8c2693c3dd9c\"},\"breadcrumb\":{\"@id\":\"http:\/\/vientosur.top\/museo\/la-historia-de-la-fotografia-de-violeta-y-su-tapiz\/#breadcrumb\"},\"inLanguage\":\"es\",\"potentialAction\":[{\"@type\":\"ReadAction\",\"target\":[\"http:\/\/vientosur.top\/museo\/la-historia-de-la-fotografia-de-violeta-y-su-tapiz\/\"]}]},{\"@type\":\"ImageObject\",\"inLanguage\":\"es\",\"@id\":\"http:\/\/vientosur.top\/museo\/la-historia-de-la-fotografia-de-violeta-y-su-tapiz\/#primaryimage\",\"url\":\"http:\/\/vientosur.top\/museo\/wp-content\/uploads\/2016\/04\/Violeta_Montealegre.jpg\",\"contentUrl\":\"http:\/\/vientosur.top\/museo\/wp-content\/uploads\/2016\/04\/Violeta_Montealegre.jpg\",\"width\":786,\"height\":472},{\"@type\":\"BreadcrumbList\",\"@id\":\"http:\/\/vientosur.top\/museo\/la-historia-de-la-fotografia-de-violeta-y-su-tapiz\/#breadcrumb\",\"itemListElement\":[{\"@type\":\"ListItem\",\"position\":1,\"name\":\"Portada\",\"item\":\"http:\/\/vientosur.top\/museo\/\"},{\"@type\":\"ListItem\",\"position\":2,\"name\":\"La historia de la fotograf\u00eda de Violeta y su tapiz\"}]},{\"@type\":\"WebSite\",\"@id\":\"http:\/\/vientosur.top\/museo\/#website\",\"url\":\"http:\/\/vientosur.top\/museo\/\",\"name\":\"Museo Violeta Parra\",\"description\":\"Espacio que alberga tanto la memoria y legado creativo de la artista\",\"potentialAction\":[{\"@type\":\"SearchAction\",\"target\":{\"@type\":\"EntryPoint\",\"urlTemplate\":\"http:\/\/vientosur.top\/museo\/?s={search_term_string}\"},\"query-input\":{\"@type\":\"PropertyValueSpecification\",\"valueRequired\":true,\"valueName\":\"search_term_string\"}}],\"inLanguage\":\"es\"},{\"@type\":\"Person\",\"@id\":\"http:\/\/vientosur.top\/museo\/#\/schema\/person\/20c79d3c38800971feec8c2693c3dd9c\",\"name\":\"admin\",\"image\":{\"@type\":\"ImageObject\",\"inLanguage\":\"es\",\"@id\":\"http:\/\/vientosur.top\/museo\/#\/schema\/person\/image\/\",\"url\":\"https:\/\/secure.gravatar.com\/avatar\/713677ece3ffa642287213a80e5b773bce9ab81c269dd6d95102a990951c922f?s=96&d=mm&r=g\",\"contentUrl\":\"https:\/\/secure.gravatar.com\/avatar\/713677ece3ffa642287213a80e5b773bce9ab81c269dd6d95102a990951c922f?s=96&d=mm&r=g\",\"caption\":\"admin\"},\"sameAs\":[\"http:\/\/vientosur.top\/museo\"],\"url\":\"http:\/\/vientosur.top\/museo\/author\/comunicacionesmvp\/\"}]}<\/script>\n<!-- \/ Yoast SEO plugin. -->","yoast_head_json":{"title":"La historia de la fotograf\u00eda de Violeta y su tapiz - Museo Violeta Parra","robots":{"index":"index","follow":"follow","max-snippet":"max-snippet:-1","max-image-preview":"max-image-preview:large","max-video-preview":"max-video-preview:-1"},"canonical":"http:\/\/vientosur.top\/museo\/la-historia-de-la-fotografia-de-violeta-y-su-tapiz\/","og_locale":"es_ES","og_type":"article","og_title":"La historia de la fotograf\u00eda de Violeta y su tapiz - Museo Violeta Parra","og_description":"La imagen fue captada en 1960 en la Feria de Artes Pl\u00e1sticas del Parque Forestal.","og_url":"http:\/\/vientosur.top\/museo\/la-historia-de-la-fotografia-de-violeta-y-su-tapiz\/","og_site_name":"Museo Violeta Parra","article_published_time":"2016-04-08T21:44:52+00:00","og_image":[{"width":786,"height":472,"url":"http:\/\/vientosur.top\/museo\/wp-content\/uploads\/2016\/04\/Violeta_Montealegre.jpg","type":"image\/jpeg"}],"author":"admin","twitter_card":"summary_large_image","twitter_misc":{"Escrito por":"admin","Tiempo de lectura":"4 minutos"},"schema":{"@context":"https:\/\/schema.org","@graph":[{"@type":"WebPage","@id":"http:\/\/vientosur.top\/museo\/la-historia-de-la-fotografia-de-violeta-y-su-tapiz\/","url":"http:\/\/vientosur.top\/museo\/la-historia-de-la-fotografia-de-violeta-y-su-tapiz\/","name":"La historia de la fotograf\u00eda de Violeta y su tapiz - Museo Violeta Parra","isPartOf":{"@id":"http:\/\/vientosur.top\/museo\/#website"},"primaryImageOfPage":{"@id":"http:\/\/vientosur.top\/museo\/la-historia-de-la-fotografia-de-violeta-y-su-tapiz\/#primaryimage"},"image":{"@id":"http:\/\/vientosur.top\/museo\/la-historia-de-la-fotografia-de-violeta-y-su-tapiz\/#primaryimage"},"thumbnailUrl":"http:\/\/vientosur.top\/museo\/wp-content\/uploads\/2016\/04\/Violeta_Montealegre.jpg","datePublished":"2016-04-08T21:44:52+00:00","author":{"@id":"http:\/\/vientosur.top\/museo\/#\/schema\/person\/20c79d3c38800971feec8c2693c3dd9c"},"breadcrumb":{"@id":"http:\/\/vientosur.top\/museo\/la-historia-de-la-fotografia-de-violeta-y-su-tapiz\/#breadcrumb"},"inLanguage":"es","potentialAction":[{"@type":"ReadAction","target":["http:\/\/vientosur.top\/museo\/la-historia-de-la-fotografia-de-violeta-y-su-tapiz\/"]}]},{"@type":"ImageObject","inLanguage":"es","@id":"http:\/\/vientosur.top\/museo\/la-historia-de-la-fotografia-de-violeta-y-su-tapiz\/#primaryimage","url":"http:\/\/vientosur.top\/museo\/wp-content\/uploads\/2016\/04\/Violeta_Montealegre.jpg","contentUrl":"http:\/\/vientosur.top\/museo\/wp-content\/uploads\/2016\/04\/Violeta_Montealegre.jpg","width":786,"height":472},{"@type":"BreadcrumbList","@id":"http:\/\/vientosur.top\/museo\/la-historia-de-la-fotografia-de-violeta-y-su-tapiz\/#breadcrumb","itemListElement":[{"@type":"ListItem","position":1,"name":"Portada","item":"http:\/\/vientosur.top\/museo\/"},{"@type":"ListItem","position":2,"name":"La historia de la fotograf\u00eda de Violeta y su tapiz"}]},{"@type":"WebSite","@id":"http:\/\/vientosur.top\/museo\/#website","url":"http:\/\/vientosur.top\/museo\/","name":"Museo Violeta Parra","description":"Espacio que alberga tanto la memoria y legado creativo de la artista","potentialAction":[{"@type":"SearchAction","target":{"@type":"EntryPoint","urlTemplate":"http:\/\/vientosur.top\/museo\/?s={search_term_string}"},"query-input":{"@type":"PropertyValueSpecification","valueRequired":true,"valueName":"search_term_string"}}],"inLanguage":"es"},{"@type":"Person","@id":"http:\/\/vientosur.top\/museo\/#\/schema\/person\/20c79d3c38800971feec8c2693c3dd9c","name":"admin","image":{"@type":"ImageObject","inLanguage":"es","@id":"http:\/\/vientosur.top\/museo\/#\/schema\/person\/image\/","url":"https:\/\/secure.gravatar.com\/avatar\/713677ece3ffa642287213a80e5b773bce9ab81c269dd6d95102a990951c922f?s=96&d=mm&r=g","contentUrl":"https:\/\/secure.gravatar.com\/avatar\/713677ece3ffa642287213a80e5b773bce9ab81c269dd6d95102a990951c922f?s=96&d=mm&r=g","caption":"admin"},"sameAs":["http:\/\/vientosur.top\/museo"],"url":"http:\/\/vientosur.top\/museo\/author\/comunicacionesmvp\/"}]}},"_links":{"self":[{"href":"http:\/\/vientosur.top\/museo\/wp-json\/wp\/v2\/posts\/1061","targetHints":{"allow":["GET"]}}],"collection":[{"href":"http:\/\/vientosur.top\/museo\/wp-json\/wp\/v2\/posts"}],"about":[{"href":"http:\/\/vientosur.top\/museo\/wp-json\/wp\/v2\/types\/post"}],"author":[{"embeddable":true,"href":"http:\/\/vientosur.top\/museo\/wp-json\/wp\/v2\/users\/5"}],"replies":[{"embeddable":true,"href":"http:\/\/vientosur.top\/museo\/wp-json\/wp\/v2\/comments?post=1061"}],"version-history":[{"count":0,"href":"http:\/\/vientosur.top\/museo\/wp-json\/wp\/v2\/posts\/1061\/revisions"}],"wp:featuredmedia":[{"embeddable":true,"href":"http:\/\/vientosur.top\/museo\/wp-json\/wp\/v2\/media\/1062"}],"wp:attachment":[{"href":"http:\/\/vientosur.top\/museo\/wp-json\/wp\/v2\/media?parent=1061"}],"wp:term":[{"taxonomy":"category","embeddable":true,"href":"http:\/\/vientosur.top\/museo\/wp-json\/wp\/v2\/categories?post=1061"},{"taxonomy":"post_tag","embeddable":true,"href":"http:\/\/vientosur.top\/museo\/wp-json\/wp\/v2\/tags?post=1061"}],"curies":[{"name":"wp","href":"https:\/\/api.w.org\/{rel}","templated":true}]}}