{"id":1085,"date":"2016-04-21T21:32:19","date_gmt":"2016-04-21T21:32:19","guid":{"rendered":"http:\/\/vientosur.top\/museo\/\/?p=1085"},"modified":"2016-04-21T21:32:19","modified_gmt":"2016-04-21T21:32:19","slug":"ministro-ottone-inicia-preparativos-para-conmemorar-centenario-de-violeta-parra","status":"publish","type":"post","link":"http:\/\/vientosur.top\/museo\/ministro-ottone-inicia-preparativos-para-conmemorar-centenario-de-violeta-parra\/","title":{"rendered":"Ministro de Cultura se re\u00fane con Comit\u00e9 de Expertos para dar inicio a los preparativos del centenario de Violeta Parra"},"content":{"rendered":"<ul>\n<li><strong>El Secretario de Estado encabezo la primera reuni\u00f3n del Comit\u00e9 de Expertos que liderar\u00e1 las actividades que se llevar\u00e1n a cabo el pr\u00f3ximo a\u00f1o 2017.<\/strong><\/li>\n<\/ul>\n<p><!--more--><\/p>\n<p>El Ministro de Cultura Ernesto Ottone,en compa\u00f1\u00eda de la Presidenta del Directorio de la Fundaci\u00f3n Museo Violeta Parra, dio la las directrices del trabajo que se realizar\u00e1 para conmemorar las m\u00faltiples y diversas iniciativas que se llevar\u00e1n a cabo en Chile y el exterior en torno a la emblem\u00e1tica figura chilena e internacional de la m\u00fasica y la cultura.<\/p>\n<p>De esta forma, la m\u00e1xima autoridad cultural en compa\u00f1\u00eda de importantes representantes del sector iniciaron una jornada de reflexi\u00f3n e intercambio de ideas para iniciar la primera de una serie de jornadas que tendr\u00e1n como objetivo concretar un plan de trabajo y de actividades para la conmemoraci\u00f3n de los cien a\u00f1os de la insigne artista.<\/p>\n<p>La jornada, que se llev\u00f3 a cabo en el auditorio Antar del Museo Violeta Parra, cont\u00f3 con la presencia entre otras personalidades del m\u00fasico y cantautor Manuel Garc\u00eda, el experto patrimonialista y columnista del Diario El Mercurio Miguel Laborde, el cientista Pol\u00edtico de la Universidad Diego Diego Portales Claudio Fuentes, la historiadora del arte Gloria Cort\u00e9s, los periodistas Marisol Garc\u00eda y David Ponce, el representante de la Regi\u00f3n Ile-de-France Armando Uribe Echeverr\u00eda. adem\u00e1s de Isabel Parra en representaci\u00f3n de la Fundaci\u00f3n Violeta Parra e integrante de la Fundaci\u00f3n Museo Violeta Parra.<\/p>\n<p>Cecilia Garc\u00eda Huidobro aprovech\u00f3 la ocasi\u00f3n para manifestar que el Museo ser\u00e1 en adelante el lugar que albergar\u00e1 y reunir\u00e1 a todos los expertos y las personas que deseen proponer iniciativas que en el futuro pr\u00f3ximo sean parte de esta importante conmemoraci\u00f3n, como as\u00ed mismo el ministro manifest\u00f3 que esta iniciativa que es de todos los chilenos se har\u00e1 trabajando en conjunto con la familia Parra quienes son obviamente los herederos naturales del legado de la artista.<\/p>\n<p>Por su parte, Manuel Garc\u00eda tambi\u00e9n miembro del Directorio de la Fundaci\u00f3n Museo Violeta Parra, recalc\u00f3 la importancia de los Medios de Comunicaci\u00f3n en esta conmemoraci\u00f3n y expres\u00f3 estar dispuesto a colaborar en alianzas que potencien este \u00e1mbito de acci\u00f3n.<\/p>\n","protected":false},"excerpt":{"rendered":"<p>El Secretario de Estado encabezo la primera reuni\u00f3n del Comit\u00e9 de Expertos que liderar\u00e1 las actividades que se llevar\u00e1n a cabo el pr\u00f3ximo a\u00f1o 2017.<\/p>\n","protected":false},"author":5,"featured_media":1094,"comment_status":"open","ping_status":"open","sticky":false,"template":"","format":"standard","meta":{"site-sidebar-layout":"default","site-content-layout":"","ast-site-content-layout":"default","site-content-style":"default","site-sidebar-style":"default","ast-global-header-display":"","ast-banner-title-visibility":"","ast-main-header-display":"","ast-hfb-above-header-display":"","ast-hfb-below-header-display":"","ast-hfb-mobile-header-display":"","site-post-title":"","ast-breadcrumbs-content":"","ast-featured-img":"","footer-sml-layout":"","theme-transparent-header-meta":"","adv-header-id-meta":"","stick-header-meta":"","header-above-stick-meta":"","header-main-stick-meta":"","header-below-stick-meta":"","astra-migrate-meta-layouts":"default","ast-page-background-enabled":"default","ast-page-background-meta":{"desktop":{"background-color":"var(--ast-global-color-4)","background-image":"","background-repeat":"repeat","background-position":"center center","background-size":"auto","background-attachment":"scroll","background-type":"","background-media":"","overlay-type":"","overlay-color":"","overlay-opacity":"","overlay-gradient":""},"tablet":{"background-color":"","background-image":"","background-repeat":"repeat","background-position":"center center","background-size":"auto","background-attachment":"scroll","background-type":"","background-media":"","overlay-type":"","overlay-color":"","overlay-opacity":"","overlay-gradient":""},"mobile":{"background-color":"","background-image":"","background-repeat":"repeat","background-position":"center center","background-size":"auto","background-attachment":"scroll","background-type":"","background-media":"","overlay-type":"","overlay-color":"","overlay-opacity":"","overlay-gradient":""}},"ast-content-background-meta":{"desktop":{"background-color":"var(--ast-global-color-5)","background-image":"","background-repeat":"repeat","background-position":"center center","background-size":"auto","background-attachment":"scroll","background-type":"","background-media":"","overlay-type":"","overlay-color":"","overlay-opacity":"","overlay-gradient":""},"tablet":{"background-color":"var(--ast-global-color-5)","background-image":"","background-repeat":"repeat","background-position":"center center","background-size":"auto","background-attachment":"scroll","background-type":"","background-media":"","overlay-type":"","overlay-color":"","overlay-opacity":"","overlay-gradient":""},"mobile":{"background-color":"var(--ast-global-color-5)","background-image":"","background-repeat":"repeat","background-position":"center center","background-size":"auto","background-attachment":"scroll","background-type":"","background-media":"","overlay-type":"","overlay-color":"","overlay-opacity":"","overlay-gradient":""}},"footnotes":""},"categories":[59,8,61],"tags":[84,85,86],"class_list":["post-1085","post","type-post","status-publish","format-standard","has-post-thumbnail","hentry","category-destacado-noticia","category-noticias","category-novedades","tag-centenario","tag-cnca","tag-ernesto-ottone"],"yoast_head":"<!-- This site is optimized with the Yoast SEO plugin v25.4 - https:\/\/yoast.com\/wordpress\/plugins\/seo\/ -->\n<title>Ministro de Cultura se re\u00fane con Comit\u00e9 de Expertos para dar inicio a los preparativos del centenario de Violeta Parra - Museo Violeta Parra<\/title>\n<meta name=\"robots\" content=\"index, follow, max-snippet:-1, max-image-preview:large, max-video-preview:-1\" \/>\n<link rel=\"canonical\" href=\"http:\/\/vientosur.top\/museo\/ministro-ottone-inicia-preparativos-para-conmemorar-centenario-de-violeta-parra\/\" \/>\n<meta property=\"og:locale\" content=\"es_ES\" \/>\n<meta property=\"og:type\" content=\"article\" \/>\n<meta property=\"og:title\" content=\"Ministro de Cultura se re\u00fane con Comit\u00e9 de Expertos para dar inicio a los preparativos del centenario de Violeta Parra - Museo Violeta Parra\" \/>\n<meta property=\"og:description\" content=\"El Secretario de Estado encabezo la primera reuni\u00f3n del Comit\u00e9 de Expertos que liderar\u00e1 las actividades que se llevar\u00e1n a cabo el pr\u00f3ximo a\u00f1o 2017.\" \/>\n<meta property=\"og:url\" content=\"http:\/\/vientosur.top\/museo\/ministro-ottone-inicia-preparativos-para-conmemorar-centenario-de-violeta-parra\/\" \/>\n<meta property=\"og:site_name\" content=\"Museo Violeta Parra\" \/>\n<meta property=\"article:published_time\" content=\"2016-04-21T21:32:19+00:00\" \/>\n<meta property=\"og:image\" content=\"http:\/\/vientosur.top\/museo\/wp-content\/uploads\/2016\/04\/ministro-ottone-scaled.jpg\" \/>\n\t<meta property=\"og:image:width\" content=\"2560\" \/>\n\t<meta property=\"og:image:height\" content=\"1730\" \/>\n\t<meta property=\"og:image:type\" content=\"image\/jpeg\" \/>\n<meta name=\"author\" content=\"admin\" \/>\n<meta name=\"twitter:card\" content=\"summary_large_image\" \/>\n<meta name=\"twitter:label1\" content=\"Escrito por\" \/>\n\t<meta name=\"twitter:data1\" content=\"admin\" \/>\n\t<meta name=\"twitter:label2\" content=\"Tiempo de lectura\" \/>\n\t<meta name=\"twitter:data2\" content=\"2 minutos\" \/>\n<script type=\"application\/ld+json\" class=\"yoast-schema-graph\">{\"@context\":\"https:\/\/schema.org\",\"@graph\":[{\"@type\":\"WebPage\",\"@id\":\"http:\/\/vientosur.top\/museo\/ministro-ottone-inicia-preparativos-para-conmemorar-centenario-de-violeta-parra\/\",\"url\":\"http:\/\/vientosur.top\/museo\/ministro-ottone-inicia-preparativos-para-conmemorar-centenario-de-violeta-parra\/\",\"name\":\"Ministro de Cultura se re\u00fane con Comit\u00e9 de Expertos para dar inicio a los preparativos del centenario de Violeta Parra - Museo Violeta Parra\",\"isPartOf\":{\"@id\":\"http:\/\/vientosur.top\/museo\/#website\"},\"primaryImageOfPage\":{\"@id\":\"http:\/\/vientosur.top\/museo\/ministro-ottone-inicia-preparativos-para-conmemorar-centenario-de-violeta-parra\/#primaryimage\"},\"image\":{\"@id\":\"http:\/\/vientosur.top\/museo\/ministro-ottone-inicia-preparativos-para-conmemorar-centenario-de-violeta-parra\/#primaryimage\"},\"thumbnailUrl\":\"http:\/\/vientosur.top\/museo\/wp-content\/uploads\/2016\/04\/ministro-ottone-scaled.jpg\",\"datePublished\":\"2016-04-21T21:32:19+00:00\",\"author\":{\"@id\":\"http:\/\/vientosur.top\/museo\/#\/schema\/person\/20c79d3c38800971feec8c2693c3dd9c\"},\"breadcrumb\":{\"@id\":\"http:\/\/vientosur.top\/museo\/ministro-ottone-inicia-preparativos-para-conmemorar-centenario-de-violeta-parra\/#breadcrumb\"},\"inLanguage\":\"es\",\"potentialAction\":[{\"@type\":\"ReadAction\",\"target\":[\"http:\/\/vientosur.top\/museo\/ministro-ottone-inicia-preparativos-para-conmemorar-centenario-de-violeta-parra\/\"]}]},{\"@type\":\"ImageObject\",\"inLanguage\":\"es\",\"@id\":\"http:\/\/vientosur.top\/museo\/ministro-ottone-inicia-preparativos-para-conmemorar-centenario-de-violeta-parra\/#primaryimage\",\"url\":\"http:\/\/vientosur.top\/museo\/wp-content\/uploads\/2016\/04\/ministro-ottone-scaled.jpg\",\"contentUrl\":\"http:\/\/vientosur.top\/museo\/wp-content\/uploads\/2016\/04\/ministro-ottone-scaled.jpg\",\"width\":2560,\"height\":1730},{\"@type\":\"BreadcrumbList\",\"@id\":\"http:\/\/vientosur.top\/museo\/ministro-ottone-inicia-preparativos-para-conmemorar-centenario-de-violeta-parra\/#breadcrumb\",\"itemListElement\":[{\"@type\":\"ListItem\",\"position\":1,\"name\":\"Portada\",\"item\":\"http:\/\/vientosur.top\/museo\/\"},{\"@type\":\"ListItem\",\"position\":2,\"name\":\"Ministro de Cultura se re\u00fane con Comit\u00e9 de Expertos para dar inicio a los preparativos del centenario de Violeta Parra\"}]},{\"@type\":\"WebSite\",\"@id\":\"http:\/\/vientosur.top\/museo\/#website\",\"url\":\"http:\/\/vientosur.top\/museo\/\",\"name\":\"Museo Violeta Parra\",\"description\":\"Espacio que alberga tanto la memoria y legado creativo de la artista\",\"potentialAction\":[{\"@type\":\"SearchAction\",\"target\":{\"@type\":\"EntryPoint\",\"urlTemplate\":\"http:\/\/vientosur.top\/museo\/?s={search_term_string}\"},\"query-input\":{\"@type\":\"PropertyValueSpecification\",\"valueRequired\":true,\"valueName\":\"search_term_string\"}}],\"inLanguage\":\"es\"},{\"@type\":\"Person\",\"@id\":\"http:\/\/vientosur.top\/museo\/#\/schema\/person\/20c79d3c38800971feec8c2693c3dd9c\",\"name\":\"admin\",\"image\":{\"@type\":\"ImageObject\",\"inLanguage\":\"es\",\"@id\":\"http:\/\/vientosur.top\/museo\/#\/schema\/person\/image\/\",\"url\":\"https:\/\/secure.gravatar.com\/avatar\/713677ece3ffa642287213a80e5b773bce9ab81c269dd6d95102a990951c922f?s=96&d=mm&r=g\",\"contentUrl\":\"https:\/\/secure.gravatar.com\/avatar\/713677ece3ffa642287213a80e5b773bce9ab81c269dd6d95102a990951c922f?s=96&d=mm&r=g\",\"caption\":\"admin\"},\"sameAs\":[\"http:\/\/vientosur.top\/museo\"],\"url\":\"http:\/\/vientosur.top\/museo\/author\/comunicacionesmvp\/\"}]}<\/script>\n<!-- \/ Yoast SEO plugin. -->","yoast_head_json":{"title":"Ministro de Cultura se re\u00fane con Comit\u00e9 de Expertos para dar inicio a los preparativos del centenario de Violeta Parra - Museo Violeta Parra","robots":{"index":"index","follow":"follow","max-snippet":"max-snippet:-1","max-image-preview":"max-image-preview:large","max-video-preview":"max-video-preview:-1"},"canonical":"http:\/\/vientosur.top\/museo\/ministro-ottone-inicia-preparativos-para-conmemorar-centenario-de-violeta-parra\/","og_locale":"es_ES","og_type":"article","og_title":"Ministro de Cultura se re\u00fane con Comit\u00e9 de Expertos para dar inicio a los preparativos del centenario de Violeta Parra - Museo Violeta Parra","og_description":"El Secretario de Estado encabezo la primera reuni\u00f3n del Comit\u00e9 de Expertos que liderar\u00e1 las actividades que se llevar\u00e1n a cabo el pr\u00f3ximo a\u00f1o 2017.","og_url":"http:\/\/vientosur.top\/museo\/ministro-ottone-inicia-preparativos-para-conmemorar-centenario-de-violeta-parra\/","og_site_name":"Museo Violeta Parra","article_published_time":"2016-04-21T21:32:19+00:00","og_image":[{"width":2560,"height":1730,"url":"http:\/\/vientosur.top\/museo\/wp-content\/uploads\/2016\/04\/ministro-ottone-scaled.jpg","type":"image\/jpeg"}],"author":"admin","twitter_card":"summary_large_image","twitter_misc":{"Escrito por":"admin","Tiempo de lectura":"2 minutos"},"schema":{"@context":"https:\/\/schema.org","@graph":[{"@type":"WebPage","@id":"http:\/\/vientosur.top\/museo\/ministro-ottone-inicia-preparativos-para-conmemorar-centenario-de-violeta-parra\/","url":"http:\/\/vientosur.top\/museo\/ministro-ottone-inicia-preparativos-para-conmemorar-centenario-de-violeta-parra\/","name":"Ministro de Cultura se re\u00fane con Comit\u00e9 de Expertos para dar inicio a los preparativos del centenario de Violeta Parra - Museo Violeta Parra","isPartOf":{"@id":"http:\/\/vientosur.top\/museo\/#website"},"primaryImageOfPage":{"@id":"http:\/\/vientosur.top\/museo\/ministro-ottone-inicia-preparativos-para-conmemorar-centenario-de-violeta-parra\/#primaryimage"},"image":{"@id":"http:\/\/vientosur.top\/museo\/ministro-ottone-inicia-preparativos-para-conmemorar-centenario-de-violeta-parra\/#primaryimage"},"thumbnailUrl":"http:\/\/vientosur.top\/museo\/wp-content\/uploads\/2016\/04\/ministro-ottone-scaled.jpg","datePublished":"2016-04-21T21:32:19+00:00","author":{"@id":"http:\/\/vientosur.top\/museo\/#\/schema\/person\/20c79d3c38800971feec8c2693c3dd9c"},"breadcrumb":{"@id":"http:\/\/vientosur.top\/museo\/ministro-ottone-inicia-preparativos-para-conmemorar-centenario-de-violeta-parra\/#breadcrumb"},"inLanguage":"es","potentialAction":[{"@type":"ReadAction","target":["http:\/\/vientosur.top\/museo\/ministro-ottone-inicia-preparativos-para-conmemorar-centenario-de-violeta-parra\/"]}]},{"@type":"ImageObject","inLanguage":"es","@id":"http:\/\/vientosur.top\/museo\/ministro-ottone-inicia-preparativos-para-conmemorar-centenario-de-violeta-parra\/#primaryimage","url":"http:\/\/vientosur.top\/museo\/wp-content\/uploads\/2016\/04\/ministro-ottone-scaled.jpg","contentUrl":"http:\/\/vientosur.top\/museo\/wp-content\/uploads\/2016\/04\/ministro-ottone-scaled.jpg","width":2560,"height":1730},{"@type":"BreadcrumbList","@id":"http:\/\/vientosur.top\/museo\/ministro-ottone-inicia-preparativos-para-conmemorar-centenario-de-violeta-parra\/#breadcrumb","itemListElement":[{"@type":"ListItem","position":1,"name":"Portada","item":"http:\/\/vientosur.top\/museo\/"},{"@type":"ListItem","position":2,"name":"Ministro de Cultura se re\u00fane con Comit\u00e9 de Expertos para dar inicio a los preparativos del centenario de Violeta Parra"}]},{"@type":"WebSite","@id":"http:\/\/vientosur.top\/museo\/#website","url":"http:\/\/vientosur.top\/museo\/","name":"Museo Violeta Parra","description":"Espacio que alberga tanto la memoria y legado creativo de la artista","potentialAction":[{"@type":"SearchAction","target":{"@type":"EntryPoint","urlTemplate":"http:\/\/vientosur.top\/museo\/?s={search_term_string}"},"query-input":{"@type":"PropertyValueSpecification","valueRequired":true,"valueName":"search_term_string"}}],"inLanguage":"es"},{"@type":"Person","@id":"http:\/\/vientosur.top\/museo\/#\/schema\/person\/20c79d3c38800971feec8c2693c3dd9c","name":"admin","image":{"@type":"ImageObject","inLanguage":"es","@id":"http:\/\/vientosur.top\/museo\/#\/schema\/person\/image\/","url":"https:\/\/secure.gravatar.com\/avatar\/713677ece3ffa642287213a80e5b773bce9ab81c269dd6d95102a990951c922f?s=96&d=mm&r=g","contentUrl":"https:\/\/secure.gravatar.com\/avatar\/713677ece3ffa642287213a80e5b773bce9ab81c269dd6d95102a990951c922f?s=96&d=mm&r=g","caption":"admin"},"sameAs":["http:\/\/vientosur.top\/museo"],"url":"http:\/\/vientosur.top\/museo\/author\/comunicacionesmvp\/"}]}},"_links":{"self":[{"href":"http:\/\/vientosur.top\/museo\/wp-json\/wp\/v2\/posts\/1085","targetHints":{"allow":["GET"]}}],"collection":[{"href":"http:\/\/vientosur.top\/museo\/wp-json\/wp\/v2\/posts"}],"about":[{"href":"http:\/\/vientosur.top\/museo\/wp-json\/wp\/v2\/types\/post"}],"author":[{"embeddable":true,"href":"http:\/\/vientosur.top\/museo\/wp-json\/wp\/v2\/users\/5"}],"replies":[{"embeddable":true,"href":"http:\/\/vientosur.top\/museo\/wp-json\/wp\/v2\/comments?post=1085"}],"version-history":[{"count":0,"href":"http:\/\/vientosur.top\/museo\/wp-json\/wp\/v2\/posts\/1085\/revisions"}],"wp:featuredmedia":[{"embeddable":true,"href":"http:\/\/vientosur.top\/museo\/wp-json\/wp\/v2\/media\/1094"}],"wp:attachment":[{"href":"http:\/\/vientosur.top\/museo\/wp-json\/wp\/v2\/media?parent=1085"}],"wp:term":[{"taxonomy":"category","embeddable":true,"href":"http:\/\/vientosur.top\/museo\/wp-json\/wp\/v2\/categories?post=1085"},{"taxonomy":"post_tag","embeddable":true,"href":"http:\/\/vientosur.top\/museo\/wp-json\/wp\/v2\/tags?post=1085"}],"curies":[{"name":"wp","href":"https:\/\/api.w.org\/{rel}","templated":true}]}}