{"id":1095,"date":"2016-04-22T20:00:15","date_gmt":"2016-04-22T20:00:15","guid":{"rendered":"http:\/\/vientosur.top\/museo\/\/?p=1095"},"modified":"2016-04-22T20:00:15","modified_gmt":"2016-04-22T20:00:15","slug":"museo-violeta-parra-ofrece-dos-conciertos-gratuitos-este-fin-de-semana","status":"publish","type":"post","link":"http:\/\/vientosur.top\/museo\/museo-violeta-parra-ofrece-dos-conciertos-gratuitos-este-fin-de-semana\/","title":{"rendered":"Museo Violeta Parra ofrece dos conciertos gratuitos este fin de semana"},"content":{"rendered":"<p>El fin de semana del s\u00e1bado 23 y domingo 24 de abril habr\u00e1 m\u00fasica por partida doble en el Museo Violeta Parra, con los recitales de Tita Parra y su tr\u00edo ac\u00fastico, y de la cantante y compositora nacional, Claudia Aspe.<\/p>\n<p><!--more--><\/p>\n<p>El primero de estos conciertos tendr\u00e1 lugar el s\u00e1bado a las 16:00 horas en el auditorio Antar. Quienes quieran ver en escena a la nieta de Violeta Parra deber\u00e1n retirar sus invitaciones en informaciones de Museo.<\/p>\n<p>Tita presentar\u00e1 un espect\u00e1culo ac\u00fastico acompa\u00f1ada del guitarrista Emilio Garc\u00eda y el percusionista Greco Acu\u00f1a, con canciones de \u201cEl camino del medio\u201d, su \u00faltimo disco, y otras dedicadas a su hijo Antar, que corresponden a su disco en preparaci\u00f3n.<\/p>\n<p>El domingo a la misma hora ser\u00e1 el turno de Claudia Aspe, quien presentar\u00e1 canciones de su autor\u00eda y de Violeta Parra, en compa\u00f1\u00eda de Patricio Garc\u00eda y Tita Parra en guitarra, y de Greco Acu\u00f1a en percusi\u00f3n.<\/p>\n<p>La joven cantante se form\u00f3 en la escuela Projazz y es una de las artistas pertenecientes a la nueva generaci\u00f3n de creadoras femeninas de Chile. Trabaj\u00f3 con Antar Parra en formato d\u00fao, guitarra y voz; y con Isabel Parra en importantes conciertos. Es necesario tambi\u00e9n que quienes quieran presenciar el show retiren sus invitaciones en el museo.<\/p>\n<p>Cabe recordar que los cupos para ambos recitales son limitados.<\/p>\n<p><strong>TALLER DE CHANCHITOS DE GREDA<\/strong><\/p>\n<p>Como es habitual, un nuevo taller llegar\u00e1 a la Sala Educativa del Museo Violeta Parra. En esta oportunidad se realizar\u00e1 el de \u00abchanchitos de greda\u201d, donde junto al grupo \u201cOficios Varios\u201d, los participantes tendr\u00e1n la posibilidad de redescubrir nuestra tradici\u00f3n alfarea, a trav\u00e9s de la creaci\u00f3n de un chanchito de greda roja, objeto caracter\u00edstico de la artesan\u00eda de la zona de Pomaire.<\/p>\n<p>La actividad se realizar\u00e1 el s\u00e1bado 23 de abril a las 15:00 horas. Los cupos son limitados.<\/p>\n","protected":false},"excerpt":{"rendered":"<p>El fin de semana del s\u00e1bado 23 y domingo 24 de abril habr\u00e1 m\u00fasica por partida doble en el Museo Violeta Parra, con los recitales de Tita Parra y su tr\u00edo ac\u00fastico, y de la cantante y compositora nacional, Claudia Aspe.<\/p>\n","protected":false},"author":5,"featured_media":1078,"comment_status":"open","ping_status":"open","sticky":false,"template":"","format":"standard","meta":{"site-sidebar-layout":"default","site-content-layout":"","ast-site-content-layout":"default","site-content-style":"default","site-sidebar-style":"default","ast-global-header-display":"","ast-banner-title-visibility":"","ast-main-header-display":"","ast-hfb-above-header-display":"","ast-hfb-below-header-display":"","ast-hfb-mobile-header-display":"","site-post-title":"","ast-breadcrumbs-content":"","ast-featured-img":"","footer-sml-layout":"","theme-transparent-header-meta":"","adv-header-id-meta":"","stick-header-meta":"","header-above-stick-meta":"","header-main-stick-meta":"","header-below-stick-meta":"","astra-migrate-meta-layouts":"default","ast-page-background-enabled":"default","ast-page-background-meta":{"desktop":{"background-color":"var(--ast-global-color-4)","background-image":"","background-repeat":"repeat","background-position":"center center","background-size":"auto","background-attachment":"scroll","background-type":"","background-media":"","overlay-type":"","overlay-color":"","overlay-opacity":"","overlay-gradient":""},"tablet":{"background-color":"","background-image":"","background-repeat":"repeat","background-position":"center center","background-size":"auto","background-attachment":"scroll","background-type":"","background-media":"","overlay-type":"","overlay-color":"","overlay-opacity":"","overlay-gradient":""},"mobile":{"background-color":"","background-image":"","background-repeat":"repeat","background-position":"center center","background-size":"auto","background-attachment":"scroll","background-type":"","background-media":"","overlay-type":"","overlay-color":"","overlay-opacity":"","overlay-gradient":""}},"ast-content-background-meta":{"desktop":{"background-color":"var(--ast-global-color-5)","background-image":"","background-repeat":"repeat","background-position":"center center","background-size":"auto","background-attachment":"scroll","background-type":"","background-media":"","overlay-type":"","overlay-color":"","overlay-opacity":"","overlay-gradient":""},"tablet":{"background-color":"var(--ast-global-color-5)","background-image":"","background-repeat":"repeat","background-position":"center center","background-size":"auto","background-attachment":"scroll","background-type":"","background-media":"","overlay-type":"","overlay-color":"","overlay-opacity":"","overlay-gradient":""},"mobile":{"background-color":"var(--ast-global-color-5)","background-image":"","background-repeat":"repeat","background-position":"center center","background-size":"auto","background-attachment":"scroll","background-type":"","background-media":"","overlay-type":"","overlay-color":"","overlay-opacity":"","overlay-gradient":""}},"footnotes":""},"categories":[8,61],"tags":[],"class_list":["post-1095","post","type-post","status-publish","format-standard","has-post-thumbnail","hentry","category-noticias","category-novedades"],"yoast_head":"<!-- This site is optimized with the Yoast SEO plugin v25.4 - https:\/\/yoast.com\/wordpress\/plugins\/seo\/ -->\n<title>Museo Violeta Parra ofrece dos conciertos gratuitos este fin de semana - Museo Violeta Parra<\/title>\n<meta name=\"robots\" content=\"index, follow, max-snippet:-1, max-image-preview:large, max-video-preview:-1\" \/>\n<link rel=\"canonical\" href=\"http:\/\/vientosur.top\/museo\/museo-violeta-parra-ofrece-dos-conciertos-gratuitos-este-fin-de-semana\/\" \/>\n<meta property=\"og:locale\" content=\"es_ES\" \/>\n<meta property=\"og:type\" content=\"article\" \/>\n<meta property=\"og:title\" content=\"Museo Violeta Parra ofrece dos conciertos gratuitos este fin de semana - Museo Violeta Parra\" \/>\n<meta property=\"og:description\" content=\"El fin de semana del s\u00e1bado 23 y domingo 24 de abril habr\u00e1 m\u00fasica por partida doble en el Museo Violeta Parra, con los recitales de Tita Parra y su tr\u00edo ac\u00fastico, y de la cantante y compositora nacional, Claudia Aspe.\" \/>\n<meta property=\"og:url\" content=\"http:\/\/vientosur.top\/museo\/museo-violeta-parra-ofrece-dos-conciertos-gratuitos-este-fin-de-semana\/\" \/>\n<meta property=\"og:site_name\" content=\"Museo Violeta Parra\" \/>\n<meta property=\"article:published_time\" content=\"2016-04-22T20:00:15+00:00\" \/>\n<meta property=\"og:image\" content=\"http:\/\/vientosur.top\/museo\/wp-content\/uploads\/2016\/04\/Claudia-Aspe.jpg\" \/>\n\t<meta property=\"og:image:width\" content=\"720\" \/>\n\t<meta property=\"og:image:height\" content=\"480\" \/>\n\t<meta property=\"og:image:type\" content=\"image\/jpeg\" \/>\n<meta name=\"author\" content=\"admin\" \/>\n<meta name=\"twitter:card\" content=\"summary_large_image\" \/>\n<meta name=\"twitter:label1\" content=\"Escrito por\" \/>\n\t<meta name=\"twitter:data1\" content=\"admin\" \/>\n\t<meta name=\"twitter:label2\" content=\"Tiempo de lectura\" \/>\n\t<meta name=\"twitter:data2\" content=\"2 minutos\" \/>\n<script type=\"application\/ld+json\" class=\"yoast-schema-graph\">{\"@context\":\"https:\/\/schema.org\",\"@graph\":[{\"@type\":\"WebPage\",\"@id\":\"http:\/\/vientosur.top\/museo\/museo-violeta-parra-ofrece-dos-conciertos-gratuitos-este-fin-de-semana\/\",\"url\":\"http:\/\/vientosur.top\/museo\/museo-violeta-parra-ofrece-dos-conciertos-gratuitos-este-fin-de-semana\/\",\"name\":\"Museo Violeta Parra ofrece dos conciertos gratuitos este fin de semana - Museo Violeta Parra\",\"isPartOf\":{\"@id\":\"http:\/\/vientosur.top\/museo\/#website\"},\"primaryImageOfPage\":{\"@id\":\"http:\/\/vientosur.top\/museo\/museo-violeta-parra-ofrece-dos-conciertos-gratuitos-este-fin-de-semana\/#primaryimage\"},\"image\":{\"@id\":\"http:\/\/vientosur.top\/museo\/museo-violeta-parra-ofrece-dos-conciertos-gratuitos-este-fin-de-semana\/#primaryimage\"},\"thumbnailUrl\":\"http:\/\/vientosur.top\/museo\/wp-content\/uploads\/2016\/04\/Claudia-Aspe.jpg\",\"datePublished\":\"2016-04-22T20:00:15+00:00\",\"author\":{\"@id\":\"http:\/\/vientosur.top\/museo\/#\/schema\/person\/20c79d3c38800971feec8c2693c3dd9c\"},\"breadcrumb\":{\"@id\":\"http:\/\/vientosur.top\/museo\/museo-violeta-parra-ofrece-dos-conciertos-gratuitos-este-fin-de-semana\/#breadcrumb\"},\"inLanguage\":\"es\",\"potentialAction\":[{\"@type\":\"ReadAction\",\"target\":[\"http:\/\/vientosur.top\/museo\/museo-violeta-parra-ofrece-dos-conciertos-gratuitos-este-fin-de-semana\/\"]}]},{\"@type\":\"ImageObject\",\"inLanguage\":\"es\",\"@id\":\"http:\/\/vientosur.top\/museo\/museo-violeta-parra-ofrece-dos-conciertos-gratuitos-este-fin-de-semana\/#primaryimage\",\"url\":\"http:\/\/vientosur.top\/museo\/wp-content\/uploads\/2016\/04\/Claudia-Aspe.jpg\",\"contentUrl\":\"http:\/\/vientosur.top\/museo\/wp-content\/uploads\/2016\/04\/Claudia-Aspe.jpg\",\"width\":720,\"height\":480},{\"@type\":\"BreadcrumbList\",\"@id\":\"http:\/\/vientosur.top\/museo\/museo-violeta-parra-ofrece-dos-conciertos-gratuitos-este-fin-de-semana\/#breadcrumb\",\"itemListElement\":[{\"@type\":\"ListItem\",\"position\":1,\"name\":\"Portada\",\"item\":\"http:\/\/vientosur.top\/museo\/\"},{\"@type\":\"ListItem\",\"position\":2,\"name\":\"Museo Violeta Parra ofrece dos conciertos gratuitos este fin de semana\"}]},{\"@type\":\"WebSite\",\"@id\":\"http:\/\/vientosur.top\/museo\/#website\",\"url\":\"http:\/\/vientosur.top\/museo\/\",\"name\":\"Museo Violeta Parra\",\"description\":\"Espacio que alberga tanto la memoria y legado creativo de la artista\",\"potentialAction\":[{\"@type\":\"SearchAction\",\"target\":{\"@type\":\"EntryPoint\",\"urlTemplate\":\"http:\/\/vientosur.top\/museo\/?s={search_term_string}\"},\"query-input\":{\"@type\":\"PropertyValueSpecification\",\"valueRequired\":true,\"valueName\":\"search_term_string\"}}],\"inLanguage\":\"es\"},{\"@type\":\"Person\",\"@id\":\"http:\/\/vientosur.top\/museo\/#\/schema\/person\/20c79d3c38800971feec8c2693c3dd9c\",\"name\":\"admin\",\"image\":{\"@type\":\"ImageObject\",\"inLanguage\":\"es\",\"@id\":\"http:\/\/vientosur.top\/museo\/#\/schema\/person\/image\/\",\"url\":\"https:\/\/secure.gravatar.com\/avatar\/713677ece3ffa642287213a80e5b773bce9ab81c269dd6d95102a990951c922f?s=96&d=mm&r=g\",\"contentUrl\":\"https:\/\/secure.gravatar.com\/avatar\/713677ece3ffa642287213a80e5b773bce9ab81c269dd6d95102a990951c922f?s=96&d=mm&r=g\",\"caption\":\"admin\"},\"sameAs\":[\"http:\/\/vientosur.top\/museo\"],\"url\":\"http:\/\/vientosur.top\/museo\/author\/comunicacionesmvp\/\"}]}<\/script>\n<!-- \/ Yoast SEO plugin. -->","yoast_head_json":{"title":"Museo Violeta Parra ofrece dos conciertos gratuitos este fin de semana - Museo Violeta Parra","robots":{"index":"index","follow":"follow","max-snippet":"max-snippet:-1","max-image-preview":"max-image-preview:large","max-video-preview":"max-video-preview:-1"},"canonical":"http:\/\/vientosur.top\/museo\/museo-violeta-parra-ofrece-dos-conciertos-gratuitos-este-fin-de-semana\/","og_locale":"es_ES","og_type":"article","og_title":"Museo Violeta Parra ofrece dos conciertos gratuitos este fin de semana - Museo Violeta Parra","og_description":"El fin de semana del s\u00e1bado 23 y domingo 24 de abril habr\u00e1 m\u00fasica por partida doble en el Museo Violeta Parra, con los recitales de Tita Parra y su tr\u00edo ac\u00fastico, y de la cantante y compositora nacional, Claudia Aspe.","og_url":"http:\/\/vientosur.top\/museo\/museo-violeta-parra-ofrece-dos-conciertos-gratuitos-este-fin-de-semana\/","og_site_name":"Museo Violeta Parra","article_published_time":"2016-04-22T20:00:15+00:00","og_image":[{"width":720,"height":480,"url":"http:\/\/vientosur.top\/museo\/wp-content\/uploads\/2016\/04\/Claudia-Aspe.jpg","type":"image\/jpeg"}],"author":"admin","twitter_card":"summary_large_image","twitter_misc":{"Escrito por":"admin","Tiempo de lectura":"2 minutos"},"schema":{"@context":"https:\/\/schema.org","@graph":[{"@type":"WebPage","@id":"http:\/\/vientosur.top\/museo\/museo-violeta-parra-ofrece-dos-conciertos-gratuitos-este-fin-de-semana\/","url":"http:\/\/vientosur.top\/museo\/museo-violeta-parra-ofrece-dos-conciertos-gratuitos-este-fin-de-semana\/","name":"Museo Violeta Parra ofrece dos conciertos gratuitos este fin de semana - Museo Violeta Parra","isPartOf":{"@id":"http:\/\/vientosur.top\/museo\/#website"},"primaryImageOfPage":{"@id":"http:\/\/vientosur.top\/museo\/museo-violeta-parra-ofrece-dos-conciertos-gratuitos-este-fin-de-semana\/#primaryimage"},"image":{"@id":"http:\/\/vientosur.top\/museo\/museo-violeta-parra-ofrece-dos-conciertos-gratuitos-este-fin-de-semana\/#primaryimage"},"thumbnailUrl":"http:\/\/vientosur.top\/museo\/wp-content\/uploads\/2016\/04\/Claudia-Aspe.jpg","datePublished":"2016-04-22T20:00:15+00:00","author":{"@id":"http:\/\/vientosur.top\/museo\/#\/schema\/person\/20c79d3c38800971feec8c2693c3dd9c"},"breadcrumb":{"@id":"http:\/\/vientosur.top\/museo\/museo-violeta-parra-ofrece-dos-conciertos-gratuitos-este-fin-de-semana\/#breadcrumb"},"inLanguage":"es","potentialAction":[{"@type":"ReadAction","target":["http:\/\/vientosur.top\/museo\/museo-violeta-parra-ofrece-dos-conciertos-gratuitos-este-fin-de-semana\/"]}]},{"@type":"ImageObject","inLanguage":"es","@id":"http:\/\/vientosur.top\/museo\/museo-violeta-parra-ofrece-dos-conciertos-gratuitos-este-fin-de-semana\/#primaryimage","url":"http:\/\/vientosur.top\/museo\/wp-content\/uploads\/2016\/04\/Claudia-Aspe.jpg","contentUrl":"http:\/\/vientosur.top\/museo\/wp-content\/uploads\/2016\/04\/Claudia-Aspe.jpg","width":720,"height":480},{"@type":"BreadcrumbList","@id":"http:\/\/vientosur.top\/museo\/museo-violeta-parra-ofrece-dos-conciertos-gratuitos-este-fin-de-semana\/#breadcrumb","itemListElement":[{"@type":"ListItem","position":1,"name":"Portada","item":"http:\/\/vientosur.top\/museo\/"},{"@type":"ListItem","position":2,"name":"Museo Violeta Parra ofrece dos conciertos gratuitos este fin de semana"}]},{"@type":"WebSite","@id":"http:\/\/vientosur.top\/museo\/#website","url":"http:\/\/vientosur.top\/museo\/","name":"Museo Violeta Parra","description":"Espacio que alberga tanto la memoria y legado creativo de la artista","potentialAction":[{"@type":"SearchAction","target":{"@type":"EntryPoint","urlTemplate":"http:\/\/vientosur.top\/museo\/?s={search_term_string}"},"query-input":{"@type":"PropertyValueSpecification","valueRequired":true,"valueName":"search_term_string"}}],"inLanguage":"es"},{"@type":"Person","@id":"http:\/\/vientosur.top\/museo\/#\/schema\/person\/20c79d3c38800971feec8c2693c3dd9c","name":"admin","image":{"@type":"ImageObject","inLanguage":"es","@id":"http:\/\/vientosur.top\/museo\/#\/schema\/person\/image\/","url":"https:\/\/secure.gravatar.com\/avatar\/713677ece3ffa642287213a80e5b773bce9ab81c269dd6d95102a990951c922f?s=96&d=mm&r=g","contentUrl":"https:\/\/secure.gravatar.com\/avatar\/713677ece3ffa642287213a80e5b773bce9ab81c269dd6d95102a990951c922f?s=96&d=mm&r=g","caption":"admin"},"sameAs":["http:\/\/vientosur.top\/museo"],"url":"http:\/\/vientosur.top\/museo\/author\/comunicacionesmvp\/"}]}},"_links":{"self":[{"href":"http:\/\/vientosur.top\/museo\/wp-json\/wp\/v2\/posts\/1095","targetHints":{"allow":["GET"]}}],"collection":[{"href":"http:\/\/vientosur.top\/museo\/wp-json\/wp\/v2\/posts"}],"about":[{"href":"http:\/\/vientosur.top\/museo\/wp-json\/wp\/v2\/types\/post"}],"author":[{"embeddable":true,"href":"http:\/\/vientosur.top\/museo\/wp-json\/wp\/v2\/users\/5"}],"replies":[{"embeddable":true,"href":"http:\/\/vientosur.top\/museo\/wp-json\/wp\/v2\/comments?post=1095"}],"version-history":[{"count":0,"href":"http:\/\/vientosur.top\/museo\/wp-json\/wp\/v2\/posts\/1095\/revisions"}],"wp:featuredmedia":[{"embeddable":true,"href":"http:\/\/vientosur.top\/museo\/wp-json\/wp\/v2\/media\/1078"}],"wp:attachment":[{"href":"http:\/\/vientosur.top\/museo\/wp-json\/wp\/v2\/media?parent=1095"}],"wp:term":[{"taxonomy":"category","embeddable":true,"href":"http:\/\/vientosur.top\/museo\/wp-json\/wp\/v2\/categories?post=1095"},{"taxonomy":"post_tag","embeddable":true,"href":"http:\/\/vientosur.top\/museo\/wp-json\/wp\/v2\/tags?post=1095"}],"curies":[{"name":"wp","href":"https:\/\/api.w.org\/{rel}","templated":true}]}}