{"id":1116,"date":"2016-04-29T18:22:53","date_gmt":"2016-04-29T18:22:53","guid":{"rendered":"http:\/\/vientosur.top\/museo\/\/?p=1116"},"modified":"2016-04-29T18:22:53","modified_gmt":"2016-04-29T18:22:53","slug":"isabel-parra-presenta-este-sabado-cantar-y-contar-en-forma-gratuita-y-para-todo-publico","status":"publish","type":"post","link":"http:\/\/vientosur.top\/museo\/isabel-parra-presenta-este-sabado-cantar-y-contar-en-forma-gratuita-y-para-todo-publico\/","title":{"rendered":"Isabel Parra presenta este s\u00e1bado \u201cCantar y Contar\u201d en forma gratuita y para todo p\u00fablico"},"content":{"rendered":"<p>Este s\u00e1bado a las 16 horas en el auditorio Antar del Museo Violeta Parra se presentar\u00e1 la destacada cantautora y folclorista Isabel Parra en compa\u00f1\u00eda de Tita Parra en una funci\u00f3n \u00edntima que han denominado \u201cCantar y Contar\u201d<\/p>\n<p><!--more--><\/p>\n<p>En forma gratuita y para todo p\u00fablico Isabel y Tita Parra presentar\u00e1n un trabajo en el que la interacci\u00f3n con los asistentes es la base de un proyecto que originalmente llevaba el nombre de \u201cconversaciones musicales\u201d y que Isabel Parra considera como parte de un di\u00e1logo en el que en forma espont\u00e1nea se produce una conversaci\u00f3n con la concurrencia y se habla de Violeta como tambi\u00e9n del propio Museo y del legado y Patrimonial que significa \u00a0para todos los chilenos \u201cEs una conversaci\u00f3n espont\u00e1nea\u00bb, dice. \u201c\u00c9sta una conversaci\u00f3n que se da en forma natural en donde Tita me acompa\u00f1a con la guitarra y yo toco el cuatro. Hablamos de la Viola y tambi\u00e9n del hermoso legado que ella no dej\u00f3\u201d, agrega.<\/p>\n<p>De la misma forma la cantautora manifiesta que para ella cantar en el Museo Violeta Parra es fascinante. \u201cMe encanta y me fascina cantar en el Museo. Que la gente venga y que podamos conversar sobre la Viola y el Museo es maravilloso\u201d, asegura.<\/p>\n<p>Otra de las actividades que se realizar\u00e1n este mismo s\u00e1bado y que son parte del trabajo del \u00c1rea de Educaci\u00f3n es la realizaci\u00f3n de un taller de bordado de flores de \u201cLa Jardinera\u201d para J\u00f3venes y Adultos que se realizar en la Sala educativa del Museo a cargo de la dise\u00f1adora de vestuario Jota Etchepare quien ense\u00f1ar\u00e1 a los asistentes a bordar en bastidor sobre tela utilizando aguja, hilo, mostacillas y piedras y realizar\u00e1 flores con motivos que est\u00e1n presentes en la obra musical de Violeta Parra como la clavelina, la amapola, o el manzanill\u00f3n. El taller se llevar\u00e1 a cabo entre las 15 y las 17.30 horas sin costo para los asistentes y con un cupo m\u00e1ximo de 15 personas.<\/p>\n","protected":false},"excerpt":{"rendered":"<p>Este s\u00e1bado a las 16 horas en el auditorio Antar del Museo Violeta Parra se presentar\u00e1 la destacada cantautora y folclorista Isabel Parra en compa\u00f1\u00eda de Tita Parra en una funci\u00f3n \u00edntima que han denominado \u201cCantar y Contar\u201d<\/p>\n","protected":false},"author":5,"featured_media":1114,"comment_status":"open","ping_status":"open","sticky":false,"template":"","format":"standard","meta":{"site-sidebar-layout":"default","site-content-layout":"","ast-site-content-layout":"default","site-content-style":"default","site-sidebar-style":"default","ast-global-header-display":"","ast-banner-title-visibility":"","ast-main-header-display":"","ast-hfb-above-header-display":"","ast-hfb-below-header-display":"","ast-hfb-mobile-header-display":"","site-post-title":"","ast-breadcrumbs-content":"","ast-featured-img":"","footer-sml-layout":"","theme-transparent-header-meta":"","adv-header-id-meta":"","stick-header-meta":"","header-above-stick-meta":"","header-main-stick-meta":"","header-below-stick-meta":"","astra-migrate-meta-layouts":"default","ast-page-background-enabled":"default","ast-page-background-meta":{"desktop":{"background-color":"var(--ast-global-color-4)","background-image":"","background-repeat":"repeat","background-position":"center center","background-size":"auto","background-attachment":"scroll","background-type":"","background-media":"","overlay-type":"","overlay-color":"","overlay-opacity":"","overlay-gradient":""},"tablet":{"background-color":"","background-image":"","background-repeat":"repeat","background-position":"center center","background-size":"auto","background-attachment":"scroll","background-type":"","background-media":"","overlay-type":"","overlay-color":"","overlay-opacity":"","overlay-gradient":""},"mobile":{"background-color":"","background-image":"","background-repeat":"repeat","background-position":"center center","background-size":"auto","background-attachment":"scroll","background-type":"","background-media":"","overlay-type":"","overlay-color":"","overlay-opacity":"","overlay-gradient":""}},"ast-content-background-meta":{"desktop":{"background-color":"var(--ast-global-color-5)","background-image":"","background-repeat":"repeat","background-position":"center center","background-size":"auto","background-attachment":"scroll","background-type":"","background-media":"","overlay-type":"","overlay-color":"","overlay-opacity":"","overlay-gradient":""},"tablet":{"background-color":"var(--ast-global-color-5)","background-image":"","background-repeat":"repeat","background-position":"center center","background-size":"auto","background-attachment":"scroll","background-type":"","background-media":"","overlay-type":"","overlay-color":"","overlay-opacity":"","overlay-gradient":""},"mobile":{"background-color":"var(--ast-global-color-5)","background-image":"","background-repeat":"repeat","background-position":"center center","background-size":"auto","background-attachment":"scroll","background-type":"","background-media":"","overlay-type":"","overlay-color":"","overlay-opacity":"","overlay-gradient":""}},"footnotes":""},"categories":[59,8,61],"tags":[66,43],"class_list":["post-1116","post","type-post","status-publish","format-standard","has-post-thumbnail","hentry","category-destacado-noticia","category-noticias","category-novedades","tag-auditorio-antar","tag-isabel-parra"],"yoast_head":"<!-- This site is optimized with the Yoast SEO plugin v25.4 - https:\/\/yoast.com\/wordpress\/plugins\/seo\/ -->\n<title>Isabel Parra presenta este s\u00e1bado \u201cCantar y Contar\u201d en forma gratuita y para todo p\u00fablico - Museo Violeta Parra<\/title>\n<meta name=\"robots\" content=\"index, follow, max-snippet:-1, max-image-preview:large, max-video-preview:-1\" \/>\n<link rel=\"canonical\" href=\"http:\/\/vientosur.top\/museo\/isabel-parra-presenta-este-sabado-cantar-y-contar-en-forma-gratuita-y-para-todo-publico\/\" \/>\n<meta property=\"og:locale\" content=\"es_ES\" \/>\n<meta property=\"og:type\" content=\"article\" \/>\n<meta property=\"og:title\" content=\"Isabel Parra presenta este s\u00e1bado \u201cCantar y Contar\u201d en forma gratuita y para todo p\u00fablico - Museo Violeta Parra\" \/>\n<meta property=\"og:description\" content=\"Este s\u00e1bado a las 16 horas en el auditorio Antar del Museo Violeta Parra se presentar\u00e1 la destacada cantautora y folclorista Isabel Parra en compa\u00f1\u00eda de Tita Parra en una funci\u00f3n \u00edntima que han denominado \u201cCantar y Contar\u201d\" \/>\n<meta property=\"og:url\" content=\"http:\/\/vientosur.top\/museo\/isabel-parra-presenta-este-sabado-cantar-y-contar-en-forma-gratuita-y-para-todo-publico\/\" \/>\n<meta property=\"og:site_name\" content=\"Museo Violeta Parra\" \/>\n<meta property=\"article:published_time\" content=\"2016-04-29T18:22:53+00:00\" \/>\n<meta property=\"og:image\" content=\"http:\/\/vientosur.top\/museo\/wp-content\/uploads\/2016\/04\/Isabel-Cantar-y-Contar-2.jpg\" \/>\n\t<meta property=\"og:image:width\" content=\"529\" \/>\n\t<meta property=\"og:image:height\" content=\"501\" \/>\n\t<meta property=\"og:image:type\" content=\"image\/jpeg\" \/>\n<meta name=\"author\" content=\"admin\" \/>\n<meta name=\"twitter:card\" content=\"summary_large_image\" \/>\n<meta name=\"twitter:label1\" content=\"Escrito por\" \/>\n\t<meta name=\"twitter:data1\" content=\"admin\" \/>\n\t<meta name=\"twitter:label2\" content=\"Tiempo de lectura\" \/>\n\t<meta name=\"twitter:data2\" content=\"2 minutos\" \/>\n<script type=\"application\/ld+json\" class=\"yoast-schema-graph\">{\"@context\":\"https:\/\/schema.org\",\"@graph\":[{\"@type\":\"WebPage\",\"@id\":\"http:\/\/vientosur.top\/museo\/isabel-parra-presenta-este-sabado-cantar-y-contar-en-forma-gratuita-y-para-todo-publico\/\",\"url\":\"http:\/\/vientosur.top\/museo\/isabel-parra-presenta-este-sabado-cantar-y-contar-en-forma-gratuita-y-para-todo-publico\/\",\"name\":\"Isabel Parra presenta este s\u00e1bado \u201cCantar y Contar\u201d en forma gratuita y para todo p\u00fablico - Museo Violeta Parra\",\"isPartOf\":{\"@id\":\"http:\/\/vientosur.top\/museo\/#website\"},\"primaryImageOfPage\":{\"@id\":\"http:\/\/vientosur.top\/museo\/isabel-parra-presenta-este-sabado-cantar-y-contar-en-forma-gratuita-y-para-todo-publico\/#primaryimage\"},\"image\":{\"@id\":\"http:\/\/vientosur.top\/museo\/isabel-parra-presenta-este-sabado-cantar-y-contar-en-forma-gratuita-y-para-todo-publico\/#primaryimage\"},\"thumbnailUrl\":\"http:\/\/vientosur.top\/museo\/wp-content\/uploads\/2016\/04\/Isabel-Cantar-y-Contar-2.jpg\",\"datePublished\":\"2016-04-29T18:22:53+00:00\",\"author\":{\"@id\":\"http:\/\/vientosur.top\/museo\/#\/schema\/person\/20c79d3c38800971feec8c2693c3dd9c\"},\"breadcrumb\":{\"@id\":\"http:\/\/vientosur.top\/museo\/isabel-parra-presenta-este-sabado-cantar-y-contar-en-forma-gratuita-y-para-todo-publico\/#breadcrumb\"},\"inLanguage\":\"es\",\"potentialAction\":[{\"@type\":\"ReadAction\",\"target\":[\"http:\/\/vientosur.top\/museo\/isabel-parra-presenta-este-sabado-cantar-y-contar-en-forma-gratuita-y-para-todo-publico\/\"]}]},{\"@type\":\"ImageObject\",\"inLanguage\":\"es\",\"@id\":\"http:\/\/vientosur.top\/museo\/isabel-parra-presenta-este-sabado-cantar-y-contar-en-forma-gratuita-y-para-todo-publico\/#primaryimage\",\"url\":\"http:\/\/vientosur.top\/museo\/wp-content\/uploads\/2016\/04\/Isabel-Cantar-y-Contar-2.jpg\",\"contentUrl\":\"http:\/\/vientosur.top\/museo\/wp-content\/uploads\/2016\/04\/Isabel-Cantar-y-Contar-2.jpg\",\"width\":529,\"height\":501},{\"@type\":\"BreadcrumbList\",\"@id\":\"http:\/\/vientosur.top\/museo\/isabel-parra-presenta-este-sabado-cantar-y-contar-en-forma-gratuita-y-para-todo-publico\/#breadcrumb\",\"itemListElement\":[{\"@type\":\"ListItem\",\"position\":1,\"name\":\"Portada\",\"item\":\"http:\/\/vientosur.top\/museo\/\"},{\"@type\":\"ListItem\",\"position\":2,\"name\":\"Isabel Parra presenta este s\u00e1bado \u201cCantar y Contar\u201d en forma gratuita y para todo p\u00fablico\"}]},{\"@type\":\"WebSite\",\"@id\":\"http:\/\/vientosur.top\/museo\/#website\",\"url\":\"http:\/\/vientosur.top\/museo\/\",\"name\":\"Museo Violeta Parra\",\"description\":\"Espacio que alberga tanto la memoria y legado creativo de la artista\",\"potentialAction\":[{\"@type\":\"SearchAction\",\"target\":{\"@type\":\"EntryPoint\",\"urlTemplate\":\"http:\/\/vientosur.top\/museo\/?s={search_term_string}\"},\"query-input\":{\"@type\":\"PropertyValueSpecification\",\"valueRequired\":true,\"valueName\":\"search_term_string\"}}],\"inLanguage\":\"es\"},{\"@type\":\"Person\",\"@id\":\"http:\/\/vientosur.top\/museo\/#\/schema\/person\/20c79d3c38800971feec8c2693c3dd9c\",\"name\":\"admin\",\"image\":{\"@type\":\"ImageObject\",\"inLanguage\":\"es\",\"@id\":\"http:\/\/vientosur.top\/museo\/#\/schema\/person\/image\/\",\"url\":\"https:\/\/secure.gravatar.com\/avatar\/713677ece3ffa642287213a80e5b773bce9ab81c269dd6d95102a990951c922f?s=96&d=mm&r=g\",\"contentUrl\":\"https:\/\/secure.gravatar.com\/avatar\/713677ece3ffa642287213a80e5b773bce9ab81c269dd6d95102a990951c922f?s=96&d=mm&r=g\",\"caption\":\"admin\"},\"sameAs\":[\"http:\/\/vientosur.top\/museo\"],\"url\":\"http:\/\/vientosur.top\/museo\/author\/comunicacionesmvp\/\"}]}<\/script>\n<!-- \/ Yoast SEO plugin. -->","yoast_head_json":{"title":"Isabel Parra presenta este s\u00e1bado \u201cCantar y Contar\u201d en forma gratuita y para todo p\u00fablico - Museo Violeta Parra","robots":{"index":"index","follow":"follow","max-snippet":"max-snippet:-1","max-image-preview":"max-image-preview:large","max-video-preview":"max-video-preview:-1"},"canonical":"http:\/\/vientosur.top\/museo\/isabel-parra-presenta-este-sabado-cantar-y-contar-en-forma-gratuita-y-para-todo-publico\/","og_locale":"es_ES","og_type":"article","og_title":"Isabel Parra presenta este s\u00e1bado \u201cCantar y Contar\u201d en forma gratuita y para todo p\u00fablico - Museo Violeta Parra","og_description":"Este s\u00e1bado a las 16 horas en el auditorio Antar del Museo Violeta Parra se presentar\u00e1 la destacada cantautora y folclorista Isabel Parra en compa\u00f1\u00eda de Tita Parra en una funci\u00f3n \u00edntima que han denominado \u201cCantar y Contar\u201d","og_url":"http:\/\/vientosur.top\/museo\/isabel-parra-presenta-este-sabado-cantar-y-contar-en-forma-gratuita-y-para-todo-publico\/","og_site_name":"Museo Violeta Parra","article_published_time":"2016-04-29T18:22:53+00:00","og_image":[{"width":529,"height":501,"url":"http:\/\/vientosur.top\/museo\/wp-content\/uploads\/2016\/04\/Isabel-Cantar-y-Contar-2.jpg","type":"image\/jpeg"}],"author":"admin","twitter_card":"summary_large_image","twitter_misc":{"Escrito por":"admin","Tiempo de lectura":"2 minutos"},"schema":{"@context":"https:\/\/schema.org","@graph":[{"@type":"WebPage","@id":"http:\/\/vientosur.top\/museo\/isabel-parra-presenta-este-sabado-cantar-y-contar-en-forma-gratuita-y-para-todo-publico\/","url":"http:\/\/vientosur.top\/museo\/isabel-parra-presenta-este-sabado-cantar-y-contar-en-forma-gratuita-y-para-todo-publico\/","name":"Isabel Parra presenta este s\u00e1bado \u201cCantar y Contar\u201d en forma gratuita y para todo p\u00fablico - Museo Violeta Parra","isPartOf":{"@id":"http:\/\/vientosur.top\/museo\/#website"},"primaryImageOfPage":{"@id":"http:\/\/vientosur.top\/museo\/isabel-parra-presenta-este-sabado-cantar-y-contar-en-forma-gratuita-y-para-todo-publico\/#primaryimage"},"image":{"@id":"http:\/\/vientosur.top\/museo\/isabel-parra-presenta-este-sabado-cantar-y-contar-en-forma-gratuita-y-para-todo-publico\/#primaryimage"},"thumbnailUrl":"http:\/\/vientosur.top\/museo\/wp-content\/uploads\/2016\/04\/Isabel-Cantar-y-Contar-2.jpg","datePublished":"2016-04-29T18:22:53+00:00","author":{"@id":"http:\/\/vientosur.top\/museo\/#\/schema\/person\/20c79d3c38800971feec8c2693c3dd9c"},"breadcrumb":{"@id":"http:\/\/vientosur.top\/museo\/isabel-parra-presenta-este-sabado-cantar-y-contar-en-forma-gratuita-y-para-todo-publico\/#breadcrumb"},"inLanguage":"es","potentialAction":[{"@type":"ReadAction","target":["http:\/\/vientosur.top\/museo\/isabel-parra-presenta-este-sabado-cantar-y-contar-en-forma-gratuita-y-para-todo-publico\/"]}]},{"@type":"ImageObject","inLanguage":"es","@id":"http:\/\/vientosur.top\/museo\/isabel-parra-presenta-este-sabado-cantar-y-contar-en-forma-gratuita-y-para-todo-publico\/#primaryimage","url":"http:\/\/vientosur.top\/museo\/wp-content\/uploads\/2016\/04\/Isabel-Cantar-y-Contar-2.jpg","contentUrl":"http:\/\/vientosur.top\/museo\/wp-content\/uploads\/2016\/04\/Isabel-Cantar-y-Contar-2.jpg","width":529,"height":501},{"@type":"BreadcrumbList","@id":"http:\/\/vientosur.top\/museo\/isabel-parra-presenta-este-sabado-cantar-y-contar-en-forma-gratuita-y-para-todo-publico\/#breadcrumb","itemListElement":[{"@type":"ListItem","position":1,"name":"Portada","item":"http:\/\/vientosur.top\/museo\/"},{"@type":"ListItem","position":2,"name":"Isabel Parra presenta este s\u00e1bado \u201cCantar y Contar\u201d en forma gratuita y para todo p\u00fablico"}]},{"@type":"WebSite","@id":"http:\/\/vientosur.top\/museo\/#website","url":"http:\/\/vientosur.top\/museo\/","name":"Museo Violeta Parra","description":"Espacio que alberga tanto la memoria y legado creativo de la artista","potentialAction":[{"@type":"SearchAction","target":{"@type":"EntryPoint","urlTemplate":"http:\/\/vientosur.top\/museo\/?s={search_term_string}"},"query-input":{"@type":"PropertyValueSpecification","valueRequired":true,"valueName":"search_term_string"}}],"inLanguage":"es"},{"@type":"Person","@id":"http:\/\/vientosur.top\/museo\/#\/schema\/person\/20c79d3c38800971feec8c2693c3dd9c","name":"admin","image":{"@type":"ImageObject","inLanguage":"es","@id":"http:\/\/vientosur.top\/museo\/#\/schema\/person\/image\/","url":"https:\/\/secure.gravatar.com\/avatar\/713677ece3ffa642287213a80e5b773bce9ab81c269dd6d95102a990951c922f?s=96&d=mm&r=g","contentUrl":"https:\/\/secure.gravatar.com\/avatar\/713677ece3ffa642287213a80e5b773bce9ab81c269dd6d95102a990951c922f?s=96&d=mm&r=g","caption":"admin"},"sameAs":["http:\/\/vientosur.top\/museo"],"url":"http:\/\/vientosur.top\/museo\/author\/comunicacionesmvp\/"}]}},"_links":{"self":[{"href":"http:\/\/vientosur.top\/museo\/wp-json\/wp\/v2\/posts\/1116","targetHints":{"allow":["GET"]}}],"collection":[{"href":"http:\/\/vientosur.top\/museo\/wp-json\/wp\/v2\/posts"}],"about":[{"href":"http:\/\/vientosur.top\/museo\/wp-json\/wp\/v2\/types\/post"}],"author":[{"embeddable":true,"href":"http:\/\/vientosur.top\/museo\/wp-json\/wp\/v2\/users\/5"}],"replies":[{"embeddable":true,"href":"http:\/\/vientosur.top\/museo\/wp-json\/wp\/v2\/comments?post=1116"}],"version-history":[{"count":0,"href":"http:\/\/vientosur.top\/museo\/wp-json\/wp\/v2\/posts\/1116\/revisions"}],"wp:featuredmedia":[{"embeddable":true,"href":"http:\/\/vientosur.top\/museo\/wp-json\/wp\/v2\/media\/1114"}],"wp:attachment":[{"href":"http:\/\/vientosur.top\/museo\/wp-json\/wp\/v2\/media?parent=1116"}],"wp:term":[{"taxonomy":"category","embeddable":true,"href":"http:\/\/vientosur.top\/museo\/wp-json\/wp\/v2\/categories?post=1116"},{"taxonomy":"post_tag","embeddable":true,"href":"http:\/\/vientosur.top\/museo\/wp-json\/wp\/v2\/tags?post=1116"}],"curies":[{"name":"wp","href":"https:\/\/api.w.org\/{rel}","templated":true}]}}