{"id":1124,"date":"2016-05-03T20:54:57","date_gmt":"2016-05-03T20:54:57","guid":{"rendered":"http:\/\/vientosur.top\/museo\/\/?p=1124"},"modified":"2016-05-03T20:54:57","modified_gmt":"2016-05-03T20:54:57","slug":"grafiteros-franceses-de-kosmopolite-realizan-clase-magistral-en-auditorio-antar","status":"publish","type":"post","link":"http:\/\/vientosur.top\/museo\/grafiteros-franceses-de-kosmopolite-realizan-clase-magistral-en-auditorio-antar\/","title":{"rendered":"Grafiteros franceses de Kosmopolite realizan clase magistral en auditorio Antar"},"content":{"rendered":"<p>La asociaci\u00f3n de grafiteros franceses Kosmopolite realiz\u00f3 en el auditorio Antar del Museo Violeta Parra una clase magistral, en el marco de las actividades organizadas por el programa Santiago es M\u00edo.<\/p>\n<p>La actividad, de car\u00e1cter gratuito, se denomin\u00f3 \u201cLa sustentabilidad del Street Art\u201d, e \u00a0incluy\u00f3 tem\u00e1ticas como los estatutos jur\u00eddicos, proyecci\u00f3n econ\u00f3mica y escalabilidad y metodolog\u00eda de trabajo.<\/p>\n<p>Adem\u00e1s de la charla, el grupo de arte galo desarrollar\u00e1 diversos talleres de formaci\u00f3n y ense\u00f1anza de t\u00e9cnicas en las comunas de Colina, Cerro Navia, San Joaqu\u00edn y Quinta Normal.<\/p>\n<p>El programa Santiago es M\u00edo es un proyecto emblem\u00e1tico de la Intendencia, financiado por el Gobierno Regional y ejecutado por el Consejo de la Cultura de la Regi\u00f3n Metropolitana en convenio con la \u00cele de France.<\/p>\n","protected":false},"excerpt":{"rendered":"<p>La asociaci\u00f3n de grafiteros franceses Kosmopolite realiz\u00f3 en el auditorio Antar del Museo Violeta Parra una clase magistral, en el marco de las actividades organizadas por el programa Santiago es M\u00edo. La actividad, de car\u00e1cter gratuito, se denomin\u00f3 \u201cLa sustentabilidad del Street Art\u201d, e \u00a0incluy\u00f3 tem\u00e1ticas como los estatutos jur\u00eddicos, proyecci\u00f3n econ\u00f3mica y escalabilidad y [&hellip;]<\/p>\n","protected":false},"author":5,"featured_media":1125,"comment_status":"open","ping_status":"open","sticky":false,"template":"","format":"standard","meta":{"site-sidebar-layout":"default","site-content-layout":"","ast-site-content-layout":"default","site-content-style":"default","site-sidebar-style":"default","ast-global-header-display":"","ast-banner-title-visibility":"","ast-main-header-display":"","ast-hfb-above-header-display":"","ast-hfb-below-header-display":"","ast-hfb-mobile-header-display":"","site-post-title":"","ast-breadcrumbs-content":"","ast-featured-img":"","footer-sml-layout":"","theme-transparent-header-meta":"","adv-header-id-meta":"","stick-header-meta":"","header-above-stick-meta":"","header-main-stick-meta":"","header-below-stick-meta":"","astra-migrate-meta-layouts":"default","ast-page-background-enabled":"default","ast-page-background-meta":{"desktop":{"background-color":"var(--ast-global-color-4)","background-image":"","background-repeat":"repeat","background-position":"center center","background-size":"auto","background-attachment":"scroll","background-type":"","background-media":"","overlay-type":"","overlay-color":"","overlay-opacity":"","overlay-gradient":""},"tablet":{"background-color":"","background-image":"","background-repeat":"repeat","background-position":"center center","background-size":"auto","background-attachment":"scroll","background-type":"","background-media":"","overlay-type":"","overlay-color":"","overlay-opacity":"","overlay-gradient":""},"mobile":{"background-color":"","background-image":"","background-repeat":"repeat","background-position":"center center","background-size":"auto","background-attachment":"scroll","background-type":"","background-media":"","overlay-type":"","overlay-color":"","overlay-opacity":"","overlay-gradient":""}},"ast-content-background-meta":{"desktop":{"background-color":"var(--ast-global-color-5)","background-image":"","background-repeat":"repeat","background-position":"center center","background-size":"auto","background-attachment":"scroll","background-type":"","background-media":"","overlay-type":"","overlay-color":"","overlay-opacity":"","overlay-gradient":""},"tablet":{"background-color":"var(--ast-global-color-5)","background-image":"","background-repeat":"repeat","background-position":"center center","background-size":"auto","background-attachment":"scroll","background-type":"","background-media":"","overlay-type":"","overlay-color":"","overlay-opacity":"","overlay-gradient":""},"mobile":{"background-color":"var(--ast-global-color-5)","background-image":"","background-repeat":"repeat","background-position":"center center","background-size":"auto","background-attachment":"scroll","background-type":"","background-media":"","overlay-type":"","overlay-color":"","overlay-opacity":"","overlay-gradient":""}},"footnotes":""},"categories":[8],"tags":[],"class_list":["post-1124","post","type-post","status-publish","format-standard","has-post-thumbnail","hentry","category-noticias"],"yoast_head":"<!-- This site is optimized with the Yoast SEO plugin v25.4 - https:\/\/yoast.com\/wordpress\/plugins\/seo\/ -->\n<title>Grafiteros franceses de Kosmopolite realizan clase magistral en auditorio Antar - Museo Violeta Parra<\/title>\n<meta name=\"robots\" content=\"index, follow, max-snippet:-1, max-image-preview:large, max-video-preview:-1\" \/>\n<link rel=\"canonical\" href=\"http:\/\/vientosur.top\/museo\/grafiteros-franceses-de-kosmopolite-realizan-clase-magistral-en-auditorio-antar\/\" \/>\n<meta property=\"og:locale\" content=\"es_ES\" \/>\n<meta property=\"og:type\" content=\"article\" \/>\n<meta property=\"og:title\" content=\"Grafiteros franceses de Kosmopolite realizan clase magistral en auditorio Antar - Museo Violeta Parra\" \/>\n<meta property=\"og:description\" content=\"La asociaci\u00f3n de grafiteros franceses Kosmopolite realiz\u00f3 en el auditorio Antar del Museo Violeta Parra una clase magistral, en el marco de las actividades organizadas por el programa Santiago es M\u00edo. La actividad, de car\u00e1cter gratuito, se denomin\u00f3 \u201cLa sustentabilidad del Street Art\u201d, e \u00a0incluy\u00f3 tem\u00e1ticas como los estatutos jur\u00eddicos, proyecci\u00f3n econ\u00f3mica y escalabilidad y [&hellip;]\" \/>\n<meta property=\"og:url\" content=\"http:\/\/vientosur.top\/museo\/grafiteros-franceses-de-kosmopolite-realizan-clase-magistral-en-auditorio-antar\/\" \/>\n<meta property=\"og:site_name\" content=\"Museo Violeta Parra\" \/>\n<meta property=\"article:published_time\" content=\"2016-05-03T20:54:57+00:00\" \/>\n<meta property=\"og:image\" content=\"http:\/\/vientosur.top\/museo\/wp-content\/uploads\/2016\/05\/DSC_0902.jpg\" \/>\n\t<meta property=\"og:image:width\" content=\"1945\" \/>\n\t<meta property=\"og:image:height\" content=\"1293\" \/>\n\t<meta property=\"og:image:type\" content=\"image\/jpeg\" \/>\n<meta name=\"author\" content=\"admin\" \/>\n<meta name=\"twitter:card\" content=\"summary_large_image\" \/>\n<meta name=\"twitter:label1\" content=\"Escrito por\" \/>\n\t<meta name=\"twitter:data1\" content=\"admin\" \/>\n\t<meta name=\"twitter:label2\" content=\"Tiempo de lectura\" \/>\n\t<meta name=\"twitter:data2\" content=\"1 minuto\" \/>\n<script type=\"application\/ld+json\" class=\"yoast-schema-graph\">{\"@context\":\"https:\/\/schema.org\",\"@graph\":[{\"@type\":\"WebPage\",\"@id\":\"http:\/\/vientosur.top\/museo\/grafiteros-franceses-de-kosmopolite-realizan-clase-magistral-en-auditorio-antar\/\",\"url\":\"http:\/\/vientosur.top\/museo\/grafiteros-franceses-de-kosmopolite-realizan-clase-magistral-en-auditorio-antar\/\",\"name\":\"Grafiteros franceses de Kosmopolite realizan clase magistral en auditorio Antar - Museo Violeta Parra\",\"isPartOf\":{\"@id\":\"http:\/\/vientosur.top\/museo\/#website\"},\"primaryImageOfPage\":{\"@id\":\"http:\/\/vientosur.top\/museo\/grafiteros-franceses-de-kosmopolite-realizan-clase-magistral-en-auditorio-antar\/#primaryimage\"},\"image\":{\"@id\":\"http:\/\/vientosur.top\/museo\/grafiteros-franceses-de-kosmopolite-realizan-clase-magistral-en-auditorio-antar\/#primaryimage\"},\"thumbnailUrl\":\"http:\/\/vientosur.top\/museo\/wp-content\/uploads\/2016\/05\/DSC_0902.jpg\",\"datePublished\":\"2016-05-03T20:54:57+00:00\",\"author\":{\"@id\":\"http:\/\/vientosur.top\/museo\/#\/schema\/person\/20c79d3c38800971feec8c2693c3dd9c\"},\"breadcrumb\":{\"@id\":\"http:\/\/vientosur.top\/museo\/grafiteros-franceses-de-kosmopolite-realizan-clase-magistral-en-auditorio-antar\/#breadcrumb\"},\"inLanguage\":\"es\",\"potentialAction\":[{\"@type\":\"ReadAction\",\"target\":[\"http:\/\/vientosur.top\/museo\/grafiteros-franceses-de-kosmopolite-realizan-clase-magistral-en-auditorio-antar\/\"]}]},{\"@type\":\"ImageObject\",\"inLanguage\":\"es\",\"@id\":\"http:\/\/vientosur.top\/museo\/grafiteros-franceses-de-kosmopolite-realizan-clase-magistral-en-auditorio-antar\/#primaryimage\",\"url\":\"http:\/\/vientosur.top\/museo\/wp-content\/uploads\/2016\/05\/DSC_0902.jpg\",\"contentUrl\":\"http:\/\/vientosur.top\/museo\/wp-content\/uploads\/2016\/05\/DSC_0902.jpg\",\"width\":1945,\"height\":1293},{\"@type\":\"BreadcrumbList\",\"@id\":\"http:\/\/vientosur.top\/museo\/grafiteros-franceses-de-kosmopolite-realizan-clase-magistral-en-auditorio-antar\/#breadcrumb\",\"itemListElement\":[{\"@type\":\"ListItem\",\"position\":1,\"name\":\"Portada\",\"item\":\"http:\/\/vientosur.top\/museo\/\"},{\"@type\":\"ListItem\",\"position\":2,\"name\":\"Grafiteros franceses de Kosmopolite realizan clase magistral en auditorio Antar\"}]},{\"@type\":\"WebSite\",\"@id\":\"http:\/\/vientosur.top\/museo\/#website\",\"url\":\"http:\/\/vientosur.top\/museo\/\",\"name\":\"Museo Violeta Parra\",\"description\":\"Espacio que alberga tanto la memoria y legado creativo de la artista\",\"potentialAction\":[{\"@type\":\"SearchAction\",\"target\":{\"@type\":\"EntryPoint\",\"urlTemplate\":\"http:\/\/vientosur.top\/museo\/?s={search_term_string}\"},\"query-input\":{\"@type\":\"PropertyValueSpecification\",\"valueRequired\":true,\"valueName\":\"search_term_string\"}}],\"inLanguage\":\"es\"},{\"@type\":\"Person\",\"@id\":\"http:\/\/vientosur.top\/museo\/#\/schema\/person\/20c79d3c38800971feec8c2693c3dd9c\",\"name\":\"admin\",\"image\":{\"@type\":\"ImageObject\",\"inLanguage\":\"es\",\"@id\":\"http:\/\/vientosur.top\/museo\/#\/schema\/person\/image\/\",\"url\":\"https:\/\/secure.gravatar.com\/avatar\/713677ece3ffa642287213a80e5b773bce9ab81c269dd6d95102a990951c922f?s=96&d=mm&r=g\",\"contentUrl\":\"https:\/\/secure.gravatar.com\/avatar\/713677ece3ffa642287213a80e5b773bce9ab81c269dd6d95102a990951c922f?s=96&d=mm&r=g\",\"caption\":\"admin\"},\"sameAs\":[\"http:\/\/vientosur.top\/museo\"],\"url\":\"http:\/\/vientosur.top\/museo\/author\/comunicacionesmvp\/\"}]}<\/script>\n<!-- \/ Yoast SEO plugin. -->","yoast_head_json":{"title":"Grafiteros franceses de Kosmopolite realizan clase magistral en auditorio Antar - Museo Violeta Parra","robots":{"index":"index","follow":"follow","max-snippet":"max-snippet:-1","max-image-preview":"max-image-preview:large","max-video-preview":"max-video-preview:-1"},"canonical":"http:\/\/vientosur.top\/museo\/grafiteros-franceses-de-kosmopolite-realizan-clase-magistral-en-auditorio-antar\/","og_locale":"es_ES","og_type":"article","og_title":"Grafiteros franceses de Kosmopolite realizan clase magistral en auditorio Antar - Museo Violeta Parra","og_description":"La asociaci\u00f3n de grafiteros franceses Kosmopolite realiz\u00f3 en el auditorio Antar del Museo Violeta Parra una clase magistral, en el marco de las actividades organizadas por el programa Santiago es M\u00edo. La actividad, de car\u00e1cter gratuito, se denomin\u00f3 \u201cLa sustentabilidad del Street Art\u201d, e \u00a0incluy\u00f3 tem\u00e1ticas como los estatutos jur\u00eddicos, proyecci\u00f3n econ\u00f3mica y escalabilidad y [&hellip;]","og_url":"http:\/\/vientosur.top\/museo\/grafiteros-franceses-de-kosmopolite-realizan-clase-magistral-en-auditorio-antar\/","og_site_name":"Museo Violeta Parra","article_published_time":"2016-05-03T20:54:57+00:00","og_image":[{"width":1945,"height":1293,"url":"http:\/\/vientosur.top\/museo\/wp-content\/uploads\/2016\/05\/DSC_0902.jpg","type":"image\/jpeg"}],"author":"admin","twitter_card":"summary_large_image","twitter_misc":{"Escrito por":"admin","Tiempo de lectura":"1 minuto"},"schema":{"@context":"https:\/\/schema.org","@graph":[{"@type":"WebPage","@id":"http:\/\/vientosur.top\/museo\/grafiteros-franceses-de-kosmopolite-realizan-clase-magistral-en-auditorio-antar\/","url":"http:\/\/vientosur.top\/museo\/grafiteros-franceses-de-kosmopolite-realizan-clase-magistral-en-auditorio-antar\/","name":"Grafiteros franceses de Kosmopolite realizan clase magistral en auditorio Antar - Museo Violeta Parra","isPartOf":{"@id":"http:\/\/vientosur.top\/museo\/#website"},"primaryImageOfPage":{"@id":"http:\/\/vientosur.top\/museo\/grafiteros-franceses-de-kosmopolite-realizan-clase-magistral-en-auditorio-antar\/#primaryimage"},"image":{"@id":"http:\/\/vientosur.top\/museo\/grafiteros-franceses-de-kosmopolite-realizan-clase-magistral-en-auditorio-antar\/#primaryimage"},"thumbnailUrl":"http:\/\/vientosur.top\/museo\/wp-content\/uploads\/2016\/05\/DSC_0902.jpg","datePublished":"2016-05-03T20:54:57+00:00","author":{"@id":"http:\/\/vientosur.top\/museo\/#\/schema\/person\/20c79d3c38800971feec8c2693c3dd9c"},"breadcrumb":{"@id":"http:\/\/vientosur.top\/museo\/grafiteros-franceses-de-kosmopolite-realizan-clase-magistral-en-auditorio-antar\/#breadcrumb"},"inLanguage":"es","potentialAction":[{"@type":"ReadAction","target":["http:\/\/vientosur.top\/museo\/grafiteros-franceses-de-kosmopolite-realizan-clase-magistral-en-auditorio-antar\/"]}]},{"@type":"ImageObject","inLanguage":"es","@id":"http:\/\/vientosur.top\/museo\/grafiteros-franceses-de-kosmopolite-realizan-clase-magistral-en-auditorio-antar\/#primaryimage","url":"http:\/\/vientosur.top\/museo\/wp-content\/uploads\/2016\/05\/DSC_0902.jpg","contentUrl":"http:\/\/vientosur.top\/museo\/wp-content\/uploads\/2016\/05\/DSC_0902.jpg","width":1945,"height":1293},{"@type":"BreadcrumbList","@id":"http:\/\/vientosur.top\/museo\/grafiteros-franceses-de-kosmopolite-realizan-clase-magistral-en-auditorio-antar\/#breadcrumb","itemListElement":[{"@type":"ListItem","position":1,"name":"Portada","item":"http:\/\/vientosur.top\/museo\/"},{"@type":"ListItem","position":2,"name":"Grafiteros franceses de Kosmopolite realizan clase magistral en auditorio Antar"}]},{"@type":"WebSite","@id":"http:\/\/vientosur.top\/museo\/#website","url":"http:\/\/vientosur.top\/museo\/","name":"Museo Violeta Parra","description":"Espacio que alberga tanto la memoria y legado creativo de la artista","potentialAction":[{"@type":"SearchAction","target":{"@type":"EntryPoint","urlTemplate":"http:\/\/vientosur.top\/museo\/?s={search_term_string}"},"query-input":{"@type":"PropertyValueSpecification","valueRequired":true,"valueName":"search_term_string"}}],"inLanguage":"es"},{"@type":"Person","@id":"http:\/\/vientosur.top\/museo\/#\/schema\/person\/20c79d3c38800971feec8c2693c3dd9c","name":"admin","image":{"@type":"ImageObject","inLanguage":"es","@id":"http:\/\/vientosur.top\/museo\/#\/schema\/person\/image\/","url":"https:\/\/secure.gravatar.com\/avatar\/713677ece3ffa642287213a80e5b773bce9ab81c269dd6d95102a990951c922f?s=96&d=mm&r=g","contentUrl":"https:\/\/secure.gravatar.com\/avatar\/713677ece3ffa642287213a80e5b773bce9ab81c269dd6d95102a990951c922f?s=96&d=mm&r=g","caption":"admin"},"sameAs":["http:\/\/vientosur.top\/museo"],"url":"http:\/\/vientosur.top\/museo\/author\/comunicacionesmvp\/"}]}},"_links":{"self":[{"href":"http:\/\/vientosur.top\/museo\/wp-json\/wp\/v2\/posts\/1124","targetHints":{"allow":["GET"]}}],"collection":[{"href":"http:\/\/vientosur.top\/museo\/wp-json\/wp\/v2\/posts"}],"about":[{"href":"http:\/\/vientosur.top\/museo\/wp-json\/wp\/v2\/types\/post"}],"author":[{"embeddable":true,"href":"http:\/\/vientosur.top\/museo\/wp-json\/wp\/v2\/users\/5"}],"replies":[{"embeddable":true,"href":"http:\/\/vientosur.top\/museo\/wp-json\/wp\/v2\/comments?post=1124"}],"version-history":[{"count":0,"href":"http:\/\/vientosur.top\/museo\/wp-json\/wp\/v2\/posts\/1124\/revisions"}],"wp:featuredmedia":[{"embeddable":true,"href":"http:\/\/vientosur.top\/museo\/wp-json\/wp\/v2\/media\/1125"}],"wp:attachment":[{"href":"http:\/\/vientosur.top\/museo\/wp-json\/wp\/v2\/media?parent=1124"}],"wp:term":[{"taxonomy":"category","embeddable":true,"href":"http:\/\/vientosur.top\/museo\/wp-json\/wp\/v2\/categories?post=1124"},{"taxonomy":"post_tag","embeddable":true,"href":"http:\/\/vientosur.top\/museo\/wp-json\/wp\/v2\/tags?post=1124"}],"curies":[{"name":"wp","href":"https:\/\/api.w.org\/{rel}","templated":true}]}}