{"id":1149,"date":"2016-05-17T22:13:51","date_gmt":"2016-05-17T22:13:51","guid":{"rendered":"http:\/\/vientosur.top\/museo\/\/?p=1149"},"modified":"2016-05-17T22:13:51","modified_gmt":"2016-05-17T22:13:51","slug":"museo-violeta-parra-celebra-el-dia-internacional-de-los-museos","status":"publish","type":"post","link":"http:\/\/vientosur.top\/museo\/museo-violeta-parra-celebra-el-dia-internacional-de-los-museos\/","title":{"rendered":"Museo Violeta Parra celebra el D\u00eda Internacional de los Museos"},"content":{"rendered":"<ul>\n<li><em>El espacio dedicado a la multifac\u00e9tica creadora chilena contar\u00e1 con actividades especiales en el marco de la conmemoraci\u00f3n.<\/em><\/li>\n<\/ul>\n<p><!--more--><\/p>\n<p>Con una serie de actividades, el Museo Violeta Parra se sumar\u00e1 este mi\u00e9rcoles 18 de mayo a la conmemoraci\u00f3n de un nuevo D\u00eda Internacional de los Museos.<\/p>\n<p>La primera de \u00e9stas ser\u00e1 el conversatorio titulado <strong>\u201cMuseos y paisajes culturales\u201d<\/strong>, organizado por la filial chilena del Consejo Internacional de Museos (ICOM), que tendr\u00e1 lugar en el auditorio Antar a las 12:00 horas.<\/p>\n<p>La instancia contar\u00e1 con la presencia de la directora del Museo de la Educaci\u00f3n Gabriela Mistral, Mar\u00eda Isabel Orellana; la conservadora jefe del Laboratorio de Escultura y Monumentos del Centro Nacional de Conservaci\u00f3n y Restauraci\u00f3n, Julieta Elizaga; y la consejera del Consejo de Monumentos Nacionales, Mireya Danilo.<\/p>\n<p>Posteriormente, en una actividad conjunta entre las \u00e1reas de Educaci\u00f3n, y Colecci\u00f3n y Patrimonio del Museo Violeta Parra, se desarrollar\u00e1 una visita guiada para los vecinos del Museo enfocada en el proceso de conservaci\u00f3n de las obras expuestas en las salas Humana y Divina. El recorrido guiado se realizar\u00e1 a las 16:00 horas y estar\u00e1 a cargo de la conservadora Ana Anselmo.<\/p>\n<p>Para la Jefa de Colecciones y Patrimonio del Museo Milena Rojas, esta es una actividad relevante no solo por la gran experiencia y el aporte que hace ICOM a la discusi\u00f3n y reflexi\u00f3n en torno a los Museos, sino tambi\u00e9n porque el Museo Violeta Parra se inserta por primera vez desde su inauguraci\u00f3n en esta instancia.<\/p>\n<p>\u201cMe parece tremendamente relevante el trabajo y el aporte de ICOM a los Museos y al circuito de profesionales que trabajan en esta \u00e1rea, pero tambi\u00e9n para la ciudadan\u00eda y lo legos que buscan saber m\u00e1s de este importante sector. Por otra parte, para nosotros es gratificante que se celebre en nuestro espacio ya que es la primera vez desde que se inaugur\u00f3 el Museo, que participamos en una instancia como esta en la que adem\u00e1s hemos invitado a nuestros vecinos a conocer nuestro trabajo\u201d, afirm\u00f3.<\/p>\n<p>Seg\u00fan ICOM, el D\u00eda Internacional de los Museos busca sensibilizar al p\u00fablico sobre el hecho que estos espacios son un medio importante para los intercambios culturales, el enriquecimiento de culturas, el avance del entendimiento mutuo, la cooperaci\u00f3n y la paz entre los pueblos.<\/p>\n<p>El Museo Violeta Parra ser\u00e1 uno de los m\u00e1s de 35000 museos en 145 pa\u00edses que se suman a esta conmemoraci\u00f3n.<\/p>\n","protected":false},"excerpt":{"rendered":"<p>El espacio dedicado a la multifac\u00e9tica creadora chilena contar\u00e1 con actividades especiales en el marco de la conmemoraci\u00f3n.<\/p>\n","protected":false},"author":5,"featured_media":1150,"comment_status":"open","ping_status":"open","sticky":false,"template":"","format":"standard","meta":{"site-sidebar-layout":"default","site-content-layout":"","ast-site-content-layout":"default","site-content-style":"default","site-sidebar-style":"default","ast-global-header-display":"","ast-banner-title-visibility":"","ast-main-header-display":"","ast-hfb-above-header-display":"","ast-hfb-below-header-display":"","ast-hfb-mobile-header-display":"","site-post-title":"","ast-breadcrumbs-content":"","ast-featured-img":"","footer-sml-layout":"","theme-transparent-header-meta":"","adv-header-id-meta":"","stick-header-meta":"","header-above-stick-meta":"","header-main-stick-meta":"","header-below-stick-meta":"","astra-migrate-meta-layouts":"default","ast-page-background-enabled":"default","ast-page-background-meta":{"desktop":{"background-color":"var(--ast-global-color-4)","background-image":"","background-repeat":"repeat","background-position":"center center","background-size":"auto","background-attachment":"scroll","background-type":"","background-media":"","overlay-type":"","overlay-color":"","overlay-opacity":"","overlay-gradient":""},"tablet":{"background-color":"","background-image":"","background-repeat":"repeat","background-position":"center center","background-size":"auto","background-attachment":"scroll","background-type":"","background-media":"","overlay-type":"","overlay-color":"","overlay-opacity":"","overlay-gradient":""},"mobile":{"background-color":"","background-image":"","background-repeat":"repeat","background-position":"center center","background-size":"auto","background-attachment":"scroll","background-type":"","background-media":"","overlay-type":"","overlay-color":"","overlay-opacity":"","overlay-gradient":""}},"ast-content-background-meta":{"desktop":{"background-color":"var(--ast-global-color-5)","background-image":"","background-repeat":"repeat","background-position":"center center","background-size":"auto","background-attachment":"scroll","background-type":"","background-media":"","overlay-type":"","overlay-color":"","overlay-opacity":"","overlay-gradient":""},"tablet":{"background-color":"var(--ast-global-color-5)","background-image":"","background-repeat":"repeat","background-position":"center center","background-size":"auto","background-attachment":"scroll","background-type":"","background-media":"","overlay-type":"","overlay-color":"","overlay-opacity":"","overlay-gradient":""},"mobile":{"background-color":"var(--ast-global-color-5)","background-image":"","background-repeat":"repeat","background-position":"center center","background-size":"auto","background-attachment":"scroll","background-type":"","background-media":"","overlay-type":"","overlay-color":"","overlay-opacity":"","overlay-gradient":""}},"footnotes":""},"categories":[59,8,61],"tags":[],"class_list":["post-1149","post","type-post","status-publish","format-standard","has-post-thumbnail","hentry","category-destacado-noticia","category-noticias","category-novedades"],"yoast_head":"<!-- This site is optimized with the Yoast SEO plugin v25.4 - https:\/\/yoast.com\/wordpress\/plugins\/seo\/ -->\n<title>Museo Violeta Parra celebra el D\u00eda Internacional de los Museos - Museo Violeta Parra<\/title>\n<meta name=\"robots\" content=\"index, follow, max-snippet:-1, max-image-preview:large, max-video-preview:-1\" \/>\n<link rel=\"canonical\" href=\"http:\/\/vientosur.top\/museo\/museo-violeta-parra-celebra-el-dia-internacional-de-los-museos\/\" \/>\n<meta property=\"og:locale\" content=\"es_ES\" \/>\n<meta property=\"og:type\" content=\"article\" \/>\n<meta property=\"og:title\" content=\"Museo Violeta Parra celebra el D\u00eda Internacional de los Museos - Museo Violeta Parra\" \/>\n<meta property=\"og:description\" content=\"El espacio dedicado a la multifac\u00e9tica creadora chilena contar\u00e1 con actividades especiales en el marco de la conmemoraci\u00f3n.\" \/>\n<meta property=\"og:url\" content=\"http:\/\/vientosur.top\/museo\/museo-violeta-parra-celebra-el-dia-internacional-de-los-museos\/\" \/>\n<meta property=\"og:site_name\" content=\"Museo Violeta Parra\" \/>\n<meta property=\"article:published_time\" content=\"2016-05-17T22:13:51+00:00\" \/>\n<meta property=\"og:image\" content=\"http:\/\/vientosur.top\/museo\/wp-content\/uploads\/2016\/05\/96A7735-1024x683.jpg\" \/>\n\t<meta property=\"og:image:width\" content=\"1024\" \/>\n\t<meta property=\"og:image:height\" content=\"683\" \/>\n\t<meta property=\"og:image:type\" content=\"image\/jpeg\" \/>\n<meta name=\"author\" content=\"admin\" \/>\n<meta name=\"twitter:card\" content=\"summary_large_image\" \/>\n<meta name=\"twitter:label1\" content=\"Escrito por\" \/>\n\t<meta name=\"twitter:data1\" content=\"admin\" \/>\n\t<meta name=\"twitter:label2\" content=\"Tiempo de lectura\" \/>\n\t<meta name=\"twitter:data2\" content=\"2 minutos\" \/>\n<script type=\"application\/ld+json\" class=\"yoast-schema-graph\">{\"@context\":\"https:\/\/schema.org\",\"@graph\":[{\"@type\":\"WebPage\",\"@id\":\"http:\/\/vientosur.top\/museo\/museo-violeta-parra-celebra-el-dia-internacional-de-los-museos\/\",\"url\":\"http:\/\/vientosur.top\/museo\/museo-violeta-parra-celebra-el-dia-internacional-de-los-museos\/\",\"name\":\"Museo Violeta Parra celebra el D\u00eda Internacional de los Museos - Museo Violeta Parra\",\"isPartOf\":{\"@id\":\"http:\/\/vientosur.top\/museo\/#website\"},\"primaryImageOfPage\":{\"@id\":\"http:\/\/vientosur.top\/museo\/museo-violeta-parra-celebra-el-dia-internacional-de-los-museos\/#primaryimage\"},\"image\":{\"@id\":\"http:\/\/vientosur.top\/museo\/museo-violeta-parra-celebra-el-dia-internacional-de-los-museos\/#primaryimage\"},\"thumbnailUrl\":\"http:\/\/vientosur.top\/museo\/wp-content\/uploads\/2016\/05\/96A7735.jpg\",\"datePublished\":\"2016-05-17T22:13:51+00:00\",\"author\":{\"@id\":\"http:\/\/vientosur.top\/museo\/#\/schema\/person\/20c79d3c38800971feec8c2693c3dd9c\"},\"breadcrumb\":{\"@id\":\"http:\/\/vientosur.top\/museo\/museo-violeta-parra-celebra-el-dia-internacional-de-los-museos\/#breadcrumb\"},\"inLanguage\":\"es\",\"potentialAction\":[{\"@type\":\"ReadAction\",\"target\":[\"http:\/\/vientosur.top\/museo\/museo-violeta-parra-celebra-el-dia-internacional-de-los-museos\/\"]}]},{\"@type\":\"ImageObject\",\"inLanguage\":\"es\",\"@id\":\"http:\/\/vientosur.top\/museo\/museo-violeta-parra-celebra-el-dia-internacional-de-los-museos\/#primaryimage\",\"url\":\"http:\/\/vientosur.top\/museo\/wp-content\/uploads\/2016\/05\/96A7735.jpg\",\"contentUrl\":\"http:\/\/vientosur.top\/museo\/wp-content\/uploads\/2016\/05\/96A7735.jpg\",\"width\":2480,\"height\":1653},{\"@type\":\"BreadcrumbList\",\"@id\":\"http:\/\/vientosur.top\/museo\/museo-violeta-parra-celebra-el-dia-internacional-de-los-museos\/#breadcrumb\",\"itemListElement\":[{\"@type\":\"ListItem\",\"position\":1,\"name\":\"Portada\",\"item\":\"http:\/\/vientosur.top\/museo\/\"},{\"@type\":\"ListItem\",\"position\":2,\"name\":\"Museo Violeta Parra celebra el D\u00eda Internacional de los Museos\"}]},{\"@type\":\"WebSite\",\"@id\":\"http:\/\/vientosur.top\/museo\/#website\",\"url\":\"http:\/\/vientosur.top\/museo\/\",\"name\":\"Museo Violeta Parra\",\"description\":\"Espacio que alberga tanto la memoria y legado creativo de la artista\",\"potentialAction\":[{\"@type\":\"SearchAction\",\"target\":{\"@type\":\"EntryPoint\",\"urlTemplate\":\"http:\/\/vientosur.top\/museo\/?s={search_term_string}\"},\"query-input\":{\"@type\":\"PropertyValueSpecification\",\"valueRequired\":true,\"valueName\":\"search_term_string\"}}],\"inLanguage\":\"es\"},{\"@type\":\"Person\",\"@id\":\"http:\/\/vientosur.top\/museo\/#\/schema\/person\/20c79d3c38800971feec8c2693c3dd9c\",\"name\":\"admin\",\"image\":{\"@type\":\"ImageObject\",\"inLanguage\":\"es\",\"@id\":\"http:\/\/vientosur.top\/museo\/#\/schema\/person\/image\/\",\"url\":\"https:\/\/secure.gravatar.com\/avatar\/713677ece3ffa642287213a80e5b773bce9ab81c269dd6d95102a990951c922f?s=96&d=mm&r=g\",\"contentUrl\":\"https:\/\/secure.gravatar.com\/avatar\/713677ece3ffa642287213a80e5b773bce9ab81c269dd6d95102a990951c922f?s=96&d=mm&r=g\",\"caption\":\"admin\"},\"sameAs\":[\"http:\/\/vientosur.top\/museo\"],\"url\":\"http:\/\/vientosur.top\/museo\/author\/comunicacionesmvp\/\"}]}<\/script>\n<!-- \/ Yoast SEO plugin. -->","yoast_head_json":{"title":"Museo Violeta Parra celebra el D\u00eda Internacional de los Museos - Museo Violeta Parra","robots":{"index":"index","follow":"follow","max-snippet":"max-snippet:-1","max-image-preview":"max-image-preview:large","max-video-preview":"max-video-preview:-1"},"canonical":"http:\/\/vientosur.top\/museo\/museo-violeta-parra-celebra-el-dia-internacional-de-los-museos\/","og_locale":"es_ES","og_type":"article","og_title":"Museo Violeta Parra celebra el D\u00eda Internacional de los Museos - Museo Violeta Parra","og_description":"El espacio dedicado a la multifac\u00e9tica creadora chilena contar\u00e1 con actividades especiales en el marco de la conmemoraci\u00f3n.","og_url":"http:\/\/vientosur.top\/museo\/museo-violeta-parra-celebra-el-dia-internacional-de-los-museos\/","og_site_name":"Museo Violeta Parra","article_published_time":"2016-05-17T22:13:51+00:00","og_image":[{"width":1024,"height":683,"url":"http:\/\/vientosur.top\/museo\/wp-content\/uploads\/2016\/05\/96A7735-1024x683.jpg","type":"image\/jpeg"}],"author":"admin","twitter_card":"summary_large_image","twitter_misc":{"Escrito por":"admin","Tiempo de lectura":"2 minutos"},"schema":{"@context":"https:\/\/schema.org","@graph":[{"@type":"WebPage","@id":"http:\/\/vientosur.top\/museo\/museo-violeta-parra-celebra-el-dia-internacional-de-los-museos\/","url":"http:\/\/vientosur.top\/museo\/museo-violeta-parra-celebra-el-dia-internacional-de-los-museos\/","name":"Museo Violeta Parra celebra el D\u00eda Internacional de los Museos - Museo Violeta Parra","isPartOf":{"@id":"http:\/\/vientosur.top\/museo\/#website"},"primaryImageOfPage":{"@id":"http:\/\/vientosur.top\/museo\/museo-violeta-parra-celebra-el-dia-internacional-de-los-museos\/#primaryimage"},"image":{"@id":"http:\/\/vientosur.top\/museo\/museo-violeta-parra-celebra-el-dia-internacional-de-los-museos\/#primaryimage"},"thumbnailUrl":"http:\/\/vientosur.top\/museo\/wp-content\/uploads\/2016\/05\/96A7735.jpg","datePublished":"2016-05-17T22:13:51+00:00","author":{"@id":"http:\/\/vientosur.top\/museo\/#\/schema\/person\/20c79d3c38800971feec8c2693c3dd9c"},"breadcrumb":{"@id":"http:\/\/vientosur.top\/museo\/museo-violeta-parra-celebra-el-dia-internacional-de-los-museos\/#breadcrumb"},"inLanguage":"es","potentialAction":[{"@type":"ReadAction","target":["http:\/\/vientosur.top\/museo\/museo-violeta-parra-celebra-el-dia-internacional-de-los-museos\/"]}]},{"@type":"ImageObject","inLanguage":"es","@id":"http:\/\/vientosur.top\/museo\/museo-violeta-parra-celebra-el-dia-internacional-de-los-museos\/#primaryimage","url":"http:\/\/vientosur.top\/museo\/wp-content\/uploads\/2016\/05\/96A7735.jpg","contentUrl":"http:\/\/vientosur.top\/museo\/wp-content\/uploads\/2016\/05\/96A7735.jpg","width":2480,"height":1653},{"@type":"BreadcrumbList","@id":"http:\/\/vientosur.top\/museo\/museo-violeta-parra-celebra-el-dia-internacional-de-los-museos\/#breadcrumb","itemListElement":[{"@type":"ListItem","position":1,"name":"Portada","item":"http:\/\/vientosur.top\/museo\/"},{"@type":"ListItem","position":2,"name":"Museo Violeta Parra celebra el D\u00eda Internacional de los Museos"}]},{"@type":"WebSite","@id":"http:\/\/vientosur.top\/museo\/#website","url":"http:\/\/vientosur.top\/museo\/","name":"Museo Violeta Parra","description":"Espacio que alberga tanto la memoria y legado creativo de la artista","potentialAction":[{"@type":"SearchAction","target":{"@type":"EntryPoint","urlTemplate":"http:\/\/vientosur.top\/museo\/?s={search_term_string}"},"query-input":{"@type":"PropertyValueSpecification","valueRequired":true,"valueName":"search_term_string"}}],"inLanguage":"es"},{"@type":"Person","@id":"http:\/\/vientosur.top\/museo\/#\/schema\/person\/20c79d3c38800971feec8c2693c3dd9c","name":"admin","image":{"@type":"ImageObject","inLanguage":"es","@id":"http:\/\/vientosur.top\/museo\/#\/schema\/person\/image\/","url":"https:\/\/secure.gravatar.com\/avatar\/713677ece3ffa642287213a80e5b773bce9ab81c269dd6d95102a990951c922f?s=96&d=mm&r=g","contentUrl":"https:\/\/secure.gravatar.com\/avatar\/713677ece3ffa642287213a80e5b773bce9ab81c269dd6d95102a990951c922f?s=96&d=mm&r=g","caption":"admin"},"sameAs":["http:\/\/vientosur.top\/museo"],"url":"http:\/\/vientosur.top\/museo\/author\/comunicacionesmvp\/"}]}},"_links":{"self":[{"href":"http:\/\/vientosur.top\/museo\/wp-json\/wp\/v2\/posts\/1149","targetHints":{"allow":["GET"]}}],"collection":[{"href":"http:\/\/vientosur.top\/museo\/wp-json\/wp\/v2\/posts"}],"about":[{"href":"http:\/\/vientosur.top\/museo\/wp-json\/wp\/v2\/types\/post"}],"author":[{"embeddable":true,"href":"http:\/\/vientosur.top\/museo\/wp-json\/wp\/v2\/users\/5"}],"replies":[{"embeddable":true,"href":"http:\/\/vientosur.top\/museo\/wp-json\/wp\/v2\/comments?post=1149"}],"version-history":[{"count":0,"href":"http:\/\/vientosur.top\/museo\/wp-json\/wp\/v2\/posts\/1149\/revisions"}],"wp:featuredmedia":[{"embeddable":true,"href":"http:\/\/vientosur.top\/museo\/wp-json\/wp\/v2\/media\/1150"}],"wp:attachment":[{"href":"http:\/\/vientosur.top\/museo\/wp-json\/wp\/v2\/media?parent=1149"}],"wp:term":[{"taxonomy":"category","embeddable":true,"href":"http:\/\/vientosur.top\/museo\/wp-json\/wp\/v2\/categories?post=1149"},{"taxonomy":"post_tag","embeddable":true,"href":"http:\/\/vientosur.top\/museo\/wp-json\/wp\/v2\/tags?post=1149"}],"curies":[{"name":"wp","href":"https:\/\/api.w.org\/{rel}","templated":true}]}}