{"id":1166,"date":"2016-05-25T13:31:43","date_gmt":"2016-05-25T13:31:43","guid":{"rendered":"http:\/\/vientosur.top\/museo\/\/?p=1166"},"modified":"2016-05-25T13:31:43","modified_gmt":"2016-05-25T13:31:43","slug":"museo-violeta-parra-invita-a-celebrar-su-primer-dia-del-patrimonio-con-diversas-actividades-para-el-publico","status":"publish","type":"post","link":"http:\/\/vientosur.top\/museo\/museo-violeta-parra-invita-a-celebrar-su-primer-dia-del-patrimonio-con-diversas-actividades-para-el-publico\/","title":{"rendered":"Museo Violeta Parra invita a celebrar su primer D\u00eda del Patrimonio con diversas actividades para el p\u00fablico"},"content":{"rendered":"<ul>\n<li><strong><em>Durante la jornada, que se realizar\u00e1 a partir de las 10:00 horas, se exhibir\u00e1 el documental \u201cVioleta Parra, Bordadora Chilena\u201d realizado por la televisi\u00f3n Suiza en 1965, adem\u00e1s de m\u00fasica y recorridos para los asistentes.<\/em><\/strong><\/li>\n<\/ul>\n<p><!--more--><\/p>\n<ul>\n<li><strong><em>Manuel Garc\u00eda e Isabel Parra recibir\u00e1n al p\u00fablico y explicar\u00e1n los detalles de la obra de la m\u00faltiple creadora chilena.<\/em><\/strong><\/li>\n<\/ul>\n<p>El pr\u00f3ximo domingo 29 de mayo, el Museo Violeta Parra participar\u00e1 por primera vez desde su apertura del D\u00eda del Patrimonio Cultural de Chile, fecha que se celebra en nuestro pa\u00eds desde el a\u00f1o 2000 y en donde miles de personas se vuelcan a conocer y disfrutar de manera festiva y reflexiva el patrimonio desde diversos \u00e1mbitos.<\/p>\n<p>De esta forma, el Museo Violeta Parra abrir\u00e1 sus puertas para recibir al p\u00fablico y para ello se han programado actividades festivas como tambi\u00e9n visitas y recorridos por la colecci\u00f3n y obra de la multifac\u00e9tica creadora chilena.<\/p>\n<p>Entre las actividades programadas para los visitantes, se contempla la exhibici\u00f3n permanente del documental \u201c<strong>Violeta Parra, Bordadora Chilena<\/strong>\u201d del director Jean \u2013 Claude Diserens, realizado en 1965 para la televisi\u00f3n Suiza. El filme, donde la creadora es entrevistada en extenso por \u00a0Madeleine Brumagne, hoy es considerado un registro hist\u00f3rico invaluable que permite apreciar el trabajo y la genialidad de Violeta Parra como tambi\u00e9n su versatilidad en torno a diferentes t\u00f3picos. El documental ser\u00e1 presentado en la Sala Antar del Museo y tiene una duraci\u00f3n de 30 minutos.<\/p>\n<p><strong>M\u00daSICA Y BAILE<\/strong><\/p>\n<p>Otra de las actividades que se realizar\u00e1n para quienes lleguen a Vicu\u00f1a Mackenna 37, donde se ubica el Museo, a pasos de la estaci\u00f3n de Metro Baquedano, ser\u00e1n las presentaciones del colectivo de m\u00fasica y arte Challacarnavalito a las 12:00 y 16:00 horas y de la comparsa JuanyRosa, quienes animar\u00e1n al p\u00fablico con chinch\u00edn, baile y canto a las 14:00 horas. Las presentaciones se realizar\u00e1n en la explanada del Museo al aire libre y ser\u00e1 un escenario especial para la familia y los m\u00e1s peque\u00f1os.<\/p>\n<p><strong>RECORRIDOS ESPECIALES<\/strong><\/p>\n<p>Como es habitual para esta ocasi\u00f3n, el \u00c1rea de Educaci\u00f3n del Museo ha programado recorridos guiados que tendr\u00e1n una duraci\u00f3n de 30 minutos por grupos en donde se podr\u00e1 apreciar y conocer la obra visual de la artista a trav\u00e9s de las salas Humana y Divina. Como tambi\u00e9n objetos personales y escritos de una de las creadoras chilenas m\u00e1s importante del siglo XX.<\/p>\n<p><strong>ISABEL PARRA Y MANUEL GARC\u00cdA <\/strong><\/p>\n<p>Tanto Isabel Parra como Manuel Garc\u00eda, ambos miembros del Directorio del Museo, se encontrar\u00e1n durante la ma\u00f1ana del domingo 29 para compartir con la gente que visite el espacio y quiera disfrutar de la colecci\u00f3n patrimonial que considera diferentes aspectos de la vida de Violeta Parra, adem\u00e1s de un espacio interactivo como el bosque sonoro en donde se pueden escuchar las canciones de la artista.<\/p>\n<p>Para la presidenta del Directorio de la Fundaci\u00f3n Museo Violeta Parra, Cecilia Garc\u00eda-Huidobro, \u00e9sta ser\u00e1 una gran oportunidad para que el p\u00fablico se conecte con la obra de Violeta Parra.<\/p>\n<p>\u201cPara el Museo Violeta Parra el D\u00eda del Patrimonio es una fecha tremendamente importante porque es una celebraci\u00f3n nacional a la que nos sumamos con entusiasmo y por supuesto con las puertas abiertas al p\u00fablico y las familias que quieran conocer el legado de Violeta Parra y conectarse con su obra que est\u00e1 expuesta en diferentes salas de exposici\u00f3n del Museo. De esta forma los visitantes pueden conectarse con diversos trabajos de Violeta expuesto en \u00f3leos, papel mach\u00e9, sus arpilleras, objetos personales y su m\u00fasica que son parte de su enorme aporte creativo\u201d, sostuvo.<\/p>\n<p>De la misma forma, Manuel Garcia, quien representa al sector cultural en el Directorio del Museo, hizo un llamado a acercarse a trav\u00e9s del Museo a la obra de Violeta Parra ya que pronto todo el pa\u00eds comenzar\u00e1 a celebrar su centenario.<\/p>\n<p>\u201c\u00c9ste es el primer a\u00f1o que el Museo participa en esta actividad y lo hacemos adem\u00e1s haciendo un llamado a la ciudadan\u00eda a que se acerque y se involucre con Violeta Parra que el pr\u00f3ximo a\u00f1o cumple cien a\u00f1os y todo Chile celebrar\u00e1 su centenario. Me parece fundamental invitar a los chilenos a reflexionar sobre nuestra identidad, y a cuidar y disfrutar el patrimonio que es de todos sin exclusi\u00f3n alguna\u201d.<\/p>\n<p><a href=\"http:\/\/vientosur.top\/museo\/\/wp-content\/uploads\/2016\/05\/MVP_Patrimonio_2016_Cartelera.jpg\" rel=\"attachment wp-att-1162\"><img fetchpriority=\"high\" decoding=\"async\" class=\"alignright size-medium wp-image-1162\" src=\"http:\/\/vientosur.top\/museo\/\/wp-content\/uploads\/2016\/05\/MVP_Patrimonio_2016_Cartelera-225x300.jpg\" alt=\"MVP_Patrimonio_2016_Cartelera\" width=\"225\" height=\"300\" \/><\/a><\/p>\n","protected":false},"excerpt":{"rendered":"<p>Durante la jornada, que se realizar\u00e1 a partir de las 10:00 horas, se exhibir\u00e1 el documental \u201cVioleta Parra, Bordadora Chilena\u201d realizado por la televisi\u00f3n Suiza en 1965, adem\u00e1s de m\u00fasica y recorridos para los asistentes.<\/p>\n","protected":false},"author":5,"featured_media":1160,"comment_status":"open","ping_status":"open","sticky":false,"template":"","format":"standard","meta":{"site-sidebar-layout":"default","site-content-layout":"","ast-site-content-layout":"default","site-content-style":"default","site-sidebar-style":"default","ast-global-header-display":"","ast-banner-title-visibility":"","ast-main-header-display":"","ast-hfb-above-header-display":"","ast-hfb-below-header-display":"","ast-hfb-mobile-header-display":"","site-post-title":"","ast-breadcrumbs-content":"","ast-featured-img":"","footer-sml-layout":"","theme-transparent-header-meta":"","adv-header-id-meta":"","stick-header-meta":"","header-above-stick-meta":"","header-main-stick-meta":"","header-below-stick-meta":"","astra-migrate-meta-layouts":"default","ast-page-background-enabled":"default","ast-page-background-meta":{"desktop":{"background-color":"var(--ast-global-color-4)","background-image":"","background-repeat":"repeat","background-position":"center center","background-size":"auto","background-attachment":"scroll","background-type":"","background-media":"","overlay-type":"","overlay-color":"","overlay-opacity":"","overlay-gradient":""},"tablet":{"background-color":"","background-image":"","background-repeat":"repeat","background-position":"center center","background-size":"auto","background-attachment":"scroll","background-type":"","background-media":"","overlay-type":"","overlay-color":"","overlay-opacity":"","overlay-gradient":""},"mobile":{"background-color":"","background-image":"","background-repeat":"repeat","background-position":"center center","background-size":"auto","background-attachment":"scroll","background-type":"","background-media":"","overlay-type":"","overlay-color":"","overlay-opacity":"","overlay-gradient":""}},"ast-content-background-meta":{"desktop":{"background-color":"var(--ast-global-color-5)","background-image":"","background-repeat":"repeat","background-position":"center center","background-size":"auto","background-attachment":"scroll","background-type":"","background-media":"","overlay-type":"","overlay-color":"","overlay-opacity":"","overlay-gradient":""},"tablet":{"background-color":"var(--ast-global-color-5)","background-image":"","background-repeat":"repeat","background-position":"center center","background-size":"auto","background-attachment":"scroll","background-type":"","background-media":"","overlay-type":"","overlay-color":"","overlay-opacity":"","overlay-gradient":""},"mobile":{"background-color":"var(--ast-global-color-5)","background-image":"","background-repeat":"repeat","background-position":"center center","background-size":"auto","background-attachment":"scroll","background-type":"","background-media":"","overlay-type":"","overlay-color":"","overlay-opacity":"","overlay-gradient":""}},"footnotes":""},"categories":[8,61],"tags":[],"class_list":["post-1166","post","type-post","status-publish","format-standard","has-post-thumbnail","hentry","category-noticias","category-novedades"],"yoast_head":"<!-- This site is optimized with the Yoast SEO plugin v25.4 - https:\/\/yoast.com\/wordpress\/plugins\/seo\/ -->\n<title>Museo Violeta Parra invita a celebrar su primer D\u00eda del Patrimonio con diversas actividades para el p\u00fablico - Museo Violeta Parra<\/title>\n<meta name=\"robots\" content=\"index, follow, max-snippet:-1, max-image-preview:large, max-video-preview:-1\" \/>\n<link rel=\"canonical\" href=\"http:\/\/vientosur.top\/museo\/museo-violeta-parra-invita-a-celebrar-su-primer-dia-del-patrimonio-con-diversas-actividades-para-el-publico\/\" \/>\n<meta property=\"og:locale\" content=\"es_ES\" \/>\n<meta property=\"og:type\" content=\"article\" \/>\n<meta property=\"og:title\" content=\"Museo Violeta Parra invita a celebrar su primer D\u00eda del Patrimonio con diversas actividades para el p\u00fablico - Museo Violeta Parra\" \/>\n<meta property=\"og:description\" content=\"Durante la jornada, que se realizar\u00e1 a partir de las 10:00 horas, se exhibir\u00e1 el documental \u201cVioleta Parra, Bordadora Chilena\u201d realizado por la televisi\u00f3n Suiza en 1965, adem\u00e1s de m\u00fasica y recorridos para los asistentes.\" \/>\n<meta property=\"og:url\" content=\"http:\/\/vientosur.top\/museo\/museo-violeta-parra-invita-a-celebrar-su-primer-dia-del-patrimonio-con-diversas-actividades-para-el-publico\/\" \/>\n<meta property=\"og:site_name\" content=\"Museo Violeta Parra\" \/>\n<meta property=\"article:published_time\" content=\"2016-05-25T13:31:43+00:00\" \/>\n<meta property=\"og:image\" content=\"http:\/\/vientosur.top\/museo\/wp-content\/uploads\/2016\/05\/PARA-IG-CARTELERA-PATRIMONIO.png\" \/>\n\t<meta property=\"og:image:width\" content=\"947\" \/>\n\t<meta property=\"og:image:height\" content=\"631\" \/>\n\t<meta property=\"og:image:type\" content=\"image\/png\" \/>\n<meta name=\"author\" content=\"admin\" \/>\n<meta name=\"twitter:card\" content=\"summary_large_image\" \/>\n<meta name=\"twitter:label1\" content=\"Escrito por\" \/>\n\t<meta name=\"twitter:data1\" content=\"admin\" \/>\n\t<meta name=\"twitter:label2\" content=\"Tiempo de lectura\" \/>\n\t<meta name=\"twitter:data2\" content=\"4 minutos\" \/>\n<script type=\"application\/ld+json\" class=\"yoast-schema-graph\">{\"@context\":\"https:\/\/schema.org\",\"@graph\":[{\"@type\":\"WebPage\",\"@id\":\"http:\/\/vientosur.top\/museo\/museo-violeta-parra-invita-a-celebrar-su-primer-dia-del-patrimonio-con-diversas-actividades-para-el-publico\/\",\"url\":\"http:\/\/vientosur.top\/museo\/museo-violeta-parra-invita-a-celebrar-su-primer-dia-del-patrimonio-con-diversas-actividades-para-el-publico\/\",\"name\":\"Museo Violeta Parra invita a celebrar su primer D\u00eda del Patrimonio con diversas actividades para el p\u00fablico - Museo Violeta Parra\",\"isPartOf\":{\"@id\":\"http:\/\/vientosur.top\/museo\/#website\"},\"primaryImageOfPage\":{\"@id\":\"http:\/\/vientosur.top\/museo\/museo-violeta-parra-invita-a-celebrar-su-primer-dia-del-patrimonio-con-diversas-actividades-para-el-publico\/#primaryimage\"},\"image\":{\"@id\":\"http:\/\/vientosur.top\/museo\/museo-violeta-parra-invita-a-celebrar-su-primer-dia-del-patrimonio-con-diversas-actividades-para-el-publico\/#primaryimage\"},\"thumbnailUrl\":\"http:\/\/vientosur.top\/museo\/wp-content\/uploads\/2016\/05\/PARA-IG-CARTELERA-PATRIMONIO.png\",\"datePublished\":\"2016-05-25T13:31:43+00:00\",\"author\":{\"@id\":\"http:\/\/vientosur.top\/museo\/#\/schema\/person\/20c79d3c38800971feec8c2693c3dd9c\"},\"breadcrumb\":{\"@id\":\"http:\/\/vientosur.top\/museo\/museo-violeta-parra-invita-a-celebrar-su-primer-dia-del-patrimonio-con-diversas-actividades-para-el-publico\/#breadcrumb\"},\"inLanguage\":\"es\",\"potentialAction\":[{\"@type\":\"ReadAction\",\"target\":[\"http:\/\/vientosur.top\/museo\/museo-violeta-parra-invita-a-celebrar-su-primer-dia-del-patrimonio-con-diversas-actividades-para-el-publico\/\"]}]},{\"@type\":\"ImageObject\",\"inLanguage\":\"es\",\"@id\":\"http:\/\/vientosur.top\/museo\/museo-violeta-parra-invita-a-celebrar-su-primer-dia-del-patrimonio-con-diversas-actividades-para-el-publico\/#primaryimage\",\"url\":\"http:\/\/vientosur.top\/museo\/wp-content\/uploads\/2016\/05\/PARA-IG-CARTELERA-PATRIMONIO.png\",\"contentUrl\":\"http:\/\/vientosur.top\/museo\/wp-content\/uploads\/2016\/05\/PARA-IG-CARTELERA-PATRIMONIO.png\",\"width\":947,\"height\":631},{\"@type\":\"BreadcrumbList\",\"@id\":\"http:\/\/vientosur.top\/museo\/museo-violeta-parra-invita-a-celebrar-su-primer-dia-del-patrimonio-con-diversas-actividades-para-el-publico\/#breadcrumb\",\"itemListElement\":[{\"@type\":\"ListItem\",\"position\":1,\"name\":\"Portada\",\"item\":\"http:\/\/vientosur.top\/museo\/\"},{\"@type\":\"ListItem\",\"position\":2,\"name\":\"Museo Violeta Parra invita a celebrar su primer D\u00eda del Patrimonio con diversas actividades para el p\u00fablico\"}]},{\"@type\":\"WebSite\",\"@id\":\"http:\/\/vientosur.top\/museo\/#website\",\"url\":\"http:\/\/vientosur.top\/museo\/\",\"name\":\"Museo Violeta Parra\",\"description\":\"Espacio que alberga tanto la memoria y legado creativo de la artista\",\"potentialAction\":[{\"@type\":\"SearchAction\",\"target\":{\"@type\":\"EntryPoint\",\"urlTemplate\":\"http:\/\/vientosur.top\/museo\/?s={search_term_string}\"},\"query-input\":{\"@type\":\"PropertyValueSpecification\",\"valueRequired\":true,\"valueName\":\"search_term_string\"}}],\"inLanguage\":\"es\"},{\"@type\":\"Person\",\"@id\":\"http:\/\/vientosur.top\/museo\/#\/schema\/person\/20c79d3c38800971feec8c2693c3dd9c\",\"name\":\"admin\",\"image\":{\"@type\":\"ImageObject\",\"inLanguage\":\"es\",\"@id\":\"http:\/\/vientosur.top\/museo\/#\/schema\/person\/image\/\",\"url\":\"https:\/\/secure.gravatar.com\/avatar\/713677ece3ffa642287213a80e5b773bce9ab81c269dd6d95102a990951c922f?s=96&d=mm&r=g\",\"contentUrl\":\"https:\/\/secure.gravatar.com\/avatar\/713677ece3ffa642287213a80e5b773bce9ab81c269dd6d95102a990951c922f?s=96&d=mm&r=g\",\"caption\":\"admin\"},\"sameAs\":[\"http:\/\/vientosur.top\/museo\"],\"url\":\"http:\/\/vientosur.top\/museo\/author\/comunicacionesmvp\/\"}]}<\/script>\n<!-- \/ Yoast SEO plugin. -->","yoast_head_json":{"title":"Museo Violeta Parra invita a celebrar su primer D\u00eda del Patrimonio con diversas actividades para el p\u00fablico - Museo Violeta Parra","robots":{"index":"index","follow":"follow","max-snippet":"max-snippet:-1","max-image-preview":"max-image-preview:large","max-video-preview":"max-video-preview:-1"},"canonical":"http:\/\/vientosur.top\/museo\/museo-violeta-parra-invita-a-celebrar-su-primer-dia-del-patrimonio-con-diversas-actividades-para-el-publico\/","og_locale":"es_ES","og_type":"article","og_title":"Museo Violeta Parra invita a celebrar su primer D\u00eda del Patrimonio con diversas actividades para el p\u00fablico - Museo Violeta Parra","og_description":"Durante la jornada, que se realizar\u00e1 a partir de las 10:00 horas, se exhibir\u00e1 el documental \u201cVioleta Parra, Bordadora Chilena\u201d realizado por la televisi\u00f3n Suiza en 1965, adem\u00e1s de m\u00fasica y recorridos para los asistentes.","og_url":"http:\/\/vientosur.top\/museo\/museo-violeta-parra-invita-a-celebrar-su-primer-dia-del-patrimonio-con-diversas-actividades-para-el-publico\/","og_site_name":"Museo Violeta Parra","article_published_time":"2016-05-25T13:31:43+00:00","og_image":[{"width":947,"height":631,"url":"http:\/\/vientosur.top\/museo\/wp-content\/uploads\/2016\/05\/PARA-IG-CARTELERA-PATRIMONIO.png","type":"image\/png"}],"author":"admin","twitter_card":"summary_large_image","twitter_misc":{"Escrito por":"admin","Tiempo de lectura":"4 minutos"},"schema":{"@context":"https:\/\/schema.org","@graph":[{"@type":"WebPage","@id":"http:\/\/vientosur.top\/museo\/museo-violeta-parra-invita-a-celebrar-su-primer-dia-del-patrimonio-con-diversas-actividades-para-el-publico\/","url":"http:\/\/vientosur.top\/museo\/museo-violeta-parra-invita-a-celebrar-su-primer-dia-del-patrimonio-con-diversas-actividades-para-el-publico\/","name":"Museo Violeta Parra invita a celebrar su primer D\u00eda del Patrimonio con diversas actividades para el p\u00fablico - Museo Violeta Parra","isPartOf":{"@id":"http:\/\/vientosur.top\/museo\/#website"},"primaryImageOfPage":{"@id":"http:\/\/vientosur.top\/museo\/museo-violeta-parra-invita-a-celebrar-su-primer-dia-del-patrimonio-con-diversas-actividades-para-el-publico\/#primaryimage"},"image":{"@id":"http:\/\/vientosur.top\/museo\/museo-violeta-parra-invita-a-celebrar-su-primer-dia-del-patrimonio-con-diversas-actividades-para-el-publico\/#primaryimage"},"thumbnailUrl":"http:\/\/vientosur.top\/museo\/wp-content\/uploads\/2016\/05\/PARA-IG-CARTELERA-PATRIMONIO.png","datePublished":"2016-05-25T13:31:43+00:00","author":{"@id":"http:\/\/vientosur.top\/museo\/#\/schema\/person\/20c79d3c38800971feec8c2693c3dd9c"},"breadcrumb":{"@id":"http:\/\/vientosur.top\/museo\/museo-violeta-parra-invita-a-celebrar-su-primer-dia-del-patrimonio-con-diversas-actividades-para-el-publico\/#breadcrumb"},"inLanguage":"es","potentialAction":[{"@type":"ReadAction","target":["http:\/\/vientosur.top\/museo\/museo-violeta-parra-invita-a-celebrar-su-primer-dia-del-patrimonio-con-diversas-actividades-para-el-publico\/"]}]},{"@type":"ImageObject","inLanguage":"es","@id":"http:\/\/vientosur.top\/museo\/museo-violeta-parra-invita-a-celebrar-su-primer-dia-del-patrimonio-con-diversas-actividades-para-el-publico\/#primaryimage","url":"http:\/\/vientosur.top\/museo\/wp-content\/uploads\/2016\/05\/PARA-IG-CARTELERA-PATRIMONIO.png","contentUrl":"http:\/\/vientosur.top\/museo\/wp-content\/uploads\/2016\/05\/PARA-IG-CARTELERA-PATRIMONIO.png","width":947,"height":631},{"@type":"BreadcrumbList","@id":"http:\/\/vientosur.top\/museo\/museo-violeta-parra-invita-a-celebrar-su-primer-dia-del-patrimonio-con-diversas-actividades-para-el-publico\/#breadcrumb","itemListElement":[{"@type":"ListItem","position":1,"name":"Portada","item":"http:\/\/vientosur.top\/museo\/"},{"@type":"ListItem","position":2,"name":"Museo Violeta Parra invita a celebrar su primer D\u00eda del Patrimonio con diversas actividades para el p\u00fablico"}]},{"@type":"WebSite","@id":"http:\/\/vientosur.top\/museo\/#website","url":"http:\/\/vientosur.top\/museo\/","name":"Museo Violeta Parra","description":"Espacio que alberga tanto la memoria y legado creativo de la artista","potentialAction":[{"@type":"SearchAction","target":{"@type":"EntryPoint","urlTemplate":"http:\/\/vientosur.top\/museo\/?s={search_term_string}"},"query-input":{"@type":"PropertyValueSpecification","valueRequired":true,"valueName":"search_term_string"}}],"inLanguage":"es"},{"@type":"Person","@id":"http:\/\/vientosur.top\/museo\/#\/schema\/person\/20c79d3c38800971feec8c2693c3dd9c","name":"admin","image":{"@type":"ImageObject","inLanguage":"es","@id":"http:\/\/vientosur.top\/museo\/#\/schema\/person\/image\/","url":"https:\/\/secure.gravatar.com\/avatar\/713677ece3ffa642287213a80e5b773bce9ab81c269dd6d95102a990951c922f?s=96&d=mm&r=g","contentUrl":"https:\/\/secure.gravatar.com\/avatar\/713677ece3ffa642287213a80e5b773bce9ab81c269dd6d95102a990951c922f?s=96&d=mm&r=g","caption":"admin"},"sameAs":["http:\/\/vientosur.top\/museo"],"url":"http:\/\/vientosur.top\/museo\/author\/comunicacionesmvp\/"}]}},"_links":{"self":[{"href":"http:\/\/vientosur.top\/museo\/wp-json\/wp\/v2\/posts\/1166","targetHints":{"allow":["GET"]}}],"collection":[{"href":"http:\/\/vientosur.top\/museo\/wp-json\/wp\/v2\/posts"}],"about":[{"href":"http:\/\/vientosur.top\/museo\/wp-json\/wp\/v2\/types\/post"}],"author":[{"embeddable":true,"href":"http:\/\/vientosur.top\/museo\/wp-json\/wp\/v2\/users\/5"}],"replies":[{"embeddable":true,"href":"http:\/\/vientosur.top\/museo\/wp-json\/wp\/v2\/comments?post=1166"}],"version-history":[{"count":0,"href":"http:\/\/vientosur.top\/museo\/wp-json\/wp\/v2\/posts\/1166\/revisions"}],"wp:featuredmedia":[{"embeddable":true,"href":"http:\/\/vientosur.top\/museo\/wp-json\/wp\/v2\/media\/1160"}],"wp:attachment":[{"href":"http:\/\/vientosur.top\/museo\/wp-json\/wp\/v2\/media?parent=1166"}],"wp:term":[{"taxonomy":"category","embeddable":true,"href":"http:\/\/vientosur.top\/museo\/wp-json\/wp\/v2\/categories?post=1166"},{"taxonomy":"post_tag","embeddable":true,"href":"http:\/\/vientosur.top\/museo\/wp-json\/wp\/v2\/tags?post=1166"}],"curies":[{"name":"wp","href":"https:\/\/api.w.org\/{rel}","templated":true}]}}