{"id":1185,"date":"2016-05-30T22:31:24","date_gmt":"2016-05-30T22:31:24","guid":{"rendered":"http:\/\/vientosur.top\/museo\/\/?p=1185"},"modified":"2016-05-30T22:31:24","modified_gmt":"2016-05-30T22:31:24","slug":"museo-violeta-parra-registra-gran-afluencia-de-publico-en-su-primer-dia-del-patrimonio","status":"publish","type":"post","link":"http:\/\/vientosur.top\/museo\/museo-violeta-parra-registra-gran-afluencia-de-publico-en-su-primer-dia-del-patrimonio\/","title":{"rendered":"Museo Violeta Parra registra gran afluencia de p\u00fablico en su primer d\u00eda del Patrimonio"},"content":{"rendered":"<ul>\n<li><strong>M\u00e1s de 1700 personas visitaron el espacio y disfrutaron de diversas actividades art\u00edsticas entre las que destac\u00f3 la participaci\u00f3n de Manuel Garc\u00eda. Ha sido la concurrencia m\u00e1s alta desde que el espacio fue inaugurado.<\/strong><\/li>\n<\/ul>\n<p>A pesar de la lluvia y el fr\u00edo una masiva concurrencia de gente registr\u00f3 el primer D\u00eda del Patrimonio para el Museo Violeta Parra. M\u00e1s de 1700\u00a0\u00a0personas se acercaron al espacio para conocer la obra de la destacada folclorista y cultora popular chilena, quienes tambi\u00e9n aprovecharon la oportunidad de disfrutar de las presentaciones art\u00edsticas de Challacarnavalito y la comparsa JuanyRosa que actuaron en la sala Antar del espacio expositivo.<\/p>\n<p>Durante la jornada la subdirectora Nacional del Consejo de la Cultura, Ana Tironi, realiz\u00f3 un recorrido por las distintas salas de exposici\u00f3n en acompa\u00f1ada de la Jefa de Colecciones y Patrimonio del Museo Milena Rojas, para luego junto a Isabel Parra saludar a los asistentes que repletaron el auditorio para presenciar el l\u00fadico y alegre espect\u00e1culo preparado por Challacarnavalito.<\/p>\n<p>\u201cPara el Consejo de la Cultura y para mi es de gran importancia participar en el primer D\u00eda del Patrimonio en el Museo Violeta Parra y en espacial saludar y acompa\u00f1ar a Isabel Parra en esta ocasi\u00f3n. El Museo es un espacio patrimonial de gran importancia para todos los chilenos, y ojal\u00e1 puedan disfrutar la jornada y conocer y sabes m\u00e1s de \u00a0la obra de nuestra Violeta Parra\u201d, dijo Tironi.<\/p>\n<p><strong>Manuel Garcia saluda y canta<\/strong><\/p>\n<p>De la misma forma a eso de las 14 horas el destacado cantautor y miembro del Directorio del Museo Manuel Garc\u00eda, arrib\u00f3 directo desde Antofagasta en donde cerraba las presentaciones nacionales de los 10 a\u00f1os de su disco P\u00e1nico para saludar a la gente que se agolp\u00f3 para pedir aut\u00f3grafos y sacar fotograf\u00edas con el artista que m\u00e1s tarde ofreci\u00f3 un par de canciones como telonero de la comparsa Juan y Rosa que realiz\u00f3 un fino espect\u00e1culo para la gente.<\/p>\n<p>Para el compositor la presencia masiva de la gente fue una muestra del inter\u00e9s que tienen los chilenos por participar, dialogar y conocer m\u00e1s de su historia y su memoria cultural. \u201cLa gran cantidad de gente que ha venido al muso es el reflejo no solo del inter\u00e9s y la admiraci\u00f3n por Violeta Parra, tambi\u00e9n habla del inter\u00e9s y preocupaci\u00f3n de las personas por conocer su historia y su identidad\u201d agreg\u00f3 Garc\u00eda.<\/p>\n<p>De la misma forma el orden en los recorridos y el ingreso de la gente en forma pausada, fue la t\u00f3nica que se dio durante todo el d\u00eda, trabajo que organiz\u00f3 el \u00e1rea de Educaci\u00f3n del Museo adem\u00e1s del trabajo de voluntarios que por primera vez tambi\u00e9n participaban en la iniciativa.<\/p>\n","protected":false},"excerpt":{"rendered":"<p>M\u00e1s de 1700 personas visitaron el espacio y disfrutaron de diversas actividades art\u00edsticas entre las que destac\u00f3 la participaci\u00f3n de Manuel Garc\u00eda. Ha sido la concurrencia m\u00e1s alta desde que el espacio fue inaugurado. A pesar de la lluvia y el fr\u00edo una masiva concurrencia de gente registr\u00f3 el primer D\u00eda del Patrimonio para el [&hellip;]<\/p>\n","protected":false},"author":5,"featured_media":1193,"comment_status":"open","ping_status":"open","sticky":false,"template":"","format":"standard","meta":{"site-sidebar-layout":"default","site-content-layout":"","ast-site-content-layout":"default","site-content-style":"default","site-sidebar-style":"default","ast-global-header-display":"","ast-banner-title-visibility":"","ast-main-header-display":"","ast-hfb-above-header-display":"","ast-hfb-below-header-display":"","ast-hfb-mobile-header-display":"","site-post-title":"","ast-breadcrumbs-content":"","ast-featured-img":"","footer-sml-layout":"","theme-transparent-header-meta":"","adv-header-id-meta":"","stick-header-meta":"","header-above-stick-meta":"","header-main-stick-meta":"","header-below-stick-meta":"","astra-migrate-meta-layouts":"default","ast-page-background-enabled":"default","ast-page-background-meta":{"desktop":{"background-color":"var(--ast-global-color-4)","background-image":"","background-repeat":"repeat","background-position":"center center","background-size":"auto","background-attachment":"scroll","background-type":"","background-media":"","overlay-type":"","overlay-color":"","overlay-opacity":"","overlay-gradient":""},"tablet":{"background-color":"","background-image":"","background-repeat":"repeat","background-position":"center center","background-size":"auto","background-attachment":"scroll","background-type":"","background-media":"","overlay-type":"","overlay-color":"","overlay-opacity":"","overlay-gradient":""},"mobile":{"background-color":"","background-image":"","background-repeat":"repeat","background-position":"center center","background-size":"auto","background-attachment":"scroll","background-type":"","background-media":"","overlay-type":"","overlay-color":"","overlay-opacity":"","overlay-gradient":""}},"ast-content-background-meta":{"desktop":{"background-color":"var(--ast-global-color-5)","background-image":"","background-repeat":"repeat","background-position":"center center","background-size":"auto","background-attachment":"scroll","background-type":"","background-media":"","overlay-type":"","overlay-color":"","overlay-opacity":"","overlay-gradient":""},"tablet":{"background-color":"var(--ast-global-color-5)","background-image":"","background-repeat":"repeat","background-position":"center center","background-size":"auto","background-attachment":"scroll","background-type":"","background-media":"","overlay-type":"","overlay-color":"","overlay-opacity":"","overlay-gradient":""},"mobile":{"background-color":"var(--ast-global-color-5)","background-image":"","background-repeat":"repeat","background-position":"center center","background-size":"auto","background-attachment":"scroll","background-type":"","background-media":"","overlay-type":"","overlay-color":"","overlay-opacity":"","overlay-gradient":""}},"footnotes":""},"categories":[59,8,61],"tags":[],"class_list":["post-1185","post","type-post","status-publish","format-standard","has-post-thumbnail","hentry","category-destacado-noticia","category-noticias","category-novedades"],"yoast_head":"<!-- This site is optimized with the Yoast SEO plugin v25.4 - https:\/\/yoast.com\/wordpress\/plugins\/seo\/ -->\n<title>Museo Violeta Parra registra gran afluencia de p\u00fablico en su primer d\u00eda del Patrimonio - Museo Violeta Parra<\/title>\n<meta name=\"robots\" content=\"index, follow, max-snippet:-1, max-image-preview:large, max-video-preview:-1\" \/>\n<link rel=\"canonical\" href=\"http:\/\/vientosur.top\/museo\/museo-violeta-parra-registra-gran-afluencia-de-publico-en-su-primer-dia-del-patrimonio\/\" \/>\n<meta property=\"og:locale\" content=\"es_ES\" \/>\n<meta property=\"og:type\" content=\"article\" \/>\n<meta property=\"og:title\" content=\"Museo Violeta Parra registra gran afluencia de p\u00fablico en su primer d\u00eda del Patrimonio - Museo Violeta Parra\" \/>\n<meta property=\"og:description\" content=\"M\u00e1s de 1700 personas visitaron el espacio y disfrutaron de diversas actividades art\u00edsticas entre las que destac\u00f3 la participaci\u00f3n de Manuel Garc\u00eda. Ha sido la concurrencia m\u00e1s alta desde que el espacio fue inaugurado. A pesar de la lluvia y el fr\u00edo una masiva concurrencia de gente registr\u00f3 el primer D\u00eda del Patrimonio para el [&hellip;]\" \/>\n<meta property=\"og:url\" content=\"http:\/\/vientosur.top\/museo\/museo-violeta-parra-registra-gran-afluencia-de-publico-en-su-primer-dia-del-patrimonio\/\" \/>\n<meta property=\"og:site_name\" content=\"Museo Violeta Parra\" \/>\n<meta property=\"article:published_time\" content=\"2016-05-30T22:31:24+00:00\" \/>\n<meta property=\"og:image\" content=\"http:\/\/vientosur.top\/museo\/wp-content\/uploads\/2016\/05\/LSE_8824.jpg\" \/>\n\t<meta property=\"og:image:width\" content=\"1229\" \/>\n\t<meta property=\"og:image:height\" content=\"819\" \/>\n\t<meta property=\"og:image:type\" content=\"image\/jpeg\" \/>\n<meta name=\"author\" content=\"admin\" \/>\n<meta name=\"twitter:card\" content=\"summary_large_image\" \/>\n<meta name=\"twitter:label1\" content=\"Escrito por\" \/>\n\t<meta name=\"twitter:data1\" content=\"admin\" \/>\n\t<meta name=\"twitter:label2\" content=\"Tiempo de lectura\" \/>\n\t<meta name=\"twitter:data2\" content=\"2 minutos\" \/>\n<script type=\"application\/ld+json\" class=\"yoast-schema-graph\">{\"@context\":\"https:\/\/schema.org\",\"@graph\":[{\"@type\":\"WebPage\",\"@id\":\"http:\/\/vientosur.top\/museo\/museo-violeta-parra-registra-gran-afluencia-de-publico-en-su-primer-dia-del-patrimonio\/\",\"url\":\"http:\/\/vientosur.top\/museo\/museo-violeta-parra-registra-gran-afluencia-de-publico-en-su-primer-dia-del-patrimonio\/\",\"name\":\"Museo Violeta Parra registra gran afluencia de p\u00fablico en su primer d\u00eda del Patrimonio - Museo Violeta Parra\",\"isPartOf\":{\"@id\":\"http:\/\/vientosur.top\/museo\/#website\"},\"primaryImageOfPage\":{\"@id\":\"http:\/\/vientosur.top\/museo\/museo-violeta-parra-registra-gran-afluencia-de-publico-en-su-primer-dia-del-patrimonio\/#primaryimage\"},\"image\":{\"@id\":\"http:\/\/vientosur.top\/museo\/museo-violeta-parra-registra-gran-afluencia-de-publico-en-su-primer-dia-del-patrimonio\/#primaryimage\"},\"thumbnailUrl\":\"http:\/\/vientosur.top\/museo\/wp-content\/uploads\/2016\/05\/LSE_8824.jpg\",\"datePublished\":\"2016-05-30T22:31:24+00:00\",\"author\":{\"@id\":\"http:\/\/vientosur.top\/museo\/#\/schema\/person\/20c79d3c38800971feec8c2693c3dd9c\"},\"breadcrumb\":{\"@id\":\"http:\/\/vientosur.top\/museo\/museo-violeta-parra-registra-gran-afluencia-de-publico-en-su-primer-dia-del-patrimonio\/#breadcrumb\"},\"inLanguage\":\"es\",\"potentialAction\":[{\"@type\":\"ReadAction\",\"target\":[\"http:\/\/vientosur.top\/museo\/museo-violeta-parra-registra-gran-afluencia-de-publico-en-su-primer-dia-del-patrimonio\/\"]}]},{\"@type\":\"ImageObject\",\"inLanguage\":\"es\",\"@id\":\"http:\/\/vientosur.top\/museo\/museo-violeta-parra-registra-gran-afluencia-de-publico-en-su-primer-dia-del-patrimonio\/#primaryimage\",\"url\":\"http:\/\/vientosur.top\/museo\/wp-content\/uploads\/2016\/05\/LSE_8824.jpg\",\"contentUrl\":\"http:\/\/vientosur.top\/museo\/wp-content\/uploads\/2016\/05\/LSE_8824.jpg\",\"width\":1229,\"height\":819},{\"@type\":\"BreadcrumbList\",\"@id\":\"http:\/\/vientosur.top\/museo\/museo-violeta-parra-registra-gran-afluencia-de-publico-en-su-primer-dia-del-patrimonio\/#breadcrumb\",\"itemListElement\":[{\"@type\":\"ListItem\",\"position\":1,\"name\":\"Portada\",\"item\":\"http:\/\/vientosur.top\/museo\/\"},{\"@type\":\"ListItem\",\"position\":2,\"name\":\"Museo Violeta Parra registra gran afluencia de p\u00fablico en su primer d\u00eda del Patrimonio\"}]},{\"@type\":\"WebSite\",\"@id\":\"http:\/\/vientosur.top\/museo\/#website\",\"url\":\"http:\/\/vientosur.top\/museo\/\",\"name\":\"Museo Violeta Parra\",\"description\":\"Espacio que alberga tanto la memoria y legado creativo de la artista\",\"potentialAction\":[{\"@type\":\"SearchAction\",\"target\":{\"@type\":\"EntryPoint\",\"urlTemplate\":\"http:\/\/vientosur.top\/museo\/?s={search_term_string}\"},\"query-input\":{\"@type\":\"PropertyValueSpecification\",\"valueRequired\":true,\"valueName\":\"search_term_string\"}}],\"inLanguage\":\"es\"},{\"@type\":\"Person\",\"@id\":\"http:\/\/vientosur.top\/museo\/#\/schema\/person\/20c79d3c38800971feec8c2693c3dd9c\",\"name\":\"admin\",\"image\":{\"@type\":\"ImageObject\",\"inLanguage\":\"es\",\"@id\":\"http:\/\/vientosur.top\/museo\/#\/schema\/person\/image\/\",\"url\":\"https:\/\/secure.gravatar.com\/avatar\/713677ece3ffa642287213a80e5b773bce9ab81c269dd6d95102a990951c922f?s=96&d=mm&r=g\",\"contentUrl\":\"https:\/\/secure.gravatar.com\/avatar\/713677ece3ffa642287213a80e5b773bce9ab81c269dd6d95102a990951c922f?s=96&d=mm&r=g\",\"caption\":\"admin\"},\"sameAs\":[\"http:\/\/vientosur.top\/museo\"],\"url\":\"http:\/\/vientosur.top\/museo\/author\/comunicacionesmvp\/\"}]}<\/script>\n<!-- \/ Yoast SEO plugin. -->","yoast_head_json":{"title":"Museo Violeta Parra registra gran afluencia de p\u00fablico en su primer d\u00eda del Patrimonio - Museo Violeta Parra","robots":{"index":"index","follow":"follow","max-snippet":"max-snippet:-1","max-image-preview":"max-image-preview:large","max-video-preview":"max-video-preview:-1"},"canonical":"http:\/\/vientosur.top\/museo\/museo-violeta-parra-registra-gran-afluencia-de-publico-en-su-primer-dia-del-patrimonio\/","og_locale":"es_ES","og_type":"article","og_title":"Museo Violeta Parra registra gran afluencia de p\u00fablico en su primer d\u00eda del Patrimonio - Museo Violeta Parra","og_description":"M\u00e1s de 1700 personas visitaron el espacio y disfrutaron de diversas actividades art\u00edsticas entre las que destac\u00f3 la participaci\u00f3n de Manuel Garc\u00eda. Ha sido la concurrencia m\u00e1s alta desde que el espacio fue inaugurado. A pesar de la lluvia y el fr\u00edo una masiva concurrencia de gente registr\u00f3 el primer D\u00eda del Patrimonio para el [&hellip;]","og_url":"http:\/\/vientosur.top\/museo\/museo-violeta-parra-registra-gran-afluencia-de-publico-en-su-primer-dia-del-patrimonio\/","og_site_name":"Museo Violeta Parra","article_published_time":"2016-05-30T22:31:24+00:00","og_image":[{"width":1229,"height":819,"url":"http:\/\/vientosur.top\/museo\/wp-content\/uploads\/2016\/05\/LSE_8824.jpg","type":"image\/jpeg"}],"author":"admin","twitter_card":"summary_large_image","twitter_misc":{"Escrito por":"admin","Tiempo de lectura":"2 minutos"},"schema":{"@context":"https:\/\/schema.org","@graph":[{"@type":"WebPage","@id":"http:\/\/vientosur.top\/museo\/museo-violeta-parra-registra-gran-afluencia-de-publico-en-su-primer-dia-del-patrimonio\/","url":"http:\/\/vientosur.top\/museo\/museo-violeta-parra-registra-gran-afluencia-de-publico-en-su-primer-dia-del-patrimonio\/","name":"Museo Violeta Parra registra gran afluencia de p\u00fablico en su primer d\u00eda del Patrimonio - Museo Violeta Parra","isPartOf":{"@id":"http:\/\/vientosur.top\/museo\/#website"},"primaryImageOfPage":{"@id":"http:\/\/vientosur.top\/museo\/museo-violeta-parra-registra-gran-afluencia-de-publico-en-su-primer-dia-del-patrimonio\/#primaryimage"},"image":{"@id":"http:\/\/vientosur.top\/museo\/museo-violeta-parra-registra-gran-afluencia-de-publico-en-su-primer-dia-del-patrimonio\/#primaryimage"},"thumbnailUrl":"http:\/\/vientosur.top\/museo\/wp-content\/uploads\/2016\/05\/LSE_8824.jpg","datePublished":"2016-05-30T22:31:24+00:00","author":{"@id":"http:\/\/vientosur.top\/museo\/#\/schema\/person\/20c79d3c38800971feec8c2693c3dd9c"},"breadcrumb":{"@id":"http:\/\/vientosur.top\/museo\/museo-violeta-parra-registra-gran-afluencia-de-publico-en-su-primer-dia-del-patrimonio\/#breadcrumb"},"inLanguage":"es","potentialAction":[{"@type":"ReadAction","target":["http:\/\/vientosur.top\/museo\/museo-violeta-parra-registra-gran-afluencia-de-publico-en-su-primer-dia-del-patrimonio\/"]}]},{"@type":"ImageObject","inLanguage":"es","@id":"http:\/\/vientosur.top\/museo\/museo-violeta-parra-registra-gran-afluencia-de-publico-en-su-primer-dia-del-patrimonio\/#primaryimage","url":"http:\/\/vientosur.top\/museo\/wp-content\/uploads\/2016\/05\/LSE_8824.jpg","contentUrl":"http:\/\/vientosur.top\/museo\/wp-content\/uploads\/2016\/05\/LSE_8824.jpg","width":1229,"height":819},{"@type":"BreadcrumbList","@id":"http:\/\/vientosur.top\/museo\/museo-violeta-parra-registra-gran-afluencia-de-publico-en-su-primer-dia-del-patrimonio\/#breadcrumb","itemListElement":[{"@type":"ListItem","position":1,"name":"Portada","item":"http:\/\/vientosur.top\/museo\/"},{"@type":"ListItem","position":2,"name":"Museo Violeta Parra registra gran afluencia de p\u00fablico en su primer d\u00eda del Patrimonio"}]},{"@type":"WebSite","@id":"http:\/\/vientosur.top\/museo\/#website","url":"http:\/\/vientosur.top\/museo\/","name":"Museo Violeta Parra","description":"Espacio que alberga tanto la memoria y legado creativo de la artista","potentialAction":[{"@type":"SearchAction","target":{"@type":"EntryPoint","urlTemplate":"http:\/\/vientosur.top\/museo\/?s={search_term_string}"},"query-input":{"@type":"PropertyValueSpecification","valueRequired":true,"valueName":"search_term_string"}}],"inLanguage":"es"},{"@type":"Person","@id":"http:\/\/vientosur.top\/museo\/#\/schema\/person\/20c79d3c38800971feec8c2693c3dd9c","name":"admin","image":{"@type":"ImageObject","inLanguage":"es","@id":"http:\/\/vientosur.top\/museo\/#\/schema\/person\/image\/","url":"https:\/\/secure.gravatar.com\/avatar\/713677ece3ffa642287213a80e5b773bce9ab81c269dd6d95102a990951c922f?s=96&d=mm&r=g","contentUrl":"https:\/\/secure.gravatar.com\/avatar\/713677ece3ffa642287213a80e5b773bce9ab81c269dd6d95102a990951c922f?s=96&d=mm&r=g","caption":"admin"},"sameAs":["http:\/\/vientosur.top\/museo"],"url":"http:\/\/vientosur.top\/museo\/author\/comunicacionesmvp\/"}]}},"_links":{"self":[{"href":"http:\/\/vientosur.top\/museo\/wp-json\/wp\/v2\/posts\/1185","targetHints":{"allow":["GET"]}}],"collection":[{"href":"http:\/\/vientosur.top\/museo\/wp-json\/wp\/v2\/posts"}],"about":[{"href":"http:\/\/vientosur.top\/museo\/wp-json\/wp\/v2\/types\/post"}],"author":[{"embeddable":true,"href":"http:\/\/vientosur.top\/museo\/wp-json\/wp\/v2\/users\/5"}],"replies":[{"embeddable":true,"href":"http:\/\/vientosur.top\/museo\/wp-json\/wp\/v2\/comments?post=1185"}],"version-history":[{"count":0,"href":"http:\/\/vientosur.top\/museo\/wp-json\/wp\/v2\/posts\/1185\/revisions"}],"wp:featuredmedia":[{"embeddable":true,"href":"http:\/\/vientosur.top\/museo\/wp-json\/wp\/v2\/media\/1193"}],"wp:attachment":[{"href":"http:\/\/vientosur.top\/museo\/wp-json\/wp\/v2\/media?parent=1185"}],"wp:term":[{"taxonomy":"category","embeddable":true,"href":"http:\/\/vientosur.top\/museo\/wp-json\/wp\/v2\/categories?post=1185"},{"taxonomy":"post_tag","embeddable":true,"href":"http:\/\/vientosur.top\/museo\/wp-json\/wp\/v2\/tags?post=1185"}],"curies":[{"name":"wp","href":"https:\/\/api.w.org\/{rel}","templated":true}]}}