{"id":1210,"date":"2016-06-09T20:33:29","date_gmt":"2016-06-09T20:33:29","guid":{"rendered":"http:\/\/vientosur.top\/museo\/\/?p=1210"},"modified":"2016-06-09T20:33:29","modified_gmt":"2016-06-09T20:33:29","slug":"ventiscka-presenta-dos-conciertos-este-fin-de-semana","status":"publish","type":"post","link":"http:\/\/vientosur.top\/museo\/ventiscka-presenta-dos-conciertos-este-fin-de-semana\/","title":{"rendered":"Ventiscka presenta dos conciertos este fin de semana"},"content":{"rendered":"<p>La reconocida agrupaci\u00f3n musical Ventiscka tendr\u00e1 espect\u00e1culo por partida doble este fin de semana en el Museo Violeta Parra.<\/p>\n<p><!--more--><\/p>\n<p>Los m\u00fasicos presentar\u00e1n la obra Pisagua, de \u00c1ngel Parra, trabajo musical basado en el libro \u201cLa Semilla en la Arena\u201d, de Volodia Teitelboim.<\/p>\n<p>El show narra la persecuci\u00f3n de la que fueron v\u00edctimas los comunistas bajo el gobierno de Gabriel Gonz\u00e1lez Videla que promulg\u00f3 la Ley de Defensa de la Democracia, rebautizada por el pueblo como la \u201cLey maldita\u201d, que puso en la ilegalidad al Partido Comunista, persiguiendo a hombres y mujeres, muchos de los cuales fueron relegados al primer centro de detenci\u00f3n de Chile: Pisagua.<\/p>\n<p>El primero de los espect\u00e1culos tendr\u00e1 lugar en el auditorio Antar el s\u00e1bado 11 de junio a las 16:00 horas. El domingo 12 en el mismo escenario volver\u00e1n a reunirse a la misma hora.<\/p>\n<p>Quienes quieran asistir a cualquiera de las fechas deber\u00e1n retirar sus invitaciones en recepci\u00f3n en el horario de atenci\u00f3n, de 09:30 a 18:00 horas.<\/p>\n<p>Cabe recordar que los cupos son limitados y que el museo no permite que se generen aglomeraciones en los pasillos del auditorio.<\/p>\n<p><strong>M\u00c1S ACTIVIDADES<\/strong><\/p>\n<p>Como cada fin de semana, tanto s\u00e1bado como domingo a las 11:00 y 12:00 horas se realizar\u00e1n visitas guiadas a cargo del equipo de mediaci\u00f3n. Para participar de ellas, quienes visiten el museo deber\u00e1n inscribirse en recepci\u00f3n.<\/p>\n<p>Adem\u00e1s, el s\u00e1bado 11 se realizar\u00e1 en la Sala Educativa del museo el taller de cartapesta para adultos y adultos mayores.<\/p>\n<p>En la oportunidad, la tallerista Rosa Villanueva ense\u00f1ar\u00e1 la t\u00e9cnica con que los participantes crear\u00e1n un pollito decorativo cubierto de notas musicales, uniendo as\u00ed el amor de Violeta Parra por las aves del campo chileno y la m\u00fasica.<\/p>\n","protected":false},"excerpt":{"rendered":"<p>La reconocida agrupaci\u00f3n musical Ventiscka tendr\u00e1 espect\u00e1culo por partida doble este fin de semana en el Museo Violeta Parra.<\/p>\n","protected":false},"author":5,"featured_media":1197,"comment_status":"open","ping_status":"open","sticky":false,"template":"","format":"standard","meta":{"site-sidebar-layout":"default","site-content-layout":"","ast-site-content-layout":"default","site-content-style":"default","site-sidebar-style":"default","ast-global-header-display":"","ast-banner-title-visibility":"","ast-main-header-display":"","ast-hfb-above-header-display":"","ast-hfb-below-header-display":"","ast-hfb-mobile-header-display":"","site-post-title":"","ast-breadcrumbs-content":"","ast-featured-img":"","footer-sml-layout":"","theme-transparent-header-meta":"","adv-header-id-meta":"","stick-header-meta":"","header-above-stick-meta":"","header-main-stick-meta":"","header-below-stick-meta":"","astra-migrate-meta-layouts":"default","ast-page-background-enabled":"default","ast-page-background-meta":{"desktop":{"background-color":"var(--ast-global-color-4)","background-image":"","background-repeat":"repeat","background-position":"center center","background-size":"auto","background-attachment":"scroll","background-type":"","background-media":"","overlay-type":"","overlay-color":"","overlay-opacity":"","overlay-gradient":""},"tablet":{"background-color":"","background-image":"","background-repeat":"repeat","background-position":"center center","background-size":"auto","background-attachment":"scroll","background-type":"","background-media":"","overlay-type":"","overlay-color":"","overlay-opacity":"","overlay-gradient":""},"mobile":{"background-color":"","background-image":"","background-repeat":"repeat","background-position":"center center","background-size":"auto","background-attachment":"scroll","background-type":"","background-media":"","overlay-type":"","overlay-color":"","overlay-opacity":"","overlay-gradient":""}},"ast-content-background-meta":{"desktop":{"background-color":"var(--ast-global-color-5)","background-image":"","background-repeat":"repeat","background-position":"center center","background-size":"auto","background-attachment":"scroll","background-type":"","background-media":"","overlay-type":"","overlay-color":"","overlay-opacity":"","overlay-gradient":""},"tablet":{"background-color":"var(--ast-global-color-5)","background-image":"","background-repeat":"repeat","background-position":"center center","background-size":"auto","background-attachment":"scroll","background-type":"","background-media":"","overlay-type":"","overlay-color":"","overlay-opacity":"","overlay-gradient":""},"mobile":{"background-color":"var(--ast-global-color-5)","background-image":"","background-repeat":"repeat","background-position":"center center","background-size":"auto","background-attachment":"scroll","background-type":"","background-media":"","overlay-type":"","overlay-color":"","overlay-opacity":"","overlay-gradient":""}},"footnotes":""},"categories":[8,61],"tags":[],"class_list":["post-1210","post","type-post","status-publish","format-standard","has-post-thumbnail","hentry","category-noticias","category-novedades"],"yoast_head":"<!-- This site is optimized with the Yoast SEO plugin v25.4 - https:\/\/yoast.com\/wordpress\/plugins\/seo\/ -->\n<title>Ventiscka presenta dos conciertos este fin de semana - Museo Violeta Parra<\/title>\n<meta name=\"robots\" content=\"index, follow, max-snippet:-1, max-image-preview:large, max-video-preview:-1\" \/>\n<link rel=\"canonical\" href=\"http:\/\/vientosur.top\/museo\/ventiscka-presenta-dos-conciertos-este-fin-de-semana\/\" \/>\n<meta property=\"og:locale\" content=\"es_ES\" \/>\n<meta property=\"og:type\" content=\"article\" \/>\n<meta property=\"og:title\" content=\"Ventiscka presenta dos conciertos este fin de semana - Museo Violeta Parra\" \/>\n<meta property=\"og:description\" content=\"La reconocida agrupaci\u00f3n musical Ventiscka tendr\u00e1 espect\u00e1culo por partida doble este fin de semana en el Museo Violeta Parra.\" \/>\n<meta property=\"og:url\" content=\"http:\/\/vientosur.top\/museo\/ventiscka-presenta-dos-conciertos-este-fin-de-semana\/\" \/>\n<meta property=\"og:site_name\" content=\"Museo Violeta Parra\" \/>\n<meta property=\"article:published_time\" content=\"2016-06-09T20:33:29+00:00\" \/>\n<meta property=\"og:image\" content=\"http:\/\/vientosur.top\/museo\/wp-content\/uploads\/2016\/06\/ventiscka.jpg\" \/>\n\t<meta property=\"og:image:width\" content=\"2000\" \/>\n\t<meta property=\"og:image:height\" content=\"1333\" \/>\n\t<meta property=\"og:image:type\" content=\"image\/jpeg\" \/>\n<meta name=\"author\" content=\"admin\" \/>\n<meta name=\"twitter:card\" content=\"summary_large_image\" \/>\n<meta name=\"twitter:label1\" content=\"Escrito por\" \/>\n\t<meta name=\"twitter:data1\" content=\"admin\" \/>\n\t<meta name=\"twitter:label2\" content=\"Tiempo de lectura\" \/>\n\t<meta name=\"twitter:data2\" content=\"2 minutos\" \/>\n<script type=\"application\/ld+json\" class=\"yoast-schema-graph\">{\"@context\":\"https:\/\/schema.org\",\"@graph\":[{\"@type\":\"WebPage\",\"@id\":\"http:\/\/vientosur.top\/museo\/ventiscka-presenta-dos-conciertos-este-fin-de-semana\/\",\"url\":\"http:\/\/vientosur.top\/museo\/ventiscka-presenta-dos-conciertos-este-fin-de-semana\/\",\"name\":\"Ventiscka presenta dos conciertos este fin de semana - Museo Violeta Parra\",\"isPartOf\":{\"@id\":\"http:\/\/vientosur.top\/museo\/#website\"},\"primaryImageOfPage\":{\"@id\":\"http:\/\/vientosur.top\/museo\/ventiscka-presenta-dos-conciertos-este-fin-de-semana\/#primaryimage\"},\"image\":{\"@id\":\"http:\/\/vientosur.top\/museo\/ventiscka-presenta-dos-conciertos-este-fin-de-semana\/#primaryimage\"},\"thumbnailUrl\":\"http:\/\/vientosur.top\/museo\/wp-content\/uploads\/2016\/06\/ventiscka.jpg\",\"datePublished\":\"2016-06-09T20:33:29+00:00\",\"author\":{\"@id\":\"http:\/\/vientosur.top\/museo\/#\/schema\/person\/20c79d3c38800971feec8c2693c3dd9c\"},\"breadcrumb\":{\"@id\":\"http:\/\/vientosur.top\/museo\/ventiscka-presenta-dos-conciertos-este-fin-de-semana\/#breadcrumb\"},\"inLanguage\":\"es\",\"potentialAction\":[{\"@type\":\"ReadAction\",\"target\":[\"http:\/\/vientosur.top\/museo\/ventiscka-presenta-dos-conciertos-este-fin-de-semana\/\"]}]},{\"@type\":\"ImageObject\",\"inLanguage\":\"es\",\"@id\":\"http:\/\/vientosur.top\/museo\/ventiscka-presenta-dos-conciertos-este-fin-de-semana\/#primaryimage\",\"url\":\"http:\/\/vientosur.top\/museo\/wp-content\/uploads\/2016\/06\/ventiscka.jpg\",\"contentUrl\":\"http:\/\/vientosur.top\/museo\/wp-content\/uploads\/2016\/06\/ventiscka.jpg\",\"width\":2000,\"height\":1333},{\"@type\":\"BreadcrumbList\",\"@id\":\"http:\/\/vientosur.top\/museo\/ventiscka-presenta-dos-conciertos-este-fin-de-semana\/#breadcrumb\",\"itemListElement\":[{\"@type\":\"ListItem\",\"position\":1,\"name\":\"Portada\",\"item\":\"http:\/\/vientosur.top\/museo\/\"},{\"@type\":\"ListItem\",\"position\":2,\"name\":\"Ventiscka presenta dos conciertos este fin de semana\"}]},{\"@type\":\"WebSite\",\"@id\":\"http:\/\/vientosur.top\/museo\/#website\",\"url\":\"http:\/\/vientosur.top\/museo\/\",\"name\":\"Museo Violeta Parra\",\"description\":\"Espacio que alberga tanto la memoria y legado creativo de la artista\",\"potentialAction\":[{\"@type\":\"SearchAction\",\"target\":{\"@type\":\"EntryPoint\",\"urlTemplate\":\"http:\/\/vientosur.top\/museo\/?s={search_term_string}\"},\"query-input\":{\"@type\":\"PropertyValueSpecification\",\"valueRequired\":true,\"valueName\":\"search_term_string\"}}],\"inLanguage\":\"es\"},{\"@type\":\"Person\",\"@id\":\"http:\/\/vientosur.top\/museo\/#\/schema\/person\/20c79d3c38800971feec8c2693c3dd9c\",\"name\":\"admin\",\"image\":{\"@type\":\"ImageObject\",\"inLanguage\":\"es\",\"@id\":\"http:\/\/vientosur.top\/museo\/#\/schema\/person\/image\/\",\"url\":\"https:\/\/secure.gravatar.com\/avatar\/713677ece3ffa642287213a80e5b773bce9ab81c269dd6d95102a990951c922f?s=96&d=mm&r=g\",\"contentUrl\":\"https:\/\/secure.gravatar.com\/avatar\/713677ece3ffa642287213a80e5b773bce9ab81c269dd6d95102a990951c922f?s=96&d=mm&r=g\",\"caption\":\"admin\"},\"sameAs\":[\"http:\/\/vientosur.top\/museo\"],\"url\":\"http:\/\/vientosur.top\/museo\/author\/comunicacionesmvp\/\"}]}<\/script>\n<!-- \/ Yoast SEO plugin. -->","yoast_head_json":{"title":"Ventiscka presenta dos conciertos este fin de semana - Museo Violeta Parra","robots":{"index":"index","follow":"follow","max-snippet":"max-snippet:-1","max-image-preview":"max-image-preview:large","max-video-preview":"max-video-preview:-1"},"canonical":"http:\/\/vientosur.top\/museo\/ventiscka-presenta-dos-conciertos-este-fin-de-semana\/","og_locale":"es_ES","og_type":"article","og_title":"Ventiscka presenta dos conciertos este fin de semana - Museo Violeta Parra","og_description":"La reconocida agrupaci\u00f3n musical Ventiscka tendr\u00e1 espect\u00e1culo por partida doble este fin de semana en el Museo Violeta Parra.","og_url":"http:\/\/vientosur.top\/museo\/ventiscka-presenta-dos-conciertos-este-fin-de-semana\/","og_site_name":"Museo Violeta Parra","article_published_time":"2016-06-09T20:33:29+00:00","og_image":[{"width":2000,"height":1333,"url":"http:\/\/vientosur.top\/museo\/wp-content\/uploads\/2016\/06\/ventiscka.jpg","type":"image\/jpeg"}],"author":"admin","twitter_card":"summary_large_image","twitter_misc":{"Escrito por":"admin","Tiempo de lectura":"2 minutos"},"schema":{"@context":"https:\/\/schema.org","@graph":[{"@type":"WebPage","@id":"http:\/\/vientosur.top\/museo\/ventiscka-presenta-dos-conciertos-este-fin-de-semana\/","url":"http:\/\/vientosur.top\/museo\/ventiscka-presenta-dos-conciertos-este-fin-de-semana\/","name":"Ventiscka presenta dos conciertos este fin de semana - Museo Violeta Parra","isPartOf":{"@id":"http:\/\/vientosur.top\/museo\/#website"},"primaryImageOfPage":{"@id":"http:\/\/vientosur.top\/museo\/ventiscka-presenta-dos-conciertos-este-fin-de-semana\/#primaryimage"},"image":{"@id":"http:\/\/vientosur.top\/museo\/ventiscka-presenta-dos-conciertos-este-fin-de-semana\/#primaryimage"},"thumbnailUrl":"http:\/\/vientosur.top\/museo\/wp-content\/uploads\/2016\/06\/ventiscka.jpg","datePublished":"2016-06-09T20:33:29+00:00","author":{"@id":"http:\/\/vientosur.top\/museo\/#\/schema\/person\/20c79d3c38800971feec8c2693c3dd9c"},"breadcrumb":{"@id":"http:\/\/vientosur.top\/museo\/ventiscka-presenta-dos-conciertos-este-fin-de-semana\/#breadcrumb"},"inLanguage":"es","potentialAction":[{"@type":"ReadAction","target":["http:\/\/vientosur.top\/museo\/ventiscka-presenta-dos-conciertos-este-fin-de-semana\/"]}]},{"@type":"ImageObject","inLanguage":"es","@id":"http:\/\/vientosur.top\/museo\/ventiscka-presenta-dos-conciertos-este-fin-de-semana\/#primaryimage","url":"http:\/\/vientosur.top\/museo\/wp-content\/uploads\/2016\/06\/ventiscka.jpg","contentUrl":"http:\/\/vientosur.top\/museo\/wp-content\/uploads\/2016\/06\/ventiscka.jpg","width":2000,"height":1333},{"@type":"BreadcrumbList","@id":"http:\/\/vientosur.top\/museo\/ventiscka-presenta-dos-conciertos-este-fin-de-semana\/#breadcrumb","itemListElement":[{"@type":"ListItem","position":1,"name":"Portada","item":"http:\/\/vientosur.top\/museo\/"},{"@type":"ListItem","position":2,"name":"Ventiscka presenta dos conciertos este fin de semana"}]},{"@type":"WebSite","@id":"http:\/\/vientosur.top\/museo\/#website","url":"http:\/\/vientosur.top\/museo\/","name":"Museo Violeta Parra","description":"Espacio que alberga tanto la memoria y legado creativo de la artista","potentialAction":[{"@type":"SearchAction","target":{"@type":"EntryPoint","urlTemplate":"http:\/\/vientosur.top\/museo\/?s={search_term_string}"},"query-input":{"@type":"PropertyValueSpecification","valueRequired":true,"valueName":"search_term_string"}}],"inLanguage":"es"},{"@type":"Person","@id":"http:\/\/vientosur.top\/museo\/#\/schema\/person\/20c79d3c38800971feec8c2693c3dd9c","name":"admin","image":{"@type":"ImageObject","inLanguage":"es","@id":"http:\/\/vientosur.top\/museo\/#\/schema\/person\/image\/","url":"https:\/\/secure.gravatar.com\/avatar\/713677ece3ffa642287213a80e5b773bce9ab81c269dd6d95102a990951c922f?s=96&d=mm&r=g","contentUrl":"https:\/\/secure.gravatar.com\/avatar\/713677ece3ffa642287213a80e5b773bce9ab81c269dd6d95102a990951c922f?s=96&d=mm&r=g","caption":"admin"},"sameAs":["http:\/\/vientosur.top\/museo"],"url":"http:\/\/vientosur.top\/museo\/author\/comunicacionesmvp\/"}]}},"_links":{"self":[{"href":"http:\/\/vientosur.top\/museo\/wp-json\/wp\/v2\/posts\/1210","targetHints":{"allow":["GET"]}}],"collection":[{"href":"http:\/\/vientosur.top\/museo\/wp-json\/wp\/v2\/posts"}],"about":[{"href":"http:\/\/vientosur.top\/museo\/wp-json\/wp\/v2\/types\/post"}],"author":[{"embeddable":true,"href":"http:\/\/vientosur.top\/museo\/wp-json\/wp\/v2\/users\/5"}],"replies":[{"embeddable":true,"href":"http:\/\/vientosur.top\/museo\/wp-json\/wp\/v2\/comments?post=1210"}],"version-history":[{"count":0,"href":"http:\/\/vientosur.top\/museo\/wp-json\/wp\/v2\/posts\/1210\/revisions"}],"wp:featuredmedia":[{"embeddable":true,"href":"http:\/\/vientosur.top\/museo\/wp-json\/wp\/v2\/media\/1197"}],"wp:attachment":[{"href":"http:\/\/vientosur.top\/museo\/wp-json\/wp\/v2\/media?parent=1210"}],"wp:term":[{"taxonomy":"category","embeddable":true,"href":"http:\/\/vientosur.top\/museo\/wp-json\/wp\/v2\/categories?post=1210"},{"taxonomy":"post_tag","embeddable":true,"href":"http:\/\/vientosur.top\/museo\/wp-json\/wp\/v2\/tags?post=1210"}],"curies":[{"name":"wp","href":"https:\/\/api.w.org\/{rel}","templated":true}]}}