{"id":1237,"date":"2016-06-24T14:17:37","date_gmt":"2016-06-24T14:17:37","guid":{"rendered":"http:\/\/vientosur.top\/museo\/\/?p=1237"},"modified":"2016-06-24T14:17:37","modified_gmt":"2016-06-24T14:17:37","slug":"gobierno-invita-a-votar-por-la-imagen-que-celebrara-los-100-anos-de-violeta-parra","status":"publish","type":"post","link":"http:\/\/vientosur.top\/museo\/gobierno-invita-a-votar-por-la-imagen-que-celebrara-los-100-anos-de-violeta-parra\/","title":{"rendered":"Gobierno invita a votar por la imagen que celebrar\u00e1 los 100 a\u00f1os de Violeta Parra"},"content":{"rendered":"<p>Como una gran celebraci\u00f3n que difunda su vida y obra se ha pensado la conmemoraci\u00f3n de los 100 a\u00f1os del nacimiento de la artista Violeta Parra. Para ello, el Consejo Nacional de la Cultura y las Artes (CNCA), en conjunto con la Fundaci\u00f3n Violeta Parra, han desarrollado el concurso Sello Violeta, que busca involucrar a la ciudadan\u00eda en la definici\u00f3n de la imagen de las celebraciones del a\u00f1o homenaje a la artista el 2017.<\/p>\n<p><!--more--><\/p>\n<p>El Ministro de Cultura, Ernesto Ottone, llam\u00f3 a participar: \u201cQuiero invitar a la ciudadan\u00eda a hacerse parte de esta votaci\u00f3n, con la que damos inicio a las actividades preparativas del gran homenaje que estamos organizando para dedicar el 2017 a la figura y legado de Violeta. De esta forma la imagen de sus 100 a\u00f1os ser\u00e1 la que los chilenos decidan\u201d.<\/p>\n<p>En el sitio web <a href=\"http:\/\/violeta100.cultura.gob.cl\/\">http:\/\/violeta100.cultura.gob.cl<\/a>la ciudadan\u00eda podr\u00e1 votar por una de las tres propuestas gr\u00e1ficas, que se elaboraron usando la firma de Violeta y detalles de sus obras, d\u00e1ndole \u201cMe gusta\u201d a su opci\u00f3n preferida, desde cualquier parte del mundo y hasta el 13 de julio pr\u00f3ximo.<\/p>\n<p>El 04 octubre de este a\u00f1o, en el D\u00eda de la M\u00fasica Chilena, instaurado por el cumplea\u00f1os de Violeta Parra, el Consejo de Cultura dar\u00e1 inicio a la programaci\u00f3n de las celebraciones por los 100 a\u00f1os. En este contexto se estrenar\u00e1 la obra de Violeta \u201cCanto para una Semilla\u201d, a cargo del Ballet Folcl\u00f3rico Nacional, Bafona, bajo la direcci\u00f3n art\u00edstica de Leticia Lizama y se desarrollar\u00e1 el concierto \u201cVioleta Sinf\u00f3nico\u201d, repertorio cl\u00e1sico que interpretar\u00e1 la Orquesta de C\u00e1mara de Chile, dirigida por Alejandra Urrutia, en conjunto con Escuelas de Rock del Consejo de la Cultura y con la participaci\u00f3n de artistas consagrados.<\/p>\n<p>El programa de actividades est\u00e1 siendo desarrollado por el Consejo de la Cultura y las Artes en un trabajo colaborativo con la Fundaci\u00f3n Museo Violeta Parra y la Fundaci\u00f3n Violeta Parra, y en coordinaci\u00f3n con una serie de ministerios, que incluyen: Relaciones Exteriores, Energ\u00eda, Educaci\u00f3n, Vivienda y Urbanismo, Obras P\u00fablicas y el Ministerio de la Mujer, adem\u00e1s de la participaci\u00f3n de una serie de especialistas y personas relevantes que est\u00e1n contribuyendo desde un espacio de participaci\u00f3n en cada tema.<\/p>\n<p style=\"text-align: center;\"><a href=\"http:\/\/violeta100.cultura.gob.cl\/\"><strong>VOTA AQU\u00cd<\/strong><\/a><\/p>\n<p><a href=\"http:\/\/vientosur.top\/museo\/\/wp-content\/uploads\/2016\/06\/viral-generico.png\"><img fetchpriority=\"high\" decoding=\"async\" class=\"size-medium wp-image-1238 aligncenter\" src=\"http:\/\/vientosur.top\/museo\/\/wp-content\/uploads\/2016\/06\/viral-generico-300x225.png\" alt=\"viral-generico\" width=\"300\" height=\"225\" srcset=\"http:\/\/vientosur.top\/museo\/wp-content\/uploads\/2016\/06\/viral-generico-300x225.png 300w, http:\/\/vientosur.top\/museo\/wp-content\/uploads\/2016\/06\/viral-generico-600x450.png 600w, http:\/\/vientosur.top\/museo\/wp-content\/uploads\/2016\/06\/viral-generico-1024x768.png 1024w, http:\/\/vientosur.top\/museo\/wp-content\/uploads\/2016\/06\/viral-generico-768x576.png 768w, http:\/\/vientosur.top\/museo\/wp-content\/uploads\/2016\/06\/viral-generico-1536x1152.png 1536w, http:\/\/vientosur.top\/museo\/wp-content\/uploads\/2016\/06\/viral-generico-1200x900.png 1200w, http:\/\/vientosur.top\/museo\/wp-content\/uploads\/2016\/06\/viral-generico.png 1600w\" sizes=\"(max-width: 300px) 100vw, 300px\" \/><\/a><\/p>\n","protected":false},"excerpt":{"rendered":"<p>Como una gran celebraci\u00f3n que difunda su vida y obra se ha pensado la conmemoraci\u00f3n de los 100 a\u00f1os del nacimiento de la artista Violeta Parra. Para ello, el Consejo Nacional de la Cultura y las Artes (CNCA), en conjunto con la Fundaci\u00f3n Violeta Parra, han desarrollado el concurso Sello Violeta, que busca involucrar a [&hellip;]<\/p>\n","protected":false},"author":5,"featured_media":1238,"comment_status":"open","ping_status":"open","sticky":false,"template":"","format":"standard","meta":{"site-sidebar-layout":"default","site-content-layout":"","ast-site-content-layout":"default","site-content-style":"default","site-sidebar-style":"default","ast-global-header-display":"","ast-banner-title-visibility":"","ast-main-header-display":"","ast-hfb-above-header-display":"","ast-hfb-below-header-display":"","ast-hfb-mobile-header-display":"","site-post-title":"","ast-breadcrumbs-content":"","ast-featured-img":"","footer-sml-layout":"","theme-transparent-header-meta":"","adv-header-id-meta":"","stick-header-meta":"","header-above-stick-meta":"","header-main-stick-meta":"","header-below-stick-meta":"","astra-migrate-meta-layouts":"default","ast-page-background-enabled":"default","ast-page-background-meta":{"desktop":{"background-color":"var(--ast-global-color-4)","background-image":"","background-repeat":"repeat","background-position":"center center","background-size":"auto","background-attachment":"scroll","background-type":"","background-media":"","overlay-type":"","overlay-color":"","overlay-opacity":"","overlay-gradient":""},"tablet":{"background-color":"","background-image":"","background-repeat":"repeat","background-position":"center center","background-size":"auto","background-attachment":"scroll","background-type":"","background-media":"","overlay-type":"","overlay-color":"","overlay-opacity":"","overlay-gradient":""},"mobile":{"background-color":"","background-image":"","background-repeat":"repeat","background-position":"center center","background-size":"auto","background-attachment":"scroll","background-type":"","background-media":"","overlay-type":"","overlay-color":"","overlay-opacity":"","overlay-gradient":""}},"ast-content-background-meta":{"desktop":{"background-color":"var(--ast-global-color-5)","background-image":"","background-repeat":"repeat","background-position":"center center","background-size":"auto","background-attachment":"scroll","background-type":"","background-media":"","overlay-type":"","overlay-color":"","overlay-opacity":"","overlay-gradient":""},"tablet":{"background-color":"var(--ast-global-color-5)","background-image":"","background-repeat":"repeat","background-position":"center center","background-size":"auto","background-attachment":"scroll","background-type":"","background-media":"","overlay-type":"","overlay-color":"","overlay-opacity":"","overlay-gradient":""},"mobile":{"background-color":"var(--ast-global-color-5)","background-image":"","background-repeat":"repeat","background-position":"center center","background-size":"auto","background-attachment":"scroll","background-type":"","background-media":"","overlay-type":"","overlay-color":"","overlay-opacity":"","overlay-gradient":""}},"footnotes":""},"categories":[8,61],"tags":[],"class_list":["post-1237","post","type-post","status-publish","format-standard","has-post-thumbnail","hentry","category-noticias","category-novedades"],"yoast_head":"<!-- This site is optimized with the Yoast SEO plugin v25.4 - https:\/\/yoast.com\/wordpress\/plugins\/seo\/ -->\n<title>Gobierno invita a votar por la imagen que celebrar\u00e1 los 100 a\u00f1os de Violeta Parra - Museo Violeta Parra<\/title>\n<meta name=\"robots\" content=\"index, follow, max-snippet:-1, max-image-preview:large, max-video-preview:-1\" \/>\n<link rel=\"canonical\" href=\"http:\/\/vientosur.top\/museo\/gobierno-invita-a-votar-por-la-imagen-que-celebrara-los-100-anos-de-violeta-parra\/\" \/>\n<meta property=\"og:locale\" content=\"es_ES\" \/>\n<meta property=\"og:type\" content=\"article\" \/>\n<meta property=\"og:title\" content=\"Gobierno invita a votar por la imagen que celebrar\u00e1 los 100 a\u00f1os de Violeta Parra - Museo Violeta Parra\" \/>\n<meta property=\"og:description\" content=\"Como una gran celebraci\u00f3n que difunda su vida y obra se ha pensado la conmemoraci\u00f3n de los 100 a\u00f1os del nacimiento de la artista Violeta Parra. Para ello, el Consejo Nacional de la Cultura y las Artes (CNCA), en conjunto con la Fundaci\u00f3n Violeta Parra, han desarrollado el concurso Sello Violeta, que busca involucrar a [&hellip;]\" \/>\n<meta property=\"og:url\" content=\"http:\/\/vientosur.top\/museo\/gobierno-invita-a-votar-por-la-imagen-que-celebrara-los-100-anos-de-violeta-parra\/\" \/>\n<meta property=\"og:site_name\" content=\"Museo Violeta Parra\" \/>\n<meta property=\"article:published_time\" content=\"2016-06-24T14:17:37+00:00\" \/>\n<meta property=\"og:image\" content=\"http:\/\/vientosur.top\/museo\/wp-content\/uploads\/2016\/06\/viral-generico.png\" \/>\n\t<meta property=\"og:image:width\" content=\"1600\" \/>\n\t<meta property=\"og:image:height\" content=\"1200\" \/>\n\t<meta property=\"og:image:type\" content=\"image\/png\" \/>\n<meta name=\"author\" content=\"admin\" \/>\n<meta name=\"twitter:card\" content=\"summary_large_image\" \/>\n<meta name=\"twitter:label1\" content=\"Escrito por\" \/>\n\t<meta name=\"twitter:data1\" content=\"admin\" \/>\n\t<meta name=\"twitter:label2\" content=\"Tiempo de lectura\" \/>\n\t<meta name=\"twitter:data2\" content=\"2 minutos\" \/>\n<script type=\"application\/ld+json\" class=\"yoast-schema-graph\">{\"@context\":\"https:\/\/schema.org\",\"@graph\":[{\"@type\":\"WebPage\",\"@id\":\"http:\/\/vientosur.top\/museo\/gobierno-invita-a-votar-por-la-imagen-que-celebrara-los-100-anos-de-violeta-parra\/\",\"url\":\"http:\/\/vientosur.top\/museo\/gobierno-invita-a-votar-por-la-imagen-que-celebrara-los-100-anos-de-violeta-parra\/\",\"name\":\"Gobierno invita a votar por la imagen que celebrar\u00e1 los 100 a\u00f1os de Violeta Parra - Museo Violeta Parra\",\"isPartOf\":{\"@id\":\"http:\/\/vientosur.top\/museo\/#website\"},\"primaryImageOfPage\":{\"@id\":\"http:\/\/vientosur.top\/museo\/gobierno-invita-a-votar-por-la-imagen-que-celebrara-los-100-anos-de-violeta-parra\/#primaryimage\"},\"image\":{\"@id\":\"http:\/\/vientosur.top\/museo\/gobierno-invita-a-votar-por-la-imagen-que-celebrara-los-100-anos-de-violeta-parra\/#primaryimage\"},\"thumbnailUrl\":\"http:\/\/vientosur.top\/museo\/wp-content\/uploads\/2016\/06\/viral-generico.png\",\"datePublished\":\"2016-06-24T14:17:37+00:00\",\"author\":{\"@id\":\"http:\/\/vientosur.top\/museo\/#\/schema\/person\/20c79d3c38800971feec8c2693c3dd9c\"},\"breadcrumb\":{\"@id\":\"http:\/\/vientosur.top\/museo\/gobierno-invita-a-votar-por-la-imagen-que-celebrara-los-100-anos-de-violeta-parra\/#breadcrumb\"},\"inLanguage\":\"es\",\"potentialAction\":[{\"@type\":\"ReadAction\",\"target\":[\"http:\/\/vientosur.top\/museo\/gobierno-invita-a-votar-por-la-imagen-que-celebrara-los-100-anos-de-violeta-parra\/\"]}]},{\"@type\":\"ImageObject\",\"inLanguage\":\"es\",\"@id\":\"http:\/\/vientosur.top\/museo\/gobierno-invita-a-votar-por-la-imagen-que-celebrara-los-100-anos-de-violeta-parra\/#primaryimage\",\"url\":\"http:\/\/vientosur.top\/museo\/wp-content\/uploads\/2016\/06\/viral-generico.png\",\"contentUrl\":\"http:\/\/vientosur.top\/museo\/wp-content\/uploads\/2016\/06\/viral-generico.png\",\"width\":1600,\"height\":1200},{\"@type\":\"BreadcrumbList\",\"@id\":\"http:\/\/vientosur.top\/museo\/gobierno-invita-a-votar-por-la-imagen-que-celebrara-los-100-anos-de-violeta-parra\/#breadcrumb\",\"itemListElement\":[{\"@type\":\"ListItem\",\"position\":1,\"name\":\"Portada\",\"item\":\"http:\/\/vientosur.top\/museo\/\"},{\"@type\":\"ListItem\",\"position\":2,\"name\":\"Gobierno invita a votar por la imagen que celebrar\u00e1 los 100 a\u00f1os de Violeta Parra\"}]},{\"@type\":\"WebSite\",\"@id\":\"http:\/\/vientosur.top\/museo\/#website\",\"url\":\"http:\/\/vientosur.top\/museo\/\",\"name\":\"Museo Violeta Parra\",\"description\":\"Espacio que alberga tanto la memoria y legado creativo de la artista\",\"potentialAction\":[{\"@type\":\"SearchAction\",\"target\":{\"@type\":\"EntryPoint\",\"urlTemplate\":\"http:\/\/vientosur.top\/museo\/?s={search_term_string}\"},\"query-input\":{\"@type\":\"PropertyValueSpecification\",\"valueRequired\":true,\"valueName\":\"search_term_string\"}}],\"inLanguage\":\"es\"},{\"@type\":\"Person\",\"@id\":\"http:\/\/vientosur.top\/museo\/#\/schema\/person\/20c79d3c38800971feec8c2693c3dd9c\",\"name\":\"admin\",\"image\":{\"@type\":\"ImageObject\",\"inLanguage\":\"es\",\"@id\":\"http:\/\/vientosur.top\/museo\/#\/schema\/person\/image\/\",\"url\":\"https:\/\/secure.gravatar.com\/avatar\/713677ece3ffa642287213a80e5b773bce9ab81c269dd6d95102a990951c922f?s=96&d=mm&r=g\",\"contentUrl\":\"https:\/\/secure.gravatar.com\/avatar\/713677ece3ffa642287213a80e5b773bce9ab81c269dd6d95102a990951c922f?s=96&d=mm&r=g\",\"caption\":\"admin\"},\"sameAs\":[\"http:\/\/vientosur.top\/museo\"],\"url\":\"http:\/\/vientosur.top\/museo\/author\/comunicacionesmvp\/\"}]}<\/script>\n<!-- \/ Yoast SEO plugin. -->","yoast_head_json":{"title":"Gobierno invita a votar por la imagen que celebrar\u00e1 los 100 a\u00f1os de Violeta Parra - Museo Violeta Parra","robots":{"index":"index","follow":"follow","max-snippet":"max-snippet:-1","max-image-preview":"max-image-preview:large","max-video-preview":"max-video-preview:-1"},"canonical":"http:\/\/vientosur.top\/museo\/gobierno-invita-a-votar-por-la-imagen-que-celebrara-los-100-anos-de-violeta-parra\/","og_locale":"es_ES","og_type":"article","og_title":"Gobierno invita a votar por la imagen que celebrar\u00e1 los 100 a\u00f1os de Violeta Parra - Museo Violeta Parra","og_description":"Como una gran celebraci\u00f3n que difunda su vida y obra se ha pensado la conmemoraci\u00f3n de los 100 a\u00f1os del nacimiento de la artista Violeta Parra. Para ello, el Consejo Nacional de la Cultura y las Artes (CNCA), en conjunto con la Fundaci\u00f3n Violeta Parra, han desarrollado el concurso Sello Violeta, que busca involucrar a [&hellip;]","og_url":"http:\/\/vientosur.top\/museo\/gobierno-invita-a-votar-por-la-imagen-que-celebrara-los-100-anos-de-violeta-parra\/","og_site_name":"Museo Violeta Parra","article_published_time":"2016-06-24T14:17:37+00:00","og_image":[{"width":1600,"height":1200,"url":"http:\/\/vientosur.top\/museo\/wp-content\/uploads\/2016\/06\/viral-generico.png","type":"image\/png"}],"author":"admin","twitter_card":"summary_large_image","twitter_misc":{"Escrito por":"admin","Tiempo de lectura":"2 minutos"},"schema":{"@context":"https:\/\/schema.org","@graph":[{"@type":"WebPage","@id":"http:\/\/vientosur.top\/museo\/gobierno-invita-a-votar-por-la-imagen-que-celebrara-los-100-anos-de-violeta-parra\/","url":"http:\/\/vientosur.top\/museo\/gobierno-invita-a-votar-por-la-imagen-que-celebrara-los-100-anos-de-violeta-parra\/","name":"Gobierno invita a votar por la imagen que celebrar\u00e1 los 100 a\u00f1os de Violeta Parra - Museo Violeta Parra","isPartOf":{"@id":"http:\/\/vientosur.top\/museo\/#website"},"primaryImageOfPage":{"@id":"http:\/\/vientosur.top\/museo\/gobierno-invita-a-votar-por-la-imagen-que-celebrara-los-100-anos-de-violeta-parra\/#primaryimage"},"image":{"@id":"http:\/\/vientosur.top\/museo\/gobierno-invita-a-votar-por-la-imagen-que-celebrara-los-100-anos-de-violeta-parra\/#primaryimage"},"thumbnailUrl":"http:\/\/vientosur.top\/museo\/wp-content\/uploads\/2016\/06\/viral-generico.png","datePublished":"2016-06-24T14:17:37+00:00","author":{"@id":"http:\/\/vientosur.top\/museo\/#\/schema\/person\/20c79d3c38800971feec8c2693c3dd9c"},"breadcrumb":{"@id":"http:\/\/vientosur.top\/museo\/gobierno-invita-a-votar-por-la-imagen-que-celebrara-los-100-anos-de-violeta-parra\/#breadcrumb"},"inLanguage":"es","potentialAction":[{"@type":"ReadAction","target":["http:\/\/vientosur.top\/museo\/gobierno-invita-a-votar-por-la-imagen-que-celebrara-los-100-anos-de-violeta-parra\/"]}]},{"@type":"ImageObject","inLanguage":"es","@id":"http:\/\/vientosur.top\/museo\/gobierno-invita-a-votar-por-la-imagen-que-celebrara-los-100-anos-de-violeta-parra\/#primaryimage","url":"http:\/\/vientosur.top\/museo\/wp-content\/uploads\/2016\/06\/viral-generico.png","contentUrl":"http:\/\/vientosur.top\/museo\/wp-content\/uploads\/2016\/06\/viral-generico.png","width":1600,"height":1200},{"@type":"BreadcrumbList","@id":"http:\/\/vientosur.top\/museo\/gobierno-invita-a-votar-por-la-imagen-que-celebrara-los-100-anos-de-violeta-parra\/#breadcrumb","itemListElement":[{"@type":"ListItem","position":1,"name":"Portada","item":"http:\/\/vientosur.top\/museo\/"},{"@type":"ListItem","position":2,"name":"Gobierno invita a votar por la imagen que celebrar\u00e1 los 100 a\u00f1os de Violeta Parra"}]},{"@type":"WebSite","@id":"http:\/\/vientosur.top\/museo\/#website","url":"http:\/\/vientosur.top\/museo\/","name":"Museo Violeta Parra","description":"Espacio que alberga tanto la memoria y legado creativo de la artista","potentialAction":[{"@type":"SearchAction","target":{"@type":"EntryPoint","urlTemplate":"http:\/\/vientosur.top\/museo\/?s={search_term_string}"},"query-input":{"@type":"PropertyValueSpecification","valueRequired":true,"valueName":"search_term_string"}}],"inLanguage":"es"},{"@type":"Person","@id":"http:\/\/vientosur.top\/museo\/#\/schema\/person\/20c79d3c38800971feec8c2693c3dd9c","name":"admin","image":{"@type":"ImageObject","inLanguage":"es","@id":"http:\/\/vientosur.top\/museo\/#\/schema\/person\/image\/","url":"https:\/\/secure.gravatar.com\/avatar\/713677ece3ffa642287213a80e5b773bce9ab81c269dd6d95102a990951c922f?s=96&d=mm&r=g","contentUrl":"https:\/\/secure.gravatar.com\/avatar\/713677ece3ffa642287213a80e5b773bce9ab81c269dd6d95102a990951c922f?s=96&d=mm&r=g","caption":"admin"},"sameAs":["http:\/\/vientosur.top\/museo"],"url":"http:\/\/vientosur.top\/museo\/author\/comunicacionesmvp\/"}]}},"_links":{"self":[{"href":"http:\/\/vientosur.top\/museo\/wp-json\/wp\/v2\/posts\/1237","targetHints":{"allow":["GET"]}}],"collection":[{"href":"http:\/\/vientosur.top\/museo\/wp-json\/wp\/v2\/posts"}],"about":[{"href":"http:\/\/vientosur.top\/museo\/wp-json\/wp\/v2\/types\/post"}],"author":[{"embeddable":true,"href":"http:\/\/vientosur.top\/museo\/wp-json\/wp\/v2\/users\/5"}],"replies":[{"embeddable":true,"href":"http:\/\/vientosur.top\/museo\/wp-json\/wp\/v2\/comments?post=1237"}],"version-history":[{"count":0,"href":"http:\/\/vientosur.top\/museo\/wp-json\/wp\/v2\/posts\/1237\/revisions"}],"wp:featuredmedia":[{"embeddable":true,"href":"http:\/\/vientosur.top\/museo\/wp-json\/wp\/v2\/media\/1238"}],"wp:attachment":[{"href":"http:\/\/vientosur.top\/museo\/wp-json\/wp\/v2\/media?parent=1237"}],"wp:term":[{"taxonomy":"category","embeddable":true,"href":"http:\/\/vientosur.top\/museo\/wp-json\/wp\/v2\/categories?post=1237"},{"taxonomy":"post_tag","embeddable":true,"href":"http:\/\/vientosur.top\/museo\/wp-json\/wp\/v2\/tags?post=1237"}],"curies":[{"name":"wp","href":"https:\/\/api.w.org\/{rel}","templated":true}]}}