{"id":1306,"date":"2016-07-08T22:13:15","date_gmt":"2016-07-08T22:13:15","guid":{"rendered":"http:\/\/vientosur.top\/museo\/\/?p=1306"},"modified":"2016-07-08T22:13:15","modified_gmt":"2016-07-08T22:13:15","slug":"museo-violeta-parra-en-vacaciones-de-invierno-una-imperdible-oferta-educativa-y-cultural","status":"publish","type":"post","link":"http:\/\/vientosur.top\/museo\/museo-violeta-parra-en-vacaciones-de-invierno-una-imperdible-oferta-educativa-y-cultural\/","title":{"rendered":"Museo Violeta Parra en Vacaciones de Invierno: una imperdible oferta educativa y cultural"},"content":{"rendered":"<ul>\n<li><em>M\u00fasica, teatro, y talleres como otras instancias de aprendizaje y cultura prepar\u00f3 el Museo Violeta Parra para los visitantes, turistas y especialmente para aquellos que disfrutar\u00e1n sus vacaciones de invierno.<\/em><\/li>\n<\/ul>\n<p><!--more--><\/p>\n<p>Un mes de julio cargado de actividades es el que trae el Museo Violeta Parra, que ha preparado una amplia cartelera pensando, sobre todo, en los estudiantes que saldr\u00e1n a disfrutar de sus vacaciones de invierno.<\/p>\n<p>De esta forma tanto las \u00e1reas de Educaci\u00f3n como de Programaci\u00f3n musical del museo han preparado un trabajo orientado a distintas audiencias, y que tiene como finalidad dar continuidad a las actividades que se han venido desarrollando durante todo el primer semestre.<\/p>\n<p>Como parte de su programa, el \u00e1rea de Educaci\u00f3n organiz\u00f3 una serie de talleres que se desarrollar\u00e1n del 12 al 22 julio de 12:00 a 13:30 horas. Todas estas actividades que se llevar\u00e1n a cabo en la Sala Educativa y que ser\u00e1n complementadas con visitas guiadas a trav\u00e9s de voluntarios adem\u00e1s de charlas\u00a0 expositivas para quienes participen de los talleres.<\/p>\n<p>Las actividades contemplan los talleres para ni\u00f1os y adultos como \u201cLa Jardinera: las flores de mi jard\u00edn ser\u00e1n tus enfermeras\u201d, de \u201cEnd\u00e9micos Chile\u201d, \u201cSerigraf\u00eda b\u00e1sica\u201d y \u201cReciclArte\u201d. Todos propuestas que estar\u00e1n a cargo de especialistas que han desarrollado proyectos a la medida para el museo y sus visitantes que en su gran mayor\u00eda se espera sean estudiantes.<\/p>\n<p><strong>Manualidades de Fines de Semana y M\u00fasica Presente<\/strong><\/p>\n<p>Para complementar a\u00fan m\u00e1s el trabajo educativo, se sumar\u00e1n los talleres de fines de semana que en esta oportunidad y en forma novedosa explorar\u00e1n \u201cEncuadernaci\u00f3n costura larga\u201d, \u201cModelado en plasticina\u201d, \u201cRadio Digital\u201d y \u201cSerigraf\u00eda b\u00e1sica\u201d. Cabe recordar que toda esta oferta educativa ser\u00e1 gratis \u00a0y requieren previa inscripci\u00f3n dada su alta demanda. Adem\u00e1s, para quienes deseen internarse en la colecci\u00f3n de la obra y los objetos de Violeta Parra, entre el 12 y el 22 de julio habr\u00e1 recorridos mediados durante todo el d\u00eda por los diversos espacios expositivos.<\/p>\n<p>La presencia musical que es una de las caracter\u00edsticas que tiene el Museo Violeta Parra durante todos los fines de semana, esta vez no ser\u00e1 la excepci\u00f3n\u00a0 y contar\u00e1 con una programaci\u00f3n gratuita para el p\u00fablico que desea asistir una tarde de s\u00e1bado o domingo y aprovecha la oportunidad para visitar el museo y disfrutar de buena m\u00fasica.<\/p>\n<p>As\u00ed es como este s\u00e1bado 9 y domingo 10 de julio se presentar\u00e1 en el auditorio Antar el ganador del Festival de Vi\u00f1a del Mar 2004, <strong>Alexis Venegas<\/strong>, con su espect\u00e1culo \u201cCuecas Troveras\u201d. El mismo s\u00e1bado se realizar\u00e1 el taller de encuadernaci\u00f3n costura larga, destinado a j\u00f3venes y adultos.<\/p>\n<p>M\u00e1s adelante,\u00a0 el s\u00e1bado 16 de julio se realizar\u00e1 el taller de modelado en plastilina para ni\u00f1os y adultos. Esa misma jornada, a las 16:00 horas, los destacados m\u00fasicos <strong>Alejandro Lazo y Leo Rojas<\/strong> realizar\u00e1n un homenaje a Violeta Parra con su concierto denominado cierto \u00a0\u201c<strong>La M\u00fasica de las Palabras<\/strong>\u201d.<\/p>\n<p>El 23 de julio se presentar\u00e1 el espect\u00e1culo de teatro musical infantil <strong>\u201cLa Danza de las Abejas\u201d,<\/strong> seguido por el taller de radio digital para ni\u00f1os y j\u00f3venes.<\/p>\n<p>El domingo 24, las reconocidas artistas y cantautoras <strong>Isabel y Tita Parra<\/strong> se presentar\u00e1n en la Sala Antar del Museo para compartir con el p\u00fablico la experiencia musical y la poes\u00eda de Violeta Parra a trav\u00e9s de una presentaci\u00f3n que acompa\u00f1a el canto, la m\u00fasica, las an\u00e9cdotas y por sobre todo el entusiasmo del p\u00fablico que dialoga con ambas creadoras chilenas.<\/p>\n<p>Para finalizar el mes, el 30 de julio ser\u00e1 el turno del destacado compositor e int\u00e9rprete, ex integrante del hist\u00f3rico grupo Santiago del Nuevo Extremo, <strong>Luis Lebert<\/strong> \u00a0que estar\u00e1 seguido el domingo 31 de <strong>Evelyn Cornejo, <\/strong>oriunda del Maule que adquiri\u00f3 influencias gracias a su familia y entorno en donde aprendi\u00f3 a tocar diferentes instrumentos como el cuatro, el trompe y la guitarra, quien realizar\u00e1 un tributo a Violeta y sus ra\u00edces.<\/p>\n<p><strong>\u00a0<\/strong><strong>Charlas y Conversatorios Teatro Mestiza <\/strong><\/p>\n<p>Adem\u00e1s, durante el mes de julio el Museo Violeta Parra ser\u00e1 sede del <strong>Festival de Teatro Mestiza<\/strong>, que desarrollar\u00e1 diversas actividades como mesas redondas, debates sobre experiencias est\u00e9ticas y reflexivas sobre la creaci\u00f3n y la memoria, adem\u00e1s de la\u00a0 presentaci\u00f3n del grupo peruano Yayachkani y su trabajo unipersonal \u201cAnt\u00edgona\u201d que formar\u00e1 parte del ciclo que estar\u00e1 en el museo entre el 13 al 17 de julio. M\u00e1s informaci\u00f3n sobre el programa de Mestiza se puede encontrar en la p\u00e1gina web del museo adem\u00e1s de la circulaci\u00f3n en redes sociales.<\/p>\n","protected":false},"excerpt":{"rendered":"<p>M\u00fasica, teatro, y talleres como otras instancias de aprendizaje y cultura prepar\u00f3 el Museo Violeta Parra para los visitantes, turistas y especialmente para aquellos que disfrutar\u00e1n sus vacaciones de invierno.<\/p>\n","protected":false},"author":5,"featured_media":1307,"comment_status":"open","ping_status":"open","sticky":false,"template":"","format":"standard","meta":{"site-sidebar-layout":"default","site-content-layout":"","ast-site-content-layout":"default","site-content-style":"default","site-sidebar-style":"default","ast-global-header-display":"","ast-banner-title-visibility":"","ast-main-header-display":"","ast-hfb-above-header-display":"","ast-hfb-below-header-display":"","ast-hfb-mobile-header-display":"","site-post-title":"","ast-breadcrumbs-content":"","ast-featured-img":"","footer-sml-layout":"","theme-transparent-header-meta":"","adv-header-id-meta":"","stick-header-meta":"","header-above-stick-meta":"","header-main-stick-meta":"","header-below-stick-meta":"","astra-migrate-meta-layouts":"default","ast-page-background-enabled":"default","ast-page-background-meta":{"desktop":{"background-color":"var(--ast-global-color-4)","background-image":"","background-repeat":"repeat","background-position":"center center","background-size":"auto","background-attachment":"scroll","background-type":"","background-media":"","overlay-type":"","overlay-color":"","overlay-opacity":"","overlay-gradient":""},"tablet":{"background-color":"","background-image":"","background-repeat":"repeat","background-position":"center center","background-size":"auto","background-attachment":"scroll","background-type":"","background-media":"","overlay-type":"","overlay-color":"","overlay-opacity":"","overlay-gradient":""},"mobile":{"background-color":"","background-image":"","background-repeat":"repeat","background-position":"center center","background-size":"auto","background-attachment":"scroll","background-type":"","background-media":"","overlay-type":"","overlay-color":"","overlay-opacity":"","overlay-gradient":""}},"ast-content-background-meta":{"desktop":{"background-color":"var(--ast-global-color-5)","background-image":"","background-repeat":"repeat","background-position":"center center","background-size":"auto","background-attachment":"scroll","background-type":"","background-media":"","overlay-type":"","overlay-color":"","overlay-opacity":"","overlay-gradient":""},"tablet":{"background-color":"var(--ast-global-color-5)","background-image":"","background-repeat":"repeat","background-position":"center center","background-size":"auto","background-attachment":"scroll","background-type":"","background-media":"","overlay-type":"","overlay-color":"","overlay-opacity":"","overlay-gradient":""},"mobile":{"background-color":"var(--ast-global-color-5)","background-image":"","background-repeat":"repeat","background-position":"center center","background-size":"auto","background-attachment":"scroll","background-type":"","background-media":"","overlay-type":"","overlay-color":"","overlay-opacity":"","overlay-gradient":""}},"footnotes":""},"categories":[8,61],"tags":[],"class_list":["post-1306","post","type-post","status-publish","format-standard","has-post-thumbnail","hentry","category-noticias","category-novedades"],"yoast_head":"<!-- This site is optimized with the Yoast SEO plugin v25.4 - https:\/\/yoast.com\/wordpress\/plugins\/seo\/ -->\n<title>Museo Violeta Parra en Vacaciones de Invierno: una imperdible oferta educativa y cultural - Museo Violeta Parra<\/title>\n<meta name=\"robots\" content=\"index, follow, max-snippet:-1, max-image-preview:large, max-video-preview:-1\" \/>\n<link rel=\"canonical\" href=\"http:\/\/vientosur.top\/museo\/museo-violeta-parra-en-vacaciones-de-invierno-una-imperdible-oferta-educativa-y-cultural\/\" \/>\n<meta property=\"og:locale\" content=\"es_ES\" \/>\n<meta property=\"og:type\" content=\"article\" \/>\n<meta property=\"og:title\" content=\"Museo Violeta Parra en Vacaciones de Invierno: una imperdible oferta educativa y cultural - Museo Violeta Parra\" \/>\n<meta property=\"og:description\" content=\"M\u00fasica, teatro, y talleres como otras instancias de aprendizaje y cultura prepar\u00f3 el Museo Violeta Parra para los visitantes, turistas y especialmente para aquellos que disfrutar\u00e1n sus vacaciones de invierno.\" \/>\n<meta property=\"og:url\" content=\"http:\/\/vientosur.top\/museo\/museo-violeta-parra-en-vacaciones-de-invierno-una-imperdible-oferta-educativa-y-cultural\/\" \/>\n<meta property=\"og:site_name\" content=\"Museo Violeta Parra\" \/>\n<meta property=\"article:published_time\" content=\"2016-07-08T22:13:15+00:00\" \/>\n<meta property=\"og:image\" content=\"http:\/\/vientosur.top\/museo\/wp-content\/uploads\/2016\/07\/DSC_0483.jpg\" \/>\n\t<meta property=\"og:image:width\" content=\"1925\" \/>\n\t<meta property=\"og:image:height\" content=\"1280\" \/>\n\t<meta property=\"og:image:type\" content=\"image\/jpeg\" \/>\n<meta name=\"author\" content=\"admin\" \/>\n<meta name=\"twitter:card\" content=\"summary_large_image\" \/>\n<meta name=\"twitter:label1\" content=\"Escrito por\" \/>\n\t<meta name=\"twitter:data1\" content=\"admin\" \/>\n\t<meta name=\"twitter:label2\" content=\"Tiempo de lectura\" \/>\n\t<meta name=\"twitter:data2\" content=\"4 minutos\" \/>\n<script type=\"application\/ld+json\" class=\"yoast-schema-graph\">{\"@context\":\"https:\/\/schema.org\",\"@graph\":[{\"@type\":\"WebPage\",\"@id\":\"http:\/\/vientosur.top\/museo\/museo-violeta-parra-en-vacaciones-de-invierno-una-imperdible-oferta-educativa-y-cultural\/\",\"url\":\"http:\/\/vientosur.top\/museo\/museo-violeta-parra-en-vacaciones-de-invierno-una-imperdible-oferta-educativa-y-cultural\/\",\"name\":\"Museo Violeta Parra en Vacaciones de Invierno: una imperdible oferta educativa y cultural - Museo Violeta Parra\",\"isPartOf\":{\"@id\":\"http:\/\/vientosur.top\/museo\/#website\"},\"primaryImageOfPage\":{\"@id\":\"http:\/\/vientosur.top\/museo\/museo-violeta-parra-en-vacaciones-de-invierno-una-imperdible-oferta-educativa-y-cultural\/#primaryimage\"},\"image\":{\"@id\":\"http:\/\/vientosur.top\/museo\/museo-violeta-parra-en-vacaciones-de-invierno-una-imperdible-oferta-educativa-y-cultural\/#primaryimage\"},\"thumbnailUrl\":\"http:\/\/vientosur.top\/museo\/wp-content\/uploads\/2016\/07\/DSC_0483.jpg\",\"datePublished\":\"2016-07-08T22:13:15+00:00\",\"author\":{\"@id\":\"http:\/\/vientosur.top\/museo\/#\/schema\/person\/20c79d3c38800971feec8c2693c3dd9c\"},\"breadcrumb\":{\"@id\":\"http:\/\/vientosur.top\/museo\/museo-violeta-parra-en-vacaciones-de-invierno-una-imperdible-oferta-educativa-y-cultural\/#breadcrumb\"},\"inLanguage\":\"es\",\"potentialAction\":[{\"@type\":\"ReadAction\",\"target\":[\"http:\/\/vientosur.top\/museo\/museo-violeta-parra-en-vacaciones-de-invierno-una-imperdible-oferta-educativa-y-cultural\/\"]}]},{\"@type\":\"ImageObject\",\"inLanguage\":\"es\",\"@id\":\"http:\/\/vientosur.top\/museo\/museo-violeta-parra-en-vacaciones-de-invierno-una-imperdible-oferta-educativa-y-cultural\/#primaryimage\",\"url\":\"http:\/\/vientosur.top\/museo\/wp-content\/uploads\/2016\/07\/DSC_0483.jpg\",\"contentUrl\":\"http:\/\/vientosur.top\/museo\/wp-content\/uploads\/2016\/07\/DSC_0483.jpg\",\"width\":1925,\"height\":1280},{\"@type\":\"BreadcrumbList\",\"@id\":\"http:\/\/vientosur.top\/museo\/museo-violeta-parra-en-vacaciones-de-invierno-una-imperdible-oferta-educativa-y-cultural\/#breadcrumb\",\"itemListElement\":[{\"@type\":\"ListItem\",\"position\":1,\"name\":\"Portada\",\"item\":\"http:\/\/vientosur.top\/museo\/\"},{\"@type\":\"ListItem\",\"position\":2,\"name\":\"Museo Violeta Parra en Vacaciones de Invierno: una imperdible oferta educativa y cultural\"}]},{\"@type\":\"WebSite\",\"@id\":\"http:\/\/vientosur.top\/museo\/#website\",\"url\":\"http:\/\/vientosur.top\/museo\/\",\"name\":\"Museo Violeta Parra\",\"description\":\"Espacio que alberga tanto la memoria y legado creativo de la artista\",\"potentialAction\":[{\"@type\":\"SearchAction\",\"target\":{\"@type\":\"EntryPoint\",\"urlTemplate\":\"http:\/\/vientosur.top\/museo\/?s={search_term_string}\"},\"query-input\":{\"@type\":\"PropertyValueSpecification\",\"valueRequired\":true,\"valueName\":\"search_term_string\"}}],\"inLanguage\":\"es\"},{\"@type\":\"Person\",\"@id\":\"http:\/\/vientosur.top\/museo\/#\/schema\/person\/20c79d3c38800971feec8c2693c3dd9c\",\"name\":\"admin\",\"image\":{\"@type\":\"ImageObject\",\"inLanguage\":\"es\",\"@id\":\"http:\/\/vientosur.top\/museo\/#\/schema\/person\/image\/\",\"url\":\"https:\/\/secure.gravatar.com\/avatar\/713677ece3ffa642287213a80e5b773bce9ab81c269dd6d95102a990951c922f?s=96&d=mm&r=g\",\"contentUrl\":\"https:\/\/secure.gravatar.com\/avatar\/713677ece3ffa642287213a80e5b773bce9ab81c269dd6d95102a990951c922f?s=96&d=mm&r=g\",\"caption\":\"admin\"},\"sameAs\":[\"http:\/\/vientosur.top\/museo\"],\"url\":\"http:\/\/vientosur.top\/museo\/author\/comunicacionesmvp\/\"}]}<\/script>\n<!-- \/ Yoast SEO plugin. -->","yoast_head_json":{"title":"Museo Violeta Parra en Vacaciones de Invierno: una imperdible oferta educativa y cultural - Museo Violeta Parra","robots":{"index":"index","follow":"follow","max-snippet":"max-snippet:-1","max-image-preview":"max-image-preview:large","max-video-preview":"max-video-preview:-1"},"canonical":"http:\/\/vientosur.top\/museo\/museo-violeta-parra-en-vacaciones-de-invierno-una-imperdible-oferta-educativa-y-cultural\/","og_locale":"es_ES","og_type":"article","og_title":"Museo Violeta Parra en Vacaciones de Invierno: una imperdible oferta educativa y cultural - Museo Violeta Parra","og_description":"M\u00fasica, teatro, y talleres como otras instancias de aprendizaje y cultura prepar\u00f3 el Museo Violeta Parra para los visitantes, turistas y especialmente para aquellos que disfrutar\u00e1n sus vacaciones de invierno.","og_url":"http:\/\/vientosur.top\/museo\/museo-violeta-parra-en-vacaciones-de-invierno-una-imperdible-oferta-educativa-y-cultural\/","og_site_name":"Museo Violeta Parra","article_published_time":"2016-07-08T22:13:15+00:00","og_image":[{"width":1925,"height":1280,"url":"http:\/\/vientosur.top\/museo\/wp-content\/uploads\/2016\/07\/DSC_0483.jpg","type":"image\/jpeg"}],"author":"admin","twitter_card":"summary_large_image","twitter_misc":{"Escrito por":"admin","Tiempo de lectura":"4 minutos"},"schema":{"@context":"https:\/\/schema.org","@graph":[{"@type":"WebPage","@id":"http:\/\/vientosur.top\/museo\/museo-violeta-parra-en-vacaciones-de-invierno-una-imperdible-oferta-educativa-y-cultural\/","url":"http:\/\/vientosur.top\/museo\/museo-violeta-parra-en-vacaciones-de-invierno-una-imperdible-oferta-educativa-y-cultural\/","name":"Museo Violeta Parra en Vacaciones de Invierno: una imperdible oferta educativa y cultural - Museo Violeta Parra","isPartOf":{"@id":"http:\/\/vientosur.top\/museo\/#website"},"primaryImageOfPage":{"@id":"http:\/\/vientosur.top\/museo\/museo-violeta-parra-en-vacaciones-de-invierno-una-imperdible-oferta-educativa-y-cultural\/#primaryimage"},"image":{"@id":"http:\/\/vientosur.top\/museo\/museo-violeta-parra-en-vacaciones-de-invierno-una-imperdible-oferta-educativa-y-cultural\/#primaryimage"},"thumbnailUrl":"http:\/\/vientosur.top\/museo\/wp-content\/uploads\/2016\/07\/DSC_0483.jpg","datePublished":"2016-07-08T22:13:15+00:00","author":{"@id":"http:\/\/vientosur.top\/museo\/#\/schema\/person\/20c79d3c38800971feec8c2693c3dd9c"},"breadcrumb":{"@id":"http:\/\/vientosur.top\/museo\/museo-violeta-parra-en-vacaciones-de-invierno-una-imperdible-oferta-educativa-y-cultural\/#breadcrumb"},"inLanguage":"es","potentialAction":[{"@type":"ReadAction","target":["http:\/\/vientosur.top\/museo\/museo-violeta-parra-en-vacaciones-de-invierno-una-imperdible-oferta-educativa-y-cultural\/"]}]},{"@type":"ImageObject","inLanguage":"es","@id":"http:\/\/vientosur.top\/museo\/museo-violeta-parra-en-vacaciones-de-invierno-una-imperdible-oferta-educativa-y-cultural\/#primaryimage","url":"http:\/\/vientosur.top\/museo\/wp-content\/uploads\/2016\/07\/DSC_0483.jpg","contentUrl":"http:\/\/vientosur.top\/museo\/wp-content\/uploads\/2016\/07\/DSC_0483.jpg","width":1925,"height":1280},{"@type":"BreadcrumbList","@id":"http:\/\/vientosur.top\/museo\/museo-violeta-parra-en-vacaciones-de-invierno-una-imperdible-oferta-educativa-y-cultural\/#breadcrumb","itemListElement":[{"@type":"ListItem","position":1,"name":"Portada","item":"http:\/\/vientosur.top\/museo\/"},{"@type":"ListItem","position":2,"name":"Museo Violeta Parra en Vacaciones de Invierno: una imperdible oferta educativa y cultural"}]},{"@type":"WebSite","@id":"http:\/\/vientosur.top\/museo\/#website","url":"http:\/\/vientosur.top\/museo\/","name":"Museo Violeta Parra","description":"Espacio que alberga tanto la memoria y legado creativo de la artista","potentialAction":[{"@type":"SearchAction","target":{"@type":"EntryPoint","urlTemplate":"http:\/\/vientosur.top\/museo\/?s={search_term_string}"},"query-input":{"@type":"PropertyValueSpecification","valueRequired":true,"valueName":"search_term_string"}}],"inLanguage":"es"},{"@type":"Person","@id":"http:\/\/vientosur.top\/museo\/#\/schema\/person\/20c79d3c38800971feec8c2693c3dd9c","name":"admin","image":{"@type":"ImageObject","inLanguage":"es","@id":"http:\/\/vientosur.top\/museo\/#\/schema\/person\/image\/","url":"https:\/\/secure.gravatar.com\/avatar\/713677ece3ffa642287213a80e5b773bce9ab81c269dd6d95102a990951c922f?s=96&d=mm&r=g","contentUrl":"https:\/\/secure.gravatar.com\/avatar\/713677ece3ffa642287213a80e5b773bce9ab81c269dd6d95102a990951c922f?s=96&d=mm&r=g","caption":"admin"},"sameAs":["http:\/\/vientosur.top\/museo"],"url":"http:\/\/vientosur.top\/museo\/author\/comunicacionesmvp\/"}]}},"_links":{"self":[{"href":"http:\/\/vientosur.top\/museo\/wp-json\/wp\/v2\/posts\/1306","targetHints":{"allow":["GET"]}}],"collection":[{"href":"http:\/\/vientosur.top\/museo\/wp-json\/wp\/v2\/posts"}],"about":[{"href":"http:\/\/vientosur.top\/museo\/wp-json\/wp\/v2\/types\/post"}],"author":[{"embeddable":true,"href":"http:\/\/vientosur.top\/museo\/wp-json\/wp\/v2\/users\/5"}],"replies":[{"embeddable":true,"href":"http:\/\/vientosur.top\/museo\/wp-json\/wp\/v2\/comments?post=1306"}],"version-history":[{"count":0,"href":"http:\/\/vientosur.top\/museo\/wp-json\/wp\/v2\/posts\/1306\/revisions"}],"wp:featuredmedia":[{"embeddable":true,"href":"http:\/\/vientosur.top\/museo\/wp-json\/wp\/v2\/media\/1307"}],"wp:attachment":[{"href":"http:\/\/vientosur.top\/museo\/wp-json\/wp\/v2\/media?parent=1306"}],"wp:term":[{"taxonomy":"category","embeddable":true,"href":"http:\/\/vientosur.top\/museo\/wp-json\/wp\/v2\/categories?post=1306"},{"taxonomy":"post_tag","embeddable":true,"href":"http:\/\/vientosur.top\/museo\/wp-json\/wp\/v2\/tags?post=1306"}],"curies":[{"name":"wp","href":"https:\/\/api.w.org\/{rel}","templated":true}]}}