{"id":13147,"date":"2018-01-17T12:52:32","date_gmt":"2018-01-17T17:52:32","guid":{"rendered":"http:\/\/vientosur.top\/museo\/?p=13147"},"modified":"2018-01-17T12:52:32","modified_gmt":"2018-01-17T17:52:32","slug":"libro-la-feliz-violeta-se-lanzara-este-sabado-presentacion-musical-del-grupo-zapallo","status":"publish","type":"post","link":"http:\/\/vientosur.top\/museo\/libro-la-feliz-violeta-se-lanzara-este-sabado-presentacion-musical-del-grupo-zapallo\/","title":{"rendered":"Libro \u201cYo soy la feliz Violeta\u201d se present\u00f3 en Museo Violeta Parra con participaci\u00f3n musical del Grupo Zapallo"},"content":{"rendered":"<p><em>La obra, con textos de Ana Mar\u00eda del R\u00edo e ilustraciones de Karina Cocq, es la publicaci\u00f3n con la que la l\u00ednea Infantil y Juvenil de Ediciones Biblioteca Nacional celebra los 100 a\u00f1os de la artista.<\/em><\/p>\n<p>&nbsp;<\/p>\n<p>\u201cYo soy la feliz Violeta\u201d es una autobiograf\u00eda\/ficci\u00f3n, basada en las d\u00e9cimas de Violeta Parra en la que recrea sus primeros quince a\u00f1os de vida, su infancia y los recuerdos de su zona natal de Chill\u00e1n. El t\u00edtulo del libro est\u00e1 tomado, textualmente, de una de las d\u00e9cimas que corresponde a esa \u00e9poca. La actividad, realizada el s\u00e1bado 20 de enero en la Sala Antar del Museo Violeta Parra, cont\u00f3 con intervenciones de: Cecilia Garc\u00eda-Huidobro, Directora del Museo Violeta Parra; Pedro Pablo Zegers, Subdirector de la Biblioteca Nacional; la escritora Ana Mar\u00eda del R\u00edo y la ilustradora Karina Cocq. Luego el Grupo Zapallo interpret\u00f3 canciones de Violeta en compa\u00f1\u00eda de la actriz Claudia Sabat.<\/p>\n<p><strong>Sobre las autoras<\/strong><\/p>\n<p>La escritora Ana Mar\u00eda del R\u00edo es una cuentista y novelista chilena, adem\u00e1s de profesora de castellano de la Universidad Cat\u00f3lica de Chile. Su producci\u00f3n se ha publicado tanto en\u00a0 Chile como en Espa\u00f1a, Argentina, Alemania, Italia y Estados Unidos. Debut\u00f3 en el \u00e1mbito literario con su libro \u201cEntrepar\u00e9ntesis\u201d, en 1985, con el cual gan\u00f3 el Premio Municipal de Cuentos de la Municipalidad de Santiago. Un a\u00f1o despu\u00e9s, lanza\u00a0 su primera novela con el t\u00edtulo \u201c\u00d3xido de Carmen\u201d que aborda la problem\u00e1tica de la familia chilena tradicional en un audaz paralelo con la dictadura imperante en aquel tiempo. Su m\u00e1s reciente galard\u00f3n lo obtuvo en 2005 con el Premio Municipal de Literatura Juvenil por la obra \u201cLita, la ni\u00f1a del fin del mundo\u201d.<\/p>\n<p>La ilustradora Karina Cocq es licenciada en artes de la Universidad de Chile y especializada en ilustraci\u00f3n de publicaciones infantiles en EINA, Barcelona. Desde 2010 \u00a0ha ilustrado para diferentes instituciones como el Programa Explora de CONICYT, el Museo de la Memoria y los Derechos Humanos, la Fundaci\u00f3n Pablo Neruda y la Revista Hab\u00eda una Vez. Su trabajo se destaca por el uso de las acuarelas, la tinta china y el l\u00e1piz grafito, dando origen a im\u00e1genes cargadas de simbolismo y realismo m\u00e1gico.<\/p>\n<p><strong>En bibliotecas de todo Chile<\/strong><\/p>\n<p>\u201cYo soy la feliz Violeta\u201d se puede consultar tanto en bibliotecas p\u00fablicas como universitarias y en la Biblioteca Infantil de la Sala Educativa del Museo Violeta Parra. Adem\u00e1s, se encuentra a la venta en la Unidad de Ediciones de la Biblioteca Nacional (primer piso entrada por Alameda 651).<\/p>\n<p>&nbsp;<\/p>\n<p><a href=\"http:\/\/vientosur.top\/museo\/wp-content\/uploads\/2018\/01\/yosoylafeliz.jpg\"><img fetchpriority=\"high\" decoding=\"async\" class=\"alignnone wp-image-13153 \" src=\"http:\/\/vientosur.top\/museo\/wp-content\/uploads\/2018\/01\/yosoylafeliz-652x1024.jpg\" alt=\"\" width=\"537\" height=\"843\" \/><\/a><\/p>\n<p>&nbsp;<\/p>\n<p>&nbsp;<\/p>\n","protected":false},"excerpt":{"rendered":"<p>La obra, con textos de Ana Mar\u00eda del R\u00edo e ilustraciones de Karina Cocq, es la publicaci\u00f3n con la que la l\u00ednea Infantil y Juvenil de Ediciones Biblioteca Nacional celebra los 100 a\u00f1os de la artista. &nbsp; \u201cYo soy la feliz Violeta\u201d es una autobiograf\u00eda\/ficci\u00f3n, basada en las d\u00e9cimas de Violeta Parra en la que [&hellip;]<\/p>\n","protected":false},"author":5,"featured_media":13232,"comment_status":"open","ping_status":"open","sticky":false,"template":"","format":"standard","meta":{"site-sidebar-layout":"default","site-content-layout":"","ast-site-content-layout":"default","site-content-style":"default","site-sidebar-style":"default","ast-global-header-display":"","ast-banner-title-visibility":"","ast-main-header-display":"","ast-hfb-above-header-display":"","ast-hfb-below-header-display":"","ast-hfb-mobile-header-display":"","site-post-title":"","ast-breadcrumbs-content":"","ast-featured-img":"","footer-sml-layout":"","theme-transparent-header-meta":"","adv-header-id-meta":"","stick-header-meta":"","header-above-stick-meta":"","header-main-stick-meta":"","header-below-stick-meta":"","astra-migrate-meta-layouts":"default","ast-page-background-enabled":"default","ast-page-background-meta":{"desktop":{"background-color":"var(--ast-global-color-4)","background-image":"","background-repeat":"repeat","background-position":"center center","background-size":"auto","background-attachment":"scroll","background-type":"","background-media":"","overlay-type":"","overlay-color":"","overlay-opacity":"","overlay-gradient":""},"tablet":{"background-color":"","background-image":"","background-repeat":"repeat","background-position":"center center","background-size":"auto","background-attachment":"scroll","background-type":"","background-media":"","overlay-type":"","overlay-color":"","overlay-opacity":"","overlay-gradient":""},"mobile":{"background-color":"","background-image":"","background-repeat":"repeat","background-position":"center center","background-size":"auto","background-attachment":"scroll","background-type":"","background-media":"","overlay-type":"","overlay-color":"","overlay-opacity":"","overlay-gradient":""}},"ast-content-background-meta":{"desktop":{"background-color":"var(--ast-global-color-5)","background-image":"","background-repeat":"repeat","background-position":"center center","background-size":"auto","background-attachment":"scroll","background-type":"","background-media":"","overlay-type":"","overlay-color":"","overlay-opacity":"","overlay-gradient":""},"tablet":{"background-color":"var(--ast-global-color-5)","background-image":"","background-repeat":"repeat","background-position":"center center","background-size":"auto","background-attachment":"scroll","background-type":"","background-media":"","overlay-type":"","overlay-color":"","overlay-opacity":"","overlay-gradient":""},"mobile":{"background-color":"var(--ast-global-color-5)","background-image":"","background-repeat":"repeat","background-position":"center center","background-size":"auto","background-attachment":"scroll","background-type":"","background-media":"","overlay-type":"","overlay-color":"","overlay-opacity":"","overlay-gradient":""}},"footnotes":""},"categories":[59,8,61],"tags":[],"class_list":["post-13147","post","type-post","status-publish","format-standard","has-post-thumbnail","hentry","category-destacado-noticia","category-noticias","category-novedades"],"yoast_head":"<!-- This site is optimized with the Yoast SEO plugin v25.4 - https:\/\/yoast.com\/wordpress\/plugins\/seo\/ -->\n<title>Libro \u201cYo soy la feliz Violeta\u201d se present\u00f3 en Museo Violeta Parra con participaci\u00f3n musical del Grupo Zapallo - Museo Violeta Parra<\/title>\n<meta name=\"robots\" content=\"index, follow, max-snippet:-1, max-image-preview:large, max-video-preview:-1\" \/>\n<link rel=\"canonical\" href=\"http:\/\/vientosur.top\/museo\/libro-la-feliz-violeta-se-lanzara-este-sabado-presentacion-musical-del-grupo-zapallo\/\" \/>\n<meta property=\"og:locale\" content=\"es_ES\" \/>\n<meta property=\"og:type\" content=\"article\" \/>\n<meta property=\"og:title\" content=\"Libro \u201cYo soy la feliz Violeta\u201d se present\u00f3 en Museo Violeta Parra con participaci\u00f3n musical del Grupo Zapallo - Museo Violeta Parra\" \/>\n<meta property=\"og:description\" content=\"La obra, con textos de Ana Mar\u00eda del R\u00edo e ilustraciones de Karina Cocq, es la publicaci\u00f3n con la que la l\u00ednea Infantil y Juvenil de Ediciones Biblioteca Nacional celebra los 100 a\u00f1os de la artista. &nbsp; \u201cYo soy la feliz Violeta\u201d es una autobiograf\u00eda\/ficci\u00f3n, basada en las d\u00e9cimas de Violeta Parra en la que [&hellip;]\" \/>\n<meta property=\"og:url\" content=\"http:\/\/vientosur.top\/museo\/libro-la-feliz-violeta-se-lanzara-este-sabado-presentacion-musical-del-grupo-zapallo\/\" \/>\n<meta property=\"og:site_name\" content=\"Museo Violeta Parra\" \/>\n<meta property=\"article:published_time\" content=\"2018-01-17T17:52:32+00:00\" \/>\n<meta property=\"og:image\" content=\"http:\/\/vientosur.top\/museo\/wp-content\/uploads\/2018\/01\/grupozapallo.jpg\" \/>\n\t<meta property=\"og:image:width\" content=\"2048\" \/>\n\t<meta property=\"og:image:height\" content=\"1152\" \/>\n\t<meta property=\"og:image:type\" content=\"image\/jpeg\" \/>\n<meta name=\"author\" content=\"admin\" \/>\n<meta name=\"twitter:card\" content=\"summary_large_image\" \/>\n<meta name=\"twitter:label1\" content=\"Escrito por\" \/>\n\t<meta name=\"twitter:data1\" content=\"admin\" \/>\n\t<meta name=\"twitter:label2\" content=\"Tiempo de lectura\" \/>\n\t<meta name=\"twitter:data2\" content=\"2 minutos\" \/>\n<script type=\"application\/ld+json\" class=\"yoast-schema-graph\">{\"@context\":\"https:\/\/schema.org\",\"@graph\":[{\"@type\":\"WebPage\",\"@id\":\"http:\/\/vientosur.top\/museo\/libro-la-feliz-violeta-se-lanzara-este-sabado-presentacion-musical-del-grupo-zapallo\/\",\"url\":\"http:\/\/vientosur.top\/museo\/libro-la-feliz-violeta-se-lanzara-este-sabado-presentacion-musical-del-grupo-zapallo\/\",\"name\":\"Libro \u201cYo soy la feliz Violeta\u201d se present\u00f3 en Museo Violeta Parra con participaci\u00f3n musical del Grupo Zapallo - Museo Violeta Parra\",\"isPartOf\":{\"@id\":\"http:\/\/vientosur.top\/museo\/#website\"},\"primaryImageOfPage\":{\"@id\":\"http:\/\/vientosur.top\/museo\/libro-la-feliz-violeta-se-lanzara-este-sabado-presentacion-musical-del-grupo-zapallo\/#primaryimage\"},\"image\":{\"@id\":\"http:\/\/vientosur.top\/museo\/libro-la-feliz-violeta-se-lanzara-este-sabado-presentacion-musical-del-grupo-zapallo\/#primaryimage\"},\"thumbnailUrl\":\"http:\/\/vientosur.top\/museo\/wp-content\/uploads\/2018\/01\/grupozapallo.jpg\",\"datePublished\":\"2018-01-17T17:52:32+00:00\",\"author\":{\"@id\":\"http:\/\/vientosur.top\/museo\/#\/schema\/person\/20c79d3c38800971feec8c2693c3dd9c\"},\"breadcrumb\":{\"@id\":\"http:\/\/vientosur.top\/museo\/libro-la-feliz-violeta-se-lanzara-este-sabado-presentacion-musical-del-grupo-zapallo\/#breadcrumb\"},\"inLanguage\":\"es\",\"potentialAction\":[{\"@type\":\"ReadAction\",\"target\":[\"http:\/\/vientosur.top\/museo\/libro-la-feliz-violeta-se-lanzara-este-sabado-presentacion-musical-del-grupo-zapallo\/\"]}]},{\"@type\":\"ImageObject\",\"inLanguage\":\"es\",\"@id\":\"http:\/\/vientosur.top\/museo\/libro-la-feliz-violeta-se-lanzara-este-sabado-presentacion-musical-del-grupo-zapallo\/#primaryimage\",\"url\":\"http:\/\/vientosur.top\/museo\/wp-content\/uploads\/2018\/01\/grupozapallo.jpg\",\"contentUrl\":\"http:\/\/vientosur.top\/museo\/wp-content\/uploads\/2018\/01\/grupozapallo.jpg\",\"width\":2048,\"height\":1152},{\"@type\":\"BreadcrumbList\",\"@id\":\"http:\/\/vientosur.top\/museo\/libro-la-feliz-violeta-se-lanzara-este-sabado-presentacion-musical-del-grupo-zapallo\/#breadcrumb\",\"itemListElement\":[{\"@type\":\"ListItem\",\"position\":1,\"name\":\"Portada\",\"item\":\"http:\/\/vientosur.top\/museo\/\"},{\"@type\":\"ListItem\",\"position\":2,\"name\":\"Libro \u201cYo soy la feliz Violeta\u201d se present\u00f3 en Museo Violeta Parra con participaci\u00f3n musical del Grupo Zapallo\"}]},{\"@type\":\"WebSite\",\"@id\":\"http:\/\/vientosur.top\/museo\/#website\",\"url\":\"http:\/\/vientosur.top\/museo\/\",\"name\":\"Museo Violeta Parra\",\"description\":\"Espacio que alberga tanto la memoria y legado creativo de la artista\",\"potentialAction\":[{\"@type\":\"SearchAction\",\"target\":{\"@type\":\"EntryPoint\",\"urlTemplate\":\"http:\/\/vientosur.top\/museo\/?s={search_term_string}\"},\"query-input\":{\"@type\":\"PropertyValueSpecification\",\"valueRequired\":true,\"valueName\":\"search_term_string\"}}],\"inLanguage\":\"es\"},{\"@type\":\"Person\",\"@id\":\"http:\/\/vientosur.top\/museo\/#\/schema\/person\/20c79d3c38800971feec8c2693c3dd9c\",\"name\":\"admin\",\"image\":{\"@type\":\"ImageObject\",\"inLanguage\":\"es\",\"@id\":\"http:\/\/vientosur.top\/museo\/#\/schema\/person\/image\/\",\"url\":\"https:\/\/secure.gravatar.com\/avatar\/713677ece3ffa642287213a80e5b773bce9ab81c269dd6d95102a990951c922f?s=96&d=mm&r=g\",\"contentUrl\":\"https:\/\/secure.gravatar.com\/avatar\/713677ece3ffa642287213a80e5b773bce9ab81c269dd6d95102a990951c922f?s=96&d=mm&r=g\",\"caption\":\"admin\"},\"sameAs\":[\"http:\/\/vientosur.top\/museo\"],\"url\":\"http:\/\/vientosur.top\/museo\/author\/comunicacionesmvp\/\"}]}<\/script>\n<!-- \/ Yoast SEO plugin. -->","yoast_head_json":{"title":"Libro \u201cYo soy la feliz Violeta\u201d se present\u00f3 en Museo Violeta Parra con participaci\u00f3n musical del Grupo Zapallo - Museo Violeta Parra","robots":{"index":"index","follow":"follow","max-snippet":"max-snippet:-1","max-image-preview":"max-image-preview:large","max-video-preview":"max-video-preview:-1"},"canonical":"http:\/\/vientosur.top\/museo\/libro-la-feliz-violeta-se-lanzara-este-sabado-presentacion-musical-del-grupo-zapallo\/","og_locale":"es_ES","og_type":"article","og_title":"Libro \u201cYo soy la feliz Violeta\u201d se present\u00f3 en Museo Violeta Parra con participaci\u00f3n musical del Grupo Zapallo - Museo Violeta Parra","og_description":"La obra, con textos de Ana Mar\u00eda del R\u00edo e ilustraciones de Karina Cocq, es la publicaci\u00f3n con la que la l\u00ednea Infantil y Juvenil de Ediciones Biblioteca Nacional celebra los 100 a\u00f1os de la artista. &nbsp; \u201cYo soy la feliz Violeta\u201d es una autobiograf\u00eda\/ficci\u00f3n, basada en las d\u00e9cimas de Violeta Parra en la que [&hellip;]","og_url":"http:\/\/vientosur.top\/museo\/libro-la-feliz-violeta-se-lanzara-este-sabado-presentacion-musical-del-grupo-zapallo\/","og_site_name":"Museo Violeta Parra","article_published_time":"2018-01-17T17:52:32+00:00","og_image":[{"width":2048,"height":1152,"url":"http:\/\/vientosur.top\/museo\/wp-content\/uploads\/2018\/01\/grupozapallo.jpg","type":"image\/jpeg"}],"author":"admin","twitter_card":"summary_large_image","twitter_misc":{"Escrito por":"admin","Tiempo de lectura":"2 minutos"},"schema":{"@context":"https:\/\/schema.org","@graph":[{"@type":"WebPage","@id":"http:\/\/vientosur.top\/museo\/libro-la-feliz-violeta-se-lanzara-este-sabado-presentacion-musical-del-grupo-zapallo\/","url":"http:\/\/vientosur.top\/museo\/libro-la-feliz-violeta-se-lanzara-este-sabado-presentacion-musical-del-grupo-zapallo\/","name":"Libro \u201cYo soy la feliz Violeta\u201d se present\u00f3 en Museo Violeta Parra con participaci\u00f3n musical del Grupo Zapallo - Museo Violeta Parra","isPartOf":{"@id":"http:\/\/vientosur.top\/museo\/#website"},"primaryImageOfPage":{"@id":"http:\/\/vientosur.top\/museo\/libro-la-feliz-violeta-se-lanzara-este-sabado-presentacion-musical-del-grupo-zapallo\/#primaryimage"},"image":{"@id":"http:\/\/vientosur.top\/museo\/libro-la-feliz-violeta-se-lanzara-este-sabado-presentacion-musical-del-grupo-zapallo\/#primaryimage"},"thumbnailUrl":"http:\/\/vientosur.top\/museo\/wp-content\/uploads\/2018\/01\/grupozapallo.jpg","datePublished":"2018-01-17T17:52:32+00:00","author":{"@id":"http:\/\/vientosur.top\/museo\/#\/schema\/person\/20c79d3c38800971feec8c2693c3dd9c"},"breadcrumb":{"@id":"http:\/\/vientosur.top\/museo\/libro-la-feliz-violeta-se-lanzara-este-sabado-presentacion-musical-del-grupo-zapallo\/#breadcrumb"},"inLanguage":"es","potentialAction":[{"@type":"ReadAction","target":["http:\/\/vientosur.top\/museo\/libro-la-feliz-violeta-se-lanzara-este-sabado-presentacion-musical-del-grupo-zapallo\/"]}]},{"@type":"ImageObject","inLanguage":"es","@id":"http:\/\/vientosur.top\/museo\/libro-la-feliz-violeta-se-lanzara-este-sabado-presentacion-musical-del-grupo-zapallo\/#primaryimage","url":"http:\/\/vientosur.top\/museo\/wp-content\/uploads\/2018\/01\/grupozapallo.jpg","contentUrl":"http:\/\/vientosur.top\/museo\/wp-content\/uploads\/2018\/01\/grupozapallo.jpg","width":2048,"height":1152},{"@type":"BreadcrumbList","@id":"http:\/\/vientosur.top\/museo\/libro-la-feliz-violeta-se-lanzara-este-sabado-presentacion-musical-del-grupo-zapallo\/#breadcrumb","itemListElement":[{"@type":"ListItem","position":1,"name":"Portada","item":"http:\/\/vientosur.top\/museo\/"},{"@type":"ListItem","position":2,"name":"Libro \u201cYo soy la feliz Violeta\u201d se present\u00f3 en Museo Violeta Parra con participaci\u00f3n musical del Grupo Zapallo"}]},{"@type":"WebSite","@id":"http:\/\/vientosur.top\/museo\/#website","url":"http:\/\/vientosur.top\/museo\/","name":"Museo Violeta Parra","description":"Espacio que alberga tanto la memoria y legado creativo de la artista","potentialAction":[{"@type":"SearchAction","target":{"@type":"EntryPoint","urlTemplate":"http:\/\/vientosur.top\/museo\/?s={search_term_string}"},"query-input":{"@type":"PropertyValueSpecification","valueRequired":true,"valueName":"search_term_string"}}],"inLanguage":"es"},{"@type":"Person","@id":"http:\/\/vientosur.top\/museo\/#\/schema\/person\/20c79d3c38800971feec8c2693c3dd9c","name":"admin","image":{"@type":"ImageObject","inLanguage":"es","@id":"http:\/\/vientosur.top\/museo\/#\/schema\/person\/image\/","url":"https:\/\/secure.gravatar.com\/avatar\/713677ece3ffa642287213a80e5b773bce9ab81c269dd6d95102a990951c922f?s=96&d=mm&r=g","contentUrl":"https:\/\/secure.gravatar.com\/avatar\/713677ece3ffa642287213a80e5b773bce9ab81c269dd6d95102a990951c922f?s=96&d=mm&r=g","caption":"admin"},"sameAs":["http:\/\/vientosur.top\/museo"],"url":"http:\/\/vientosur.top\/museo\/author\/comunicacionesmvp\/"}]}},"_links":{"self":[{"href":"http:\/\/vientosur.top\/museo\/wp-json\/wp\/v2\/posts\/13147","targetHints":{"allow":["GET"]}}],"collection":[{"href":"http:\/\/vientosur.top\/museo\/wp-json\/wp\/v2\/posts"}],"about":[{"href":"http:\/\/vientosur.top\/museo\/wp-json\/wp\/v2\/types\/post"}],"author":[{"embeddable":true,"href":"http:\/\/vientosur.top\/museo\/wp-json\/wp\/v2\/users\/5"}],"replies":[{"embeddable":true,"href":"http:\/\/vientosur.top\/museo\/wp-json\/wp\/v2\/comments?post=13147"}],"version-history":[{"count":0,"href":"http:\/\/vientosur.top\/museo\/wp-json\/wp\/v2\/posts\/13147\/revisions"}],"wp:featuredmedia":[{"embeddable":true,"href":"http:\/\/vientosur.top\/museo\/wp-json\/wp\/v2\/media\/13232"}],"wp:attachment":[{"href":"http:\/\/vientosur.top\/museo\/wp-json\/wp\/v2\/media?parent=13147"}],"wp:term":[{"taxonomy":"category","embeddable":true,"href":"http:\/\/vientosur.top\/museo\/wp-json\/wp\/v2\/categories?post=13147"},{"taxonomy":"post_tag","embeddable":true,"href":"http:\/\/vientosur.top\/museo\/wp-json\/wp\/v2\/tags?post=13147"}],"curies":[{"name":"wp","href":"https:\/\/api.w.org\/{rel}","templated":true}]}}