{"id":13257,"date":"2018-01-23T08:34:32","date_gmt":"2018-01-23T13:34:32","guid":{"rendered":"http:\/\/vientosur.top\/museo\/?p=13257"},"modified":"2018-01-23T08:34:32","modified_gmt":"2018-01-23T13:34:32","slug":"museo-violeta-parra-lamenta-partida-nicanor-parra-1914-2018","status":"publish","type":"post","link":"http:\/\/vientosur.top\/museo\/museo-violeta-parra-lamenta-partida-nicanor-parra-1914-2018\/","title":{"rendered":"Museo Violeta Parra lamenta partida del poeta universal Nicanor Parra (1914-2018)"},"content":{"rendered":"<p>&nbsp;<\/p>\n<p>\u00abDurante medio siglo la poes\u00eda fue el para\u00edso del tonto solemne hasta que vine yo y me instal\u00e9 con mi monta\u00f1a rusa\u00bb. Con estas palabras Nicanor Parra reconoce el impacto que su poes\u00eda caus\u00f3 en la literatura nacional. El poeta que subvirti\u00f3 de manera tajante la l\u00edrica chilena en su \u00e9poca, naci\u00f3 en San Fabi\u00e1n de Alico, cerca de Chill\u00e1n, en 1914, en el seno de una familia campesina. Junto a sus padres y numerosos hermanos -Violeta Parra entre ellos-, constitu\u00edan una familia de clase media provinciana. En 1932 se traslad\u00f3 a Santiago para concluir los estudios secundarios en el Internado Barros Arana. En esta instituci\u00f3n trab\u00f3 amistad con Jorge Millas, Luis Oyarz\u00fan y Carlos Pedraza, con quienes comparti\u00f3 nuevas b\u00fasquedas literarias y art\u00edsticas. En 1933, ingres\u00f3 al Instituto Pedag\u00f3gico de la Universidad de Chile, para iniciar las carreras de matem\u00e1tica y f\u00edsica.<\/p>\n<p>&nbsp;<\/p>\n<p>La personalidad inquisitiva y curiosa de Parra lo llev\u00f3 a explorar todo el horizonte literario y cultural que lo rodeaba, descubriendo diferentes estilos, lenguajes y formas de arte contempor\u00e1neo. Este proceso traspas\u00f3 toda su producci\u00f3n po\u00e9tica y lo llev\u00f3 a profundizar su propia est\u00e9tica. En su primer libro publicado, <em>Cancionero sin nombre<\/em> (1935), incorpor\u00f3 la figura m\u00e9trica del romance, el desarrollo narrativo de los poemas y el hablante po\u00e9tico como personaje de los versos. Seg\u00fan la cr\u00edtica especializada, el modelo de este poemario fue el Romancero gitano de Federico Garc\u00eda Lorca, aunque ya existen elementos que prefiguran la antipoes\u00eda. La sinton\u00eda con el romance provino del conocimiento de la cultura tradicional campesina que lo rode\u00f3 desde ni\u00f1o.<\/p>\n<p>&nbsp;<\/p>\n<p>En 1943 viaj\u00f3 a Estados Unidos becado por el Institute of International Education para continuar estudios de especializaci\u00f3n, y los ampli\u00f3 a partir de 1949 en Gran Breta\u00f1a. Este per\u00edodo lo conect\u00f3 con la literatura y cultura de Norteam\u00e9rica y Europa, lo que potenci\u00f3 su labor po\u00e9tica. Dos a\u00f1os despu\u00e9s de volver a Chile, en 1954, public\u00f3 Poemas y antipoemas, el libro que produjo un corte radical en la poes\u00eda chilena e hispanoamerica, y marc\u00f3 la irrupci\u00f3n del modelo antipo\u00e9tico. En este volumen desarroll\u00f3 su propuesta literaria, distinta de las que practicaban los creadores chilenos en ese momento: la antipoes\u00eda. Sus versos cargados de iron\u00eda, utilizan un lenguaje cotidiano, directo, con un ritmo que se adapta a la circunstancia a la que se refiere.<\/p>\n<p>&nbsp;<\/p>\n<p><em>La cueca larga<\/em> (1958) muestra otra de las fuentes de inspiraci\u00f3n de Parra: los festivos ritmos populares chilenos, que parodia con destreza.<\/p>\n<p>&nbsp;<\/p>\n<p>Desde este momento la producci\u00f3n de Parra se hizo prol\u00edfica: <em>Versos de sal\u00f3n<\/em> (1962), <em>Canciones rusas<\/em> (1967), <em>Obra gruesa<\/em> (1969), <em>Artefactos<\/em> (1972), <em>Sermones y pr\u00e9dicas del Cristo de Elqui <\/em>(1977), <em>Nuevos sermones y pr\u00e9dicas del Cristo de Elqui <\/em>(1979<em>), Chistes para desorientar a la poes\u00eda: Chistes parra desorientar a la polic\u00eda <\/em>(1983), <em>Coplas de Navidad<\/em> (1983), <em>Poes\u00eda pol\u00edtica<\/em> (1983), <em>Hojas de Parra<\/em> (1985). Cada uno de estos libros revelan las premisas del modelo antipo\u00e9tico y la capacidad del poeta para hacerlo evolucionar.<\/p>\n<p>&nbsp;<\/p>\n<p>Esta extensa trayectoria posicion\u00f3 a Nicanor Parra como uno de los protagonistas de las letras chilenas desde la segunda mitad del siglo XX. La influencia de su propuesta est\u00e9tica sobre la cultura nacional le vali\u00f3 obtener el Premio Nacional de Literatura en el a\u00f1o 1969. A los reconocimientos y homenajes que ha obtenido en Chile, Premio Iberoamericano de Poes\u00eda Pablo Neruda (2012), se han sumado importantes distinciones internacionales, entre las cuales destacan el Premio Juan Rulfo en 1991, el Reina Sof\u00eda en 2001 y, en 2011, el Premio Cervantes, m\u00e1ximo galard\u00f3n de la literatura en lengua hispana.<\/p>\n<h5><a href=\"http:\/\/www.memoriachilena.cl\/602\/w3-article-3629.html#presentacion\" target=\"_blank\" rel=\"noopener noreferrer\">Fuente: Memoria Chilena &#8211; Biblioteca Nacional de Chile<\/a><br \/>\nFotograf\u00eda del Archivo de la Fundaci\u00f3n Violeta Parra<\/h5>\n<p>&nbsp;<\/p>\n<p>&nbsp;<\/p>\n<p>&nbsp;<\/p>\n","protected":false},"excerpt":{"rendered":"<p>&nbsp; \u00abDurante medio siglo la poes\u00eda fue el para\u00edso del tonto solemne hasta que vine yo y me instal\u00e9 con mi monta\u00f1a rusa\u00bb. Con estas palabras Nicanor Parra reconoce el impacto que su poes\u00eda caus\u00f3 en la literatura nacional. El poeta que subvirti\u00f3 de manera tajante la l\u00edrica chilena en su \u00e9poca, naci\u00f3 en San [&hellip;]<\/p>\n","protected":false},"author":5,"featured_media":13263,"comment_status":"open","ping_status":"open","sticky":false,"template":"","format":"standard","meta":{"site-sidebar-layout":"default","site-content-layout":"","ast-site-content-layout":"default","site-content-style":"default","site-sidebar-style":"default","ast-global-header-display":"","ast-banner-title-visibility":"","ast-main-header-display":"","ast-hfb-above-header-display":"","ast-hfb-below-header-display":"","ast-hfb-mobile-header-display":"","site-post-title":"","ast-breadcrumbs-content":"","ast-featured-img":"","footer-sml-layout":"","theme-transparent-header-meta":"","adv-header-id-meta":"","stick-header-meta":"","header-above-stick-meta":"","header-main-stick-meta":"","header-below-stick-meta":"","astra-migrate-meta-layouts":"default","ast-page-background-enabled":"default","ast-page-background-meta":{"desktop":{"background-color":"var(--ast-global-color-4)","background-image":"","background-repeat":"repeat","background-position":"center center","background-size":"auto","background-attachment":"scroll","background-type":"","background-media":"","overlay-type":"","overlay-color":"","overlay-opacity":"","overlay-gradient":""},"tablet":{"background-color":"","background-image":"","background-repeat":"repeat","background-position":"center center","background-size":"auto","background-attachment":"scroll","background-type":"","background-media":"","overlay-type":"","overlay-color":"","overlay-opacity":"","overlay-gradient":""},"mobile":{"background-color":"","background-image":"","background-repeat":"repeat","background-position":"center center","background-size":"auto","background-attachment":"scroll","background-type":"","background-media":"","overlay-type":"","overlay-color":"","overlay-opacity":"","overlay-gradient":""}},"ast-content-background-meta":{"desktop":{"background-color":"var(--ast-global-color-5)","background-image":"","background-repeat":"repeat","background-position":"center center","background-size":"auto","background-attachment":"scroll","background-type":"","background-media":"","overlay-type":"","overlay-color":"","overlay-opacity":"","overlay-gradient":""},"tablet":{"background-color":"var(--ast-global-color-5)","background-image":"","background-repeat":"repeat","background-position":"center center","background-size":"auto","background-attachment":"scroll","background-type":"","background-media":"","overlay-type":"","overlay-color":"","overlay-opacity":"","overlay-gradient":""},"mobile":{"background-color":"var(--ast-global-color-5)","background-image":"","background-repeat":"repeat","background-position":"center center","background-size":"auto","background-attachment":"scroll","background-type":"","background-media":"","overlay-type":"","overlay-color":"","overlay-opacity":"","overlay-gradient":""}},"footnotes":""},"categories":[59,8,61],"tags":[],"class_list":["post-13257","post","type-post","status-publish","format-standard","has-post-thumbnail","hentry","category-destacado-noticia","category-noticias","category-novedades"],"yoast_head":"<!-- This site is optimized with the Yoast SEO plugin v25.4 - https:\/\/yoast.com\/wordpress\/plugins\/seo\/ -->\n<title>Museo Violeta Parra lamenta partida del poeta universal Nicanor Parra (1914-2018) - Museo Violeta Parra<\/title>\n<meta name=\"robots\" content=\"index, follow, max-snippet:-1, max-image-preview:large, max-video-preview:-1\" \/>\n<link rel=\"canonical\" href=\"http:\/\/vientosur.top\/museo\/museo-violeta-parra-lamenta-partida-nicanor-parra-1914-2018\/\" \/>\n<meta property=\"og:locale\" content=\"es_ES\" \/>\n<meta property=\"og:type\" content=\"article\" \/>\n<meta property=\"og:title\" content=\"Museo Violeta Parra lamenta partida del poeta universal Nicanor Parra (1914-2018) - Museo Violeta Parra\" \/>\n<meta property=\"og:description\" content=\"&nbsp; \u00abDurante medio siglo la poes\u00eda fue el para\u00edso del tonto solemne hasta que vine yo y me instal\u00e9 con mi monta\u00f1a rusa\u00bb. Con estas palabras Nicanor Parra reconoce el impacto que su poes\u00eda caus\u00f3 en la literatura nacional. El poeta que subvirti\u00f3 de manera tajante la l\u00edrica chilena en su \u00e9poca, naci\u00f3 en San [&hellip;]\" \/>\n<meta property=\"og:url\" content=\"http:\/\/vientosur.top\/museo\/museo-violeta-parra-lamenta-partida-nicanor-parra-1914-2018\/\" \/>\n<meta property=\"og:site_name\" content=\"Museo Violeta Parra\" \/>\n<meta property=\"article:published_time\" content=\"2018-01-23T13:34:32+00:00\" \/>\n<meta property=\"og:image\" content=\"http:\/\/vientosur.top\/museo\/wp-content\/uploads\/2018\/01\/violetanicanor-scaled.jpg\" \/>\n\t<meta property=\"og:image:width\" content=\"2560\" \/>\n\t<meta property=\"og:image:height\" content=\"1414\" \/>\n\t<meta property=\"og:image:type\" content=\"image\/jpeg\" \/>\n<meta name=\"author\" content=\"admin\" \/>\n<meta name=\"twitter:card\" content=\"summary_large_image\" \/>\n<meta name=\"twitter:label1\" content=\"Escrito por\" \/>\n\t<meta name=\"twitter:data1\" content=\"admin\" \/>\n\t<meta name=\"twitter:label2\" content=\"Tiempo de lectura\" \/>\n\t<meta name=\"twitter:data2\" content=\"3 minutos\" \/>\n<script type=\"application\/ld+json\" class=\"yoast-schema-graph\">{\"@context\":\"https:\/\/schema.org\",\"@graph\":[{\"@type\":\"WebPage\",\"@id\":\"http:\/\/vientosur.top\/museo\/museo-violeta-parra-lamenta-partida-nicanor-parra-1914-2018\/\",\"url\":\"http:\/\/vientosur.top\/museo\/museo-violeta-parra-lamenta-partida-nicanor-parra-1914-2018\/\",\"name\":\"Museo Violeta Parra lamenta partida del poeta universal Nicanor Parra (1914-2018) - Museo Violeta Parra\",\"isPartOf\":{\"@id\":\"http:\/\/vientosur.top\/museo\/#website\"},\"primaryImageOfPage\":{\"@id\":\"http:\/\/vientosur.top\/museo\/museo-violeta-parra-lamenta-partida-nicanor-parra-1914-2018\/#primaryimage\"},\"image\":{\"@id\":\"http:\/\/vientosur.top\/museo\/museo-violeta-parra-lamenta-partida-nicanor-parra-1914-2018\/#primaryimage\"},\"thumbnailUrl\":\"http:\/\/vientosur.top\/museo\/wp-content\/uploads\/2018\/01\/violetanicanor-scaled.jpg\",\"datePublished\":\"2018-01-23T13:34:32+00:00\",\"author\":{\"@id\":\"http:\/\/vientosur.top\/museo\/#\/schema\/person\/20c79d3c38800971feec8c2693c3dd9c\"},\"breadcrumb\":{\"@id\":\"http:\/\/vientosur.top\/museo\/museo-violeta-parra-lamenta-partida-nicanor-parra-1914-2018\/#breadcrumb\"},\"inLanguage\":\"es\",\"potentialAction\":[{\"@type\":\"ReadAction\",\"target\":[\"http:\/\/vientosur.top\/museo\/museo-violeta-parra-lamenta-partida-nicanor-parra-1914-2018\/\"]}]},{\"@type\":\"ImageObject\",\"inLanguage\":\"es\",\"@id\":\"http:\/\/vientosur.top\/museo\/museo-violeta-parra-lamenta-partida-nicanor-parra-1914-2018\/#primaryimage\",\"url\":\"http:\/\/vientosur.top\/museo\/wp-content\/uploads\/2018\/01\/violetanicanor-scaled.jpg\",\"contentUrl\":\"http:\/\/vientosur.top\/museo\/wp-content\/uploads\/2018\/01\/violetanicanor-scaled.jpg\",\"width\":2560,\"height\":1414},{\"@type\":\"BreadcrumbList\",\"@id\":\"http:\/\/vientosur.top\/museo\/museo-violeta-parra-lamenta-partida-nicanor-parra-1914-2018\/#breadcrumb\",\"itemListElement\":[{\"@type\":\"ListItem\",\"position\":1,\"name\":\"Portada\",\"item\":\"http:\/\/vientosur.top\/museo\/\"},{\"@type\":\"ListItem\",\"position\":2,\"name\":\"Museo Violeta Parra lamenta partida del poeta universal Nicanor Parra (1914-2018)\"}]},{\"@type\":\"WebSite\",\"@id\":\"http:\/\/vientosur.top\/museo\/#website\",\"url\":\"http:\/\/vientosur.top\/museo\/\",\"name\":\"Museo Violeta Parra\",\"description\":\"Espacio que alberga tanto la memoria y legado creativo de la artista\",\"potentialAction\":[{\"@type\":\"SearchAction\",\"target\":{\"@type\":\"EntryPoint\",\"urlTemplate\":\"http:\/\/vientosur.top\/museo\/?s={search_term_string}\"},\"query-input\":{\"@type\":\"PropertyValueSpecification\",\"valueRequired\":true,\"valueName\":\"search_term_string\"}}],\"inLanguage\":\"es\"},{\"@type\":\"Person\",\"@id\":\"http:\/\/vientosur.top\/museo\/#\/schema\/person\/20c79d3c38800971feec8c2693c3dd9c\",\"name\":\"admin\",\"image\":{\"@type\":\"ImageObject\",\"inLanguage\":\"es\",\"@id\":\"http:\/\/vientosur.top\/museo\/#\/schema\/person\/image\/\",\"url\":\"https:\/\/secure.gravatar.com\/avatar\/713677ece3ffa642287213a80e5b773bce9ab81c269dd6d95102a990951c922f?s=96&d=mm&r=g\",\"contentUrl\":\"https:\/\/secure.gravatar.com\/avatar\/713677ece3ffa642287213a80e5b773bce9ab81c269dd6d95102a990951c922f?s=96&d=mm&r=g\",\"caption\":\"admin\"},\"sameAs\":[\"http:\/\/vientosur.top\/museo\"],\"url\":\"http:\/\/vientosur.top\/museo\/author\/comunicacionesmvp\/\"}]}<\/script>\n<!-- \/ Yoast SEO plugin. -->","yoast_head_json":{"title":"Museo Violeta Parra lamenta partida del poeta universal Nicanor Parra (1914-2018) - Museo Violeta Parra","robots":{"index":"index","follow":"follow","max-snippet":"max-snippet:-1","max-image-preview":"max-image-preview:large","max-video-preview":"max-video-preview:-1"},"canonical":"http:\/\/vientosur.top\/museo\/museo-violeta-parra-lamenta-partida-nicanor-parra-1914-2018\/","og_locale":"es_ES","og_type":"article","og_title":"Museo Violeta Parra lamenta partida del poeta universal Nicanor Parra (1914-2018) - Museo Violeta Parra","og_description":"&nbsp; \u00abDurante medio siglo la poes\u00eda fue el para\u00edso del tonto solemne hasta que vine yo y me instal\u00e9 con mi monta\u00f1a rusa\u00bb. Con estas palabras Nicanor Parra reconoce el impacto que su poes\u00eda caus\u00f3 en la literatura nacional. El poeta que subvirti\u00f3 de manera tajante la l\u00edrica chilena en su \u00e9poca, naci\u00f3 en San [&hellip;]","og_url":"http:\/\/vientosur.top\/museo\/museo-violeta-parra-lamenta-partida-nicanor-parra-1914-2018\/","og_site_name":"Museo Violeta Parra","article_published_time":"2018-01-23T13:34:32+00:00","og_image":[{"width":2560,"height":1414,"url":"http:\/\/vientosur.top\/museo\/wp-content\/uploads\/2018\/01\/violetanicanor-scaled.jpg","type":"image\/jpeg"}],"author":"admin","twitter_card":"summary_large_image","twitter_misc":{"Escrito por":"admin","Tiempo de lectura":"3 minutos"},"schema":{"@context":"https:\/\/schema.org","@graph":[{"@type":"WebPage","@id":"http:\/\/vientosur.top\/museo\/museo-violeta-parra-lamenta-partida-nicanor-parra-1914-2018\/","url":"http:\/\/vientosur.top\/museo\/museo-violeta-parra-lamenta-partida-nicanor-parra-1914-2018\/","name":"Museo Violeta Parra lamenta partida del poeta universal Nicanor Parra (1914-2018) - Museo Violeta Parra","isPartOf":{"@id":"http:\/\/vientosur.top\/museo\/#website"},"primaryImageOfPage":{"@id":"http:\/\/vientosur.top\/museo\/museo-violeta-parra-lamenta-partida-nicanor-parra-1914-2018\/#primaryimage"},"image":{"@id":"http:\/\/vientosur.top\/museo\/museo-violeta-parra-lamenta-partida-nicanor-parra-1914-2018\/#primaryimage"},"thumbnailUrl":"http:\/\/vientosur.top\/museo\/wp-content\/uploads\/2018\/01\/violetanicanor-scaled.jpg","datePublished":"2018-01-23T13:34:32+00:00","author":{"@id":"http:\/\/vientosur.top\/museo\/#\/schema\/person\/20c79d3c38800971feec8c2693c3dd9c"},"breadcrumb":{"@id":"http:\/\/vientosur.top\/museo\/museo-violeta-parra-lamenta-partida-nicanor-parra-1914-2018\/#breadcrumb"},"inLanguage":"es","potentialAction":[{"@type":"ReadAction","target":["http:\/\/vientosur.top\/museo\/museo-violeta-parra-lamenta-partida-nicanor-parra-1914-2018\/"]}]},{"@type":"ImageObject","inLanguage":"es","@id":"http:\/\/vientosur.top\/museo\/museo-violeta-parra-lamenta-partida-nicanor-parra-1914-2018\/#primaryimage","url":"http:\/\/vientosur.top\/museo\/wp-content\/uploads\/2018\/01\/violetanicanor-scaled.jpg","contentUrl":"http:\/\/vientosur.top\/museo\/wp-content\/uploads\/2018\/01\/violetanicanor-scaled.jpg","width":2560,"height":1414},{"@type":"BreadcrumbList","@id":"http:\/\/vientosur.top\/museo\/museo-violeta-parra-lamenta-partida-nicanor-parra-1914-2018\/#breadcrumb","itemListElement":[{"@type":"ListItem","position":1,"name":"Portada","item":"http:\/\/vientosur.top\/museo\/"},{"@type":"ListItem","position":2,"name":"Museo Violeta Parra lamenta partida del poeta universal Nicanor Parra (1914-2018)"}]},{"@type":"WebSite","@id":"http:\/\/vientosur.top\/museo\/#website","url":"http:\/\/vientosur.top\/museo\/","name":"Museo Violeta Parra","description":"Espacio que alberga tanto la memoria y legado creativo de la artista","potentialAction":[{"@type":"SearchAction","target":{"@type":"EntryPoint","urlTemplate":"http:\/\/vientosur.top\/museo\/?s={search_term_string}"},"query-input":{"@type":"PropertyValueSpecification","valueRequired":true,"valueName":"search_term_string"}}],"inLanguage":"es"},{"@type":"Person","@id":"http:\/\/vientosur.top\/museo\/#\/schema\/person\/20c79d3c38800971feec8c2693c3dd9c","name":"admin","image":{"@type":"ImageObject","inLanguage":"es","@id":"http:\/\/vientosur.top\/museo\/#\/schema\/person\/image\/","url":"https:\/\/secure.gravatar.com\/avatar\/713677ece3ffa642287213a80e5b773bce9ab81c269dd6d95102a990951c922f?s=96&d=mm&r=g","contentUrl":"https:\/\/secure.gravatar.com\/avatar\/713677ece3ffa642287213a80e5b773bce9ab81c269dd6d95102a990951c922f?s=96&d=mm&r=g","caption":"admin"},"sameAs":["http:\/\/vientosur.top\/museo"],"url":"http:\/\/vientosur.top\/museo\/author\/comunicacionesmvp\/"}]}},"_links":{"self":[{"href":"http:\/\/vientosur.top\/museo\/wp-json\/wp\/v2\/posts\/13257","targetHints":{"allow":["GET"]}}],"collection":[{"href":"http:\/\/vientosur.top\/museo\/wp-json\/wp\/v2\/posts"}],"about":[{"href":"http:\/\/vientosur.top\/museo\/wp-json\/wp\/v2\/types\/post"}],"author":[{"embeddable":true,"href":"http:\/\/vientosur.top\/museo\/wp-json\/wp\/v2\/users\/5"}],"replies":[{"embeddable":true,"href":"http:\/\/vientosur.top\/museo\/wp-json\/wp\/v2\/comments?post=13257"}],"version-history":[{"count":0,"href":"http:\/\/vientosur.top\/museo\/wp-json\/wp\/v2\/posts\/13257\/revisions"}],"wp:featuredmedia":[{"embeddable":true,"href":"http:\/\/vientosur.top\/museo\/wp-json\/wp\/v2\/media\/13263"}],"wp:attachment":[{"href":"http:\/\/vientosur.top\/museo\/wp-json\/wp\/v2\/media?parent=13257"}],"wp:term":[{"taxonomy":"category","embeddable":true,"href":"http:\/\/vientosur.top\/museo\/wp-json\/wp\/v2\/categories?post=13257"},{"taxonomy":"post_tag","embeddable":true,"href":"http:\/\/vientosur.top\/museo\/wp-json\/wp\/v2\/tags?post=13257"}],"curies":[{"name":"wp","href":"https:\/\/api.w.org\/{rel}","templated":true}]}}