{"id":13272,"date":"2018-01-23T13:59:47","date_gmt":"2018-01-23T18:59:47","guid":{"rendered":"http:\/\/vientosur.top\/museo\/?p=13272"},"modified":"2018-01-23T13:59:47","modified_gmt":"2018-01-23T18:59:47","slug":"libro-rescata-paso-violeta-parra-concepcion-sera-presentado-este-miercoles-museo","status":"publish","type":"post","link":"http:\/\/vientosur.top\/museo\/libro-rescata-paso-violeta-parra-concepcion-sera-presentado-este-miercoles-museo\/","title":{"rendered":"Justo Pastor Mellado present\u00f3 libro \u00abVioleta Parra en Concepci\u00f3n y la frontera del BioB\u00edo: 1957-1960\u00bb en Sala Antar"},"content":{"rendered":"<p><em><strong>La investigaci\u00f3n, desarrollada por el historiador Fernando Venegas Espinoza, fue reconocida por la Fundaci\u00f3n Violeta Parra como el mejor aporte editorial de 2017.<\/strong><\/em><\/p>\n<p>&nbsp;<\/p>\n<p>El mi\u00e9rcoles 24 de enero a las 18:30 horas el cr\u00edtico de arte Justo Pastor Mellado present\u00f3 el libro \u201cVioleta Parra en Concepci\u00f3n y la frontera del BioB\u00edo: 1957-1960. Recopilaci\u00f3n, difusi\u00f3n del folklore y desborde creativo\u201d, en la Sala Antar del Museo Violeta Parra.<\/p>\n<p>La investigaci\u00f3n, realizada con el apoyo del Consejo Nacional de la Cultura y las Artes y publicada por la Universidad de Concepci\u00f3n, fue lanzada por primera vez en la ciudad de Santiago con la presencia de su autor. Al finalizar el evento la cantautora penquista Vasti Michel interpret\u00f3 cuatro cuecas recopiladas por Violeta en la zona.<\/p>\n<p>&nbsp;<\/p>\n<p><strong>Sobre el libro<\/strong><\/p>\n<p>Violeta Parra Sandoval arrib\u00f3 a Concepci\u00f3n en mayo de 1957 a dar un recital. Ella iba camino a Lautaro, a \u201carrucarse\u201d, porque su objetivo eran los cantos mapuches, sin embargo accedi\u00f3 a realizar una presentaci\u00f3n en el sal\u00f3n de honor de la Universidad de Concepci\u00f3n. Su actuaci\u00f3n, que incluy\u00f3 m\u00fasica europea adem\u00e1s de la recopilaci\u00f3n del folklore criollo y de sus composiciones originales, impact\u00f3 el ambiente penquista, y surgieron voces que pidieron su contrataci\u00f3n por la universidad local. Luego ella retornar\u00eda en el mes de agosto, tra\u00edda por la Direcci\u00f3n de Extensi\u00f3n de la UdeC, a dar un nuevo concierto, en esta ocasi\u00f3n en el Teatro de la Universidad, orientado a los estudiantes primarios y secundarios. En ese entonces seguro ya se estaba fraguando su contrataci\u00f3n, que se concretar\u00eda a instancias del poeta Gonzalo Rojas y del Rector David Stitchkin, a partir de la primavera de ese a\u00f1o.<\/p>\n<p>Desde noviembre de 1957 hasta julio de 1958, Violeta Parra realizar\u00eda una fecunda labor al alero de la UdeC. Destaca la creaci\u00f3n del Museo de Arte Folkl\u00f3rico, estrechamente relacionado con la recopilaci\u00f3n del folklore en las localidades y entorno rural de la frontera del Biob\u00edo. Al norte de ese r\u00edo, Violeta se asombr\u00f3 con el notable acervo de Hualqui, aunque, a mediados de enero de 1958, hab\u00eda recorrido m\u00e1s de ochocientos kil\u00f3metros de territorio, debiendo aprender a andar a caballo para lograr su objetivo de registrar canciones populares, aires folkl\u00f3ricos, tonadas y una gran cantidad de cuecas. Igualmente fue sobresaliente la difusi\u00f3n del folklore que realiz\u00f3 en el marco de la IV Escuela de Verano, en la que ofreci\u00f3 diversos recitales adem\u00e1s de un exitoso curso de cueca, que cerr\u00f3 con varias presentaciones.<\/p>\n<p>Tambi\u00e9n es un momento de creaci\u00f3n importante, siendo el contexto de la rica sociabilidad de la Escuela de Bellas Artes, ubicada en una casona en la intersecci\u00f3n de las calles V\u00edctor Lamas con Caupolic\u00e1n, su principal espacio de inspiraci\u00f3n. Se puede sintetizar ese proceso como el tr\u00e1nsito de las Anticuecas a \u201cEl gavil\u00e1n\u201d. De fondo sigui\u00f3 escribiendo sus d\u00e9cimas y explor\u00f3 las cent\u00e9simas. Adem\u00e1s debi\u00f3 explorar o pensar en las posibilidades de creaci\u00f3n desde la pl\u00e1stica. En 1960 retornar\u00e1 a participar de las VI Escuelas de Verano de la Universidad de Concepci\u00f3n, momento en que Mario C\u00e9spedes, director de la radio de la universidad penquista, le realizar\u00e1 una entrevista memorable.<\/p>\n<p>Este libro es una invitaci\u00f3n a profundizar en esa historia, que es, sin lugar a dudas, un cap\u00edtulo hasta ahora poco conocido de la historia cultural chilena.<\/p>\n<p>&nbsp;<\/p>\n","protected":false},"excerpt":{"rendered":"<p>La investigaci\u00f3n, desarrollada por el historiador Fernando Venegas Espinoza, fue reconocida por la Fundaci\u00f3n Violeta Parra como el mejor aporte editorial de 2017. &nbsp; El mi\u00e9rcoles 24 de enero a las 18:30 horas el cr\u00edtico de arte Justo Pastor Mellado present\u00f3 el libro \u201cVioleta Parra en Concepci\u00f3n y la frontera del BioB\u00edo: 1957-1960. Recopilaci\u00f3n, difusi\u00f3n [&hellip;]<\/p>\n","protected":false},"author":5,"featured_media":13287,"comment_status":"open","ping_status":"open","sticky":false,"template":"","format":"standard","meta":{"site-sidebar-layout":"default","site-content-layout":"","ast-site-content-layout":"default","site-content-style":"default","site-sidebar-style":"default","ast-global-header-display":"","ast-banner-title-visibility":"","ast-main-header-display":"","ast-hfb-above-header-display":"","ast-hfb-below-header-display":"","ast-hfb-mobile-header-display":"","site-post-title":"","ast-breadcrumbs-content":"","ast-featured-img":"","footer-sml-layout":"","theme-transparent-header-meta":"","adv-header-id-meta":"","stick-header-meta":"","header-above-stick-meta":"","header-main-stick-meta":"","header-below-stick-meta":"","astra-migrate-meta-layouts":"default","ast-page-background-enabled":"default","ast-page-background-meta":{"desktop":{"background-color":"var(--ast-global-color-4)","background-image":"","background-repeat":"repeat","background-position":"center center","background-size":"auto","background-attachment":"scroll","background-type":"","background-media":"","overlay-type":"","overlay-color":"","overlay-opacity":"","overlay-gradient":""},"tablet":{"background-color":"","background-image":"","background-repeat":"repeat","background-position":"center center","background-size":"auto","background-attachment":"scroll","background-type":"","background-media":"","overlay-type":"","overlay-color":"","overlay-opacity":"","overlay-gradient":""},"mobile":{"background-color":"","background-image":"","background-repeat":"repeat","background-position":"center center","background-size":"auto","background-attachment":"scroll","background-type":"","background-media":"","overlay-type":"","overlay-color":"","overlay-opacity":"","overlay-gradient":""}},"ast-content-background-meta":{"desktop":{"background-color":"var(--ast-global-color-5)","background-image":"","background-repeat":"repeat","background-position":"center center","background-size":"auto","background-attachment":"scroll","background-type":"","background-media":"","overlay-type":"","overlay-color":"","overlay-opacity":"","overlay-gradient":""},"tablet":{"background-color":"var(--ast-global-color-5)","background-image":"","background-repeat":"repeat","background-position":"center center","background-size":"auto","background-attachment":"scroll","background-type":"","background-media":"","overlay-type":"","overlay-color":"","overlay-opacity":"","overlay-gradient":""},"mobile":{"background-color":"var(--ast-global-color-5)","background-image":"","background-repeat":"repeat","background-position":"center center","background-size":"auto","background-attachment":"scroll","background-type":"","background-media":"","overlay-type":"","overlay-color":"","overlay-opacity":"","overlay-gradient":""}},"footnotes":""},"categories":[59,8,61],"tags":[],"class_list":["post-13272","post","type-post","status-publish","format-standard","has-post-thumbnail","hentry","category-destacado-noticia","category-noticias","category-novedades"],"yoast_head":"<!-- This site is optimized with the Yoast SEO plugin v25.4 - https:\/\/yoast.com\/wordpress\/plugins\/seo\/ -->\n<title>Justo Pastor Mellado present\u00f3 libro &quot;Violeta Parra en Concepci\u00f3n y la frontera del BioB\u00edo: 1957-1960&quot; en Sala Antar - Museo Violeta Parra<\/title>\n<meta name=\"robots\" content=\"index, follow, max-snippet:-1, max-image-preview:large, max-video-preview:-1\" \/>\n<link rel=\"canonical\" href=\"http:\/\/vientosur.top\/museo\/libro-rescata-paso-violeta-parra-concepcion-sera-presentado-este-miercoles-museo\/\" \/>\n<meta property=\"og:locale\" content=\"es_ES\" \/>\n<meta property=\"og:type\" content=\"article\" \/>\n<meta property=\"og:title\" content=\"Justo Pastor Mellado present\u00f3 libro &quot;Violeta Parra en Concepci\u00f3n y la frontera del BioB\u00edo: 1957-1960&quot; en Sala Antar - Museo Violeta Parra\" \/>\n<meta property=\"og:description\" content=\"La investigaci\u00f3n, desarrollada por el historiador Fernando Venegas Espinoza, fue reconocida por la Fundaci\u00f3n Violeta Parra como el mejor aporte editorial de 2017. &nbsp; El mi\u00e9rcoles 24 de enero a las 18:30 horas el cr\u00edtico de arte Justo Pastor Mellado present\u00f3 el libro \u201cVioleta Parra en Concepci\u00f3n y la frontera del BioB\u00edo: 1957-1960. Recopilaci\u00f3n, difusi\u00f3n [&hellip;]\" \/>\n<meta property=\"og:url\" content=\"http:\/\/vientosur.top\/museo\/libro-rescata-paso-violeta-parra-concepcion-sera-presentado-este-miercoles-museo\/\" \/>\n<meta property=\"og:site_name\" content=\"Museo Violeta Parra\" \/>\n<meta property=\"article:published_time\" content=\"2018-01-23T18:59:47+00:00\" \/>\n<meta property=\"og:image\" content=\"http:\/\/vientosur.top\/museo\/wp-content\/uploads\/2018\/01\/JUSTOPASTOR.jpg\" \/>\n\t<meta property=\"og:image:width\" content=\"1600\" \/>\n\t<meta property=\"og:image:height\" content=\"1264\" \/>\n\t<meta property=\"og:image:type\" content=\"image\/jpeg\" \/>\n<meta name=\"author\" content=\"admin\" \/>\n<meta name=\"twitter:card\" content=\"summary_large_image\" \/>\n<meta name=\"twitter:label1\" content=\"Escrito por\" \/>\n\t<meta name=\"twitter:data1\" content=\"admin\" \/>\n\t<meta name=\"twitter:label2\" content=\"Tiempo de lectura\" \/>\n\t<meta name=\"twitter:data2\" content=\"3 minutos\" \/>\n<script type=\"application\/ld+json\" class=\"yoast-schema-graph\">{\"@context\":\"https:\/\/schema.org\",\"@graph\":[{\"@type\":\"WebPage\",\"@id\":\"http:\/\/vientosur.top\/museo\/libro-rescata-paso-violeta-parra-concepcion-sera-presentado-este-miercoles-museo\/\",\"url\":\"http:\/\/vientosur.top\/museo\/libro-rescata-paso-violeta-parra-concepcion-sera-presentado-este-miercoles-museo\/\",\"name\":\"Justo Pastor Mellado present\u00f3 libro \\\"Violeta Parra en Concepci\u00f3n y la frontera del BioB\u00edo: 1957-1960\\\" en Sala Antar - Museo Violeta Parra\",\"isPartOf\":{\"@id\":\"http:\/\/vientosur.top\/museo\/#website\"},\"primaryImageOfPage\":{\"@id\":\"http:\/\/vientosur.top\/museo\/libro-rescata-paso-violeta-parra-concepcion-sera-presentado-este-miercoles-museo\/#primaryimage\"},\"image\":{\"@id\":\"http:\/\/vientosur.top\/museo\/libro-rescata-paso-violeta-parra-concepcion-sera-presentado-este-miercoles-museo\/#primaryimage\"},\"thumbnailUrl\":\"http:\/\/vientosur.top\/museo\/wp-content\/uploads\/2018\/01\/JUSTOPASTOR.jpg\",\"datePublished\":\"2018-01-23T18:59:47+00:00\",\"author\":{\"@id\":\"http:\/\/vientosur.top\/museo\/#\/schema\/person\/20c79d3c38800971feec8c2693c3dd9c\"},\"breadcrumb\":{\"@id\":\"http:\/\/vientosur.top\/museo\/libro-rescata-paso-violeta-parra-concepcion-sera-presentado-este-miercoles-museo\/#breadcrumb\"},\"inLanguage\":\"es\",\"potentialAction\":[{\"@type\":\"ReadAction\",\"target\":[\"http:\/\/vientosur.top\/museo\/libro-rescata-paso-violeta-parra-concepcion-sera-presentado-este-miercoles-museo\/\"]}]},{\"@type\":\"ImageObject\",\"inLanguage\":\"es\",\"@id\":\"http:\/\/vientosur.top\/museo\/libro-rescata-paso-violeta-parra-concepcion-sera-presentado-este-miercoles-museo\/#primaryimage\",\"url\":\"http:\/\/vientosur.top\/museo\/wp-content\/uploads\/2018\/01\/JUSTOPASTOR.jpg\",\"contentUrl\":\"http:\/\/vientosur.top\/museo\/wp-content\/uploads\/2018\/01\/JUSTOPASTOR.jpg\",\"width\":1600,\"height\":1264},{\"@type\":\"BreadcrumbList\",\"@id\":\"http:\/\/vientosur.top\/museo\/libro-rescata-paso-violeta-parra-concepcion-sera-presentado-este-miercoles-museo\/#breadcrumb\",\"itemListElement\":[{\"@type\":\"ListItem\",\"position\":1,\"name\":\"Portada\",\"item\":\"http:\/\/vientosur.top\/museo\/\"},{\"@type\":\"ListItem\",\"position\":2,\"name\":\"Justo Pastor Mellado present\u00f3 libro \u00abVioleta Parra en Concepci\u00f3n y la frontera del BioB\u00edo: 1957-1960\u00bb en Sala Antar\"}]},{\"@type\":\"WebSite\",\"@id\":\"http:\/\/vientosur.top\/museo\/#website\",\"url\":\"http:\/\/vientosur.top\/museo\/\",\"name\":\"Museo Violeta Parra\",\"description\":\"Espacio que alberga tanto la memoria y legado creativo de la artista\",\"potentialAction\":[{\"@type\":\"SearchAction\",\"target\":{\"@type\":\"EntryPoint\",\"urlTemplate\":\"http:\/\/vientosur.top\/museo\/?s={search_term_string}\"},\"query-input\":{\"@type\":\"PropertyValueSpecification\",\"valueRequired\":true,\"valueName\":\"search_term_string\"}}],\"inLanguage\":\"es\"},{\"@type\":\"Person\",\"@id\":\"http:\/\/vientosur.top\/museo\/#\/schema\/person\/20c79d3c38800971feec8c2693c3dd9c\",\"name\":\"admin\",\"image\":{\"@type\":\"ImageObject\",\"inLanguage\":\"es\",\"@id\":\"http:\/\/vientosur.top\/museo\/#\/schema\/person\/image\/\",\"url\":\"https:\/\/secure.gravatar.com\/avatar\/713677ece3ffa642287213a80e5b773bce9ab81c269dd6d95102a990951c922f?s=96&d=mm&r=g\",\"contentUrl\":\"https:\/\/secure.gravatar.com\/avatar\/713677ece3ffa642287213a80e5b773bce9ab81c269dd6d95102a990951c922f?s=96&d=mm&r=g\",\"caption\":\"admin\"},\"sameAs\":[\"http:\/\/vientosur.top\/museo\"],\"url\":\"http:\/\/vientosur.top\/museo\/author\/comunicacionesmvp\/\"}]}<\/script>\n<!-- \/ Yoast SEO plugin. -->","yoast_head_json":{"title":"Justo Pastor Mellado present\u00f3 libro \"Violeta Parra en Concepci\u00f3n y la frontera del BioB\u00edo: 1957-1960\" en Sala Antar - Museo Violeta Parra","robots":{"index":"index","follow":"follow","max-snippet":"max-snippet:-1","max-image-preview":"max-image-preview:large","max-video-preview":"max-video-preview:-1"},"canonical":"http:\/\/vientosur.top\/museo\/libro-rescata-paso-violeta-parra-concepcion-sera-presentado-este-miercoles-museo\/","og_locale":"es_ES","og_type":"article","og_title":"Justo Pastor Mellado present\u00f3 libro \"Violeta Parra en Concepci\u00f3n y la frontera del BioB\u00edo: 1957-1960\" en Sala Antar - Museo Violeta Parra","og_description":"La investigaci\u00f3n, desarrollada por el historiador Fernando Venegas Espinoza, fue reconocida por la Fundaci\u00f3n Violeta Parra como el mejor aporte editorial de 2017. &nbsp; El mi\u00e9rcoles 24 de enero a las 18:30 horas el cr\u00edtico de arte Justo Pastor Mellado present\u00f3 el libro \u201cVioleta Parra en Concepci\u00f3n y la frontera del BioB\u00edo: 1957-1960. Recopilaci\u00f3n, difusi\u00f3n [&hellip;]","og_url":"http:\/\/vientosur.top\/museo\/libro-rescata-paso-violeta-parra-concepcion-sera-presentado-este-miercoles-museo\/","og_site_name":"Museo Violeta Parra","article_published_time":"2018-01-23T18:59:47+00:00","og_image":[{"width":1600,"height":1264,"url":"http:\/\/vientosur.top\/museo\/wp-content\/uploads\/2018\/01\/JUSTOPASTOR.jpg","type":"image\/jpeg"}],"author":"admin","twitter_card":"summary_large_image","twitter_misc":{"Escrito por":"admin","Tiempo de lectura":"3 minutos"},"schema":{"@context":"https:\/\/schema.org","@graph":[{"@type":"WebPage","@id":"http:\/\/vientosur.top\/museo\/libro-rescata-paso-violeta-parra-concepcion-sera-presentado-este-miercoles-museo\/","url":"http:\/\/vientosur.top\/museo\/libro-rescata-paso-violeta-parra-concepcion-sera-presentado-este-miercoles-museo\/","name":"Justo Pastor Mellado present\u00f3 libro \"Violeta Parra en Concepci\u00f3n y la frontera del BioB\u00edo: 1957-1960\" en Sala Antar - Museo Violeta Parra","isPartOf":{"@id":"http:\/\/vientosur.top\/museo\/#website"},"primaryImageOfPage":{"@id":"http:\/\/vientosur.top\/museo\/libro-rescata-paso-violeta-parra-concepcion-sera-presentado-este-miercoles-museo\/#primaryimage"},"image":{"@id":"http:\/\/vientosur.top\/museo\/libro-rescata-paso-violeta-parra-concepcion-sera-presentado-este-miercoles-museo\/#primaryimage"},"thumbnailUrl":"http:\/\/vientosur.top\/museo\/wp-content\/uploads\/2018\/01\/JUSTOPASTOR.jpg","datePublished":"2018-01-23T18:59:47+00:00","author":{"@id":"http:\/\/vientosur.top\/museo\/#\/schema\/person\/20c79d3c38800971feec8c2693c3dd9c"},"breadcrumb":{"@id":"http:\/\/vientosur.top\/museo\/libro-rescata-paso-violeta-parra-concepcion-sera-presentado-este-miercoles-museo\/#breadcrumb"},"inLanguage":"es","potentialAction":[{"@type":"ReadAction","target":["http:\/\/vientosur.top\/museo\/libro-rescata-paso-violeta-parra-concepcion-sera-presentado-este-miercoles-museo\/"]}]},{"@type":"ImageObject","inLanguage":"es","@id":"http:\/\/vientosur.top\/museo\/libro-rescata-paso-violeta-parra-concepcion-sera-presentado-este-miercoles-museo\/#primaryimage","url":"http:\/\/vientosur.top\/museo\/wp-content\/uploads\/2018\/01\/JUSTOPASTOR.jpg","contentUrl":"http:\/\/vientosur.top\/museo\/wp-content\/uploads\/2018\/01\/JUSTOPASTOR.jpg","width":1600,"height":1264},{"@type":"BreadcrumbList","@id":"http:\/\/vientosur.top\/museo\/libro-rescata-paso-violeta-parra-concepcion-sera-presentado-este-miercoles-museo\/#breadcrumb","itemListElement":[{"@type":"ListItem","position":1,"name":"Portada","item":"http:\/\/vientosur.top\/museo\/"},{"@type":"ListItem","position":2,"name":"Justo Pastor Mellado present\u00f3 libro \u00abVioleta Parra en Concepci\u00f3n y la frontera del BioB\u00edo: 1957-1960\u00bb en Sala Antar"}]},{"@type":"WebSite","@id":"http:\/\/vientosur.top\/museo\/#website","url":"http:\/\/vientosur.top\/museo\/","name":"Museo Violeta Parra","description":"Espacio que alberga tanto la memoria y legado creativo de la artista","potentialAction":[{"@type":"SearchAction","target":{"@type":"EntryPoint","urlTemplate":"http:\/\/vientosur.top\/museo\/?s={search_term_string}"},"query-input":{"@type":"PropertyValueSpecification","valueRequired":true,"valueName":"search_term_string"}}],"inLanguage":"es"},{"@type":"Person","@id":"http:\/\/vientosur.top\/museo\/#\/schema\/person\/20c79d3c38800971feec8c2693c3dd9c","name":"admin","image":{"@type":"ImageObject","inLanguage":"es","@id":"http:\/\/vientosur.top\/museo\/#\/schema\/person\/image\/","url":"https:\/\/secure.gravatar.com\/avatar\/713677ece3ffa642287213a80e5b773bce9ab81c269dd6d95102a990951c922f?s=96&d=mm&r=g","contentUrl":"https:\/\/secure.gravatar.com\/avatar\/713677ece3ffa642287213a80e5b773bce9ab81c269dd6d95102a990951c922f?s=96&d=mm&r=g","caption":"admin"},"sameAs":["http:\/\/vientosur.top\/museo"],"url":"http:\/\/vientosur.top\/museo\/author\/comunicacionesmvp\/"}]}},"_links":{"self":[{"href":"http:\/\/vientosur.top\/museo\/wp-json\/wp\/v2\/posts\/13272","targetHints":{"allow":["GET"]}}],"collection":[{"href":"http:\/\/vientosur.top\/museo\/wp-json\/wp\/v2\/posts"}],"about":[{"href":"http:\/\/vientosur.top\/museo\/wp-json\/wp\/v2\/types\/post"}],"author":[{"embeddable":true,"href":"http:\/\/vientosur.top\/museo\/wp-json\/wp\/v2\/users\/5"}],"replies":[{"embeddable":true,"href":"http:\/\/vientosur.top\/museo\/wp-json\/wp\/v2\/comments?post=13272"}],"version-history":[{"count":0,"href":"http:\/\/vientosur.top\/museo\/wp-json\/wp\/v2\/posts\/13272\/revisions"}],"wp:featuredmedia":[{"embeddable":true,"href":"http:\/\/vientosur.top\/museo\/wp-json\/wp\/v2\/media\/13287"}],"wp:attachment":[{"href":"http:\/\/vientosur.top\/museo\/wp-json\/wp\/v2\/media?parent=13272"}],"wp:term":[{"taxonomy":"category","embeddable":true,"href":"http:\/\/vientosur.top\/museo\/wp-json\/wp\/v2\/categories?post=13272"},{"taxonomy":"post_tag","embeddable":true,"href":"http:\/\/vientosur.top\/museo\/wp-json\/wp\/v2\/tags?post=13272"}],"curies":[{"name":"wp","href":"https:\/\/api.w.org\/{rel}","templated":true}]}}