{"id":1350,"date":"2016-08-02T15:04:04","date_gmt":"2016-08-02T15:04:04","guid":{"rendered":"http:\/\/vientosur.top\/museo\/\/?p=1350"},"modified":"2016-08-02T15:04:04","modified_gmt":"2016-08-02T15:04:04","slug":"mercociudades-museo-violeta-parra-recibio-a-delegacion-cultural-latinoamericana","status":"publish","type":"post","link":"http:\/\/vientosur.top\/museo\/mercociudades-museo-violeta-parra-recibio-a-delegacion-cultural-latinoamericana\/","title":{"rendered":"Mercociudades: Museo Violeta Parra recibi\u00f3 a delegaci\u00f3n cultural latinoamericana"},"content":{"rendered":"<ul>\n<li><strong>Luego de visitar el Museo y conocer la colecci\u00f3n permanente que se exhibe en las distintas sala del espacio, la delegaci\u00f3n compuesta por representantes de cultura de diferentes ciudades de Am\u00e9rica Latina se reunieron con Isabel y Tita Parra quienes dieron una recepci\u00f3n musical en la Sala Antar del Museo.<\/strong><\/li>\n<\/ul>\n<p><!--more--><\/p>\n<p>En el marco de la reuni\u00f3n de la Red Internacional de la Unidad Tem\u00e1tica de Cultura (UTC) de Mercociudades que se realiz\u00f3 la semana pasada en la comuna de Pe\u00f1alol\u00e9n con el patrocinio de la Direcci\u00f3n Regional Metropolitana de Cultura, el Museo Violeta Parra fue el lugar privilegiada para una visita organizada por la Municipalidad de Pe\u00f1alol\u00e9n en conjunto con la Fundaci\u00f3n Museo Violeta Parra.<\/p>\n<p>La actividad en la que particip\u00f3 la Presidenta de la Fundaci\u00f3n Museo Violeta Parra, y la Directora Regional Metropolitana del Consejo Nacional de la Cultura y las Artes, tuvo como finalidad dar a conocer el espacio a los delegados internacionales como parte de su programaci\u00f3n y a la vez generar redes colaborativas en el marco de la conmemoraci\u00f3n de los 100 a\u00f1os de Violeta Parra.<\/p>\n<p>A la Cumbre asistir\u00e1n delegaciones de Venezuela, Per\u00fa, Bolivia, Paraguay, Uruguay, Brasil, Argentina y Chile quienes participar\u00e1n de diversos paneles y conversatorios en torno al patrimonio, comunidad y redes de arte urbano.<\/p>\n<p>Durante el encuentro se realizar\u00e1 un circuito de Arte Muralista denominado \u201cLa Fiesta del Sur\u201d con artistas nacionales e internacionales quienes realizar\u00e1n intervenciones art\u00edstico-comunitarias en 15 escuelas p\u00fablicas de Pe\u00f1alol\u00e9n.<\/p>\n","protected":false},"excerpt":{"rendered":"<p>Luego de visitar el Museo y conocer la colecci\u00f3n permanente que se exhibe en las distintas sala del espacio, la delegaci\u00f3n compuesta por representantes de cultura de diferentes ciudades de Am\u00e9rica Latina se reunieron con Isabel y Tita Parra quienes dieron una recepci\u00f3n musical en la Sala Antar del Museo.<\/p>\n","protected":false},"author":5,"featured_media":1351,"comment_status":"open","ping_status":"open","sticky":false,"template":"","format":"standard","meta":{"site-sidebar-layout":"default","site-content-layout":"","ast-site-content-layout":"default","site-content-style":"default","site-sidebar-style":"default","ast-global-header-display":"","ast-banner-title-visibility":"","ast-main-header-display":"","ast-hfb-above-header-display":"","ast-hfb-below-header-display":"","ast-hfb-mobile-header-display":"","site-post-title":"","ast-breadcrumbs-content":"","ast-featured-img":"","footer-sml-layout":"","theme-transparent-header-meta":"","adv-header-id-meta":"","stick-header-meta":"","header-above-stick-meta":"","header-main-stick-meta":"","header-below-stick-meta":"","astra-migrate-meta-layouts":"default","ast-page-background-enabled":"default","ast-page-background-meta":{"desktop":{"background-color":"var(--ast-global-color-4)","background-image":"","background-repeat":"repeat","background-position":"center center","background-size":"auto","background-attachment":"scroll","background-type":"","background-media":"","overlay-type":"","overlay-color":"","overlay-opacity":"","overlay-gradient":""},"tablet":{"background-color":"","background-image":"","background-repeat":"repeat","background-position":"center center","background-size":"auto","background-attachment":"scroll","background-type":"","background-media":"","overlay-type":"","overlay-color":"","overlay-opacity":"","overlay-gradient":""},"mobile":{"background-color":"","background-image":"","background-repeat":"repeat","background-position":"center center","background-size":"auto","background-attachment":"scroll","background-type":"","background-media":"","overlay-type":"","overlay-color":"","overlay-opacity":"","overlay-gradient":""}},"ast-content-background-meta":{"desktop":{"background-color":"var(--ast-global-color-5)","background-image":"","background-repeat":"repeat","background-position":"center center","background-size":"auto","background-attachment":"scroll","background-type":"","background-media":"","overlay-type":"","overlay-color":"","overlay-opacity":"","overlay-gradient":""},"tablet":{"background-color":"var(--ast-global-color-5)","background-image":"","background-repeat":"repeat","background-position":"center center","background-size":"auto","background-attachment":"scroll","background-type":"","background-media":"","overlay-type":"","overlay-color":"","overlay-opacity":"","overlay-gradient":""},"mobile":{"background-color":"var(--ast-global-color-5)","background-image":"","background-repeat":"repeat","background-position":"center center","background-size":"auto","background-attachment":"scroll","background-type":"","background-media":"","overlay-type":"","overlay-color":"","overlay-opacity":"","overlay-gradient":""}},"footnotes":""},"categories":[59,8,61],"tags":[],"class_list":["post-1350","post","type-post","status-publish","format-standard","has-post-thumbnail","hentry","category-destacado-noticia","category-noticias","category-novedades"],"yoast_head":"<!-- This site is optimized with the Yoast SEO plugin v25.4 - https:\/\/yoast.com\/wordpress\/plugins\/seo\/ -->\n<title>Mercociudades: Museo Violeta Parra recibi\u00f3 a delegaci\u00f3n cultural latinoamericana - Museo Violeta Parra<\/title>\n<meta name=\"robots\" content=\"index, follow, max-snippet:-1, max-image-preview:large, max-video-preview:-1\" \/>\n<link rel=\"canonical\" href=\"http:\/\/vientosur.top\/museo\/mercociudades-museo-violeta-parra-recibio-a-delegacion-cultural-latinoamericana\/\" \/>\n<meta property=\"og:locale\" content=\"es_ES\" \/>\n<meta property=\"og:type\" content=\"article\" \/>\n<meta property=\"og:title\" content=\"Mercociudades: Museo Violeta Parra recibi\u00f3 a delegaci\u00f3n cultural latinoamericana - Museo Violeta Parra\" \/>\n<meta property=\"og:description\" content=\"Luego de visitar el Museo y conocer la colecci\u00f3n permanente que se exhibe en las distintas sala del espacio, la delegaci\u00f3n compuesta por representantes de cultura de diferentes ciudades de Am\u00e9rica Latina se reunieron con Isabel y Tita Parra quienes dieron una recepci\u00f3n musical en la Sala Antar del Museo.\" \/>\n<meta property=\"og:url\" content=\"http:\/\/vientosur.top\/museo\/mercociudades-museo-violeta-parra-recibio-a-delegacion-cultural-latinoamericana\/\" \/>\n<meta property=\"og:site_name\" content=\"Museo Violeta Parra\" \/>\n<meta property=\"article:published_time\" content=\"2016-08-02T15:04:04+00:00\" \/>\n<meta property=\"og:image\" content=\"http:\/\/vientosur.top\/museo\/wp-content\/uploads\/2016\/08\/Violeta-Parra-5-scaled.jpg\" \/>\n\t<meta property=\"og:image:width\" content=\"2560\" \/>\n\t<meta property=\"og:image:height\" content=\"1706\" \/>\n\t<meta property=\"og:image:type\" content=\"image\/jpeg\" \/>\n<meta name=\"author\" content=\"admin\" \/>\n<meta name=\"twitter:card\" content=\"summary_large_image\" \/>\n<meta name=\"twitter:label1\" content=\"Escrito por\" \/>\n\t<meta name=\"twitter:data1\" content=\"admin\" \/>\n\t<meta name=\"twitter:label2\" content=\"Tiempo de lectura\" \/>\n\t<meta name=\"twitter:data2\" content=\"1 minuto\" \/>\n<script type=\"application\/ld+json\" class=\"yoast-schema-graph\">{\"@context\":\"https:\/\/schema.org\",\"@graph\":[{\"@type\":\"WebPage\",\"@id\":\"http:\/\/vientosur.top\/museo\/mercociudades-museo-violeta-parra-recibio-a-delegacion-cultural-latinoamericana\/\",\"url\":\"http:\/\/vientosur.top\/museo\/mercociudades-museo-violeta-parra-recibio-a-delegacion-cultural-latinoamericana\/\",\"name\":\"Mercociudades: Museo Violeta Parra recibi\u00f3 a delegaci\u00f3n cultural latinoamericana - Museo Violeta Parra\",\"isPartOf\":{\"@id\":\"http:\/\/vientosur.top\/museo\/#website\"},\"primaryImageOfPage\":{\"@id\":\"http:\/\/vientosur.top\/museo\/mercociudades-museo-violeta-parra-recibio-a-delegacion-cultural-latinoamericana\/#primaryimage\"},\"image\":{\"@id\":\"http:\/\/vientosur.top\/museo\/mercociudades-museo-violeta-parra-recibio-a-delegacion-cultural-latinoamericana\/#primaryimage\"},\"thumbnailUrl\":\"http:\/\/vientosur.top\/museo\/wp-content\/uploads\/2016\/08\/Violeta-Parra-5-scaled.jpg\",\"datePublished\":\"2016-08-02T15:04:04+00:00\",\"author\":{\"@id\":\"http:\/\/vientosur.top\/museo\/#\/schema\/person\/20c79d3c38800971feec8c2693c3dd9c\"},\"breadcrumb\":{\"@id\":\"http:\/\/vientosur.top\/museo\/mercociudades-museo-violeta-parra-recibio-a-delegacion-cultural-latinoamericana\/#breadcrumb\"},\"inLanguage\":\"es\",\"potentialAction\":[{\"@type\":\"ReadAction\",\"target\":[\"http:\/\/vientosur.top\/museo\/mercociudades-museo-violeta-parra-recibio-a-delegacion-cultural-latinoamericana\/\"]}]},{\"@type\":\"ImageObject\",\"inLanguage\":\"es\",\"@id\":\"http:\/\/vientosur.top\/museo\/mercociudades-museo-violeta-parra-recibio-a-delegacion-cultural-latinoamericana\/#primaryimage\",\"url\":\"http:\/\/vientosur.top\/museo\/wp-content\/uploads\/2016\/08\/Violeta-Parra-5-scaled.jpg\",\"contentUrl\":\"http:\/\/vientosur.top\/museo\/wp-content\/uploads\/2016\/08\/Violeta-Parra-5-scaled.jpg\",\"width\":2560,\"height\":1706},{\"@type\":\"BreadcrumbList\",\"@id\":\"http:\/\/vientosur.top\/museo\/mercociudades-museo-violeta-parra-recibio-a-delegacion-cultural-latinoamericana\/#breadcrumb\",\"itemListElement\":[{\"@type\":\"ListItem\",\"position\":1,\"name\":\"Portada\",\"item\":\"http:\/\/vientosur.top\/museo\/\"},{\"@type\":\"ListItem\",\"position\":2,\"name\":\"Mercociudades: Museo Violeta Parra recibi\u00f3 a delegaci\u00f3n cultural latinoamericana\"}]},{\"@type\":\"WebSite\",\"@id\":\"http:\/\/vientosur.top\/museo\/#website\",\"url\":\"http:\/\/vientosur.top\/museo\/\",\"name\":\"Museo Violeta Parra\",\"description\":\"Espacio que alberga tanto la memoria y legado creativo de la artista\",\"potentialAction\":[{\"@type\":\"SearchAction\",\"target\":{\"@type\":\"EntryPoint\",\"urlTemplate\":\"http:\/\/vientosur.top\/museo\/?s={search_term_string}\"},\"query-input\":{\"@type\":\"PropertyValueSpecification\",\"valueRequired\":true,\"valueName\":\"search_term_string\"}}],\"inLanguage\":\"es\"},{\"@type\":\"Person\",\"@id\":\"http:\/\/vientosur.top\/museo\/#\/schema\/person\/20c79d3c38800971feec8c2693c3dd9c\",\"name\":\"admin\",\"image\":{\"@type\":\"ImageObject\",\"inLanguage\":\"es\",\"@id\":\"http:\/\/vientosur.top\/museo\/#\/schema\/person\/image\/\",\"url\":\"https:\/\/secure.gravatar.com\/avatar\/713677ece3ffa642287213a80e5b773bce9ab81c269dd6d95102a990951c922f?s=96&d=mm&r=g\",\"contentUrl\":\"https:\/\/secure.gravatar.com\/avatar\/713677ece3ffa642287213a80e5b773bce9ab81c269dd6d95102a990951c922f?s=96&d=mm&r=g\",\"caption\":\"admin\"},\"sameAs\":[\"http:\/\/vientosur.top\/museo\"],\"url\":\"http:\/\/vientosur.top\/museo\/author\/comunicacionesmvp\/\"}]}<\/script>\n<!-- \/ Yoast SEO plugin. -->","yoast_head_json":{"title":"Mercociudades: Museo Violeta Parra recibi\u00f3 a delegaci\u00f3n cultural latinoamericana - Museo Violeta Parra","robots":{"index":"index","follow":"follow","max-snippet":"max-snippet:-1","max-image-preview":"max-image-preview:large","max-video-preview":"max-video-preview:-1"},"canonical":"http:\/\/vientosur.top\/museo\/mercociudades-museo-violeta-parra-recibio-a-delegacion-cultural-latinoamericana\/","og_locale":"es_ES","og_type":"article","og_title":"Mercociudades: Museo Violeta Parra recibi\u00f3 a delegaci\u00f3n cultural latinoamericana - Museo Violeta Parra","og_description":"Luego de visitar el Museo y conocer la colecci\u00f3n permanente que se exhibe en las distintas sala del espacio, la delegaci\u00f3n compuesta por representantes de cultura de diferentes ciudades de Am\u00e9rica Latina se reunieron con Isabel y Tita Parra quienes dieron una recepci\u00f3n musical en la Sala Antar del Museo.","og_url":"http:\/\/vientosur.top\/museo\/mercociudades-museo-violeta-parra-recibio-a-delegacion-cultural-latinoamericana\/","og_site_name":"Museo Violeta Parra","article_published_time":"2016-08-02T15:04:04+00:00","og_image":[{"width":2560,"height":1706,"url":"http:\/\/vientosur.top\/museo\/wp-content\/uploads\/2016\/08\/Violeta-Parra-5-scaled.jpg","type":"image\/jpeg"}],"author":"admin","twitter_card":"summary_large_image","twitter_misc":{"Escrito por":"admin","Tiempo de lectura":"1 minuto"},"schema":{"@context":"https:\/\/schema.org","@graph":[{"@type":"WebPage","@id":"http:\/\/vientosur.top\/museo\/mercociudades-museo-violeta-parra-recibio-a-delegacion-cultural-latinoamericana\/","url":"http:\/\/vientosur.top\/museo\/mercociudades-museo-violeta-parra-recibio-a-delegacion-cultural-latinoamericana\/","name":"Mercociudades: Museo Violeta Parra recibi\u00f3 a delegaci\u00f3n cultural latinoamericana - Museo Violeta Parra","isPartOf":{"@id":"http:\/\/vientosur.top\/museo\/#website"},"primaryImageOfPage":{"@id":"http:\/\/vientosur.top\/museo\/mercociudades-museo-violeta-parra-recibio-a-delegacion-cultural-latinoamericana\/#primaryimage"},"image":{"@id":"http:\/\/vientosur.top\/museo\/mercociudades-museo-violeta-parra-recibio-a-delegacion-cultural-latinoamericana\/#primaryimage"},"thumbnailUrl":"http:\/\/vientosur.top\/museo\/wp-content\/uploads\/2016\/08\/Violeta-Parra-5-scaled.jpg","datePublished":"2016-08-02T15:04:04+00:00","author":{"@id":"http:\/\/vientosur.top\/museo\/#\/schema\/person\/20c79d3c38800971feec8c2693c3dd9c"},"breadcrumb":{"@id":"http:\/\/vientosur.top\/museo\/mercociudades-museo-violeta-parra-recibio-a-delegacion-cultural-latinoamericana\/#breadcrumb"},"inLanguage":"es","potentialAction":[{"@type":"ReadAction","target":["http:\/\/vientosur.top\/museo\/mercociudades-museo-violeta-parra-recibio-a-delegacion-cultural-latinoamericana\/"]}]},{"@type":"ImageObject","inLanguage":"es","@id":"http:\/\/vientosur.top\/museo\/mercociudades-museo-violeta-parra-recibio-a-delegacion-cultural-latinoamericana\/#primaryimage","url":"http:\/\/vientosur.top\/museo\/wp-content\/uploads\/2016\/08\/Violeta-Parra-5-scaled.jpg","contentUrl":"http:\/\/vientosur.top\/museo\/wp-content\/uploads\/2016\/08\/Violeta-Parra-5-scaled.jpg","width":2560,"height":1706},{"@type":"BreadcrumbList","@id":"http:\/\/vientosur.top\/museo\/mercociudades-museo-violeta-parra-recibio-a-delegacion-cultural-latinoamericana\/#breadcrumb","itemListElement":[{"@type":"ListItem","position":1,"name":"Portada","item":"http:\/\/vientosur.top\/museo\/"},{"@type":"ListItem","position":2,"name":"Mercociudades: Museo Violeta Parra recibi\u00f3 a delegaci\u00f3n cultural latinoamericana"}]},{"@type":"WebSite","@id":"http:\/\/vientosur.top\/museo\/#website","url":"http:\/\/vientosur.top\/museo\/","name":"Museo Violeta Parra","description":"Espacio que alberga tanto la memoria y legado creativo de la artista","potentialAction":[{"@type":"SearchAction","target":{"@type":"EntryPoint","urlTemplate":"http:\/\/vientosur.top\/museo\/?s={search_term_string}"},"query-input":{"@type":"PropertyValueSpecification","valueRequired":true,"valueName":"search_term_string"}}],"inLanguage":"es"},{"@type":"Person","@id":"http:\/\/vientosur.top\/museo\/#\/schema\/person\/20c79d3c38800971feec8c2693c3dd9c","name":"admin","image":{"@type":"ImageObject","inLanguage":"es","@id":"http:\/\/vientosur.top\/museo\/#\/schema\/person\/image\/","url":"https:\/\/secure.gravatar.com\/avatar\/713677ece3ffa642287213a80e5b773bce9ab81c269dd6d95102a990951c922f?s=96&d=mm&r=g","contentUrl":"https:\/\/secure.gravatar.com\/avatar\/713677ece3ffa642287213a80e5b773bce9ab81c269dd6d95102a990951c922f?s=96&d=mm&r=g","caption":"admin"},"sameAs":["http:\/\/vientosur.top\/museo"],"url":"http:\/\/vientosur.top\/museo\/author\/comunicacionesmvp\/"}]}},"_links":{"self":[{"href":"http:\/\/vientosur.top\/museo\/wp-json\/wp\/v2\/posts\/1350","targetHints":{"allow":["GET"]}}],"collection":[{"href":"http:\/\/vientosur.top\/museo\/wp-json\/wp\/v2\/posts"}],"about":[{"href":"http:\/\/vientosur.top\/museo\/wp-json\/wp\/v2\/types\/post"}],"author":[{"embeddable":true,"href":"http:\/\/vientosur.top\/museo\/wp-json\/wp\/v2\/users\/5"}],"replies":[{"embeddable":true,"href":"http:\/\/vientosur.top\/museo\/wp-json\/wp\/v2\/comments?post=1350"}],"version-history":[{"count":0,"href":"http:\/\/vientosur.top\/museo\/wp-json\/wp\/v2\/posts\/1350\/revisions"}],"wp:featuredmedia":[{"embeddable":true,"href":"http:\/\/vientosur.top\/museo\/wp-json\/wp\/v2\/media\/1351"}],"wp:attachment":[{"href":"http:\/\/vientosur.top\/museo\/wp-json\/wp\/v2\/media?parent=1350"}],"wp:term":[{"taxonomy":"category","embeddable":true,"href":"http:\/\/vientosur.top\/museo\/wp-json\/wp\/v2\/categories?post=1350"},{"taxonomy":"post_tag","embeddable":true,"href":"http:\/\/vientosur.top\/museo\/wp-json\/wp\/v2\/tags?post=1350"}],"curies":[{"name":"wp","href":"https:\/\/api.w.org\/{rel}","templated":true}]}}