{"id":13621,"date":"2018-02-05T09:09:08","date_gmt":"2018-02-05T14:09:08","guid":{"rendered":"http:\/\/vientosur.top\/museo\/?p=13621"},"modified":"2018-02-05T09:09:08","modified_gmt":"2018-02-05T14:09:08","slug":"la-romeranza-se-presento-este-sabado-ciclo-cuecas-del-museo-violeta-parra","status":"publish","type":"post","link":"http:\/\/vientosur.top\/museo\/la-romeranza-se-presento-este-sabado-ciclo-cuecas-del-museo-violeta-parra\/","title":{"rendered":"La Romeranza se present\u00f3 este s\u00e1bado en el Ciclo de Cuecas del Museo Violeta Parra"},"content":{"rendered":"<p>El gupo compuesto por seis j\u00f3venes se present\u00f3 este s\u00e1bado 3 de febrero en la explanada del museo.\u00a0Su repertorio se basa en cuecas centrinas, inspiradas en los cuequeros \u00abLos Chileneros\u00bb.<\/p>\n<p>Los primeros ensayos del grupo se desarrollaron en el \u00faltimo a\u00f1o de funcionamiento del Huaso Carlos, local que recibi\u00f3 y protegi\u00f3 a los cuequeros durante muchos a\u00f1os bajo el alero de don Carlos C\u00e1rdenas, recientemente fallecido. La agrupaci\u00f3n le debe su nombre a este espacio, que se encontraba en el cruce de las calles Romero y Esperanza.<\/p>\n<p>Durante 2017, La Romeranza grab\u00f3 su primer EP hom\u00f3nimo, que mezcla canciones de la tradici\u00f3n popular con otras de su propia autor\u00eda. Los m\u00fasicos han difundido su trabajo en espacios como: La Vega Central, Barrio Lastarria, locales del ambiente cuequero, la Segunda Cumbre Cuquera y el \u201cCuecazo del Roto Chileno del Barrio Yungay\u201d.<\/p>\n<p>&nbsp;<\/p>\n<p><a href=\"https:\/\/www.facebook.com\/pg\/MuseoVioletaParra\/photos\/?tab=album&amp;album_id=2057984761111601\" target=\"_blank\" rel=\"noopener noreferrer\">Ver galer\u00eda de im\u00e1genes<\/a><\/p>\n","protected":false},"excerpt":{"rendered":"<p>El gupo compuesto por seis j\u00f3venes se present\u00f3 este s\u00e1bado 3 de febrero en la explanada del museo.\u00a0Su repertorio se basa en cuecas centrinas, inspiradas en los cuequeros \u00abLos Chileneros\u00bb. Los primeros ensayos del grupo se desarrollaron en el \u00faltimo a\u00f1o de funcionamiento del Huaso Carlos, local que recibi\u00f3 y protegi\u00f3 a los cuequeros durante [&hellip;]<\/p>\n","protected":false},"author":5,"featured_media":13622,"comment_status":"open","ping_status":"open","sticky":false,"template":"","format":"standard","meta":{"site-sidebar-layout":"default","site-content-layout":"","ast-site-content-layout":"default","site-content-style":"default","site-sidebar-style":"default","ast-global-header-display":"","ast-banner-title-visibility":"","ast-main-header-display":"","ast-hfb-above-header-display":"","ast-hfb-below-header-display":"","ast-hfb-mobile-header-display":"","site-post-title":"","ast-breadcrumbs-content":"","ast-featured-img":"","footer-sml-layout":"","theme-transparent-header-meta":"","adv-header-id-meta":"","stick-header-meta":"","header-above-stick-meta":"","header-main-stick-meta":"","header-below-stick-meta":"","astra-migrate-meta-layouts":"default","ast-page-background-enabled":"default","ast-page-background-meta":{"desktop":{"background-color":"var(--ast-global-color-4)","background-image":"","background-repeat":"repeat","background-position":"center center","background-size":"auto","background-attachment":"scroll","background-type":"","background-media":"","overlay-type":"","overlay-color":"","overlay-opacity":"","overlay-gradient":""},"tablet":{"background-color":"","background-image":"","background-repeat":"repeat","background-position":"center center","background-size":"auto","background-attachment":"scroll","background-type":"","background-media":"","overlay-type":"","overlay-color":"","overlay-opacity":"","overlay-gradient":""},"mobile":{"background-color":"","background-image":"","background-repeat":"repeat","background-position":"center center","background-size":"auto","background-attachment":"scroll","background-type":"","background-media":"","overlay-type":"","overlay-color":"","overlay-opacity":"","overlay-gradient":""}},"ast-content-background-meta":{"desktop":{"background-color":"var(--ast-global-color-5)","background-image":"","background-repeat":"repeat","background-position":"center center","background-size":"auto","background-attachment":"scroll","background-type":"","background-media":"","overlay-type":"","overlay-color":"","overlay-opacity":"","overlay-gradient":""},"tablet":{"background-color":"var(--ast-global-color-5)","background-image":"","background-repeat":"repeat","background-position":"center center","background-size":"auto","background-attachment":"scroll","background-type":"","background-media":"","overlay-type":"","overlay-color":"","overlay-opacity":"","overlay-gradient":""},"mobile":{"background-color":"var(--ast-global-color-5)","background-image":"","background-repeat":"repeat","background-position":"center center","background-size":"auto","background-attachment":"scroll","background-type":"","background-media":"","overlay-type":"","overlay-color":"","overlay-opacity":"","overlay-gradient":""}},"footnotes":""},"categories":[59,8,61],"tags":[],"class_list":["post-13621","post","type-post","status-publish","format-standard","has-post-thumbnail","hentry","category-destacado-noticia","category-noticias","category-novedades"],"yoast_head":"<!-- This site is optimized with the Yoast SEO plugin v25.4 - https:\/\/yoast.com\/wordpress\/plugins\/seo\/ -->\n<title>La Romeranza se present\u00f3 este s\u00e1bado en el Ciclo de Cuecas del Museo Violeta Parra - Museo Violeta Parra<\/title>\n<meta name=\"robots\" content=\"index, follow, max-snippet:-1, max-image-preview:large, max-video-preview:-1\" \/>\n<link rel=\"canonical\" href=\"http:\/\/vientosur.top\/museo\/la-romeranza-se-presento-este-sabado-ciclo-cuecas-del-museo-violeta-parra\/\" \/>\n<meta property=\"og:locale\" content=\"es_ES\" \/>\n<meta property=\"og:type\" content=\"article\" \/>\n<meta property=\"og:title\" content=\"La Romeranza se present\u00f3 este s\u00e1bado en el Ciclo de Cuecas del Museo Violeta Parra - Museo Violeta Parra\" \/>\n<meta property=\"og:description\" content=\"El gupo compuesto por seis j\u00f3venes se present\u00f3 este s\u00e1bado 3 de febrero en la explanada del museo.\u00a0Su repertorio se basa en cuecas centrinas, inspiradas en los cuequeros \u00abLos Chileneros\u00bb. Los primeros ensayos del grupo se desarrollaron en el \u00faltimo a\u00f1o de funcionamiento del Huaso Carlos, local que recibi\u00f3 y protegi\u00f3 a los cuequeros durante [&hellip;]\" \/>\n<meta property=\"og:url\" content=\"http:\/\/vientosur.top\/museo\/la-romeranza-se-presento-este-sabado-ciclo-cuecas-del-museo-violeta-parra\/\" \/>\n<meta property=\"og:site_name\" content=\"Museo Violeta Parra\" \/>\n<meta property=\"article:published_time\" content=\"2018-02-05T14:09:08+00:00\" \/>\n<meta property=\"og:image\" content=\"http:\/\/vientosur.top\/museo\/wp-content\/uploads\/2018\/02\/DSC_0407-scaled.jpg\" \/>\n\t<meta property=\"og:image:width\" content=\"2560\" \/>\n\t<meta property=\"og:image:height\" content=\"1702\" \/>\n\t<meta property=\"og:image:type\" content=\"image\/jpeg\" \/>\n<meta name=\"author\" content=\"admin\" \/>\n<meta name=\"twitter:card\" content=\"summary_large_image\" \/>\n<meta name=\"twitter:label1\" content=\"Escrito por\" \/>\n\t<meta name=\"twitter:data1\" content=\"admin\" \/>\n\t<meta name=\"twitter:label2\" content=\"Tiempo de lectura\" \/>\n\t<meta name=\"twitter:data2\" content=\"1 minuto\" \/>\n<script type=\"application\/ld+json\" class=\"yoast-schema-graph\">{\"@context\":\"https:\/\/schema.org\",\"@graph\":[{\"@type\":\"WebPage\",\"@id\":\"http:\/\/vientosur.top\/museo\/la-romeranza-se-presento-este-sabado-ciclo-cuecas-del-museo-violeta-parra\/\",\"url\":\"http:\/\/vientosur.top\/museo\/la-romeranza-se-presento-este-sabado-ciclo-cuecas-del-museo-violeta-parra\/\",\"name\":\"La Romeranza se present\u00f3 este s\u00e1bado en el Ciclo de Cuecas del Museo Violeta Parra - Museo Violeta Parra\",\"isPartOf\":{\"@id\":\"http:\/\/vientosur.top\/museo\/#website\"},\"primaryImageOfPage\":{\"@id\":\"http:\/\/vientosur.top\/museo\/la-romeranza-se-presento-este-sabado-ciclo-cuecas-del-museo-violeta-parra\/#primaryimage\"},\"image\":{\"@id\":\"http:\/\/vientosur.top\/museo\/la-romeranza-se-presento-este-sabado-ciclo-cuecas-del-museo-violeta-parra\/#primaryimage\"},\"thumbnailUrl\":\"http:\/\/vientosur.top\/museo\/wp-content\/uploads\/2018\/02\/DSC_0407-scaled.jpg\",\"datePublished\":\"2018-02-05T14:09:08+00:00\",\"author\":{\"@id\":\"http:\/\/vientosur.top\/museo\/#\/schema\/person\/20c79d3c38800971feec8c2693c3dd9c\"},\"breadcrumb\":{\"@id\":\"http:\/\/vientosur.top\/museo\/la-romeranza-se-presento-este-sabado-ciclo-cuecas-del-museo-violeta-parra\/#breadcrumb\"},\"inLanguage\":\"es\",\"potentialAction\":[{\"@type\":\"ReadAction\",\"target\":[\"http:\/\/vientosur.top\/museo\/la-romeranza-se-presento-este-sabado-ciclo-cuecas-del-museo-violeta-parra\/\"]}]},{\"@type\":\"ImageObject\",\"inLanguage\":\"es\",\"@id\":\"http:\/\/vientosur.top\/museo\/la-romeranza-se-presento-este-sabado-ciclo-cuecas-del-museo-violeta-parra\/#primaryimage\",\"url\":\"http:\/\/vientosur.top\/museo\/wp-content\/uploads\/2018\/02\/DSC_0407-scaled.jpg\",\"contentUrl\":\"http:\/\/vientosur.top\/museo\/wp-content\/uploads\/2018\/02\/DSC_0407-scaled.jpg\",\"width\":2560,\"height\":1702},{\"@type\":\"BreadcrumbList\",\"@id\":\"http:\/\/vientosur.top\/museo\/la-romeranza-se-presento-este-sabado-ciclo-cuecas-del-museo-violeta-parra\/#breadcrumb\",\"itemListElement\":[{\"@type\":\"ListItem\",\"position\":1,\"name\":\"Portada\",\"item\":\"http:\/\/vientosur.top\/museo\/\"},{\"@type\":\"ListItem\",\"position\":2,\"name\":\"La Romeranza se present\u00f3 este s\u00e1bado en el Ciclo de Cuecas del Museo Violeta Parra\"}]},{\"@type\":\"WebSite\",\"@id\":\"http:\/\/vientosur.top\/museo\/#website\",\"url\":\"http:\/\/vientosur.top\/museo\/\",\"name\":\"Museo Violeta Parra\",\"description\":\"Espacio que alberga tanto la memoria y legado creativo de la artista\",\"potentialAction\":[{\"@type\":\"SearchAction\",\"target\":{\"@type\":\"EntryPoint\",\"urlTemplate\":\"http:\/\/vientosur.top\/museo\/?s={search_term_string}\"},\"query-input\":{\"@type\":\"PropertyValueSpecification\",\"valueRequired\":true,\"valueName\":\"search_term_string\"}}],\"inLanguage\":\"es\"},{\"@type\":\"Person\",\"@id\":\"http:\/\/vientosur.top\/museo\/#\/schema\/person\/20c79d3c38800971feec8c2693c3dd9c\",\"name\":\"admin\",\"image\":{\"@type\":\"ImageObject\",\"inLanguage\":\"es\",\"@id\":\"http:\/\/vientosur.top\/museo\/#\/schema\/person\/image\/\",\"url\":\"https:\/\/secure.gravatar.com\/avatar\/713677ece3ffa642287213a80e5b773bce9ab81c269dd6d95102a990951c922f?s=96&d=mm&r=g\",\"contentUrl\":\"https:\/\/secure.gravatar.com\/avatar\/713677ece3ffa642287213a80e5b773bce9ab81c269dd6d95102a990951c922f?s=96&d=mm&r=g\",\"caption\":\"admin\"},\"sameAs\":[\"http:\/\/vientosur.top\/museo\"],\"url\":\"http:\/\/vientosur.top\/museo\/author\/comunicacionesmvp\/\"}]}<\/script>\n<!-- \/ Yoast SEO plugin. -->","yoast_head_json":{"title":"La Romeranza se present\u00f3 este s\u00e1bado en el Ciclo de Cuecas del Museo Violeta Parra - Museo Violeta Parra","robots":{"index":"index","follow":"follow","max-snippet":"max-snippet:-1","max-image-preview":"max-image-preview:large","max-video-preview":"max-video-preview:-1"},"canonical":"http:\/\/vientosur.top\/museo\/la-romeranza-se-presento-este-sabado-ciclo-cuecas-del-museo-violeta-parra\/","og_locale":"es_ES","og_type":"article","og_title":"La Romeranza se present\u00f3 este s\u00e1bado en el Ciclo de Cuecas del Museo Violeta Parra - Museo Violeta Parra","og_description":"El gupo compuesto por seis j\u00f3venes se present\u00f3 este s\u00e1bado 3 de febrero en la explanada del museo.\u00a0Su repertorio se basa en cuecas centrinas, inspiradas en los cuequeros \u00abLos Chileneros\u00bb. Los primeros ensayos del grupo se desarrollaron en el \u00faltimo a\u00f1o de funcionamiento del Huaso Carlos, local que recibi\u00f3 y protegi\u00f3 a los cuequeros durante [&hellip;]","og_url":"http:\/\/vientosur.top\/museo\/la-romeranza-se-presento-este-sabado-ciclo-cuecas-del-museo-violeta-parra\/","og_site_name":"Museo Violeta Parra","article_published_time":"2018-02-05T14:09:08+00:00","og_image":[{"width":2560,"height":1702,"url":"http:\/\/vientosur.top\/museo\/wp-content\/uploads\/2018\/02\/DSC_0407-scaled.jpg","type":"image\/jpeg"}],"author":"admin","twitter_card":"summary_large_image","twitter_misc":{"Escrito por":"admin","Tiempo de lectura":"1 minuto"},"schema":{"@context":"https:\/\/schema.org","@graph":[{"@type":"WebPage","@id":"http:\/\/vientosur.top\/museo\/la-romeranza-se-presento-este-sabado-ciclo-cuecas-del-museo-violeta-parra\/","url":"http:\/\/vientosur.top\/museo\/la-romeranza-se-presento-este-sabado-ciclo-cuecas-del-museo-violeta-parra\/","name":"La Romeranza se present\u00f3 este s\u00e1bado en el Ciclo de Cuecas del Museo Violeta Parra - Museo Violeta Parra","isPartOf":{"@id":"http:\/\/vientosur.top\/museo\/#website"},"primaryImageOfPage":{"@id":"http:\/\/vientosur.top\/museo\/la-romeranza-se-presento-este-sabado-ciclo-cuecas-del-museo-violeta-parra\/#primaryimage"},"image":{"@id":"http:\/\/vientosur.top\/museo\/la-romeranza-se-presento-este-sabado-ciclo-cuecas-del-museo-violeta-parra\/#primaryimage"},"thumbnailUrl":"http:\/\/vientosur.top\/museo\/wp-content\/uploads\/2018\/02\/DSC_0407-scaled.jpg","datePublished":"2018-02-05T14:09:08+00:00","author":{"@id":"http:\/\/vientosur.top\/museo\/#\/schema\/person\/20c79d3c38800971feec8c2693c3dd9c"},"breadcrumb":{"@id":"http:\/\/vientosur.top\/museo\/la-romeranza-se-presento-este-sabado-ciclo-cuecas-del-museo-violeta-parra\/#breadcrumb"},"inLanguage":"es","potentialAction":[{"@type":"ReadAction","target":["http:\/\/vientosur.top\/museo\/la-romeranza-se-presento-este-sabado-ciclo-cuecas-del-museo-violeta-parra\/"]}]},{"@type":"ImageObject","inLanguage":"es","@id":"http:\/\/vientosur.top\/museo\/la-romeranza-se-presento-este-sabado-ciclo-cuecas-del-museo-violeta-parra\/#primaryimage","url":"http:\/\/vientosur.top\/museo\/wp-content\/uploads\/2018\/02\/DSC_0407-scaled.jpg","contentUrl":"http:\/\/vientosur.top\/museo\/wp-content\/uploads\/2018\/02\/DSC_0407-scaled.jpg","width":2560,"height":1702},{"@type":"BreadcrumbList","@id":"http:\/\/vientosur.top\/museo\/la-romeranza-se-presento-este-sabado-ciclo-cuecas-del-museo-violeta-parra\/#breadcrumb","itemListElement":[{"@type":"ListItem","position":1,"name":"Portada","item":"http:\/\/vientosur.top\/museo\/"},{"@type":"ListItem","position":2,"name":"La Romeranza se present\u00f3 este s\u00e1bado en el Ciclo de Cuecas del Museo Violeta Parra"}]},{"@type":"WebSite","@id":"http:\/\/vientosur.top\/museo\/#website","url":"http:\/\/vientosur.top\/museo\/","name":"Museo Violeta Parra","description":"Espacio que alberga tanto la memoria y legado creativo de la artista","potentialAction":[{"@type":"SearchAction","target":{"@type":"EntryPoint","urlTemplate":"http:\/\/vientosur.top\/museo\/?s={search_term_string}"},"query-input":{"@type":"PropertyValueSpecification","valueRequired":true,"valueName":"search_term_string"}}],"inLanguage":"es"},{"@type":"Person","@id":"http:\/\/vientosur.top\/museo\/#\/schema\/person\/20c79d3c38800971feec8c2693c3dd9c","name":"admin","image":{"@type":"ImageObject","inLanguage":"es","@id":"http:\/\/vientosur.top\/museo\/#\/schema\/person\/image\/","url":"https:\/\/secure.gravatar.com\/avatar\/713677ece3ffa642287213a80e5b773bce9ab81c269dd6d95102a990951c922f?s=96&d=mm&r=g","contentUrl":"https:\/\/secure.gravatar.com\/avatar\/713677ece3ffa642287213a80e5b773bce9ab81c269dd6d95102a990951c922f?s=96&d=mm&r=g","caption":"admin"},"sameAs":["http:\/\/vientosur.top\/museo"],"url":"http:\/\/vientosur.top\/museo\/author\/comunicacionesmvp\/"}]}},"_links":{"self":[{"href":"http:\/\/vientosur.top\/museo\/wp-json\/wp\/v2\/posts\/13621","targetHints":{"allow":["GET"]}}],"collection":[{"href":"http:\/\/vientosur.top\/museo\/wp-json\/wp\/v2\/posts"}],"about":[{"href":"http:\/\/vientosur.top\/museo\/wp-json\/wp\/v2\/types\/post"}],"author":[{"embeddable":true,"href":"http:\/\/vientosur.top\/museo\/wp-json\/wp\/v2\/users\/5"}],"replies":[{"embeddable":true,"href":"http:\/\/vientosur.top\/museo\/wp-json\/wp\/v2\/comments?post=13621"}],"version-history":[{"count":0,"href":"http:\/\/vientosur.top\/museo\/wp-json\/wp\/v2\/posts\/13621\/revisions"}],"wp:featuredmedia":[{"embeddable":true,"href":"http:\/\/vientosur.top\/museo\/wp-json\/wp\/v2\/media\/13622"}],"wp:attachment":[{"href":"http:\/\/vientosur.top\/museo\/wp-json\/wp\/v2\/media?parent=13621"}],"wp:term":[{"taxonomy":"category","embeddable":true,"href":"http:\/\/vientosur.top\/museo\/wp-json\/wp\/v2\/categories?post=13621"},{"taxonomy":"post_tag","embeddable":true,"href":"http:\/\/vientosur.top\/museo\/wp-json\/wp\/v2\/tags?post=13621"}],"curies":[{"name":"wp","href":"https:\/\/api.w.org\/{rel}","templated":true}]}}