{"id":1368,"date":"2016-08-04T16:27:42","date_gmt":"2016-08-04T16:27:42","guid":{"rendered":"http:\/\/vientosur.top\/museo\/\/?p=1368"},"modified":"2016-08-04T16:27:42","modified_gmt":"2016-08-04T16:27:42","slug":"es-con-musica-texto-completo-de-raul-zurita-en-presentacion-del-libro-poesia-de-violeta-parra","status":"publish","type":"post","link":"http:\/\/vientosur.top\/museo\/es-con-musica-texto-completo-de-raul-zurita-en-presentacion-del-libro-poesia-de-violeta-parra\/","title":{"rendered":"\u00abEs con M\u00fasica\u00bb: Texto completo de Ra\u00fal Zurita en presentaci\u00f3n del libro \u00abPoes\u00eda\u00bb de Violeta Parra"},"content":{"rendered":"<p>El viernes \u00a029 de agosto, Ra\u00fal Zurita, Premio Iberoamericano de Poes\u00eda Pablo Neruda present\u00f3 el libro Poes\u00eda de Violeta Parra de Editorial Universidad de Valpara\u00edso frente a m\u00e1s de un centenar de personas que repletaron el auditorio Antar del Museo Violeta Parra.<\/p>\n<p><!--more--><\/p>\n<p>Compartimos este notable texto que el propio poeta nos ha facilitado para que todos puedan acceder a su lectura.<\/p>\n<p>Violeta Parra es nuestro Shakespeare. En sus canciones est\u00e1n contenidas todos los sentimientos y emociones humanas, y en su alucinado recorrido van tocando esa gama infinita de peque\u00f1as esperanzas y borrosos sue\u00f1os, de amaneceres y cuerpos degollados, de amores inmortales y abruptos abandonos, que sumadas uno a uno van formando el tejido real de ese compendio de imaginarios que denominamos un pa\u00eds, una naci\u00f3n, una patria.<\/p>\n<p>Todo pa\u00eds, y el nuestro tambi\u00e9n, es en gran parte una construcci\u00f3n imaginaria; lo real es que <em>Veintiuno son los dolores<\/em>, lo real es que <em>Arauco tiene una pena, <\/em>lo real es que<em> Chile limita al centro con la injusticia<\/em>, lo real son los<em> campos regados con tu sangre: Juli\u00e1n Grimau<\/em>, lo real es el nombre de la copla que no tiene nombre, lo real es el continente Violeta Parra. Su obra sobrepasa con creces las fronteras de los llamados g\u00e9neros art\u00edsticos; m\u00fasica, artes visuales, poes\u00eda, mostr\u00e1ndonos en cambio un arte total en el cual est\u00e1 escenificada su vida y su muerte. En esa obra Violeta Parra cruz\u00f3 la v\u00eda dolorosa de su propia pasi\u00f3n, burlona, traviesa, hiriente, transparentando a trav\u00e9s de sus canciones las inquinas del amor y del mundo, las injusticia de la soledad y la de una sociedad ajusticiada, para levantarse -como en \u201cDefensa de Violeta Parra\u201d, se lo ped\u00eda su hermano Nicanor- en cuerpo y alma del sepulcro y reaparecer en los rostros de miles y miles de mujeres, pobladoras, campesinas, amas de casa, <em>jardineras, loceras, costureras, <\/em>que de sur a norte del pa\u00eds ensangrentado, cruzaron con nosotros, y sin temblar, la noche terrible que se ven\u00eda, la noche de la dictadura. Violeta Parra son millones y de all\u00ed su universalidad y cada rasgueo de su guitarra, cada rima de sus d\u00e9cimas, cada l\u00ednea y pespunte de sus cuadros, ilumina un detalle del mundo. Incluso su muerte es parte de su creaci\u00f3n, de lo m\u00e1s extremo, fuerte y expuesto de ella, porque solo alguien que vuela muy alto, pero muy alto, es capaz del acto de escribir ese himno sublime que es \u201cGracias a la vida\u201d, pero escribirlo sabiendo que se va a matar.<\/p>\n<p>Es esa grandeza de Violeta Parra la que conmueve hasta a las piedras, porque m\u00e1s all\u00e1 de todas las clasificaciones, es una grandeza lacerada por la vida, capaz de transformar cada uno de nuestros vislumbres, de nuestras emociones, de nuestros gestos de amor o de rechazo, en los \u00fanicos monumentos sagrados de un mundo que es todo, menos sagrado. Es lo que nos vuelve a hacer presente este <em>Poes\u00edas<\/em>, de Violeta Parra, la muestra m\u00e1s amplia y exhaustiva que se haya hecho hasta ahora de su escritura que le debemos al rigor tenaz y amoroso de Paula Miranda. Tres a\u00f1os atr\u00e1s, en su bell\u00edsimo libro<em> La poes\u00eda de Violeta Parra,<\/em> Paula Miranda ya hab\u00eda expuesto los fundamentos, cr\u00edticos, biogr\u00e1ficos, hist\u00f3ricos, de la edici\u00f3n que hoy nos entrega las Editorial de la Universidad de Valpara\u00edso. Es la ocasi\u00f3n tambi\u00e9n de un encuentro feliz. En 1978, Manfred Engelbert, profesor de la Universidad de G\u00f6ttingen, aqu\u00ed presente y a quien le rindo un homenaje, traduce y publica en Frankfurt una antolog\u00eda biling\u00fce de Violeta Parra, <em>Lieder aus Chile<\/em> (Frankfurt, Vervuert), donde se la presenta por primera vez como una gran poeta, a la altura de Pablo Neruda, de Gabriela Mistral y de su hermano Nicanor, afirmando algo que esta edici\u00f3n de <em>Poes\u00edas<\/em> confirma en su sentido m\u00e1s absoluto: que sean cuales sean las materias, desde los grandes t\u00f3picos sociales: la lucha del pueblo mapuche o los avances y retrocesos del movimiento popular, la explotaci\u00f3n capitalista, hasta los abismos existenciales de la soledad, del abandono, de la muerte, y, exactamente al lado, la plenitud de la alegr\u00eda, del encuentro, de la celebraci\u00f3n: \u201cporque el d\u00eda de tu cumplea\u00f1os es d\u00eda muy principal\u201d, lo que cruza la totalidad de su obra es el amor. El amor lo inunda todo; es la arrasada nostalgia de \u201cVolver a los\u00a0 diecisiete\u201d, es la iron\u00eda de \u201cEl Advert\u00edo\u201d, es la conmovida denuncia de \u201cLa carta\u201d:<\/p>\n<p><em>\u00a0<\/em><\/p>\n<p><em>Por suerte tengo guitarra<\/em><\/p>\n<p><em>para llorar mi dolor,<\/em><\/p>\n<p><em>tambi\u00e9n tengo nueve hermanos<\/em><\/p>\n<p><em>fuera del que del que se engrill\u00f3<\/em><\/p>\n<p><em>Los nueve son comunistas<\/em><\/p>\n<p><em>con el favor de mi Dios.<\/em><\/p>\n<p>&nbsp;<\/p>\n<p>Abro aqu\u00ed un par\u00e9ntesis: antes del golpe, yo estudiaba ingenier\u00eda y era militante de las juventudes comunistas, por lo que me juntaba con mis compa\u00f1eros y cant\u00e1bamos a voz en cuello \u201cLa carta\u201d, acentuando la palabra \u201ccomunistas\u201d:\u00a0<em>Los nueve son COMUNISTAS\/ con el favor de mi Dios<\/em>, pero aparecieron los j\u00f3venes del MAPU, que reci\u00e9n ven\u00edan llegando, y cantaban:\u00a0<em>Los nueve son MAPUCISTAS\/ con el favor de mi Dios<\/em>, tergiversando por completo la historia. Creo que pocas cosas me indignaban m\u00e1s que esa apropiaci\u00f3n indebida, por lo que estaba dispuesto incluso a trenzarme a golpes con tal de preservar la pureza hist\u00f3rica. Bueno, eran a\u00f1os de esperanzas.<\/p>\n<p>Pero me he desviado, estaba diciendo que Manfred Engelbert, en una afirmaci\u00f3n crucial, vio que toda la obra de Violeta Parra estaba cruzada por el amor. Pero no por un amor abstracto, no es el amor a los hijos o a los padres, sino que es el ansia urgente de un otro, del amor de un otro, que lo atraviesa y lo arrasa todo: los sentimientos, los estados de \u00e1nimo, las pulsiones, que se hace presente en la tristeza y en la alegr\u00eda, incluso la irreverencia del humor m\u00e1s desternillante:<\/p>\n<p>&nbsp;<\/p>\n<p><em>La mujer del carpintero<\/em><\/p>\n<p><em>se fue con el principiante,<\/em><\/p>\n<p><em>porque el maestro que ten\u00eda<\/em><\/p>\n<p><em>ya no aserrucha como antes.<\/em><\/p>\n<p>&nbsp;<\/p>\n<p>Recuerdo, ahora que la acabo de leer, que esa copla no es de Violeta sino de Nicanor, y por un instante ambos hermanos se me funden. Una feminista chilena cuyo nombre en este minuto se me escapa, afirm\u00f3 tiempo atr\u00e1s, tal vez con un cierto dejo machista, que el amor era el opio de las mujeres. Puede ser, pero si es as\u00ed su efecto narcotizante m\u00e1s que un presente abarca, al menos, la totalidad de los cantos, desde el <em>Cantar de los cantares <\/em>hasta los \u201cSonetos de la muerte\u201d de la Mistral, desde <em>Helena<\/em> de Eur\u00edpides hasta <em>Las \u00faltimas composiciones, <\/em>esa cumbre de la poes\u00eda de todos los tiempos, donde Violeta Parra une el milagro de poder ver <em>en las multitudes el hombre que yo amo<\/em>, de \u201cGracias a la vida\u201d, con la clausura de toda mirada en \u201cMaldigo del alto cielo\u201d,\u00a0esa imprecaci\u00f3n de las imprecaciones cuya fuerza solo es comparable con las condenas de los<\/p>\n<p>&nbsp;<\/p>\n<p><em>Maldigo luna y paisaje,<br \/>\nlos valles y los desiertos,<br \/>\nmaldigo muerto por muerto<br \/>\ny el vivo de rey a paje,<br \/>\nel ave con su plumaje<br \/>\nyo la maldigo a porf\u00eda,<br \/>\nlas aulas, las sacrist\u00edas<br \/>\nporque me aflige un dolor,<br \/>\nmaldigo el vocablo amor<br \/>\ncon toda su porquer\u00eda,<br \/>\ncu\u00e1nto ser\u00e1 mi dolor.\u00a0<\/em><\/p>\n<p>&nbsp;<\/p>\n<p>Esa omnipresencia del amor, incluso en su maldici\u00f3n, es lo que culmina con\u00a0Violeta Parra. El opio de las mujeres estaba ya presente dos mil quinientos a\u00f1os atr\u00e1s en la\u00a0<em>Ant\u00edgona.<\/em>\u00a0Parece escrito por Violeta, pero es S\u00f3focles:<\/p>\n<p>&nbsp;<\/p>\n<p><em>Amor, invencible en las batallas,<\/em><\/p>\n<p><em>que te abalanzas sobre nuestros animales<\/em><\/p>\n<p><em>y que pernoctas en las delicadas mejillas de las doncellas.<\/em><\/p>\n<p><em>Amor que frecuentas los caminos del mar<\/em><\/p>\n<p><em>y que habitas en las agrestes moradas.<\/em><\/p>\n<p><em>Nadie, ni entre los dioses ni entre los ef\u00edmeros mortales<\/em><\/p>\n<p><em>es capaz de rehuirte, y el que te posee enloquece.<\/em><\/p>\n<p>&nbsp;<\/p>\n<p>Doblada entonces de amor, arrasada de amor, rota de amor, Violeta Parra une las dos orillas opuestas de un sentimiento expuesto y con ello nos muestra la cara universal de cada detalle de lo existente; nada hay m\u00e1s universal que un instante de amor, nada hay m\u00e1s eterno que el instante de un sollozo o de un grito. Opi\u00f3mana del amor, su rostro es as\u00ed el rostro de todos los desvelados y desveladas de este mundo que intentan dormitar un rato sobre las aristas demasiado gruesas, demasiado toscas, demasiado hirientes, de esta tierra a veces bella y a veces miserable.<\/p>\n<p>Es, creo, parte de lo que muestra esta <em>Poes\u00eda<\/em> de Violeta Parra. El extraordinario trabajo de Paula Miranda nos confirma que las letras de sus canciones son mucho m\u00e1s que letras de canciones, y en su contratapa los editores nos agregan que su obra es una de las m\u00e1s altas de la poes\u00eda en castellano. Yo agregar\u00eda: y no solo en castellano. Dicho esto, quiero que volvamos un momento atr\u00e1s. Los hex\u00e1metros de\u00a0<em>La Il\u00edada<\/em>\u00a0y\u00a0<em>La Odisea<\/em>, son mucho m\u00e1s que letras de canciones y, sin embargo, la p\u00e9rdida de su m\u00fasica, del canto con que la relataban los antiguos aedas es una de las m\u00e1s grandes p\u00e9rdidas de la historia humana.\u00a0<em>La Il\u00edada<\/em>\u00a0y\u00a0<em>La Odisea<\/em>\u00a0eran cantadas y uno puede imaginar la sorpresa, perplejidad y aburrimiento que habr\u00eda experimentado un griego de la Tebas de hace 2600 a\u00f1os, si el respectivo aeda se hubiese limitado a recitar los pasajes de la guerra de Troya sin el canto. El canto gregoriano naci\u00f3 con la notaci\u00f3n musical y es inimaginable sin su salmodia. Algo similar ocurre con Violeta Parra, es con m\u00fasica, y lo dem\u00e1s es reducirla. No es leer \u201cuna copla me ha cantado, la prenda que quiero yo\u201d, es cantar:<\/p>\n<p>&nbsp;<\/p>\n<p><em>Una copla me ha cantado<\/em><\/p>\n<p><em>La prenda que quiero yo,<\/em><\/p>\n<p><em>Con esa copla a cuchillo<\/em><\/p>\n<p><em>Me ha desangrado la voz.<\/em><\/p>\n<p>&nbsp;<\/p>\n<p>Esas notas, esos altos y bajos, esos alargues y cortes, son el poema, esa es su m\u00e9trica, su respiraci\u00f3n. Pero, es precisamente la maravillosa concreci\u00f3n de este libro de Paula Miranda lo que nos permite reparar en ello. Sacarle la m\u00fasica a Violeta Parra es tan inconcebible como sacarle la m\u00fasica al canto gregoriano, y s\u00e9 que ninguno de nosotros estar\u00eda dispuesto a esa mutilaci\u00f3n. Somos buenas personas y la amamos. Nadie har\u00eda algo semejante. S\u00ed, puedo respirar tranquilo. Violeta Parra es con m\u00fasica.<\/p>\n","protected":false},"excerpt":{"rendered":"<p>El viernes \u00a029 de agosto, Ra\u00fal Zurita, Premio Iberoamericano de Poes\u00eda Pablo Neruda present\u00f3 el libro Poes\u00eda de Violeta Parra de Editorial Universidad de Valpara\u00edso frente a m\u00e1s de un centenar de personas que repletaron el auditorio Antar del Museo Violeta Parra.<\/p>\n","protected":false},"author":5,"featured_media":1369,"comment_status":"open","ping_status":"open","sticky":false,"template":"","format":"standard","meta":{"site-sidebar-layout":"default","site-content-layout":"","ast-site-content-layout":"default","site-content-style":"default","site-sidebar-style":"default","ast-global-header-display":"","ast-banner-title-visibility":"","ast-main-header-display":"","ast-hfb-above-header-display":"","ast-hfb-below-header-display":"","ast-hfb-mobile-header-display":"","site-post-title":"","ast-breadcrumbs-content":"","ast-featured-img":"","footer-sml-layout":"","theme-transparent-header-meta":"","adv-header-id-meta":"","stick-header-meta":"","header-above-stick-meta":"","header-main-stick-meta":"","header-below-stick-meta":"","astra-migrate-meta-layouts":"default","ast-page-background-enabled":"default","ast-page-background-meta":{"desktop":{"background-color":"var(--ast-global-color-4)","background-image":"","background-repeat":"repeat","background-position":"center center","background-size":"auto","background-attachment":"scroll","background-type":"","background-media":"","overlay-type":"","overlay-color":"","overlay-opacity":"","overlay-gradient":""},"tablet":{"background-color":"","background-image":"","background-repeat":"repeat","background-position":"center center","background-size":"auto","background-attachment":"scroll","background-type":"","background-media":"","overlay-type":"","overlay-color":"","overlay-opacity":"","overlay-gradient":""},"mobile":{"background-color":"","background-image":"","background-repeat":"repeat","background-position":"center center","background-size":"auto","background-attachment":"scroll","background-type":"","background-media":"","overlay-type":"","overlay-color":"","overlay-opacity":"","overlay-gradient":""}},"ast-content-background-meta":{"desktop":{"background-color":"var(--ast-global-color-5)","background-image":"","background-repeat":"repeat","background-position":"center center","background-size":"auto","background-attachment":"scroll","background-type":"","background-media":"","overlay-type":"","overlay-color":"","overlay-opacity":"","overlay-gradient":""},"tablet":{"background-color":"var(--ast-global-color-5)","background-image":"","background-repeat":"repeat","background-position":"center center","background-size":"auto","background-attachment":"scroll","background-type":"","background-media":"","overlay-type":"","overlay-color":"","overlay-opacity":"","overlay-gradient":""},"mobile":{"background-color":"var(--ast-global-color-5)","background-image":"","background-repeat":"repeat","background-position":"center center","background-size":"auto","background-attachment":"scroll","background-type":"","background-media":"","overlay-type":"","overlay-color":"","overlay-opacity":"","overlay-gradient":""}},"footnotes":""},"categories":[59,8,61],"tags":[],"class_list":["post-1368","post","type-post","status-publish","format-standard","has-post-thumbnail","hentry","category-destacado-noticia","category-noticias","category-novedades"],"yoast_head":"<!-- This site is optimized with the Yoast SEO plugin v25.4 - https:\/\/yoast.com\/wordpress\/plugins\/seo\/ -->\n<title>&quot;Es con M\u00fasica&quot;: Texto completo de Ra\u00fal Zurita en presentaci\u00f3n del libro &quot;Poes\u00eda&quot; de Violeta Parra - Museo Violeta Parra<\/title>\n<meta name=\"robots\" content=\"index, follow, max-snippet:-1, max-image-preview:large, max-video-preview:-1\" \/>\n<link rel=\"canonical\" href=\"http:\/\/vientosur.top\/museo\/es-con-musica-texto-completo-de-raul-zurita-en-presentacion-del-libro-poesia-de-violeta-parra\/\" \/>\n<meta property=\"og:locale\" content=\"es_ES\" \/>\n<meta property=\"og:type\" content=\"article\" \/>\n<meta property=\"og:title\" content=\"&quot;Es con M\u00fasica&quot;: Texto completo de Ra\u00fal Zurita en presentaci\u00f3n del libro &quot;Poes\u00eda&quot; de Violeta Parra - Museo Violeta Parra\" \/>\n<meta property=\"og:description\" content=\"El viernes \u00a029 de agosto, Ra\u00fal Zurita, Premio Iberoamericano de Poes\u00eda Pablo Neruda present\u00f3 el libro Poes\u00eda de Violeta Parra de Editorial Universidad de Valpara\u00edso frente a m\u00e1s de un centenar de personas que repletaron el auditorio Antar del Museo Violeta Parra.\" \/>\n<meta property=\"og:url\" content=\"http:\/\/vientosur.top\/museo\/es-con-musica-texto-completo-de-raul-zurita-en-presentacion-del-libro-poesia-de-violeta-parra\/\" \/>\n<meta property=\"og:site_name\" content=\"Museo Violeta Parra\" \/>\n<meta property=\"article:published_time\" content=\"2016-08-04T16:27:42+00:00\" \/>\n<meta property=\"og:image\" content=\"http:\/\/vientosur.top\/museo\/wp-content\/uploads\/2016\/08\/zurita-libro-scaled.jpg\" \/>\n\t<meta property=\"og:image:width\" content=\"2560\" \/>\n\t<meta property=\"og:image:height\" content=\"1842\" \/>\n\t<meta property=\"og:image:type\" content=\"image\/jpeg\" \/>\n<meta name=\"author\" content=\"admin\" \/>\n<meta name=\"twitter:card\" content=\"summary_large_image\" \/>\n<meta name=\"twitter:label1\" content=\"Escrito por\" \/>\n\t<meta name=\"twitter:data1\" content=\"admin\" \/>\n\t<meta name=\"twitter:label2\" content=\"Tiempo de lectura\" \/>\n\t<meta name=\"twitter:data2\" content=\"9 minutos\" \/>\n<script type=\"application\/ld+json\" class=\"yoast-schema-graph\">{\"@context\":\"https:\/\/schema.org\",\"@graph\":[{\"@type\":\"WebPage\",\"@id\":\"http:\/\/vientosur.top\/museo\/es-con-musica-texto-completo-de-raul-zurita-en-presentacion-del-libro-poesia-de-violeta-parra\/\",\"url\":\"http:\/\/vientosur.top\/museo\/es-con-musica-texto-completo-de-raul-zurita-en-presentacion-del-libro-poesia-de-violeta-parra\/\",\"name\":\"\\\"Es con M\u00fasica\\\": Texto completo de Ra\u00fal Zurita en presentaci\u00f3n del libro \\\"Poes\u00eda\\\" de Violeta Parra - Museo Violeta Parra\",\"isPartOf\":{\"@id\":\"http:\/\/vientosur.top\/museo\/#website\"},\"primaryImageOfPage\":{\"@id\":\"http:\/\/vientosur.top\/museo\/es-con-musica-texto-completo-de-raul-zurita-en-presentacion-del-libro-poesia-de-violeta-parra\/#primaryimage\"},\"image\":{\"@id\":\"http:\/\/vientosur.top\/museo\/es-con-musica-texto-completo-de-raul-zurita-en-presentacion-del-libro-poesia-de-violeta-parra\/#primaryimage\"},\"thumbnailUrl\":\"http:\/\/vientosur.top\/museo\/wp-content\/uploads\/2016\/08\/zurita-libro-scaled.jpg\",\"datePublished\":\"2016-08-04T16:27:42+00:00\",\"author\":{\"@id\":\"http:\/\/vientosur.top\/museo\/#\/schema\/person\/20c79d3c38800971feec8c2693c3dd9c\"},\"breadcrumb\":{\"@id\":\"http:\/\/vientosur.top\/museo\/es-con-musica-texto-completo-de-raul-zurita-en-presentacion-del-libro-poesia-de-violeta-parra\/#breadcrumb\"},\"inLanguage\":\"es\",\"potentialAction\":[{\"@type\":\"ReadAction\",\"target\":[\"http:\/\/vientosur.top\/museo\/es-con-musica-texto-completo-de-raul-zurita-en-presentacion-del-libro-poesia-de-violeta-parra\/\"]}]},{\"@type\":\"ImageObject\",\"inLanguage\":\"es\",\"@id\":\"http:\/\/vientosur.top\/museo\/es-con-musica-texto-completo-de-raul-zurita-en-presentacion-del-libro-poesia-de-violeta-parra\/#primaryimage\",\"url\":\"http:\/\/vientosur.top\/museo\/wp-content\/uploads\/2016\/08\/zurita-libro-scaled.jpg\",\"contentUrl\":\"http:\/\/vientosur.top\/museo\/wp-content\/uploads\/2016\/08\/zurita-libro-scaled.jpg\",\"width\":2560,\"height\":1842},{\"@type\":\"BreadcrumbList\",\"@id\":\"http:\/\/vientosur.top\/museo\/es-con-musica-texto-completo-de-raul-zurita-en-presentacion-del-libro-poesia-de-violeta-parra\/#breadcrumb\",\"itemListElement\":[{\"@type\":\"ListItem\",\"position\":1,\"name\":\"Portada\",\"item\":\"http:\/\/vientosur.top\/museo\/\"},{\"@type\":\"ListItem\",\"position\":2,\"name\":\"\u00abEs con M\u00fasica\u00bb: Texto completo de Ra\u00fal Zurita en presentaci\u00f3n del libro \u00abPoes\u00eda\u00bb de Violeta Parra\"}]},{\"@type\":\"WebSite\",\"@id\":\"http:\/\/vientosur.top\/museo\/#website\",\"url\":\"http:\/\/vientosur.top\/museo\/\",\"name\":\"Museo Violeta Parra\",\"description\":\"Espacio que alberga tanto la memoria y legado creativo de la artista\",\"potentialAction\":[{\"@type\":\"SearchAction\",\"target\":{\"@type\":\"EntryPoint\",\"urlTemplate\":\"http:\/\/vientosur.top\/museo\/?s={search_term_string}\"},\"query-input\":{\"@type\":\"PropertyValueSpecification\",\"valueRequired\":true,\"valueName\":\"search_term_string\"}}],\"inLanguage\":\"es\"},{\"@type\":\"Person\",\"@id\":\"http:\/\/vientosur.top\/museo\/#\/schema\/person\/20c79d3c38800971feec8c2693c3dd9c\",\"name\":\"admin\",\"image\":{\"@type\":\"ImageObject\",\"inLanguage\":\"es\",\"@id\":\"http:\/\/vientosur.top\/museo\/#\/schema\/person\/image\/\",\"url\":\"https:\/\/secure.gravatar.com\/avatar\/713677ece3ffa642287213a80e5b773bce9ab81c269dd6d95102a990951c922f?s=96&d=mm&r=g\",\"contentUrl\":\"https:\/\/secure.gravatar.com\/avatar\/713677ece3ffa642287213a80e5b773bce9ab81c269dd6d95102a990951c922f?s=96&d=mm&r=g\",\"caption\":\"admin\"},\"sameAs\":[\"http:\/\/vientosur.top\/museo\"],\"url\":\"http:\/\/vientosur.top\/museo\/author\/comunicacionesmvp\/\"}]}<\/script>\n<!-- \/ Yoast SEO plugin. -->","yoast_head_json":{"title":"\"Es con M\u00fasica\": Texto completo de Ra\u00fal Zurita en presentaci\u00f3n del libro \"Poes\u00eda\" de Violeta Parra - Museo Violeta Parra","robots":{"index":"index","follow":"follow","max-snippet":"max-snippet:-1","max-image-preview":"max-image-preview:large","max-video-preview":"max-video-preview:-1"},"canonical":"http:\/\/vientosur.top\/museo\/es-con-musica-texto-completo-de-raul-zurita-en-presentacion-del-libro-poesia-de-violeta-parra\/","og_locale":"es_ES","og_type":"article","og_title":"\"Es con M\u00fasica\": Texto completo de Ra\u00fal Zurita en presentaci\u00f3n del libro \"Poes\u00eda\" de Violeta Parra - Museo Violeta Parra","og_description":"El viernes \u00a029 de agosto, Ra\u00fal Zurita, Premio Iberoamericano de Poes\u00eda Pablo Neruda present\u00f3 el libro Poes\u00eda de Violeta Parra de Editorial Universidad de Valpara\u00edso frente a m\u00e1s de un centenar de personas que repletaron el auditorio Antar del Museo Violeta Parra.","og_url":"http:\/\/vientosur.top\/museo\/es-con-musica-texto-completo-de-raul-zurita-en-presentacion-del-libro-poesia-de-violeta-parra\/","og_site_name":"Museo Violeta Parra","article_published_time":"2016-08-04T16:27:42+00:00","og_image":[{"width":2560,"height":1842,"url":"http:\/\/vientosur.top\/museo\/wp-content\/uploads\/2016\/08\/zurita-libro-scaled.jpg","type":"image\/jpeg"}],"author":"admin","twitter_card":"summary_large_image","twitter_misc":{"Escrito por":"admin","Tiempo de lectura":"9 minutos"},"schema":{"@context":"https:\/\/schema.org","@graph":[{"@type":"WebPage","@id":"http:\/\/vientosur.top\/museo\/es-con-musica-texto-completo-de-raul-zurita-en-presentacion-del-libro-poesia-de-violeta-parra\/","url":"http:\/\/vientosur.top\/museo\/es-con-musica-texto-completo-de-raul-zurita-en-presentacion-del-libro-poesia-de-violeta-parra\/","name":"\"Es con M\u00fasica\": Texto completo de Ra\u00fal Zurita en presentaci\u00f3n del libro \"Poes\u00eda\" de Violeta Parra - Museo Violeta Parra","isPartOf":{"@id":"http:\/\/vientosur.top\/museo\/#website"},"primaryImageOfPage":{"@id":"http:\/\/vientosur.top\/museo\/es-con-musica-texto-completo-de-raul-zurita-en-presentacion-del-libro-poesia-de-violeta-parra\/#primaryimage"},"image":{"@id":"http:\/\/vientosur.top\/museo\/es-con-musica-texto-completo-de-raul-zurita-en-presentacion-del-libro-poesia-de-violeta-parra\/#primaryimage"},"thumbnailUrl":"http:\/\/vientosur.top\/museo\/wp-content\/uploads\/2016\/08\/zurita-libro-scaled.jpg","datePublished":"2016-08-04T16:27:42+00:00","author":{"@id":"http:\/\/vientosur.top\/museo\/#\/schema\/person\/20c79d3c38800971feec8c2693c3dd9c"},"breadcrumb":{"@id":"http:\/\/vientosur.top\/museo\/es-con-musica-texto-completo-de-raul-zurita-en-presentacion-del-libro-poesia-de-violeta-parra\/#breadcrumb"},"inLanguage":"es","potentialAction":[{"@type":"ReadAction","target":["http:\/\/vientosur.top\/museo\/es-con-musica-texto-completo-de-raul-zurita-en-presentacion-del-libro-poesia-de-violeta-parra\/"]}]},{"@type":"ImageObject","inLanguage":"es","@id":"http:\/\/vientosur.top\/museo\/es-con-musica-texto-completo-de-raul-zurita-en-presentacion-del-libro-poesia-de-violeta-parra\/#primaryimage","url":"http:\/\/vientosur.top\/museo\/wp-content\/uploads\/2016\/08\/zurita-libro-scaled.jpg","contentUrl":"http:\/\/vientosur.top\/museo\/wp-content\/uploads\/2016\/08\/zurita-libro-scaled.jpg","width":2560,"height":1842},{"@type":"BreadcrumbList","@id":"http:\/\/vientosur.top\/museo\/es-con-musica-texto-completo-de-raul-zurita-en-presentacion-del-libro-poesia-de-violeta-parra\/#breadcrumb","itemListElement":[{"@type":"ListItem","position":1,"name":"Portada","item":"http:\/\/vientosur.top\/museo\/"},{"@type":"ListItem","position":2,"name":"\u00abEs con M\u00fasica\u00bb: Texto completo de Ra\u00fal Zurita en presentaci\u00f3n del libro \u00abPoes\u00eda\u00bb de Violeta Parra"}]},{"@type":"WebSite","@id":"http:\/\/vientosur.top\/museo\/#website","url":"http:\/\/vientosur.top\/museo\/","name":"Museo Violeta Parra","description":"Espacio que alberga tanto la memoria y legado creativo de la artista","potentialAction":[{"@type":"SearchAction","target":{"@type":"EntryPoint","urlTemplate":"http:\/\/vientosur.top\/museo\/?s={search_term_string}"},"query-input":{"@type":"PropertyValueSpecification","valueRequired":true,"valueName":"search_term_string"}}],"inLanguage":"es"},{"@type":"Person","@id":"http:\/\/vientosur.top\/museo\/#\/schema\/person\/20c79d3c38800971feec8c2693c3dd9c","name":"admin","image":{"@type":"ImageObject","inLanguage":"es","@id":"http:\/\/vientosur.top\/museo\/#\/schema\/person\/image\/","url":"https:\/\/secure.gravatar.com\/avatar\/713677ece3ffa642287213a80e5b773bce9ab81c269dd6d95102a990951c922f?s=96&d=mm&r=g","contentUrl":"https:\/\/secure.gravatar.com\/avatar\/713677ece3ffa642287213a80e5b773bce9ab81c269dd6d95102a990951c922f?s=96&d=mm&r=g","caption":"admin"},"sameAs":["http:\/\/vientosur.top\/museo"],"url":"http:\/\/vientosur.top\/museo\/author\/comunicacionesmvp\/"}]}},"_links":{"self":[{"href":"http:\/\/vientosur.top\/museo\/wp-json\/wp\/v2\/posts\/1368","targetHints":{"allow":["GET"]}}],"collection":[{"href":"http:\/\/vientosur.top\/museo\/wp-json\/wp\/v2\/posts"}],"about":[{"href":"http:\/\/vientosur.top\/museo\/wp-json\/wp\/v2\/types\/post"}],"author":[{"embeddable":true,"href":"http:\/\/vientosur.top\/museo\/wp-json\/wp\/v2\/users\/5"}],"replies":[{"embeddable":true,"href":"http:\/\/vientosur.top\/museo\/wp-json\/wp\/v2\/comments?post=1368"}],"version-history":[{"count":0,"href":"http:\/\/vientosur.top\/museo\/wp-json\/wp\/v2\/posts\/1368\/revisions"}],"wp:featuredmedia":[{"embeddable":true,"href":"http:\/\/vientosur.top\/museo\/wp-json\/wp\/v2\/media\/1369"}],"wp:attachment":[{"href":"http:\/\/vientosur.top\/museo\/wp-json\/wp\/v2\/media?parent=1368"}],"wp:term":[{"taxonomy":"category","embeddable":true,"href":"http:\/\/vientosur.top\/museo\/wp-json\/wp\/v2\/categories?post=1368"},{"taxonomy":"post_tag","embeddable":true,"href":"http:\/\/vientosur.top\/museo\/wp-json\/wp\/v2\/tags?post=1368"}],"curies":[{"name":"wp","href":"https:\/\/api.w.org\/{rel}","templated":true}]}}