{"id":1374,"date":"2016-08-08T18:11:45","date_gmt":"2016-08-08T18:11:45","guid":{"rendered":"http:\/\/vientosur.top\/museo\/\/?p=1374"},"modified":"2016-08-08T18:11:45","modified_gmt":"2016-08-08T18:11:45","slug":"las-guitarras-revueltas-y-el-festin-de-las-cuerdas-en-museo-violeta-parra","status":"publish","type":"post","link":"http:\/\/vientosur.top\/museo\/las-guitarras-revueltas-y-el-festin-de-las-cuerdas-en-museo-violeta-parra\/","title":{"rendered":"Las \u201cGuitarras Revueltas\u201d y el fest\u00edn de las cuerdas en Museo Violeta Parra"},"content":{"rendered":"<ul>\n<li><strong>Las exitosas presentaciones, a cargo de la direcci\u00f3n de Andr\u00e9s Godoy, cautivaron al p\u00fablico y mostraron diferentes estilos y sonoridades creados con el instrumento de cuerdas.<\/strong><\/li>\n<\/ul>\n<p><!--more--><\/p>\n<p>Todo un \u00e9xito resultaron las presentaciones en el Museo Violeta Parra de \u201cGuitarras Revueltas\u201d, dos espect\u00e1culos musicales y creativos donde los asistentes pudieron apreciar en plenitud la fuerza expresiva de destacados instrumentalistas chilenos, tanto emergentes como consolidados.<\/p>\n<p>El primero, realizado el s\u00e1bado 6 de agosto a las 16:00 horas en el auditorio Antar, cont\u00f3 con la participaci\u00f3n Jonathan Caroca, Romina N\u00fa\u00f1ez, Pieronte y V\u00edctor Castillo, destacados artistas provenientes de la Escuela de Producci\u00f3n Musical (EPM) quienes uno a uno fueron cautivando a la concurrencia con sus guitarras, todas exponiendo diferentes estilos y sonoridades que, en algunos casos, estuvieron acompa\u00f1ados por la voz de sus ejecutores.<\/p>\n<p>El domingo, en tanto, fue el turno de Sim\u00f3n Gonz\u00e1lez, Mauricio Garay y el propio Andr\u00e9s Godoy, quienes en sus respectivas carreras solistas suman logros nacionales e internacionales. En la oportunidad, ofrecieron m\u00fasicas y sonoridades de sus repertorios originales, el que integra paisajes sudamericanos y del mundo.<\/p>\n<p>Sim\u00f3n Gonz\u00e1lez cuenta con los \u00e1lbumes \u00abPasajero\u00bb (2012) y \u00abPieza de m\u00fasica\u00bb (2013), enfocados en la guitarra de fusi\u00f3n latinoamericana, mientras que\u00a0 Mauricio Garay llev\u00f3 al auditorio Antar la vihuela andina, pieza que vincula lo renacentista y lo contempor\u00e1neo.<\/p>\n<p>Este \u00faltimo aprovecha de contar la historia del particular instrumento: \u00abLa cre\u00e9 yo mismo. La llamo as\u00ed porque rescata el rasgo de la &#8216;vihuela de mano&#8217; de tres \u00f3rdenes dobles que lleg\u00f3 con los espa\u00f1oles en el siglo XVI, y le incorporo cuatro cuerdas de la guitarra actual. De este modo el sonido se aproxima a un charango bar\u00edtono\u00bb.<\/p>\n<p>Ambas jornadas, los m\u00fasicos recibieron los elogios del p\u00fablico asistente, que no dud\u00f3 en retribuir a los artistas con aplausos y v\u00edtores por las soberbias presentaciones, las que estuvieron basadas en la t\u00e9cnica del \u201ctatap\u201d, que consigue sonidos a partir del golpe de los dedos sobre las cuerdas.<\/p>\n<p>Como cada fin de semana, ambos espect\u00e1culos pudieron ser disfrutados en forma gratuita. Cabe recordar que para asistir a estos recitales, s\u00f3lo se debe retirar sin costo una invitaci\u00f3n desde la recepci\u00f3n del espacio cultural.<\/p>\n<p><a href=\"https:\/\/www.facebook.com\/MuseoVioletaParra\/photos\/?tab=album&amp;album_id=1791257437784336\"><strong>Revisa m\u00e1s im\u00e1genes\u00a0en nuestro Facebook<\/strong><\/a><\/p>\n","protected":false},"excerpt":{"rendered":"<p>Las exitosas presentaciones, a cargo de la direcci\u00f3n de Andr\u00e9s Godoy, cautivaron al p\u00fablico y mostraron diferentes estilos y sonoridades creados con el instrumento de cuerdas.<\/p>\n","protected":false},"author":5,"featured_media":1375,"comment_status":"open","ping_status":"open","sticky":false,"template":"","format":"standard","meta":{"site-sidebar-layout":"default","site-content-layout":"","ast-site-content-layout":"default","site-content-style":"default","site-sidebar-style":"default","ast-global-header-display":"","ast-banner-title-visibility":"","ast-main-header-display":"","ast-hfb-above-header-display":"","ast-hfb-below-header-display":"","ast-hfb-mobile-header-display":"","site-post-title":"","ast-breadcrumbs-content":"","ast-featured-img":"","footer-sml-layout":"","theme-transparent-header-meta":"","adv-header-id-meta":"","stick-header-meta":"","header-above-stick-meta":"","header-main-stick-meta":"","header-below-stick-meta":"","astra-migrate-meta-layouts":"default","ast-page-background-enabled":"default","ast-page-background-meta":{"desktop":{"background-color":"var(--ast-global-color-4)","background-image":"","background-repeat":"repeat","background-position":"center center","background-size":"auto","background-attachment":"scroll","background-type":"","background-media":"","overlay-type":"","overlay-color":"","overlay-opacity":"","overlay-gradient":""},"tablet":{"background-color":"","background-image":"","background-repeat":"repeat","background-position":"center center","background-size":"auto","background-attachment":"scroll","background-type":"","background-media":"","overlay-type":"","overlay-color":"","overlay-opacity":"","overlay-gradient":""},"mobile":{"background-color":"","background-image":"","background-repeat":"repeat","background-position":"center center","background-size":"auto","background-attachment":"scroll","background-type":"","background-media":"","overlay-type":"","overlay-color":"","overlay-opacity":"","overlay-gradient":""}},"ast-content-background-meta":{"desktop":{"background-color":"var(--ast-global-color-5)","background-image":"","background-repeat":"repeat","background-position":"center center","background-size":"auto","background-attachment":"scroll","background-type":"","background-media":"","overlay-type":"","overlay-color":"","overlay-opacity":"","overlay-gradient":""},"tablet":{"background-color":"var(--ast-global-color-5)","background-image":"","background-repeat":"repeat","background-position":"center center","background-size":"auto","background-attachment":"scroll","background-type":"","background-media":"","overlay-type":"","overlay-color":"","overlay-opacity":"","overlay-gradient":""},"mobile":{"background-color":"var(--ast-global-color-5)","background-image":"","background-repeat":"repeat","background-position":"center center","background-size":"auto","background-attachment":"scroll","background-type":"","background-media":"","overlay-type":"","overlay-color":"","overlay-opacity":"","overlay-gradient":""}},"footnotes":""},"categories":[59,8,61],"tags":[87],"class_list":["post-1374","post","type-post","status-publish","format-standard","has-post-thumbnail","hentry","category-destacado-noticia","category-noticias","category-novedades","tag-recital"],"yoast_head":"<!-- This site is optimized with the Yoast SEO plugin v25.4 - https:\/\/yoast.com\/wordpress\/plugins\/seo\/ -->\n<title>Las \u201cGuitarras Revueltas\u201d y el fest\u00edn de las cuerdas en Museo Violeta Parra - Museo Violeta Parra<\/title>\n<meta name=\"robots\" content=\"index, follow, max-snippet:-1, max-image-preview:large, max-video-preview:-1\" \/>\n<link rel=\"canonical\" href=\"http:\/\/vientosur.top\/museo\/las-guitarras-revueltas-y-el-festin-de-las-cuerdas-en-museo-violeta-parra\/\" \/>\n<meta property=\"og:locale\" content=\"es_ES\" \/>\n<meta property=\"og:type\" content=\"article\" \/>\n<meta property=\"og:title\" content=\"Las \u201cGuitarras Revueltas\u201d y el fest\u00edn de las cuerdas en Museo Violeta Parra - Museo Violeta Parra\" \/>\n<meta property=\"og:description\" content=\"Las exitosas presentaciones, a cargo de la direcci\u00f3n de Andr\u00e9s Godoy, cautivaron al p\u00fablico y mostraron diferentes estilos y sonoridades creados con el instrumento de cuerdas.\" \/>\n<meta property=\"og:url\" content=\"http:\/\/vientosur.top\/museo\/las-guitarras-revueltas-y-el-festin-de-las-cuerdas-en-museo-violeta-parra\/\" \/>\n<meta property=\"og:site_name\" content=\"Museo Violeta Parra\" \/>\n<meta property=\"article:published_time\" content=\"2016-08-08T18:11:45+00:00\" \/>\n<meta property=\"og:image\" content=\"http:\/\/vientosur.top\/museo\/wp-content\/uploads\/2016\/08\/LSE_0560.jpg\" \/>\n\t<meta property=\"og:image:width\" content=\"1843\" \/>\n\t<meta property=\"og:image:height\" content=\"1229\" \/>\n\t<meta property=\"og:image:type\" content=\"image\/jpeg\" \/>\n<meta name=\"author\" content=\"admin\" \/>\n<meta name=\"twitter:card\" content=\"summary_large_image\" \/>\n<meta name=\"twitter:label1\" content=\"Escrito por\" \/>\n\t<meta name=\"twitter:data1\" content=\"admin\" \/>\n\t<meta name=\"twitter:label2\" content=\"Tiempo de lectura\" \/>\n\t<meta name=\"twitter:data2\" content=\"2 minutos\" \/>\n<script type=\"application\/ld+json\" class=\"yoast-schema-graph\">{\"@context\":\"https:\/\/schema.org\",\"@graph\":[{\"@type\":\"WebPage\",\"@id\":\"http:\/\/vientosur.top\/museo\/las-guitarras-revueltas-y-el-festin-de-las-cuerdas-en-museo-violeta-parra\/\",\"url\":\"http:\/\/vientosur.top\/museo\/las-guitarras-revueltas-y-el-festin-de-las-cuerdas-en-museo-violeta-parra\/\",\"name\":\"Las \u201cGuitarras Revueltas\u201d y el fest\u00edn de las cuerdas en Museo Violeta Parra - Museo Violeta Parra\",\"isPartOf\":{\"@id\":\"http:\/\/vientosur.top\/museo\/#website\"},\"primaryImageOfPage\":{\"@id\":\"http:\/\/vientosur.top\/museo\/las-guitarras-revueltas-y-el-festin-de-las-cuerdas-en-museo-violeta-parra\/#primaryimage\"},\"image\":{\"@id\":\"http:\/\/vientosur.top\/museo\/las-guitarras-revueltas-y-el-festin-de-las-cuerdas-en-museo-violeta-parra\/#primaryimage\"},\"thumbnailUrl\":\"http:\/\/vientosur.top\/museo\/wp-content\/uploads\/2016\/08\/LSE_0560.jpg\",\"datePublished\":\"2016-08-08T18:11:45+00:00\",\"author\":{\"@id\":\"http:\/\/vientosur.top\/museo\/#\/schema\/person\/20c79d3c38800971feec8c2693c3dd9c\"},\"breadcrumb\":{\"@id\":\"http:\/\/vientosur.top\/museo\/las-guitarras-revueltas-y-el-festin-de-las-cuerdas-en-museo-violeta-parra\/#breadcrumb\"},\"inLanguage\":\"es\",\"potentialAction\":[{\"@type\":\"ReadAction\",\"target\":[\"http:\/\/vientosur.top\/museo\/las-guitarras-revueltas-y-el-festin-de-las-cuerdas-en-museo-violeta-parra\/\"]}]},{\"@type\":\"ImageObject\",\"inLanguage\":\"es\",\"@id\":\"http:\/\/vientosur.top\/museo\/las-guitarras-revueltas-y-el-festin-de-las-cuerdas-en-museo-violeta-parra\/#primaryimage\",\"url\":\"http:\/\/vientosur.top\/museo\/wp-content\/uploads\/2016\/08\/LSE_0560.jpg\",\"contentUrl\":\"http:\/\/vientosur.top\/museo\/wp-content\/uploads\/2016\/08\/LSE_0560.jpg\",\"width\":1843,\"height\":1229},{\"@type\":\"BreadcrumbList\",\"@id\":\"http:\/\/vientosur.top\/museo\/las-guitarras-revueltas-y-el-festin-de-las-cuerdas-en-museo-violeta-parra\/#breadcrumb\",\"itemListElement\":[{\"@type\":\"ListItem\",\"position\":1,\"name\":\"Portada\",\"item\":\"http:\/\/vientosur.top\/museo\/\"},{\"@type\":\"ListItem\",\"position\":2,\"name\":\"Las \u201cGuitarras Revueltas\u201d y el fest\u00edn de las cuerdas en Museo Violeta Parra\"}]},{\"@type\":\"WebSite\",\"@id\":\"http:\/\/vientosur.top\/museo\/#website\",\"url\":\"http:\/\/vientosur.top\/museo\/\",\"name\":\"Museo Violeta Parra\",\"description\":\"Espacio que alberga tanto la memoria y legado creativo de la artista\",\"potentialAction\":[{\"@type\":\"SearchAction\",\"target\":{\"@type\":\"EntryPoint\",\"urlTemplate\":\"http:\/\/vientosur.top\/museo\/?s={search_term_string}\"},\"query-input\":{\"@type\":\"PropertyValueSpecification\",\"valueRequired\":true,\"valueName\":\"search_term_string\"}}],\"inLanguage\":\"es\"},{\"@type\":\"Person\",\"@id\":\"http:\/\/vientosur.top\/museo\/#\/schema\/person\/20c79d3c38800971feec8c2693c3dd9c\",\"name\":\"admin\",\"image\":{\"@type\":\"ImageObject\",\"inLanguage\":\"es\",\"@id\":\"http:\/\/vientosur.top\/museo\/#\/schema\/person\/image\/\",\"url\":\"https:\/\/secure.gravatar.com\/avatar\/713677ece3ffa642287213a80e5b773bce9ab81c269dd6d95102a990951c922f?s=96&d=mm&r=g\",\"contentUrl\":\"https:\/\/secure.gravatar.com\/avatar\/713677ece3ffa642287213a80e5b773bce9ab81c269dd6d95102a990951c922f?s=96&d=mm&r=g\",\"caption\":\"admin\"},\"sameAs\":[\"http:\/\/vientosur.top\/museo\"],\"url\":\"http:\/\/vientosur.top\/museo\/author\/comunicacionesmvp\/\"}]}<\/script>\n<!-- \/ Yoast SEO plugin. -->","yoast_head_json":{"title":"Las \u201cGuitarras Revueltas\u201d y el fest\u00edn de las cuerdas en Museo Violeta Parra - Museo Violeta Parra","robots":{"index":"index","follow":"follow","max-snippet":"max-snippet:-1","max-image-preview":"max-image-preview:large","max-video-preview":"max-video-preview:-1"},"canonical":"http:\/\/vientosur.top\/museo\/las-guitarras-revueltas-y-el-festin-de-las-cuerdas-en-museo-violeta-parra\/","og_locale":"es_ES","og_type":"article","og_title":"Las \u201cGuitarras Revueltas\u201d y el fest\u00edn de las cuerdas en Museo Violeta Parra - Museo Violeta Parra","og_description":"Las exitosas presentaciones, a cargo de la direcci\u00f3n de Andr\u00e9s Godoy, cautivaron al p\u00fablico y mostraron diferentes estilos y sonoridades creados con el instrumento de cuerdas.","og_url":"http:\/\/vientosur.top\/museo\/las-guitarras-revueltas-y-el-festin-de-las-cuerdas-en-museo-violeta-parra\/","og_site_name":"Museo Violeta Parra","article_published_time":"2016-08-08T18:11:45+00:00","og_image":[{"width":1843,"height":1229,"url":"http:\/\/vientosur.top\/museo\/wp-content\/uploads\/2016\/08\/LSE_0560.jpg","type":"image\/jpeg"}],"author":"admin","twitter_card":"summary_large_image","twitter_misc":{"Escrito por":"admin","Tiempo de lectura":"2 minutos"},"schema":{"@context":"https:\/\/schema.org","@graph":[{"@type":"WebPage","@id":"http:\/\/vientosur.top\/museo\/las-guitarras-revueltas-y-el-festin-de-las-cuerdas-en-museo-violeta-parra\/","url":"http:\/\/vientosur.top\/museo\/las-guitarras-revueltas-y-el-festin-de-las-cuerdas-en-museo-violeta-parra\/","name":"Las \u201cGuitarras Revueltas\u201d y el fest\u00edn de las cuerdas en Museo Violeta Parra - Museo Violeta Parra","isPartOf":{"@id":"http:\/\/vientosur.top\/museo\/#website"},"primaryImageOfPage":{"@id":"http:\/\/vientosur.top\/museo\/las-guitarras-revueltas-y-el-festin-de-las-cuerdas-en-museo-violeta-parra\/#primaryimage"},"image":{"@id":"http:\/\/vientosur.top\/museo\/las-guitarras-revueltas-y-el-festin-de-las-cuerdas-en-museo-violeta-parra\/#primaryimage"},"thumbnailUrl":"http:\/\/vientosur.top\/museo\/wp-content\/uploads\/2016\/08\/LSE_0560.jpg","datePublished":"2016-08-08T18:11:45+00:00","author":{"@id":"http:\/\/vientosur.top\/museo\/#\/schema\/person\/20c79d3c38800971feec8c2693c3dd9c"},"breadcrumb":{"@id":"http:\/\/vientosur.top\/museo\/las-guitarras-revueltas-y-el-festin-de-las-cuerdas-en-museo-violeta-parra\/#breadcrumb"},"inLanguage":"es","potentialAction":[{"@type":"ReadAction","target":["http:\/\/vientosur.top\/museo\/las-guitarras-revueltas-y-el-festin-de-las-cuerdas-en-museo-violeta-parra\/"]}]},{"@type":"ImageObject","inLanguage":"es","@id":"http:\/\/vientosur.top\/museo\/las-guitarras-revueltas-y-el-festin-de-las-cuerdas-en-museo-violeta-parra\/#primaryimage","url":"http:\/\/vientosur.top\/museo\/wp-content\/uploads\/2016\/08\/LSE_0560.jpg","contentUrl":"http:\/\/vientosur.top\/museo\/wp-content\/uploads\/2016\/08\/LSE_0560.jpg","width":1843,"height":1229},{"@type":"BreadcrumbList","@id":"http:\/\/vientosur.top\/museo\/las-guitarras-revueltas-y-el-festin-de-las-cuerdas-en-museo-violeta-parra\/#breadcrumb","itemListElement":[{"@type":"ListItem","position":1,"name":"Portada","item":"http:\/\/vientosur.top\/museo\/"},{"@type":"ListItem","position":2,"name":"Las \u201cGuitarras Revueltas\u201d y el fest\u00edn de las cuerdas en Museo Violeta Parra"}]},{"@type":"WebSite","@id":"http:\/\/vientosur.top\/museo\/#website","url":"http:\/\/vientosur.top\/museo\/","name":"Museo Violeta Parra","description":"Espacio que alberga tanto la memoria y legado creativo de la artista","potentialAction":[{"@type":"SearchAction","target":{"@type":"EntryPoint","urlTemplate":"http:\/\/vientosur.top\/museo\/?s={search_term_string}"},"query-input":{"@type":"PropertyValueSpecification","valueRequired":true,"valueName":"search_term_string"}}],"inLanguage":"es"},{"@type":"Person","@id":"http:\/\/vientosur.top\/museo\/#\/schema\/person\/20c79d3c38800971feec8c2693c3dd9c","name":"admin","image":{"@type":"ImageObject","inLanguage":"es","@id":"http:\/\/vientosur.top\/museo\/#\/schema\/person\/image\/","url":"https:\/\/secure.gravatar.com\/avatar\/713677ece3ffa642287213a80e5b773bce9ab81c269dd6d95102a990951c922f?s=96&d=mm&r=g","contentUrl":"https:\/\/secure.gravatar.com\/avatar\/713677ece3ffa642287213a80e5b773bce9ab81c269dd6d95102a990951c922f?s=96&d=mm&r=g","caption":"admin"},"sameAs":["http:\/\/vientosur.top\/museo"],"url":"http:\/\/vientosur.top\/museo\/author\/comunicacionesmvp\/"}]}},"_links":{"self":[{"href":"http:\/\/vientosur.top\/museo\/wp-json\/wp\/v2\/posts\/1374","targetHints":{"allow":["GET"]}}],"collection":[{"href":"http:\/\/vientosur.top\/museo\/wp-json\/wp\/v2\/posts"}],"about":[{"href":"http:\/\/vientosur.top\/museo\/wp-json\/wp\/v2\/types\/post"}],"author":[{"embeddable":true,"href":"http:\/\/vientosur.top\/museo\/wp-json\/wp\/v2\/users\/5"}],"replies":[{"embeddable":true,"href":"http:\/\/vientosur.top\/museo\/wp-json\/wp\/v2\/comments?post=1374"}],"version-history":[{"count":0,"href":"http:\/\/vientosur.top\/museo\/wp-json\/wp\/v2\/posts\/1374\/revisions"}],"wp:featuredmedia":[{"embeddable":true,"href":"http:\/\/vientosur.top\/museo\/wp-json\/wp\/v2\/media\/1375"}],"wp:attachment":[{"href":"http:\/\/vientosur.top\/museo\/wp-json\/wp\/v2\/media?parent=1374"}],"wp:term":[{"taxonomy":"category","embeddable":true,"href":"http:\/\/vientosur.top\/museo\/wp-json\/wp\/v2\/categories?post=1374"},{"taxonomy":"post_tag","embeddable":true,"href":"http:\/\/vientosur.top\/museo\/wp-json\/wp\/v2\/tags?post=1374"}],"curies":[{"name":"wp","href":"https:\/\/api.w.org\/{rel}","templated":true}]}}