{"id":1377,"date":"2016-08-08T21:04:26","date_gmt":"2016-08-08T21:04:26","guid":{"rendered":"http:\/\/vientosur.top\/museo\/\/?p=1377"},"modified":"2016-08-08T21:04:26","modified_gmt":"2016-08-08T21:04:26","slug":"destacado-musico-argentino-cerrara-encuentro-telar-con-dos-recitales-en-el-museo-violeta-parra","status":"publish","type":"post","link":"http:\/\/vientosur.top\/museo\/destacado-musico-argentino-cerrara-encuentro-telar-con-dos-recitales-en-el-museo-violeta-parra\/","title":{"rendered":"Destacado m\u00fasico argentino cerrar\u00e1 Encuentro Telar con dos recitales en el Museo Violeta Parra"},"content":{"rendered":"<ul>\n<li><strong><em>Se trata de Diego Schissi, considerado uno de los compositores m\u00e1s s\u00f3lidos y originales de la actual m\u00fasica trasandina.<\/em><\/strong><\/li>\n<\/ul>\n<p><!--more--><\/p>\n<p>El pr\u00f3ximo s\u00e1bado 13 y domingo 14 de agosto se presentar\u00e1 en el Museo Violeta Parra el destacado m\u00fasico argentino Diego Schissi, en el marco del \u201cEncuentro TELAR 2016\u201d.<\/p>\n<p>Las actuaciones de Schissi, considerado uno de los compositores m\u00e1s s\u00f3lidos y originales de la actual m\u00fasica trasandina, tendr\u00e1n lugar en el auditorio Antar del Museo a las 16:00 horas.<\/p>\n<p>La presentaci\u00f3n se enmarca en la segunda residencia creativa de TELAR, a realizarse del 8 al 14 de agosto en diversas sedes, entre las que se encuentra el Museo Violeta Parra.<\/p>\n<p>En ambos recitales, Schissi estar\u00e1 acompa\u00f1ado de los int\u00e9rpretes del Ensamble TELAR, con quienes compartir\u00e1 parte de las m\u00fasicas tejidas durante el transcurso del encuentro.<\/p>\n<p>En ese sentido, compartir\u00e1 escenario con los m\u00fasicos chilenos Daniel Delgado (guitarra ac\u00fastica), Fernando Ra\u00edn (guitarra el\u00e9ctrica), Catalina Gonz\u00e1lez (cello), Luis Castillo (bater\u00eda y percusi\u00f3n), Olga Cornejo (triple, cuatro y mandolina), Diego Vera (bajo y contrabajo), Julio Esparza (acorde\u00f3n), Aldo Blumenberg (flauta traversa y quena), Joaqu\u00edn Juricic (vientos andinos y guitarra), y B\u00e1rbara Carrasco (piano). Todos ellos fueron seleccionados a trav\u00e9s de una convocatoria abierta a principio de a\u00f1o.<\/p>\n<p>Schissi Integr\u00f3 el Quinteto Urbano (1999-2004), con quienes visit\u00f3 Chile por primera vez el a\u00f1o 2003 invitado a participar del Festival de Jazz de Providencia. Grab\u00f3 junto a Lidia Borda el \u00e1lbum \u201cTal vez ser\u00e1 su voz\u201d en 2002 y fue becario del Fondo Nacional de las Artes en 1998. Entre sus creaciones, figuran obras de c\u00e1mara como tambi\u00e9n m\u00fasica para cine, teatro y televisi\u00f3n.<\/p>\n<p>Junto a su actual quinteto, conformado adem\u00e1s por virtuosos m\u00fasicos de la escena argentina como Guillermo Rubino (viol\u00edn), Santiago Segret (bandone\u00f3n),\u00a0Ismael Grossman (guitarra),\u00a0Juan Pablo Navarro (contrabajo), Schissi comparte una visi\u00f3n musical donde la complicidad y la conexi\u00f3n en la ejecuci\u00f3n componen los c\u00f3digos de una escucha mutua.<\/p>\n<p>Dentro de sus \u00faltimos trabajos discogr\u00e1ficos se encuentran Tipas y Tipos, y el m\u00e1s reciente disco titulado Timba que, cuenta, est\u00e1 \u201cbasado en la numerolog\u00eda de los sue\u00f1os que propone desde el fondo del inconsciente popular el juego de la quiniela\u201d. \u00a0Actualmente prepara la grabaci\u00f3n de Te, inspirado en el tema \u201cPor\u201d del disco Artaud de Luis Alberto Spinetta.<\/p>\n<p>Quienes quieran asistir a estos conciertos \u00fanicos, deber\u00e1n retirar gratuitamente sus invitaciones en informaciones del Museo Violeta Parra, de martes a domingo de 09:30 a 18:00 horas. Los cupos son limitados.<\/p>\n","protected":false},"excerpt":{"rendered":"<p>Se trata de Diego Schissi, considerado uno de los compositores m\u00e1s s\u00f3lidos y originales de la actual m\u00fasica trasandina.<\/p>\n","protected":false},"author":5,"featured_media":1378,"comment_status":"open","ping_status":"open","sticky":false,"template":"","format":"standard","meta":{"site-sidebar-layout":"default","site-content-layout":"","ast-site-content-layout":"default","site-content-style":"default","site-sidebar-style":"default","ast-global-header-display":"","ast-banner-title-visibility":"","ast-main-header-display":"","ast-hfb-above-header-display":"","ast-hfb-below-header-display":"","ast-hfb-mobile-header-display":"","site-post-title":"","ast-breadcrumbs-content":"","ast-featured-img":"","footer-sml-layout":"","theme-transparent-header-meta":"","adv-header-id-meta":"","stick-header-meta":"","header-above-stick-meta":"","header-main-stick-meta":"","header-below-stick-meta":"","astra-migrate-meta-layouts":"default","ast-page-background-enabled":"default","ast-page-background-meta":{"desktop":{"background-color":"var(--ast-global-color-4)","background-image":"","background-repeat":"repeat","background-position":"center center","background-size":"auto","background-attachment":"scroll","background-type":"","background-media":"","overlay-type":"","overlay-color":"","overlay-opacity":"","overlay-gradient":""},"tablet":{"background-color":"","background-image":"","background-repeat":"repeat","background-position":"center center","background-size":"auto","background-attachment":"scroll","background-type":"","background-media":"","overlay-type":"","overlay-color":"","overlay-opacity":"","overlay-gradient":""},"mobile":{"background-color":"","background-image":"","background-repeat":"repeat","background-position":"center center","background-size":"auto","background-attachment":"scroll","background-type":"","background-media":"","overlay-type":"","overlay-color":"","overlay-opacity":"","overlay-gradient":""}},"ast-content-background-meta":{"desktop":{"background-color":"var(--ast-global-color-5)","background-image":"","background-repeat":"repeat","background-position":"center center","background-size":"auto","background-attachment":"scroll","background-type":"","background-media":"","overlay-type":"","overlay-color":"","overlay-opacity":"","overlay-gradient":""},"tablet":{"background-color":"var(--ast-global-color-5)","background-image":"","background-repeat":"repeat","background-position":"center center","background-size":"auto","background-attachment":"scroll","background-type":"","background-media":"","overlay-type":"","overlay-color":"","overlay-opacity":"","overlay-gradient":""},"mobile":{"background-color":"var(--ast-global-color-5)","background-image":"","background-repeat":"repeat","background-position":"center center","background-size":"auto","background-attachment":"scroll","background-type":"","background-media":"","overlay-type":"","overlay-color":"","overlay-opacity":"","overlay-gradient":""}},"footnotes":""},"categories":[8,61],"tags":[88,89],"class_list":["post-1377","post","type-post","status-publish","format-standard","has-post-thumbnail","hentry","category-noticias","category-novedades","tag-diego-schissi","tag-telar"],"yoast_head":"<!-- This site is optimized with the Yoast SEO plugin v25.4 - https:\/\/yoast.com\/wordpress\/plugins\/seo\/ -->\n<title>Destacado m\u00fasico argentino cerrar\u00e1 Encuentro Telar con dos recitales en el Museo Violeta Parra - Museo Violeta Parra<\/title>\n<meta name=\"robots\" content=\"index, follow, max-snippet:-1, max-image-preview:large, max-video-preview:-1\" \/>\n<link rel=\"canonical\" href=\"http:\/\/vientosur.top\/museo\/destacado-musico-argentino-cerrara-encuentro-telar-con-dos-recitales-en-el-museo-violeta-parra\/\" \/>\n<meta property=\"og:locale\" content=\"es_ES\" \/>\n<meta property=\"og:type\" content=\"article\" \/>\n<meta property=\"og:title\" content=\"Destacado m\u00fasico argentino cerrar\u00e1 Encuentro Telar con dos recitales en el Museo Violeta Parra - Museo Violeta Parra\" \/>\n<meta property=\"og:description\" content=\"Se trata de Diego Schissi, considerado uno de los compositores m\u00e1s s\u00f3lidos y originales de la actual m\u00fasica trasandina.\" \/>\n<meta property=\"og:url\" content=\"http:\/\/vientosur.top\/museo\/destacado-musico-argentino-cerrara-encuentro-telar-con-dos-recitales-en-el-museo-violeta-parra\/\" \/>\n<meta property=\"og:site_name\" content=\"Museo Violeta Parra\" \/>\n<meta property=\"article:published_time\" content=\"2016-08-08T21:04:26+00:00\" \/>\n<meta property=\"og:image\" content=\"http:\/\/vientosur.top\/museo\/wp-content\/uploads\/2016\/08\/DIEGO-SS.jpg\" \/>\n\t<meta property=\"og:image:width\" content=\"637\" \/>\n\t<meta property=\"og:image:height\" content=\"427\" \/>\n\t<meta property=\"og:image:type\" content=\"image\/jpeg\" \/>\n<meta name=\"author\" content=\"admin\" \/>\n<meta name=\"twitter:card\" content=\"summary_large_image\" \/>\n<meta name=\"twitter:label1\" content=\"Escrito por\" \/>\n\t<meta name=\"twitter:data1\" content=\"admin\" \/>\n\t<meta name=\"twitter:label2\" content=\"Tiempo de lectura\" \/>\n\t<meta name=\"twitter:data2\" content=\"2 minutos\" \/>\n<script type=\"application\/ld+json\" class=\"yoast-schema-graph\">{\"@context\":\"https:\/\/schema.org\",\"@graph\":[{\"@type\":\"WebPage\",\"@id\":\"http:\/\/vientosur.top\/museo\/destacado-musico-argentino-cerrara-encuentro-telar-con-dos-recitales-en-el-museo-violeta-parra\/\",\"url\":\"http:\/\/vientosur.top\/museo\/destacado-musico-argentino-cerrara-encuentro-telar-con-dos-recitales-en-el-museo-violeta-parra\/\",\"name\":\"Destacado m\u00fasico argentino cerrar\u00e1 Encuentro Telar con dos recitales en el Museo Violeta Parra - Museo Violeta Parra\",\"isPartOf\":{\"@id\":\"http:\/\/vientosur.top\/museo\/#website\"},\"primaryImageOfPage\":{\"@id\":\"http:\/\/vientosur.top\/museo\/destacado-musico-argentino-cerrara-encuentro-telar-con-dos-recitales-en-el-museo-violeta-parra\/#primaryimage\"},\"image\":{\"@id\":\"http:\/\/vientosur.top\/museo\/destacado-musico-argentino-cerrara-encuentro-telar-con-dos-recitales-en-el-museo-violeta-parra\/#primaryimage\"},\"thumbnailUrl\":\"http:\/\/vientosur.top\/museo\/wp-content\/uploads\/2016\/08\/DIEGO-SS.jpg\",\"datePublished\":\"2016-08-08T21:04:26+00:00\",\"author\":{\"@id\":\"http:\/\/vientosur.top\/museo\/#\/schema\/person\/20c79d3c38800971feec8c2693c3dd9c\"},\"breadcrumb\":{\"@id\":\"http:\/\/vientosur.top\/museo\/destacado-musico-argentino-cerrara-encuentro-telar-con-dos-recitales-en-el-museo-violeta-parra\/#breadcrumb\"},\"inLanguage\":\"es\",\"potentialAction\":[{\"@type\":\"ReadAction\",\"target\":[\"http:\/\/vientosur.top\/museo\/destacado-musico-argentino-cerrara-encuentro-telar-con-dos-recitales-en-el-museo-violeta-parra\/\"]}]},{\"@type\":\"ImageObject\",\"inLanguage\":\"es\",\"@id\":\"http:\/\/vientosur.top\/museo\/destacado-musico-argentino-cerrara-encuentro-telar-con-dos-recitales-en-el-museo-violeta-parra\/#primaryimage\",\"url\":\"http:\/\/vientosur.top\/museo\/wp-content\/uploads\/2016\/08\/DIEGO-SS.jpg\",\"contentUrl\":\"http:\/\/vientosur.top\/museo\/wp-content\/uploads\/2016\/08\/DIEGO-SS.jpg\",\"width\":637,\"height\":427},{\"@type\":\"BreadcrumbList\",\"@id\":\"http:\/\/vientosur.top\/museo\/destacado-musico-argentino-cerrara-encuentro-telar-con-dos-recitales-en-el-museo-violeta-parra\/#breadcrumb\",\"itemListElement\":[{\"@type\":\"ListItem\",\"position\":1,\"name\":\"Portada\",\"item\":\"http:\/\/vientosur.top\/museo\/\"},{\"@type\":\"ListItem\",\"position\":2,\"name\":\"Destacado m\u00fasico argentino cerrar\u00e1 Encuentro Telar con dos recitales en el Museo Violeta Parra\"}]},{\"@type\":\"WebSite\",\"@id\":\"http:\/\/vientosur.top\/museo\/#website\",\"url\":\"http:\/\/vientosur.top\/museo\/\",\"name\":\"Museo Violeta Parra\",\"description\":\"Espacio que alberga tanto la memoria y legado creativo de la artista\",\"potentialAction\":[{\"@type\":\"SearchAction\",\"target\":{\"@type\":\"EntryPoint\",\"urlTemplate\":\"http:\/\/vientosur.top\/museo\/?s={search_term_string}\"},\"query-input\":{\"@type\":\"PropertyValueSpecification\",\"valueRequired\":true,\"valueName\":\"search_term_string\"}}],\"inLanguage\":\"es\"},{\"@type\":\"Person\",\"@id\":\"http:\/\/vientosur.top\/museo\/#\/schema\/person\/20c79d3c38800971feec8c2693c3dd9c\",\"name\":\"admin\",\"image\":{\"@type\":\"ImageObject\",\"inLanguage\":\"es\",\"@id\":\"http:\/\/vientosur.top\/museo\/#\/schema\/person\/image\/\",\"url\":\"https:\/\/secure.gravatar.com\/avatar\/713677ece3ffa642287213a80e5b773bce9ab81c269dd6d95102a990951c922f?s=96&d=mm&r=g\",\"contentUrl\":\"https:\/\/secure.gravatar.com\/avatar\/713677ece3ffa642287213a80e5b773bce9ab81c269dd6d95102a990951c922f?s=96&d=mm&r=g\",\"caption\":\"admin\"},\"sameAs\":[\"http:\/\/vientosur.top\/museo\"],\"url\":\"http:\/\/vientosur.top\/museo\/author\/comunicacionesmvp\/\"}]}<\/script>\n<!-- \/ Yoast SEO plugin. -->","yoast_head_json":{"title":"Destacado m\u00fasico argentino cerrar\u00e1 Encuentro Telar con dos recitales en el Museo Violeta Parra - Museo Violeta Parra","robots":{"index":"index","follow":"follow","max-snippet":"max-snippet:-1","max-image-preview":"max-image-preview:large","max-video-preview":"max-video-preview:-1"},"canonical":"http:\/\/vientosur.top\/museo\/destacado-musico-argentino-cerrara-encuentro-telar-con-dos-recitales-en-el-museo-violeta-parra\/","og_locale":"es_ES","og_type":"article","og_title":"Destacado m\u00fasico argentino cerrar\u00e1 Encuentro Telar con dos recitales en el Museo Violeta Parra - Museo Violeta Parra","og_description":"Se trata de Diego Schissi, considerado uno de los compositores m\u00e1s s\u00f3lidos y originales de la actual m\u00fasica trasandina.","og_url":"http:\/\/vientosur.top\/museo\/destacado-musico-argentino-cerrara-encuentro-telar-con-dos-recitales-en-el-museo-violeta-parra\/","og_site_name":"Museo Violeta Parra","article_published_time":"2016-08-08T21:04:26+00:00","og_image":[{"width":637,"height":427,"url":"http:\/\/vientosur.top\/museo\/wp-content\/uploads\/2016\/08\/DIEGO-SS.jpg","type":"image\/jpeg"}],"author":"admin","twitter_card":"summary_large_image","twitter_misc":{"Escrito por":"admin","Tiempo de lectura":"2 minutos"},"schema":{"@context":"https:\/\/schema.org","@graph":[{"@type":"WebPage","@id":"http:\/\/vientosur.top\/museo\/destacado-musico-argentino-cerrara-encuentro-telar-con-dos-recitales-en-el-museo-violeta-parra\/","url":"http:\/\/vientosur.top\/museo\/destacado-musico-argentino-cerrara-encuentro-telar-con-dos-recitales-en-el-museo-violeta-parra\/","name":"Destacado m\u00fasico argentino cerrar\u00e1 Encuentro Telar con dos recitales en el Museo Violeta Parra - Museo Violeta Parra","isPartOf":{"@id":"http:\/\/vientosur.top\/museo\/#website"},"primaryImageOfPage":{"@id":"http:\/\/vientosur.top\/museo\/destacado-musico-argentino-cerrara-encuentro-telar-con-dos-recitales-en-el-museo-violeta-parra\/#primaryimage"},"image":{"@id":"http:\/\/vientosur.top\/museo\/destacado-musico-argentino-cerrara-encuentro-telar-con-dos-recitales-en-el-museo-violeta-parra\/#primaryimage"},"thumbnailUrl":"http:\/\/vientosur.top\/museo\/wp-content\/uploads\/2016\/08\/DIEGO-SS.jpg","datePublished":"2016-08-08T21:04:26+00:00","author":{"@id":"http:\/\/vientosur.top\/museo\/#\/schema\/person\/20c79d3c38800971feec8c2693c3dd9c"},"breadcrumb":{"@id":"http:\/\/vientosur.top\/museo\/destacado-musico-argentino-cerrara-encuentro-telar-con-dos-recitales-en-el-museo-violeta-parra\/#breadcrumb"},"inLanguage":"es","potentialAction":[{"@type":"ReadAction","target":["http:\/\/vientosur.top\/museo\/destacado-musico-argentino-cerrara-encuentro-telar-con-dos-recitales-en-el-museo-violeta-parra\/"]}]},{"@type":"ImageObject","inLanguage":"es","@id":"http:\/\/vientosur.top\/museo\/destacado-musico-argentino-cerrara-encuentro-telar-con-dos-recitales-en-el-museo-violeta-parra\/#primaryimage","url":"http:\/\/vientosur.top\/museo\/wp-content\/uploads\/2016\/08\/DIEGO-SS.jpg","contentUrl":"http:\/\/vientosur.top\/museo\/wp-content\/uploads\/2016\/08\/DIEGO-SS.jpg","width":637,"height":427},{"@type":"BreadcrumbList","@id":"http:\/\/vientosur.top\/museo\/destacado-musico-argentino-cerrara-encuentro-telar-con-dos-recitales-en-el-museo-violeta-parra\/#breadcrumb","itemListElement":[{"@type":"ListItem","position":1,"name":"Portada","item":"http:\/\/vientosur.top\/museo\/"},{"@type":"ListItem","position":2,"name":"Destacado m\u00fasico argentino cerrar\u00e1 Encuentro Telar con dos recitales en el Museo Violeta Parra"}]},{"@type":"WebSite","@id":"http:\/\/vientosur.top\/museo\/#website","url":"http:\/\/vientosur.top\/museo\/","name":"Museo Violeta Parra","description":"Espacio que alberga tanto la memoria y legado creativo de la artista","potentialAction":[{"@type":"SearchAction","target":{"@type":"EntryPoint","urlTemplate":"http:\/\/vientosur.top\/museo\/?s={search_term_string}"},"query-input":{"@type":"PropertyValueSpecification","valueRequired":true,"valueName":"search_term_string"}}],"inLanguage":"es"},{"@type":"Person","@id":"http:\/\/vientosur.top\/museo\/#\/schema\/person\/20c79d3c38800971feec8c2693c3dd9c","name":"admin","image":{"@type":"ImageObject","inLanguage":"es","@id":"http:\/\/vientosur.top\/museo\/#\/schema\/person\/image\/","url":"https:\/\/secure.gravatar.com\/avatar\/713677ece3ffa642287213a80e5b773bce9ab81c269dd6d95102a990951c922f?s=96&d=mm&r=g","contentUrl":"https:\/\/secure.gravatar.com\/avatar\/713677ece3ffa642287213a80e5b773bce9ab81c269dd6d95102a990951c922f?s=96&d=mm&r=g","caption":"admin"},"sameAs":["http:\/\/vientosur.top\/museo"],"url":"http:\/\/vientosur.top\/museo\/author\/comunicacionesmvp\/"}]}},"_links":{"self":[{"href":"http:\/\/vientosur.top\/museo\/wp-json\/wp\/v2\/posts\/1377","targetHints":{"allow":["GET"]}}],"collection":[{"href":"http:\/\/vientosur.top\/museo\/wp-json\/wp\/v2\/posts"}],"about":[{"href":"http:\/\/vientosur.top\/museo\/wp-json\/wp\/v2\/types\/post"}],"author":[{"embeddable":true,"href":"http:\/\/vientosur.top\/museo\/wp-json\/wp\/v2\/users\/5"}],"replies":[{"embeddable":true,"href":"http:\/\/vientosur.top\/museo\/wp-json\/wp\/v2\/comments?post=1377"}],"version-history":[{"count":0,"href":"http:\/\/vientosur.top\/museo\/wp-json\/wp\/v2\/posts\/1377\/revisions"}],"wp:featuredmedia":[{"embeddable":true,"href":"http:\/\/vientosur.top\/museo\/wp-json\/wp\/v2\/media\/1378"}],"wp:attachment":[{"href":"http:\/\/vientosur.top\/museo\/wp-json\/wp\/v2\/media?parent=1377"}],"wp:term":[{"taxonomy":"category","embeddable":true,"href":"http:\/\/vientosur.top\/museo\/wp-json\/wp\/v2\/categories?post=1377"},{"taxonomy":"post_tag","embeddable":true,"href":"http:\/\/vientosur.top\/museo\/wp-json\/wp\/v2\/tags?post=1377"}],"curies":[{"name":"wp","href":"https:\/\/api.w.org\/{rel}","templated":true}]}}