{"id":14012,"date":"2018-02-27T08:57:45","date_gmt":"2018-02-27T13:57:45","guid":{"rendered":"http:\/\/vientosur.top\/museo\/?p=14012"},"modified":"2018-02-27T08:57:45","modified_gmt":"2018-02-27T13:57:45","slug":"profesores-desarrollaron-cuatro-nuevos-programas-educativos-del-museo-violeta-parra","status":"publish","type":"post","link":"http:\/\/vientosur.top\/museo\/profesores-desarrollaron-cuatro-nuevos-programas-educativos-del-museo-violeta-parra\/","title":{"rendered":"Profesores desarrollaron cuatro nuevos programas educativos del Museo Violeta Parra"},"content":{"rendered":"<p>Entre el martes 20 y el viernes 23 de febrero se realiz\u00f3 la segunda edici\u00f3n de los Desarrollos Pedag\u00f3gicos Participativos. La iniciativa cont\u00f3 con la participaci\u00f3n de 22 docentes.<\/p>\n<p>\u00abLas corrientes actuales en educaci\u00f3n en museos tienden a poner en valor la participaci\u00f3n de los diferentes agentes sociales a la hora de desarrollar las pr\u00e1cticas de mediaci\u00f3n en estos espacios. Con nuestros Desarrollos Pedag\u00f3gicos Participativos nos abrimos al dialogo con la comunidad docente y lo invitamos a ser un agente real en el dise\u00f1o de la experiencia que significa visitar Museo Violeta Parra\u201d, explica Esteban Torres, Jefe de Educaci\u00f3n, Mediaci\u00f3n, Audiencias y Voluntariado.<\/p>\n<p>El museo actualmente cuenta con <a href=\"http:\/\/vientosur.top\/museo\/visitas\/\" target=\"_blank\" rel=\"noopener noreferrer\">10 programas que van desde la educaci\u00f3n inicial, primer y segundo ciclo b\u00e1sico, educaci\u00f3n media y superior<\/a>. Este a\u00f1o, se desarrollaron en conjunto con los docentes cuatro nuevos programas: Uno nuevo para educaci\u00f3n inicial en conjunto con Fundaci\u00f3n Integra, otro para primer ciclo b\u00e1sico y dos innovadores como el dirigido a Educaci\u00f3n para J\u00f3venes y Adultos en conjunto con el Ministerio de Educaci\u00f3n y su programa EPJA, adem\u00e1s de uno dirigido a la Educaci\u00f3n Diferencial.<\/p>\n<p>A las jornadas de trabajo se invit\u00f3 abiertamente a profesores especialistas en cada tema y que trabajan con estos segmentos para aportar a la comunidad, con la finalidad de que los resultados sean significativos para sus beneficiarios, sin escolarizar la visita en t\u00e9rminos metodol\u00f3gicos, pero con pertinencia de contenidos para los profesores que ven en el museo a un recurso importante para sus estudiantes<\/p>\n<p>\u201cCon esto el Museo Violeta Parra se transforma en el \u00fanico museo de Chile en cubrir todos los segmentos de la educaci\u00f3n formal como propuestas dise\u00f1adas para cada grupo las que incluyen un recorrido mediado por la muestra y una actividad de pr\u00e1ctica art\u00edstica de s\u00edntesis del conocimiento adquirido durante la experiencia por la muestra\u201d, finaliza Esteban Torres.<\/p>\n<p>Los nuevos programas estar\u00e1n disponibles desde la segunda quincena de marzo para <a href=\"http:\/\/vientosur.top\/museo\/visitas\/\" target=\"_blank\" rel=\"noopener noreferrer\">reservas desde el sitio web<\/a>. Las visitas educativas, as\u00ed como todas las actividades del Museo Violeta Parra son gratuitas.<\/p>\n<p>&nbsp;<\/p>\n<p><a href=\"http:\/\/vientosur.top\/museo\/wp-content\/uploads\/2018\/02\/dpp.jpg\"><img fetchpriority=\"high\" decoding=\"async\" class=\"alignnone wp-image-14017 size-large\" src=\"http:\/\/vientosur.top\/museo\/wp-content\/uploads\/2018\/02\/dpp-1024x576.jpg\" alt=\"\" width=\"840\" height=\"473\" \/><\/a><\/p>\n<p>&nbsp;<\/p>\n<p>&nbsp;<\/p>\n<p>&nbsp;<\/p>\n","protected":false},"excerpt":{"rendered":"<p>Entre el martes 20 y el viernes 23 de febrero se realiz\u00f3 la segunda edici\u00f3n de los Desarrollos Pedag\u00f3gicos Participativos. La iniciativa cont\u00f3 con la participaci\u00f3n de 22 docentes. \u00abLas corrientes actuales en educaci\u00f3n en museos tienden a poner en valor la participaci\u00f3n de los diferentes agentes sociales a la hora de desarrollar las pr\u00e1cticas [&hellip;]<\/p>\n","protected":false},"author":5,"featured_media":14022,"comment_status":"open","ping_status":"open","sticky":false,"template":"","format":"standard","meta":{"site-sidebar-layout":"default","site-content-layout":"","ast-site-content-layout":"default","site-content-style":"default","site-sidebar-style":"default","ast-global-header-display":"","ast-banner-title-visibility":"","ast-main-header-display":"","ast-hfb-above-header-display":"","ast-hfb-below-header-display":"","ast-hfb-mobile-header-display":"","site-post-title":"","ast-breadcrumbs-content":"","ast-featured-img":"","footer-sml-layout":"","theme-transparent-header-meta":"","adv-header-id-meta":"","stick-header-meta":"","header-above-stick-meta":"","header-main-stick-meta":"","header-below-stick-meta":"","astra-migrate-meta-layouts":"default","ast-page-background-enabled":"default","ast-page-background-meta":{"desktop":{"background-color":"var(--ast-global-color-4)","background-image":"","background-repeat":"repeat","background-position":"center center","background-size":"auto","background-attachment":"scroll","background-type":"","background-media":"","overlay-type":"","overlay-color":"","overlay-opacity":"","overlay-gradient":""},"tablet":{"background-color":"","background-image":"","background-repeat":"repeat","background-position":"center center","background-size":"auto","background-attachment":"scroll","background-type":"","background-media":"","overlay-type":"","overlay-color":"","overlay-opacity":"","overlay-gradient":""},"mobile":{"background-color":"","background-image":"","background-repeat":"repeat","background-position":"center center","background-size":"auto","background-attachment":"scroll","background-type":"","background-media":"","overlay-type":"","overlay-color":"","overlay-opacity":"","overlay-gradient":""}},"ast-content-background-meta":{"desktop":{"background-color":"var(--ast-global-color-5)","background-image":"","background-repeat":"repeat","background-position":"center center","background-size":"auto","background-attachment":"scroll","background-type":"","background-media":"","overlay-type":"","overlay-color":"","overlay-opacity":"","overlay-gradient":""},"tablet":{"background-color":"var(--ast-global-color-5)","background-image":"","background-repeat":"repeat","background-position":"center center","background-size":"auto","background-attachment":"scroll","background-type":"","background-media":"","overlay-type":"","overlay-color":"","overlay-opacity":"","overlay-gradient":""},"mobile":{"background-color":"var(--ast-global-color-5)","background-image":"","background-repeat":"repeat","background-position":"center center","background-size":"auto","background-attachment":"scroll","background-type":"","background-media":"","overlay-type":"","overlay-color":"","overlay-opacity":"","overlay-gradient":""}},"footnotes":""},"categories":[59,8,61],"tags":[],"class_list":["post-14012","post","type-post","status-publish","format-standard","has-post-thumbnail","hentry","category-destacado-noticia","category-noticias","category-novedades"],"yoast_head":"<!-- This site is optimized with the Yoast SEO plugin v25.4 - https:\/\/yoast.com\/wordpress\/plugins\/seo\/ -->\n<title>Profesores desarrollaron cuatro nuevos programas educativos del Museo Violeta Parra - Museo Violeta Parra<\/title>\n<meta name=\"robots\" content=\"index, follow, max-snippet:-1, max-image-preview:large, max-video-preview:-1\" \/>\n<link rel=\"canonical\" href=\"http:\/\/vientosur.top\/museo\/profesores-desarrollaron-cuatro-nuevos-programas-educativos-del-museo-violeta-parra\/\" \/>\n<meta property=\"og:locale\" content=\"es_ES\" \/>\n<meta property=\"og:type\" content=\"article\" \/>\n<meta property=\"og:title\" content=\"Profesores desarrollaron cuatro nuevos programas educativos del Museo Violeta Parra - Museo Violeta Parra\" \/>\n<meta property=\"og:description\" content=\"Entre el martes 20 y el viernes 23 de febrero se realiz\u00f3 la segunda edici\u00f3n de los Desarrollos Pedag\u00f3gicos Participativos. La iniciativa cont\u00f3 con la participaci\u00f3n de 22 docentes. \u00abLas corrientes actuales en educaci\u00f3n en museos tienden a poner en valor la participaci\u00f3n de los diferentes agentes sociales a la hora de desarrollar las pr\u00e1cticas [&hellip;]\" \/>\n<meta property=\"og:url\" content=\"http:\/\/vientosur.top\/museo\/profesores-desarrollaron-cuatro-nuevos-programas-educativos-del-museo-violeta-parra\/\" \/>\n<meta property=\"og:site_name\" content=\"Museo Violeta Parra\" \/>\n<meta property=\"article:published_time\" content=\"2018-02-27T13:57:45+00:00\" \/>\n<meta property=\"og:image\" content=\"http:\/\/vientosur.top\/museo\/wp-content\/uploads\/2018\/02\/dpp2.jpg\" \/>\n\t<meta property=\"og:image:width\" content=\"1440\" \/>\n\t<meta property=\"og:image:height\" content=\"810\" \/>\n\t<meta property=\"og:image:type\" content=\"image\/jpeg\" \/>\n<meta name=\"author\" content=\"admin\" \/>\n<meta name=\"twitter:card\" content=\"summary_large_image\" \/>\n<meta name=\"twitter:label1\" content=\"Escrito por\" \/>\n\t<meta name=\"twitter:data1\" content=\"admin\" \/>\n\t<meta name=\"twitter:label2\" content=\"Tiempo de lectura\" \/>\n\t<meta name=\"twitter:data2\" content=\"2 minutos\" \/>\n<script type=\"application\/ld+json\" class=\"yoast-schema-graph\">{\"@context\":\"https:\/\/schema.org\",\"@graph\":[{\"@type\":\"WebPage\",\"@id\":\"http:\/\/vientosur.top\/museo\/profesores-desarrollaron-cuatro-nuevos-programas-educativos-del-museo-violeta-parra\/\",\"url\":\"http:\/\/vientosur.top\/museo\/profesores-desarrollaron-cuatro-nuevos-programas-educativos-del-museo-violeta-parra\/\",\"name\":\"Profesores desarrollaron cuatro nuevos programas educativos del Museo Violeta Parra - Museo Violeta Parra\",\"isPartOf\":{\"@id\":\"http:\/\/vientosur.top\/museo\/#website\"},\"primaryImageOfPage\":{\"@id\":\"http:\/\/vientosur.top\/museo\/profesores-desarrollaron-cuatro-nuevos-programas-educativos-del-museo-violeta-parra\/#primaryimage\"},\"image\":{\"@id\":\"http:\/\/vientosur.top\/museo\/profesores-desarrollaron-cuatro-nuevos-programas-educativos-del-museo-violeta-parra\/#primaryimage\"},\"thumbnailUrl\":\"http:\/\/vientosur.top\/museo\/wp-content\/uploads\/2018\/02\/dpp2.jpg\",\"datePublished\":\"2018-02-27T13:57:45+00:00\",\"author\":{\"@id\":\"http:\/\/vientosur.top\/museo\/#\/schema\/person\/20c79d3c38800971feec8c2693c3dd9c\"},\"breadcrumb\":{\"@id\":\"http:\/\/vientosur.top\/museo\/profesores-desarrollaron-cuatro-nuevos-programas-educativos-del-museo-violeta-parra\/#breadcrumb\"},\"inLanguage\":\"es\",\"potentialAction\":[{\"@type\":\"ReadAction\",\"target\":[\"http:\/\/vientosur.top\/museo\/profesores-desarrollaron-cuatro-nuevos-programas-educativos-del-museo-violeta-parra\/\"]}]},{\"@type\":\"ImageObject\",\"inLanguage\":\"es\",\"@id\":\"http:\/\/vientosur.top\/museo\/profesores-desarrollaron-cuatro-nuevos-programas-educativos-del-museo-violeta-parra\/#primaryimage\",\"url\":\"http:\/\/vientosur.top\/museo\/wp-content\/uploads\/2018\/02\/dpp2.jpg\",\"contentUrl\":\"http:\/\/vientosur.top\/museo\/wp-content\/uploads\/2018\/02\/dpp2.jpg\",\"width\":1440,\"height\":810},{\"@type\":\"BreadcrumbList\",\"@id\":\"http:\/\/vientosur.top\/museo\/profesores-desarrollaron-cuatro-nuevos-programas-educativos-del-museo-violeta-parra\/#breadcrumb\",\"itemListElement\":[{\"@type\":\"ListItem\",\"position\":1,\"name\":\"Portada\",\"item\":\"http:\/\/vientosur.top\/museo\/\"},{\"@type\":\"ListItem\",\"position\":2,\"name\":\"Profesores desarrollaron cuatro nuevos programas educativos del Museo Violeta Parra\"}]},{\"@type\":\"WebSite\",\"@id\":\"http:\/\/vientosur.top\/museo\/#website\",\"url\":\"http:\/\/vientosur.top\/museo\/\",\"name\":\"Museo Violeta Parra\",\"description\":\"Espacio que alberga tanto la memoria y legado creativo de la artista\",\"potentialAction\":[{\"@type\":\"SearchAction\",\"target\":{\"@type\":\"EntryPoint\",\"urlTemplate\":\"http:\/\/vientosur.top\/museo\/?s={search_term_string}\"},\"query-input\":{\"@type\":\"PropertyValueSpecification\",\"valueRequired\":true,\"valueName\":\"search_term_string\"}}],\"inLanguage\":\"es\"},{\"@type\":\"Person\",\"@id\":\"http:\/\/vientosur.top\/museo\/#\/schema\/person\/20c79d3c38800971feec8c2693c3dd9c\",\"name\":\"admin\",\"image\":{\"@type\":\"ImageObject\",\"inLanguage\":\"es\",\"@id\":\"http:\/\/vientosur.top\/museo\/#\/schema\/person\/image\/\",\"url\":\"https:\/\/secure.gravatar.com\/avatar\/713677ece3ffa642287213a80e5b773bce9ab81c269dd6d95102a990951c922f?s=96&d=mm&r=g\",\"contentUrl\":\"https:\/\/secure.gravatar.com\/avatar\/713677ece3ffa642287213a80e5b773bce9ab81c269dd6d95102a990951c922f?s=96&d=mm&r=g\",\"caption\":\"admin\"},\"sameAs\":[\"http:\/\/vientosur.top\/museo\"],\"url\":\"http:\/\/vientosur.top\/museo\/author\/comunicacionesmvp\/\"}]}<\/script>\n<!-- \/ Yoast SEO plugin. -->","yoast_head_json":{"title":"Profesores desarrollaron cuatro nuevos programas educativos del Museo Violeta Parra - Museo Violeta Parra","robots":{"index":"index","follow":"follow","max-snippet":"max-snippet:-1","max-image-preview":"max-image-preview:large","max-video-preview":"max-video-preview:-1"},"canonical":"http:\/\/vientosur.top\/museo\/profesores-desarrollaron-cuatro-nuevos-programas-educativos-del-museo-violeta-parra\/","og_locale":"es_ES","og_type":"article","og_title":"Profesores desarrollaron cuatro nuevos programas educativos del Museo Violeta Parra - Museo Violeta Parra","og_description":"Entre el martes 20 y el viernes 23 de febrero se realiz\u00f3 la segunda edici\u00f3n de los Desarrollos Pedag\u00f3gicos Participativos. La iniciativa cont\u00f3 con la participaci\u00f3n de 22 docentes. \u00abLas corrientes actuales en educaci\u00f3n en museos tienden a poner en valor la participaci\u00f3n de los diferentes agentes sociales a la hora de desarrollar las pr\u00e1cticas [&hellip;]","og_url":"http:\/\/vientosur.top\/museo\/profesores-desarrollaron-cuatro-nuevos-programas-educativos-del-museo-violeta-parra\/","og_site_name":"Museo Violeta Parra","article_published_time":"2018-02-27T13:57:45+00:00","og_image":[{"width":1440,"height":810,"url":"http:\/\/vientosur.top\/museo\/wp-content\/uploads\/2018\/02\/dpp2.jpg","type":"image\/jpeg"}],"author":"admin","twitter_card":"summary_large_image","twitter_misc":{"Escrito por":"admin","Tiempo de lectura":"2 minutos"},"schema":{"@context":"https:\/\/schema.org","@graph":[{"@type":"WebPage","@id":"http:\/\/vientosur.top\/museo\/profesores-desarrollaron-cuatro-nuevos-programas-educativos-del-museo-violeta-parra\/","url":"http:\/\/vientosur.top\/museo\/profesores-desarrollaron-cuatro-nuevos-programas-educativos-del-museo-violeta-parra\/","name":"Profesores desarrollaron cuatro nuevos programas educativos del Museo Violeta Parra - Museo Violeta Parra","isPartOf":{"@id":"http:\/\/vientosur.top\/museo\/#website"},"primaryImageOfPage":{"@id":"http:\/\/vientosur.top\/museo\/profesores-desarrollaron-cuatro-nuevos-programas-educativos-del-museo-violeta-parra\/#primaryimage"},"image":{"@id":"http:\/\/vientosur.top\/museo\/profesores-desarrollaron-cuatro-nuevos-programas-educativos-del-museo-violeta-parra\/#primaryimage"},"thumbnailUrl":"http:\/\/vientosur.top\/museo\/wp-content\/uploads\/2018\/02\/dpp2.jpg","datePublished":"2018-02-27T13:57:45+00:00","author":{"@id":"http:\/\/vientosur.top\/museo\/#\/schema\/person\/20c79d3c38800971feec8c2693c3dd9c"},"breadcrumb":{"@id":"http:\/\/vientosur.top\/museo\/profesores-desarrollaron-cuatro-nuevos-programas-educativos-del-museo-violeta-parra\/#breadcrumb"},"inLanguage":"es","potentialAction":[{"@type":"ReadAction","target":["http:\/\/vientosur.top\/museo\/profesores-desarrollaron-cuatro-nuevos-programas-educativos-del-museo-violeta-parra\/"]}]},{"@type":"ImageObject","inLanguage":"es","@id":"http:\/\/vientosur.top\/museo\/profesores-desarrollaron-cuatro-nuevos-programas-educativos-del-museo-violeta-parra\/#primaryimage","url":"http:\/\/vientosur.top\/museo\/wp-content\/uploads\/2018\/02\/dpp2.jpg","contentUrl":"http:\/\/vientosur.top\/museo\/wp-content\/uploads\/2018\/02\/dpp2.jpg","width":1440,"height":810},{"@type":"BreadcrumbList","@id":"http:\/\/vientosur.top\/museo\/profesores-desarrollaron-cuatro-nuevos-programas-educativos-del-museo-violeta-parra\/#breadcrumb","itemListElement":[{"@type":"ListItem","position":1,"name":"Portada","item":"http:\/\/vientosur.top\/museo\/"},{"@type":"ListItem","position":2,"name":"Profesores desarrollaron cuatro nuevos programas educativos del Museo Violeta Parra"}]},{"@type":"WebSite","@id":"http:\/\/vientosur.top\/museo\/#website","url":"http:\/\/vientosur.top\/museo\/","name":"Museo Violeta Parra","description":"Espacio que alberga tanto la memoria y legado creativo de la artista","potentialAction":[{"@type":"SearchAction","target":{"@type":"EntryPoint","urlTemplate":"http:\/\/vientosur.top\/museo\/?s={search_term_string}"},"query-input":{"@type":"PropertyValueSpecification","valueRequired":true,"valueName":"search_term_string"}}],"inLanguage":"es"},{"@type":"Person","@id":"http:\/\/vientosur.top\/museo\/#\/schema\/person\/20c79d3c38800971feec8c2693c3dd9c","name":"admin","image":{"@type":"ImageObject","inLanguage":"es","@id":"http:\/\/vientosur.top\/museo\/#\/schema\/person\/image\/","url":"https:\/\/secure.gravatar.com\/avatar\/713677ece3ffa642287213a80e5b773bce9ab81c269dd6d95102a990951c922f?s=96&d=mm&r=g","contentUrl":"https:\/\/secure.gravatar.com\/avatar\/713677ece3ffa642287213a80e5b773bce9ab81c269dd6d95102a990951c922f?s=96&d=mm&r=g","caption":"admin"},"sameAs":["http:\/\/vientosur.top\/museo"],"url":"http:\/\/vientosur.top\/museo\/author\/comunicacionesmvp\/"}]}},"_links":{"self":[{"href":"http:\/\/vientosur.top\/museo\/wp-json\/wp\/v2\/posts\/14012","targetHints":{"allow":["GET"]}}],"collection":[{"href":"http:\/\/vientosur.top\/museo\/wp-json\/wp\/v2\/posts"}],"about":[{"href":"http:\/\/vientosur.top\/museo\/wp-json\/wp\/v2\/types\/post"}],"author":[{"embeddable":true,"href":"http:\/\/vientosur.top\/museo\/wp-json\/wp\/v2\/users\/5"}],"replies":[{"embeddable":true,"href":"http:\/\/vientosur.top\/museo\/wp-json\/wp\/v2\/comments?post=14012"}],"version-history":[{"count":0,"href":"http:\/\/vientosur.top\/museo\/wp-json\/wp\/v2\/posts\/14012\/revisions"}],"wp:featuredmedia":[{"embeddable":true,"href":"http:\/\/vientosur.top\/museo\/wp-json\/wp\/v2\/media\/14022"}],"wp:attachment":[{"href":"http:\/\/vientosur.top\/museo\/wp-json\/wp\/v2\/media?parent=14012"}],"wp:term":[{"taxonomy":"category","embeddable":true,"href":"http:\/\/vientosur.top\/museo\/wp-json\/wp\/v2\/categories?post=14012"},{"taxonomy":"post_tag","embeddable":true,"href":"http:\/\/vientosur.top\/museo\/wp-json\/wp\/v2\/tags?post=14012"}],"curies":[{"name":"wp","href":"https:\/\/api.w.org\/{rel}","templated":true}]}}