{"id":1403,"date":"2016-08-19T14:44:38","date_gmt":"2016-08-19T14:44:38","guid":{"rendered":"http:\/\/vientosur.top\/museo\/\/?p=1403"},"modified":"2016-08-19T14:44:38","modified_gmt":"2016-08-19T14:44:38","slug":"entrama-vuelve-al-museo-violeta-parra-con-lo-mejor-de-la-musica-fusion-en-chile","status":"publish","type":"post","link":"http:\/\/vientosur.top\/museo\/entrama-vuelve-al-museo-violeta-parra-con-lo-mejor-de-la-musica-fusion-en-chile\/","title":{"rendered":"Entrama vuelve al Museo Violeta Parra con lo mejor de la m\u00fasica fusi\u00f3n en Chile"},"content":{"rendered":"<ul>\n<li><strong>La reconocida banda se presenta este s\u00e1bado 20 y domingo 21 de agosto en el auditorio Antar.<\/strong><\/li>\n<\/ul>\n<p><!--more--><\/p>\n<p>El reconocido grupo Entrama, \u00edcono de la m\u00fasica fusi\u00f3n en Chile, se presentar\u00e1 nuevamente este s\u00e1bado 20 y domingo 21 de agosto en el auditorio Antar del Museo Violeta Parra.<\/p>\n<p>La banda, que cuenta con 18 a\u00f1os de trayectoria, mostrar\u00e1 lo mejor de su repertorio compuesto por sonoridades latinoamericanas del folclor fusi\u00f3n, m\u00fasica popular, acad\u00e9mica y jazz.<\/p>\n<p>Compuesta por Rodrigo \u201cPeje2 Dur\u00e1n, Daniel Delgado, Guillermo Correa, Marcelo Arenas, Carlos Basilio, Pedro Suau y Sebasti\u00e1n Iglesias, Entrama ha logrado influenciar a nuevas bandas, como Merk\u00e9n, Ajayu y Kaluhaya, entre otras.<\/p>\n<p>Como es habitual en el Museo Violeta Parra, se trata de un recital gratuito. Quienes quieran asistir deber\u00e1n retirar sin costo sus invitaciones en recepci\u00f3n del Museo Violeta Parra. Los cupos son limitados.<\/p>\n<p>La instancia representa una gran oportunidad para adentrarse en el desarrollo de distintos estilos musicales a cargo de destacados creadores chilenos. El recital es para todo espectador.<\/p>\n<p><strong>S\u00e1bado 20 y domingo 21 de agosto<\/strong><\/p>\n<p><strong>Auditorio Antar, Museo Violeta Parra<\/strong><\/p>\n<p><strong>16:00 horas<\/strong><\/p>\n","protected":false},"excerpt":{"rendered":"<p>La reconocida banda se presenta este s\u00e1bado 20 y domingo 21 de agosto en el auditorio Antar.<\/p>\n","protected":false},"author":5,"featured_media":1155,"comment_status":"open","ping_status":"open","sticky":false,"template":"","format":"standard","meta":{"site-sidebar-layout":"default","site-content-layout":"","ast-site-content-layout":"default","site-content-style":"default","site-sidebar-style":"default","ast-global-header-display":"","ast-banner-title-visibility":"","ast-main-header-display":"","ast-hfb-above-header-display":"","ast-hfb-below-header-display":"","ast-hfb-mobile-header-display":"","site-post-title":"","ast-breadcrumbs-content":"","ast-featured-img":"","footer-sml-layout":"","theme-transparent-header-meta":"","adv-header-id-meta":"","stick-header-meta":"","header-above-stick-meta":"","header-main-stick-meta":"","header-below-stick-meta":"","astra-migrate-meta-layouts":"default","ast-page-background-enabled":"default","ast-page-background-meta":{"desktop":{"background-color":"var(--ast-global-color-4)","background-image":"","background-repeat":"repeat","background-position":"center center","background-size":"auto","background-attachment":"scroll","background-type":"","background-media":"","overlay-type":"","overlay-color":"","overlay-opacity":"","overlay-gradient":""},"tablet":{"background-color":"","background-image":"","background-repeat":"repeat","background-position":"center center","background-size":"auto","background-attachment":"scroll","background-type":"","background-media":"","overlay-type":"","overlay-color":"","overlay-opacity":"","overlay-gradient":""},"mobile":{"background-color":"","background-image":"","background-repeat":"repeat","background-position":"center center","background-size":"auto","background-attachment":"scroll","background-type":"","background-media":"","overlay-type":"","overlay-color":"","overlay-opacity":"","overlay-gradient":""}},"ast-content-background-meta":{"desktop":{"background-color":"var(--ast-global-color-5)","background-image":"","background-repeat":"repeat","background-position":"center center","background-size":"auto","background-attachment":"scroll","background-type":"","background-media":"","overlay-type":"","overlay-color":"","overlay-opacity":"","overlay-gradient":""},"tablet":{"background-color":"var(--ast-global-color-5)","background-image":"","background-repeat":"repeat","background-position":"center center","background-size":"auto","background-attachment":"scroll","background-type":"","background-media":"","overlay-type":"","overlay-color":"","overlay-opacity":"","overlay-gradient":""},"mobile":{"background-color":"var(--ast-global-color-5)","background-image":"","background-repeat":"repeat","background-position":"center center","background-size":"auto","background-attachment":"scroll","background-type":"","background-media":"","overlay-type":"","overlay-color":"","overlay-opacity":"","overlay-gradient":""}},"footnotes":""},"categories":[8,61],"tags":[],"class_list":["post-1403","post","type-post","status-publish","format-standard","has-post-thumbnail","hentry","category-noticias","category-novedades"],"yoast_head":"<!-- This site is optimized with the Yoast SEO plugin v25.4 - https:\/\/yoast.com\/wordpress\/plugins\/seo\/ -->\n<title>Entrama vuelve al Museo Violeta Parra con lo mejor de la m\u00fasica fusi\u00f3n en Chile - Museo Violeta Parra<\/title>\n<meta name=\"robots\" content=\"index, follow, max-snippet:-1, max-image-preview:large, max-video-preview:-1\" \/>\n<link rel=\"canonical\" href=\"http:\/\/vientosur.top\/museo\/entrama-vuelve-al-museo-violeta-parra-con-lo-mejor-de-la-musica-fusion-en-chile\/\" \/>\n<meta property=\"og:locale\" content=\"es_ES\" \/>\n<meta property=\"og:type\" content=\"article\" \/>\n<meta property=\"og:title\" content=\"Entrama vuelve al Museo Violeta Parra con lo mejor de la m\u00fasica fusi\u00f3n en Chile - Museo Violeta Parra\" \/>\n<meta property=\"og:description\" content=\"La reconocida banda se presenta este s\u00e1bado 20 y domingo 21 de agosto en el auditorio Antar.\" \/>\n<meta property=\"og:url\" content=\"http:\/\/vientosur.top\/museo\/entrama-vuelve-al-museo-violeta-parra-con-lo-mejor-de-la-musica-fusion-en-chile\/\" \/>\n<meta property=\"og:site_name\" content=\"Museo Violeta Parra\" \/>\n<meta property=\"article:published_time\" content=\"2016-08-19T14:44:38+00:00\" \/>\n<meta property=\"og:image\" content=\"http:\/\/vientosur.top\/museo\/wp-content\/uploads\/2016\/05\/MVP_Entrama_Domingo_IG2.jpg\" \/>\n\t<meta property=\"og:image:width\" content=\"1000\" \/>\n\t<meta property=\"og:image:height\" content=\"1000\" \/>\n\t<meta property=\"og:image:type\" content=\"image\/jpeg\" \/>\n<meta name=\"author\" content=\"admin\" \/>\n<meta name=\"twitter:card\" content=\"summary_large_image\" \/>\n<meta name=\"twitter:label1\" content=\"Escrito por\" \/>\n\t<meta name=\"twitter:data1\" content=\"admin\" \/>\n\t<meta name=\"twitter:label2\" content=\"Tiempo de lectura\" \/>\n\t<meta name=\"twitter:data2\" content=\"1 minuto\" \/>\n<script type=\"application\/ld+json\" class=\"yoast-schema-graph\">{\"@context\":\"https:\/\/schema.org\",\"@graph\":[{\"@type\":\"WebPage\",\"@id\":\"http:\/\/vientosur.top\/museo\/entrama-vuelve-al-museo-violeta-parra-con-lo-mejor-de-la-musica-fusion-en-chile\/\",\"url\":\"http:\/\/vientosur.top\/museo\/entrama-vuelve-al-museo-violeta-parra-con-lo-mejor-de-la-musica-fusion-en-chile\/\",\"name\":\"Entrama vuelve al Museo Violeta Parra con lo mejor de la m\u00fasica fusi\u00f3n en Chile - Museo Violeta Parra\",\"isPartOf\":{\"@id\":\"http:\/\/vientosur.top\/museo\/#website\"},\"primaryImageOfPage\":{\"@id\":\"http:\/\/vientosur.top\/museo\/entrama-vuelve-al-museo-violeta-parra-con-lo-mejor-de-la-musica-fusion-en-chile\/#primaryimage\"},\"image\":{\"@id\":\"http:\/\/vientosur.top\/museo\/entrama-vuelve-al-museo-violeta-parra-con-lo-mejor-de-la-musica-fusion-en-chile\/#primaryimage\"},\"thumbnailUrl\":\"http:\/\/vientosur.top\/museo\/wp-content\/uploads\/2016\/05\/MVP_Entrama_Domingo_IG2.jpg\",\"datePublished\":\"2016-08-19T14:44:38+00:00\",\"author\":{\"@id\":\"http:\/\/vientosur.top\/museo\/#\/schema\/person\/20c79d3c38800971feec8c2693c3dd9c\"},\"breadcrumb\":{\"@id\":\"http:\/\/vientosur.top\/museo\/entrama-vuelve-al-museo-violeta-parra-con-lo-mejor-de-la-musica-fusion-en-chile\/#breadcrumb\"},\"inLanguage\":\"es\",\"potentialAction\":[{\"@type\":\"ReadAction\",\"target\":[\"http:\/\/vientosur.top\/museo\/entrama-vuelve-al-museo-violeta-parra-con-lo-mejor-de-la-musica-fusion-en-chile\/\"]}]},{\"@type\":\"ImageObject\",\"inLanguage\":\"es\",\"@id\":\"http:\/\/vientosur.top\/museo\/entrama-vuelve-al-museo-violeta-parra-con-lo-mejor-de-la-musica-fusion-en-chile\/#primaryimage\",\"url\":\"http:\/\/vientosur.top\/museo\/wp-content\/uploads\/2016\/05\/MVP_Entrama_Domingo_IG2.jpg\",\"contentUrl\":\"http:\/\/vientosur.top\/museo\/wp-content\/uploads\/2016\/05\/MVP_Entrama_Domingo_IG2.jpg\",\"width\":1000,\"height\":1000},{\"@type\":\"BreadcrumbList\",\"@id\":\"http:\/\/vientosur.top\/museo\/entrama-vuelve-al-museo-violeta-parra-con-lo-mejor-de-la-musica-fusion-en-chile\/#breadcrumb\",\"itemListElement\":[{\"@type\":\"ListItem\",\"position\":1,\"name\":\"Portada\",\"item\":\"http:\/\/vientosur.top\/museo\/\"},{\"@type\":\"ListItem\",\"position\":2,\"name\":\"Entrama vuelve al Museo Violeta Parra con lo mejor de la m\u00fasica fusi\u00f3n en Chile\"}]},{\"@type\":\"WebSite\",\"@id\":\"http:\/\/vientosur.top\/museo\/#website\",\"url\":\"http:\/\/vientosur.top\/museo\/\",\"name\":\"Museo Violeta Parra\",\"description\":\"Espacio que alberga tanto la memoria y legado creativo de la artista\",\"potentialAction\":[{\"@type\":\"SearchAction\",\"target\":{\"@type\":\"EntryPoint\",\"urlTemplate\":\"http:\/\/vientosur.top\/museo\/?s={search_term_string}\"},\"query-input\":{\"@type\":\"PropertyValueSpecification\",\"valueRequired\":true,\"valueName\":\"search_term_string\"}}],\"inLanguage\":\"es\"},{\"@type\":\"Person\",\"@id\":\"http:\/\/vientosur.top\/museo\/#\/schema\/person\/20c79d3c38800971feec8c2693c3dd9c\",\"name\":\"admin\",\"image\":{\"@type\":\"ImageObject\",\"inLanguage\":\"es\",\"@id\":\"http:\/\/vientosur.top\/museo\/#\/schema\/person\/image\/\",\"url\":\"https:\/\/secure.gravatar.com\/avatar\/713677ece3ffa642287213a80e5b773bce9ab81c269dd6d95102a990951c922f?s=96&d=mm&r=g\",\"contentUrl\":\"https:\/\/secure.gravatar.com\/avatar\/713677ece3ffa642287213a80e5b773bce9ab81c269dd6d95102a990951c922f?s=96&d=mm&r=g\",\"caption\":\"admin\"},\"sameAs\":[\"http:\/\/vientosur.top\/museo\"],\"url\":\"http:\/\/vientosur.top\/museo\/author\/comunicacionesmvp\/\"}]}<\/script>\n<!-- \/ Yoast SEO plugin. -->","yoast_head_json":{"title":"Entrama vuelve al Museo Violeta Parra con lo mejor de la m\u00fasica fusi\u00f3n en Chile - Museo Violeta Parra","robots":{"index":"index","follow":"follow","max-snippet":"max-snippet:-1","max-image-preview":"max-image-preview:large","max-video-preview":"max-video-preview:-1"},"canonical":"http:\/\/vientosur.top\/museo\/entrama-vuelve-al-museo-violeta-parra-con-lo-mejor-de-la-musica-fusion-en-chile\/","og_locale":"es_ES","og_type":"article","og_title":"Entrama vuelve al Museo Violeta Parra con lo mejor de la m\u00fasica fusi\u00f3n en Chile - Museo Violeta Parra","og_description":"La reconocida banda se presenta este s\u00e1bado 20 y domingo 21 de agosto en el auditorio Antar.","og_url":"http:\/\/vientosur.top\/museo\/entrama-vuelve-al-museo-violeta-parra-con-lo-mejor-de-la-musica-fusion-en-chile\/","og_site_name":"Museo Violeta Parra","article_published_time":"2016-08-19T14:44:38+00:00","og_image":[{"width":1000,"height":1000,"url":"http:\/\/vientosur.top\/museo\/wp-content\/uploads\/2016\/05\/MVP_Entrama_Domingo_IG2.jpg","type":"image\/jpeg"}],"author":"admin","twitter_card":"summary_large_image","twitter_misc":{"Escrito por":"admin","Tiempo de lectura":"1 minuto"},"schema":{"@context":"https:\/\/schema.org","@graph":[{"@type":"WebPage","@id":"http:\/\/vientosur.top\/museo\/entrama-vuelve-al-museo-violeta-parra-con-lo-mejor-de-la-musica-fusion-en-chile\/","url":"http:\/\/vientosur.top\/museo\/entrama-vuelve-al-museo-violeta-parra-con-lo-mejor-de-la-musica-fusion-en-chile\/","name":"Entrama vuelve al Museo Violeta Parra con lo mejor de la m\u00fasica fusi\u00f3n en Chile - Museo Violeta Parra","isPartOf":{"@id":"http:\/\/vientosur.top\/museo\/#website"},"primaryImageOfPage":{"@id":"http:\/\/vientosur.top\/museo\/entrama-vuelve-al-museo-violeta-parra-con-lo-mejor-de-la-musica-fusion-en-chile\/#primaryimage"},"image":{"@id":"http:\/\/vientosur.top\/museo\/entrama-vuelve-al-museo-violeta-parra-con-lo-mejor-de-la-musica-fusion-en-chile\/#primaryimage"},"thumbnailUrl":"http:\/\/vientosur.top\/museo\/wp-content\/uploads\/2016\/05\/MVP_Entrama_Domingo_IG2.jpg","datePublished":"2016-08-19T14:44:38+00:00","author":{"@id":"http:\/\/vientosur.top\/museo\/#\/schema\/person\/20c79d3c38800971feec8c2693c3dd9c"},"breadcrumb":{"@id":"http:\/\/vientosur.top\/museo\/entrama-vuelve-al-museo-violeta-parra-con-lo-mejor-de-la-musica-fusion-en-chile\/#breadcrumb"},"inLanguage":"es","potentialAction":[{"@type":"ReadAction","target":["http:\/\/vientosur.top\/museo\/entrama-vuelve-al-museo-violeta-parra-con-lo-mejor-de-la-musica-fusion-en-chile\/"]}]},{"@type":"ImageObject","inLanguage":"es","@id":"http:\/\/vientosur.top\/museo\/entrama-vuelve-al-museo-violeta-parra-con-lo-mejor-de-la-musica-fusion-en-chile\/#primaryimage","url":"http:\/\/vientosur.top\/museo\/wp-content\/uploads\/2016\/05\/MVP_Entrama_Domingo_IG2.jpg","contentUrl":"http:\/\/vientosur.top\/museo\/wp-content\/uploads\/2016\/05\/MVP_Entrama_Domingo_IG2.jpg","width":1000,"height":1000},{"@type":"BreadcrumbList","@id":"http:\/\/vientosur.top\/museo\/entrama-vuelve-al-museo-violeta-parra-con-lo-mejor-de-la-musica-fusion-en-chile\/#breadcrumb","itemListElement":[{"@type":"ListItem","position":1,"name":"Portada","item":"http:\/\/vientosur.top\/museo\/"},{"@type":"ListItem","position":2,"name":"Entrama vuelve al Museo Violeta Parra con lo mejor de la m\u00fasica fusi\u00f3n en Chile"}]},{"@type":"WebSite","@id":"http:\/\/vientosur.top\/museo\/#website","url":"http:\/\/vientosur.top\/museo\/","name":"Museo Violeta Parra","description":"Espacio que alberga tanto la memoria y legado creativo de la artista","potentialAction":[{"@type":"SearchAction","target":{"@type":"EntryPoint","urlTemplate":"http:\/\/vientosur.top\/museo\/?s={search_term_string}"},"query-input":{"@type":"PropertyValueSpecification","valueRequired":true,"valueName":"search_term_string"}}],"inLanguage":"es"},{"@type":"Person","@id":"http:\/\/vientosur.top\/museo\/#\/schema\/person\/20c79d3c38800971feec8c2693c3dd9c","name":"admin","image":{"@type":"ImageObject","inLanguage":"es","@id":"http:\/\/vientosur.top\/museo\/#\/schema\/person\/image\/","url":"https:\/\/secure.gravatar.com\/avatar\/713677ece3ffa642287213a80e5b773bce9ab81c269dd6d95102a990951c922f?s=96&d=mm&r=g","contentUrl":"https:\/\/secure.gravatar.com\/avatar\/713677ece3ffa642287213a80e5b773bce9ab81c269dd6d95102a990951c922f?s=96&d=mm&r=g","caption":"admin"},"sameAs":["http:\/\/vientosur.top\/museo"],"url":"http:\/\/vientosur.top\/museo\/author\/comunicacionesmvp\/"}]}},"_links":{"self":[{"href":"http:\/\/vientosur.top\/museo\/wp-json\/wp\/v2\/posts\/1403","targetHints":{"allow":["GET"]}}],"collection":[{"href":"http:\/\/vientosur.top\/museo\/wp-json\/wp\/v2\/posts"}],"about":[{"href":"http:\/\/vientosur.top\/museo\/wp-json\/wp\/v2\/types\/post"}],"author":[{"embeddable":true,"href":"http:\/\/vientosur.top\/museo\/wp-json\/wp\/v2\/users\/5"}],"replies":[{"embeddable":true,"href":"http:\/\/vientosur.top\/museo\/wp-json\/wp\/v2\/comments?post=1403"}],"version-history":[{"count":0,"href":"http:\/\/vientosur.top\/museo\/wp-json\/wp\/v2\/posts\/1403\/revisions"}],"wp:featuredmedia":[{"embeddable":true,"href":"http:\/\/vientosur.top\/museo\/wp-json\/wp\/v2\/media\/1155"}],"wp:attachment":[{"href":"http:\/\/vientosur.top\/museo\/wp-json\/wp\/v2\/media?parent=1403"}],"wp:term":[{"taxonomy":"category","embeddable":true,"href":"http:\/\/vientosur.top\/museo\/wp-json\/wp\/v2\/categories?post=1403"},{"taxonomy":"post_tag","embeddable":true,"href":"http:\/\/vientosur.top\/museo\/wp-json\/wp\/v2\/tags?post=1403"}],"curies":[{"name":"wp","href":"https:\/\/api.w.org\/{rel}","templated":true}]}}