{"id":14050,"date":"2018-02-28T16:00:57","date_gmt":"2018-02-28T21:00:57","guid":{"rendered":"http:\/\/vientosur.top\/museo\/?p=14050"},"modified":"2018-02-28T16:00:57","modified_gmt":"2018-02-28T21:00:57","slug":"delegaciones-39-paises-participaron-recepcion-del-iv-foro-global-empresas-la-igualdad-genero","status":"publish","type":"post","link":"http:\/\/vientosur.top\/museo\/delegaciones-39-paises-participaron-recepcion-del-iv-foro-global-empresas-la-igualdad-genero\/","title":{"rendered":"Delegaciones de 39 pa\u00edses participaron en recepci\u00f3n del IV Foro Global Empresas por la Igualdad de G\u00e9nero"},"content":{"rendered":"<p>El martes 27 de febrero de 2018 se desarroll\u00f3 la recepci\u00f3n de las delegaciones asistentes al IV Foro Global Empresas por la Igualdad de G\u00e9nero. La actividad cont\u00f3 con las intervenciones de Claudia Pascual, Ministra de la Mujer y la Equidad de G\u00e9nero y\u00a0\u00a0de Lenni Montiel, Administrador Auxiliar Adjunto y Director Adjunto de PNUD para Am\u00e9rica Latina y el Caribe.<\/p>\n<p>Luego de las palabras de las autoridades Isabel Parra, Tita Parra y Greco Acu\u00f1a ofrecieron una presentaci\u00f3n musical en la explanada del museo.<\/p>\n<p>El Foro re\u00fane l\u00edderes empresariales, gobiernos, academia, sindicatos y sociedad civil de 39 pa\u00edses con el prop\u00f3sito de compartir pr\u00e1cticas innovadoras para reducir las brechas de g\u00e9nero en el lugar de trabajo y destacar el trabajo de las organizaciones laborales, p\u00fablicas y privadas, como un actor clave para el avance de la Igualdad de G\u00e9nero y el desarrollo sostenible. En el encuentro se relev\u00f3 la figura de la artista a 100 a\u00f1os de su nacimiento.<\/p>\n<p><a href=\"https:\/\/www.facebook.com\/pg\/MuseoVioletaParra\/photos\/?tab=album&amp;album_id=2069738253269585\" target=\"_blank\" rel=\"noopener noreferrer\"><strong>Ver galer\u00eda de im\u00e1genes<\/strong><\/a><\/p>\n","protected":false},"excerpt":{"rendered":"<p>El martes 27 de febrero de 2018 se desarroll\u00f3 la recepci\u00f3n de las delegaciones asistentes al IV Foro Global Empresas por la Igualdad de G\u00e9nero. La actividad cont\u00f3 con las intervenciones de Claudia Pascual, Ministra de la Mujer y la Equidad de G\u00e9nero y\u00a0\u00a0de Lenni Montiel, Administrador Auxiliar Adjunto y Director Adjunto de PNUD para [&hellip;]<\/p>\n","protected":false},"author":5,"featured_media":14051,"comment_status":"open","ping_status":"open","sticky":false,"template":"","format":"standard","meta":{"site-sidebar-layout":"default","site-content-layout":"","ast-site-content-layout":"default","site-content-style":"default","site-sidebar-style":"default","ast-global-header-display":"","ast-banner-title-visibility":"","ast-main-header-display":"","ast-hfb-above-header-display":"","ast-hfb-below-header-display":"","ast-hfb-mobile-header-display":"","site-post-title":"","ast-breadcrumbs-content":"","ast-featured-img":"","footer-sml-layout":"","theme-transparent-header-meta":"","adv-header-id-meta":"","stick-header-meta":"","header-above-stick-meta":"","header-main-stick-meta":"","header-below-stick-meta":"","astra-migrate-meta-layouts":"default","ast-page-background-enabled":"default","ast-page-background-meta":{"desktop":{"background-color":"var(--ast-global-color-4)","background-image":"","background-repeat":"repeat","background-position":"center center","background-size":"auto","background-attachment":"scroll","background-type":"","background-media":"","overlay-type":"","overlay-color":"","overlay-opacity":"","overlay-gradient":""},"tablet":{"background-color":"","background-image":"","background-repeat":"repeat","background-position":"center center","background-size":"auto","background-attachment":"scroll","background-type":"","background-media":"","overlay-type":"","overlay-color":"","overlay-opacity":"","overlay-gradient":""},"mobile":{"background-color":"","background-image":"","background-repeat":"repeat","background-position":"center center","background-size":"auto","background-attachment":"scroll","background-type":"","background-media":"","overlay-type":"","overlay-color":"","overlay-opacity":"","overlay-gradient":""}},"ast-content-background-meta":{"desktop":{"background-color":"var(--ast-global-color-5)","background-image":"","background-repeat":"repeat","background-position":"center center","background-size":"auto","background-attachment":"scroll","background-type":"","background-media":"","overlay-type":"","overlay-color":"","overlay-opacity":"","overlay-gradient":""},"tablet":{"background-color":"var(--ast-global-color-5)","background-image":"","background-repeat":"repeat","background-position":"center center","background-size":"auto","background-attachment":"scroll","background-type":"","background-media":"","overlay-type":"","overlay-color":"","overlay-opacity":"","overlay-gradient":""},"mobile":{"background-color":"var(--ast-global-color-5)","background-image":"","background-repeat":"repeat","background-position":"center center","background-size":"auto","background-attachment":"scroll","background-type":"","background-media":"","overlay-type":"","overlay-color":"","overlay-opacity":"","overlay-gradient":""}},"footnotes":""},"categories":[59,8,61],"tags":[],"class_list":["post-14050","post","type-post","status-publish","format-standard","has-post-thumbnail","hentry","category-destacado-noticia","category-noticias","category-novedades"],"yoast_head":"<!-- This site is optimized with the Yoast SEO plugin v25.4 - https:\/\/yoast.com\/wordpress\/plugins\/seo\/ -->\n<title>Delegaciones de 39 pa\u00edses participaron en recepci\u00f3n del IV Foro Global Empresas por la Igualdad de G\u00e9nero - Museo Violeta Parra<\/title>\n<meta name=\"robots\" content=\"index, follow, max-snippet:-1, max-image-preview:large, max-video-preview:-1\" \/>\n<link rel=\"canonical\" href=\"http:\/\/vientosur.top\/museo\/delegaciones-39-paises-participaron-recepcion-del-iv-foro-global-empresas-la-igualdad-genero\/\" \/>\n<meta property=\"og:locale\" content=\"es_ES\" \/>\n<meta property=\"og:type\" content=\"article\" \/>\n<meta property=\"og:title\" content=\"Delegaciones de 39 pa\u00edses participaron en recepci\u00f3n del IV Foro Global Empresas por la Igualdad de G\u00e9nero - Museo Violeta Parra\" \/>\n<meta property=\"og:description\" content=\"El martes 27 de febrero de 2018 se desarroll\u00f3 la recepci\u00f3n de las delegaciones asistentes al IV Foro Global Empresas por la Igualdad de G\u00e9nero. La actividad cont\u00f3 con las intervenciones de Claudia Pascual, Ministra de la Mujer y la Equidad de G\u00e9nero y\u00a0\u00a0de Lenni Montiel, Administrador Auxiliar Adjunto y Director Adjunto de PNUD para [&hellip;]\" \/>\n<meta property=\"og:url\" content=\"http:\/\/vientosur.top\/museo\/delegaciones-39-paises-participaron-recepcion-del-iv-foro-global-empresas-la-igualdad-genero\/\" \/>\n<meta property=\"og:site_name\" content=\"Museo Violeta Parra\" \/>\n<meta property=\"article:published_time\" content=\"2018-02-28T21:00:57+00:00\" \/>\n<meta property=\"og:image\" content=\"http:\/\/vientosur.top\/museo\/wp-content\/uploads\/2018\/02\/DSC_1019-scaled.jpg\" \/>\n\t<meta property=\"og:image:width\" content=\"2560\" \/>\n\t<meta property=\"og:image:height\" content=\"1684\" \/>\n\t<meta property=\"og:image:type\" content=\"image\/jpeg\" \/>\n<meta name=\"author\" content=\"admin\" \/>\n<meta name=\"twitter:card\" content=\"summary_large_image\" \/>\n<meta name=\"twitter:label1\" content=\"Escrito por\" \/>\n\t<meta name=\"twitter:data1\" content=\"admin\" \/>\n\t<meta name=\"twitter:label2\" content=\"Tiempo de lectura\" \/>\n\t<meta name=\"twitter:data2\" content=\"1 minuto\" \/>\n<script type=\"application\/ld+json\" class=\"yoast-schema-graph\">{\"@context\":\"https:\/\/schema.org\",\"@graph\":[{\"@type\":\"WebPage\",\"@id\":\"http:\/\/vientosur.top\/museo\/delegaciones-39-paises-participaron-recepcion-del-iv-foro-global-empresas-la-igualdad-genero\/\",\"url\":\"http:\/\/vientosur.top\/museo\/delegaciones-39-paises-participaron-recepcion-del-iv-foro-global-empresas-la-igualdad-genero\/\",\"name\":\"Delegaciones de 39 pa\u00edses participaron en recepci\u00f3n del IV Foro Global Empresas por la Igualdad de G\u00e9nero - Museo Violeta Parra\",\"isPartOf\":{\"@id\":\"http:\/\/vientosur.top\/museo\/#website\"},\"primaryImageOfPage\":{\"@id\":\"http:\/\/vientosur.top\/museo\/delegaciones-39-paises-participaron-recepcion-del-iv-foro-global-empresas-la-igualdad-genero\/#primaryimage\"},\"image\":{\"@id\":\"http:\/\/vientosur.top\/museo\/delegaciones-39-paises-participaron-recepcion-del-iv-foro-global-empresas-la-igualdad-genero\/#primaryimage\"},\"thumbnailUrl\":\"http:\/\/vientosur.top\/museo\/wp-content\/uploads\/2018\/02\/DSC_1019-scaled.jpg\",\"datePublished\":\"2018-02-28T21:00:57+00:00\",\"author\":{\"@id\":\"http:\/\/vientosur.top\/museo\/#\/schema\/person\/20c79d3c38800971feec8c2693c3dd9c\"},\"breadcrumb\":{\"@id\":\"http:\/\/vientosur.top\/museo\/delegaciones-39-paises-participaron-recepcion-del-iv-foro-global-empresas-la-igualdad-genero\/#breadcrumb\"},\"inLanguage\":\"es\",\"potentialAction\":[{\"@type\":\"ReadAction\",\"target\":[\"http:\/\/vientosur.top\/museo\/delegaciones-39-paises-participaron-recepcion-del-iv-foro-global-empresas-la-igualdad-genero\/\"]}]},{\"@type\":\"ImageObject\",\"inLanguage\":\"es\",\"@id\":\"http:\/\/vientosur.top\/museo\/delegaciones-39-paises-participaron-recepcion-del-iv-foro-global-empresas-la-igualdad-genero\/#primaryimage\",\"url\":\"http:\/\/vientosur.top\/museo\/wp-content\/uploads\/2018\/02\/DSC_1019-scaled.jpg\",\"contentUrl\":\"http:\/\/vientosur.top\/museo\/wp-content\/uploads\/2018\/02\/DSC_1019-scaled.jpg\",\"width\":2560,\"height\":1684},{\"@type\":\"BreadcrumbList\",\"@id\":\"http:\/\/vientosur.top\/museo\/delegaciones-39-paises-participaron-recepcion-del-iv-foro-global-empresas-la-igualdad-genero\/#breadcrumb\",\"itemListElement\":[{\"@type\":\"ListItem\",\"position\":1,\"name\":\"Portada\",\"item\":\"http:\/\/vientosur.top\/museo\/\"},{\"@type\":\"ListItem\",\"position\":2,\"name\":\"Delegaciones de 39 pa\u00edses participaron en recepci\u00f3n del IV Foro Global Empresas por la Igualdad de G\u00e9nero\"}]},{\"@type\":\"WebSite\",\"@id\":\"http:\/\/vientosur.top\/museo\/#website\",\"url\":\"http:\/\/vientosur.top\/museo\/\",\"name\":\"Museo Violeta Parra\",\"description\":\"Espacio que alberga tanto la memoria y legado creativo de la artista\",\"potentialAction\":[{\"@type\":\"SearchAction\",\"target\":{\"@type\":\"EntryPoint\",\"urlTemplate\":\"http:\/\/vientosur.top\/museo\/?s={search_term_string}\"},\"query-input\":{\"@type\":\"PropertyValueSpecification\",\"valueRequired\":true,\"valueName\":\"search_term_string\"}}],\"inLanguage\":\"es\"},{\"@type\":\"Person\",\"@id\":\"http:\/\/vientosur.top\/museo\/#\/schema\/person\/20c79d3c38800971feec8c2693c3dd9c\",\"name\":\"admin\",\"image\":{\"@type\":\"ImageObject\",\"inLanguage\":\"es\",\"@id\":\"http:\/\/vientosur.top\/museo\/#\/schema\/person\/image\/\",\"url\":\"https:\/\/secure.gravatar.com\/avatar\/713677ece3ffa642287213a80e5b773bce9ab81c269dd6d95102a990951c922f?s=96&d=mm&r=g\",\"contentUrl\":\"https:\/\/secure.gravatar.com\/avatar\/713677ece3ffa642287213a80e5b773bce9ab81c269dd6d95102a990951c922f?s=96&d=mm&r=g\",\"caption\":\"admin\"},\"sameAs\":[\"http:\/\/vientosur.top\/museo\"],\"url\":\"http:\/\/vientosur.top\/museo\/author\/comunicacionesmvp\/\"}]}<\/script>\n<!-- \/ Yoast SEO plugin. -->","yoast_head_json":{"title":"Delegaciones de 39 pa\u00edses participaron en recepci\u00f3n del IV Foro Global Empresas por la Igualdad de G\u00e9nero - Museo Violeta Parra","robots":{"index":"index","follow":"follow","max-snippet":"max-snippet:-1","max-image-preview":"max-image-preview:large","max-video-preview":"max-video-preview:-1"},"canonical":"http:\/\/vientosur.top\/museo\/delegaciones-39-paises-participaron-recepcion-del-iv-foro-global-empresas-la-igualdad-genero\/","og_locale":"es_ES","og_type":"article","og_title":"Delegaciones de 39 pa\u00edses participaron en recepci\u00f3n del IV Foro Global Empresas por la Igualdad de G\u00e9nero - Museo Violeta Parra","og_description":"El martes 27 de febrero de 2018 se desarroll\u00f3 la recepci\u00f3n de las delegaciones asistentes al IV Foro Global Empresas por la Igualdad de G\u00e9nero. La actividad cont\u00f3 con las intervenciones de Claudia Pascual, Ministra de la Mujer y la Equidad de G\u00e9nero y\u00a0\u00a0de Lenni Montiel, Administrador Auxiliar Adjunto y Director Adjunto de PNUD para [&hellip;]","og_url":"http:\/\/vientosur.top\/museo\/delegaciones-39-paises-participaron-recepcion-del-iv-foro-global-empresas-la-igualdad-genero\/","og_site_name":"Museo Violeta Parra","article_published_time":"2018-02-28T21:00:57+00:00","og_image":[{"width":2560,"height":1684,"url":"http:\/\/vientosur.top\/museo\/wp-content\/uploads\/2018\/02\/DSC_1019-scaled.jpg","type":"image\/jpeg"}],"author":"admin","twitter_card":"summary_large_image","twitter_misc":{"Escrito por":"admin","Tiempo de lectura":"1 minuto"},"schema":{"@context":"https:\/\/schema.org","@graph":[{"@type":"WebPage","@id":"http:\/\/vientosur.top\/museo\/delegaciones-39-paises-participaron-recepcion-del-iv-foro-global-empresas-la-igualdad-genero\/","url":"http:\/\/vientosur.top\/museo\/delegaciones-39-paises-participaron-recepcion-del-iv-foro-global-empresas-la-igualdad-genero\/","name":"Delegaciones de 39 pa\u00edses participaron en recepci\u00f3n del IV Foro Global Empresas por la Igualdad de G\u00e9nero - Museo Violeta Parra","isPartOf":{"@id":"http:\/\/vientosur.top\/museo\/#website"},"primaryImageOfPage":{"@id":"http:\/\/vientosur.top\/museo\/delegaciones-39-paises-participaron-recepcion-del-iv-foro-global-empresas-la-igualdad-genero\/#primaryimage"},"image":{"@id":"http:\/\/vientosur.top\/museo\/delegaciones-39-paises-participaron-recepcion-del-iv-foro-global-empresas-la-igualdad-genero\/#primaryimage"},"thumbnailUrl":"http:\/\/vientosur.top\/museo\/wp-content\/uploads\/2018\/02\/DSC_1019-scaled.jpg","datePublished":"2018-02-28T21:00:57+00:00","author":{"@id":"http:\/\/vientosur.top\/museo\/#\/schema\/person\/20c79d3c38800971feec8c2693c3dd9c"},"breadcrumb":{"@id":"http:\/\/vientosur.top\/museo\/delegaciones-39-paises-participaron-recepcion-del-iv-foro-global-empresas-la-igualdad-genero\/#breadcrumb"},"inLanguage":"es","potentialAction":[{"@type":"ReadAction","target":["http:\/\/vientosur.top\/museo\/delegaciones-39-paises-participaron-recepcion-del-iv-foro-global-empresas-la-igualdad-genero\/"]}]},{"@type":"ImageObject","inLanguage":"es","@id":"http:\/\/vientosur.top\/museo\/delegaciones-39-paises-participaron-recepcion-del-iv-foro-global-empresas-la-igualdad-genero\/#primaryimage","url":"http:\/\/vientosur.top\/museo\/wp-content\/uploads\/2018\/02\/DSC_1019-scaled.jpg","contentUrl":"http:\/\/vientosur.top\/museo\/wp-content\/uploads\/2018\/02\/DSC_1019-scaled.jpg","width":2560,"height":1684},{"@type":"BreadcrumbList","@id":"http:\/\/vientosur.top\/museo\/delegaciones-39-paises-participaron-recepcion-del-iv-foro-global-empresas-la-igualdad-genero\/#breadcrumb","itemListElement":[{"@type":"ListItem","position":1,"name":"Portada","item":"http:\/\/vientosur.top\/museo\/"},{"@type":"ListItem","position":2,"name":"Delegaciones de 39 pa\u00edses participaron en recepci\u00f3n del IV Foro Global Empresas por la Igualdad de G\u00e9nero"}]},{"@type":"WebSite","@id":"http:\/\/vientosur.top\/museo\/#website","url":"http:\/\/vientosur.top\/museo\/","name":"Museo Violeta Parra","description":"Espacio que alberga tanto la memoria y legado creativo de la artista","potentialAction":[{"@type":"SearchAction","target":{"@type":"EntryPoint","urlTemplate":"http:\/\/vientosur.top\/museo\/?s={search_term_string}"},"query-input":{"@type":"PropertyValueSpecification","valueRequired":true,"valueName":"search_term_string"}}],"inLanguage":"es"},{"@type":"Person","@id":"http:\/\/vientosur.top\/museo\/#\/schema\/person\/20c79d3c38800971feec8c2693c3dd9c","name":"admin","image":{"@type":"ImageObject","inLanguage":"es","@id":"http:\/\/vientosur.top\/museo\/#\/schema\/person\/image\/","url":"https:\/\/secure.gravatar.com\/avatar\/713677ece3ffa642287213a80e5b773bce9ab81c269dd6d95102a990951c922f?s=96&d=mm&r=g","contentUrl":"https:\/\/secure.gravatar.com\/avatar\/713677ece3ffa642287213a80e5b773bce9ab81c269dd6d95102a990951c922f?s=96&d=mm&r=g","caption":"admin"},"sameAs":["http:\/\/vientosur.top\/museo"],"url":"http:\/\/vientosur.top\/museo\/author\/comunicacionesmvp\/"}]}},"_links":{"self":[{"href":"http:\/\/vientosur.top\/museo\/wp-json\/wp\/v2\/posts\/14050","targetHints":{"allow":["GET"]}}],"collection":[{"href":"http:\/\/vientosur.top\/museo\/wp-json\/wp\/v2\/posts"}],"about":[{"href":"http:\/\/vientosur.top\/museo\/wp-json\/wp\/v2\/types\/post"}],"author":[{"embeddable":true,"href":"http:\/\/vientosur.top\/museo\/wp-json\/wp\/v2\/users\/5"}],"replies":[{"embeddable":true,"href":"http:\/\/vientosur.top\/museo\/wp-json\/wp\/v2\/comments?post=14050"}],"version-history":[{"count":0,"href":"http:\/\/vientosur.top\/museo\/wp-json\/wp\/v2\/posts\/14050\/revisions"}],"wp:featuredmedia":[{"embeddable":true,"href":"http:\/\/vientosur.top\/museo\/wp-json\/wp\/v2\/media\/14051"}],"wp:attachment":[{"href":"http:\/\/vientosur.top\/museo\/wp-json\/wp\/v2\/media?parent=14050"}],"wp:term":[{"taxonomy":"category","embeddable":true,"href":"http:\/\/vientosur.top\/museo\/wp-json\/wp\/v2\/categories?post=14050"},{"taxonomy":"post_tag","embeddable":true,"href":"http:\/\/vientosur.top\/museo\/wp-json\/wp\/v2\/tags?post=14050"}],"curies":[{"name":"wp","href":"https:\/\/api.w.org\/{rel}","templated":true}]}}