{"id":1411,"date":"2016-08-22T20:19:17","date_gmt":"2016-08-22T20:19:17","guid":{"rendered":"http:\/\/vientosur.top\/museo\/\/?p=1411"},"modified":"2016-08-22T20:19:17","modified_gmt":"2016-08-22T20:19:17","slug":"marco-andreu-y-freddy-torrealba-cerraran-agosto-con-recitales-gratuitos-en-el-museo-violeta-parra","status":"publish","type":"post","link":"http:\/\/vientosur.top\/museo\/marco-andreu-y-freddy-torrealba-cerraran-agosto-con-recitales-gratuitos-en-el-museo-violeta-parra\/","title":{"rendered":"Marco Andreu y Freddy Torrealba cerrar\u00e1n agosto con recitales gratuitos en el Museo Violeta Parra"},"content":{"rendered":"<ul>\n<li><strong><em>Los artistas se presentar\u00e1n en forma gratuita este s\u00e1bado 27 y domingo 28 de agosto. Quienes quieran asistir deber\u00e1n retirar sus invitaciones en la recepci\u00f3n del museo, de martes a domingo de 09:30 a 18:00 horas.<\/em><\/strong><\/li>\n<\/ul>\n<p><!--more--><\/p>\n<p>Los destacados m\u00fasicos chilenos Marco Andreu y Freddy Torrealba se presentar\u00e1n en forma gratuita este s\u00e1bado 27 y domingo 28 de agosto en el auditorio Antar del Museo Violeta Parra.<\/p>\n<p>El primero en subir al escenario ser\u00e1 Andreu, conocido principalmente por desarrollar la m\u00fasica fusi\u00f3n latinoamericana, canto y trova, y balada. En la oportunidad, presentar\u00e1 una selecci\u00f3n de canciones contenidas en sus tres producciones discogr\u00e1ficas previas como \u201cUn viaje al coraz\u00f3n\u201d, \u201cPlayas del tiempo\u201d y \u201cCanciones secretas\u201d.<\/p>\n<p>Adem\u00e1s, dar\u00e1 a conocer un nuevo proyecto musical desarrollado a modo de homenaje donde versionar\u00e1 canciones de compositores latinoamericanos como <strong>Violeta Parra, Victor Jara y Luis Alberto Spinetta,<\/strong> entre otros.<\/p>\n<p>El concierto se realizar\u00e1 el s\u00e1bado 27 de agosto a las 16:00 horas. <strong>\u201cPresentar mi m\u00fasica en el Museo Violeta Parra tiene un gran significado para m\u00ed y ser\u00e1 un privilegio estar ah\u00ed\u201d, afirma el cantautor.<\/strong><\/p>\n<p>\u201cLa figura de Violeta Parra, siempre tan l\u00facida, transgresora y rebelde, ha sido fuente de inspiraci\u00f3n, no s\u00f3lo musical, sino tambi\u00e9n de vida\u201d, asegura Andreu, emocionado por su espect\u00e1culo en el auditorio Antar.<\/p>\n<p>\u201cPienso que una artista debe transmitir verdades a trav\u00e9s de su arte, declarar principios, tener opini\u00f3n sobre la realidad que le toca vivir. Violeta Parra es un enorme referente de todo aquello que un artista debiera ser, es por eso que se transform\u00f3 en un s\u00edmbolo, y me siento muy honrado de presentar mi arte en un espacio dedicado a ella\u201d, sostiene.<\/p>\n<p>El domingo 28 de agosto, tambi\u00e9n a las 16:00 horas, ser\u00e1 el turno del reconocido charanguista Freddy Torrealba, quien ha viajado por el mundo promoviendo la m\u00fasica de su instrumento.<\/p>\n<p>En su espect\u00e1culo, precisamente denominado \u00abCharango Viajero\u00bb, Freddy Torrealba presentar\u00e1 lo mejor de sus 34 a\u00f1os de carrera, en los que ha visitado 17 pa\u00edses. Esto, cuando est\u00e1 ad portas de iniciar una gira por Nueva Caledonia y Australia. Estar\u00e1 acompa\u00f1ado de Melvin Vel\u00e1squez.<\/p>\n<p>Como es habitual, quienes quieran asistir a los recitales, deber\u00e1n retirar gratuitamente sus invitaciones en recepci\u00f3n del Museo Violeta Parra, de martes a domingo, de 09:30 a 18:00 horas. Los cupos son limitados.<\/p>\n","protected":false},"excerpt":{"rendered":"<p>Los artistas se presentar\u00e1n en forma gratuita este s\u00e1bado 27 y domingo 28 de agosto. Quienes quieran asistir deber\u00e1n retirar sus invitaciones en la recepci\u00f3n del museo, de martes a domingo de 09:30 a 18:00 horas.<\/p>\n","protected":false},"author":5,"featured_media":1412,"comment_status":"open","ping_status":"open","sticky":false,"template":"","format":"standard","meta":{"site-sidebar-layout":"default","site-content-layout":"","ast-site-content-layout":"default","site-content-style":"default","site-sidebar-style":"default","ast-global-header-display":"","ast-banner-title-visibility":"","ast-main-header-display":"","ast-hfb-above-header-display":"","ast-hfb-below-header-display":"","ast-hfb-mobile-header-display":"","site-post-title":"","ast-breadcrumbs-content":"","ast-featured-img":"","footer-sml-layout":"","theme-transparent-header-meta":"","adv-header-id-meta":"","stick-header-meta":"","header-above-stick-meta":"","header-main-stick-meta":"","header-below-stick-meta":"","astra-migrate-meta-layouts":"default","ast-page-background-enabled":"default","ast-page-background-meta":{"desktop":{"background-color":"var(--ast-global-color-4)","background-image":"","background-repeat":"repeat","background-position":"center center","background-size":"auto","background-attachment":"scroll","background-type":"","background-media":"","overlay-type":"","overlay-color":"","overlay-opacity":"","overlay-gradient":""},"tablet":{"background-color":"","background-image":"","background-repeat":"repeat","background-position":"center center","background-size":"auto","background-attachment":"scroll","background-type":"","background-media":"","overlay-type":"","overlay-color":"","overlay-opacity":"","overlay-gradient":""},"mobile":{"background-color":"","background-image":"","background-repeat":"repeat","background-position":"center center","background-size":"auto","background-attachment":"scroll","background-type":"","background-media":"","overlay-type":"","overlay-color":"","overlay-opacity":"","overlay-gradient":""}},"ast-content-background-meta":{"desktop":{"background-color":"var(--ast-global-color-5)","background-image":"","background-repeat":"repeat","background-position":"center center","background-size":"auto","background-attachment":"scroll","background-type":"","background-media":"","overlay-type":"","overlay-color":"","overlay-opacity":"","overlay-gradient":""},"tablet":{"background-color":"var(--ast-global-color-5)","background-image":"","background-repeat":"repeat","background-position":"center center","background-size":"auto","background-attachment":"scroll","background-type":"","background-media":"","overlay-type":"","overlay-color":"","overlay-opacity":"","overlay-gradient":""},"mobile":{"background-color":"var(--ast-global-color-5)","background-image":"","background-repeat":"repeat","background-position":"center center","background-size":"auto","background-attachment":"scroll","background-type":"","background-media":"","overlay-type":"","overlay-color":"","overlay-opacity":"","overlay-gradient":""}},"footnotes":""},"categories":[8,61],"tags":[],"class_list":["post-1411","post","type-post","status-publish","format-standard","has-post-thumbnail","hentry","category-noticias","category-novedades"],"yoast_head":"<!-- This site is optimized with the Yoast SEO plugin v25.4 - https:\/\/yoast.com\/wordpress\/plugins\/seo\/ -->\n<title>Marco Andreu y Freddy Torrealba cerrar\u00e1n agosto con recitales gratuitos en el Museo Violeta Parra - Museo Violeta Parra<\/title>\n<meta name=\"robots\" content=\"index, follow, max-snippet:-1, max-image-preview:large, max-video-preview:-1\" \/>\n<link rel=\"canonical\" href=\"http:\/\/vientosur.top\/museo\/marco-andreu-y-freddy-torrealba-cerraran-agosto-con-recitales-gratuitos-en-el-museo-violeta-parra\/\" \/>\n<meta property=\"og:locale\" content=\"es_ES\" \/>\n<meta property=\"og:type\" content=\"article\" \/>\n<meta property=\"og:title\" content=\"Marco Andreu y Freddy Torrealba cerrar\u00e1n agosto con recitales gratuitos en el Museo Violeta Parra - Museo Violeta Parra\" \/>\n<meta property=\"og:description\" content=\"Los artistas se presentar\u00e1n en forma gratuita este s\u00e1bado 27 y domingo 28 de agosto. Quienes quieran asistir deber\u00e1n retirar sus invitaciones en la recepci\u00f3n del museo, de martes a domingo de 09:30 a 18:00 horas.\" \/>\n<meta property=\"og:url\" content=\"http:\/\/vientosur.top\/museo\/marco-andreu-y-freddy-torrealba-cerraran-agosto-con-recitales-gratuitos-en-el-museo-violeta-parra\/\" \/>\n<meta property=\"og:site_name\" content=\"Museo Violeta Parra\" \/>\n<meta property=\"article:published_time\" content=\"2016-08-22T20:19:17+00:00\" \/>\n<meta property=\"og:image\" content=\"http:\/\/vientosur.top\/museo\/wp-content\/uploads\/2016\/08\/Marco-Andreu-1.jpg\" \/>\n\t<meta property=\"og:image:width\" content=\"1109\" \/>\n\t<meta property=\"og:image:height\" content=\"740\" \/>\n\t<meta property=\"og:image:type\" content=\"image\/jpeg\" \/>\n<meta name=\"author\" content=\"admin\" \/>\n<meta name=\"twitter:card\" content=\"summary_large_image\" \/>\n<meta name=\"twitter:label1\" content=\"Escrito por\" \/>\n\t<meta name=\"twitter:data1\" content=\"admin\" \/>\n\t<meta name=\"twitter:label2\" content=\"Tiempo de lectura\" \/>\n\t<meta name=\"twitter:data2\" content=\"2 minutos\" \/>\n<script type=\"application\/ld+json\" class=\"yoast-schema-graph\">{\"@context\":\"https:\/\/schema.org\",\"@graph\":[{\"@type\":\"WebPage\",\"@id\":\"http:\/\/vientosur.top\/museo\/marco-andreu-y-freddy-torrealba-cerraran-agosto-con-recitales-gratuitos-en-el-museo-violeta-parra\/\",\"url\":\"http:\/\/vientosur.top\/museo\/marco-andreu-y-freddy-torrealba-cerraran-agosto-con-recitales-gratuitos-en-el-museo-violeta-parra\/\",\"name\":\"Marco Andreu y Freddy Torrealba cerrar\u00e1n agosto con recitales gratuitos en el Museo Violeta Parra - Museo Violeta Parra\",\"isPartOf\":{\"@id\":\"http:\/\/vientosur.top\/museo\/#website\"},\"primaryImageOfPage\":{\"@id\":\"http:\/\/vientosur.top\/museo\/marco-andreu-y-freddy-torrealba-cerraran-agosto-con-recitales-gratuitos-en-el-museo-violeta-parra\/#primaryimage\"},\"image\":{\"@id\":\"http:\/\/vientosur.top\/museo\/marco-andreu-y-freddy-torrealba-cerraran-agosto-con-recitales-gratuitos-en-el-museo-violeta-parra\/#primaryimage\"},\"thumbnailUrl\":\"http:\/\/vientosur.top\/museo\/wp-content\/uploads\/2016\/08\/Marco-Andreu-1.jpg\",\"datePublished\":\"2016-08-22T20:19:17+00:00\",\"author\":{\"@id\":\"http:\/\/vientosur.top\/museo\/#\/schema\/person\/20c79d3c38800971feec8c2693c3dd9c\"},\"breadcrumb\":{\"@id\":\"http:\/\/vientosur.top\/museo\/marco-andreu-y-freddy-torrealba-cerraran-agosto-con-recitales-gratuitos-en-el-museo-violeta-parra\/#breadcrumb\"},\"inLanguage\":\"es\",\"potentialAction\":[{\"@type\":\"ReadAction\",\"target\":[\"http:\/\/vientosur.top\/museo\/marco-andreu-y-freddy-torrealba-cerraran-agosto-con-recitales-gratuitos-en-el-museo-violeta-parra\/\"]}]},{\"@type\":\"ImageObject\",\"inLanguage\":\"es\",\"@id\":\"http:\/\/vientosur.top\/museo\/marco-andreu-y-freddy-torrealba-cerraran-agosto-con-recitales-gratuitos-en-el-museo-violeta-parra\/#primaryimage\",\"url\":\"http:\/\/vientosur.top\/museo\/wp-content\/uploads\/2016\/08\/Marco-Andreu-1.jpg\",\"contentUrl\":\"http:\/\/vientosur.top\/museo\/wp-content\/uploads\/2016\/08\/Marco-Andreu-1.jpg\",\"width\":1109,\"height\":740},{\"@type\":\"BreadcrumbList\",\"@id\":\"http:\/\/vientosur.top\/museo\/marco-andreu-y-freddy-torrealba-cerraran-agosto-con-recitales-gratuitos-en-el-museo-violeta-parra\/#breadcrumb\",\"itemListElement\":[{\"@type\":\"ListItem\",\"position\":1,\"name\":\"Portada\",\"item\":\"http:\/\/vientosur.top\/museo\/\"},{\"@type\":\"ListItem\",\"position\":2,\"name\":\"Marco Andreu y Freddy Torrealba cerrar\u00e1n agosto con recitales gratuitos en el Museo Violeta Parra\"}]},{\"@type\":\"WebSite\",\"@id\":\"http:\/\/vientosur.top\/museo\/#website\",\"url\":\"http:\/\/vientosur.top\/museo\/\",\"name\":\"Museo Violeta Parra\",\"description\":\"Espacio que alberga tanto la memoria y legado creativo de la artista\",\"potentialAction\":[{\"@type\":\"SearchAction\",\"target\":{\"@type\":\"EntryPoint\",\"urlTemplate\":\"http:\/\/vientosur.top\/museo\/?s={search_term_string}\"},\"query-input\":{\"@type\":\"PropertyValueSpecification\",\"valueRequired\":true,\"valueName\":\"search_term_string\"}}],\"inLanguage\":\"es\"},{\"@type\":\"Person\",\"@id\":\"http:\/\/vientosur.top\/museo\/#\/schema\/person\/20c79d3c38800971feec8c2693c3dd9c\",\"name\":\"admin\",\"image\":{\"@type\":\"ImageObject\",\"inLanguage\":\"es\",\"@id\":\"http:\/\/vientosur.top\/museo\/#\/schema\/person\/image\/\",\"url\":\"https:\/\/secure.gravatar.com\/avatar\/713677ece3ffa642287213a80e5b773bce9ab81c269dd6d95102a990951c922f?s=96&d=mm&r=g\",\"contentUrl\":\"https:\/\/secure.gravatar.com\/avatar\/713677ece3ffa642287213a80e5b773bce9ab81c269dd6d95102a990951c922f?s=96&d=mm&r=g\",\"caption\":\"admin\"},\"sameAs\":[\"http:\/\/vientosur.top\/museo\"],\"url\":\"http:\/\/vientosur.top\/museo\/author\/comunicacionesmvp\/\"}]}<\/script>\n<!-- \/ Yoast SEO plugin. -->","yoast_head_json":{"title":"Marco Andreu y Freddy Torrealba cerrar\u00e1n agosto con recitales gratuitos en el Museo Violeta Parra - Museo Violeta Parra","robots":{"index":"index","follow":"follow","max-snippet":"max-snippet:-1","max-image-preview":"max-image-preview:large","max-video-preview":"max-video-preview:-1"},"canonical":"http:\/\/vientosur.top\/museo\/marco-andreu-y-freddy-torrealba-cerraran-agosto-con-recitales-gratuitos-en-el-museo-violeta-parra\/","og_locale":"es_ES","og_type":"article","og_title":"Marco Andreu y Freddy Torrealba cerrar\u00e1n agosto con recitales gratuitos en el Museo Violeta Parra - Museo Violeta Parra","og_description":"Los artistas se presentar\u00e1n en forma gratuita este s\u00e1bado 27 y domingo 28 de agosto. Quienes quieran asistir deber\u00e1n retirar sus invitaciones en la recepci\u00f3n del museo, de martes a domingo de 09:30 a 18:00 horas.","og_url":"http:\/\/vientosur.top\/museo\/marco-andreu-y-freddy-torrealba-cerraran-agosto-con-recitales-gratuitos-en-el-museo-violeta-parra\/","og_site_name":"Museo Violeta Parra","article_published_time":"2016-08-22T20:19:17+00:00","og_image":[{"width":1109,"height":740,"url":"http:\/\/vientosur.top\/museo\/wp-content\/uploads\/2016\/08\/Marco-Andreu-1.jpg","type":"image\/jpeg"}],"author":"admin","twitter_card":"summary_large_image","twitter_misc":{"Escrito por":"admin","Tiempo de lectura":"2 minutos"},"schema":{"@context":"https:\/\/schema.org","@graph":[{"@type":"WebPage","@id":"http:\/\/vientosur.top\/museo\/marco-andreu-y-freddy-torrealba-cerraran-agosto-con-recitales-gratuitos-en-el-museo-violeta-parra\/","url":"http:\/\/vientosur.top\/museo\/marco-andreu-y-freddy-torrealba-cerraran-agosto-con-recitales-gratuitos-en-el-museo-violeta-parra\/","name":"Marco Andreu y Freddy Torrealba cerrar\u00e1n agosto con recitales gratuitos en el Museo Violeta Parra - Museo Violeta Parra","isPartOf":{"@id":"http:\/\/vientosur.top\/museo\/#website"},"primaryImageOfPage":{"@id":"http:\/\/vientosur.top\/museo\/marco-andreu-y-freddy-torrealba-cerraran-agosto-con-recitales-gratuitos-en-el-museo-violeta-parra\/#primaryimage"},"image":{"@id":"http:\/\/vientosur.top\/museo\/marco-andreu-y-freddy-torrealba-cerraran-agosto-con-recitales-gratuitos-en-el-museo-violeta-parra\/#primaryimage"},"thumbnailUrl":"http:\/\/vientosur.top\/museo\/wp-content\/uploads\/2016\/08\/Marco-Andreu-1.jpg","datePublished":"2016-08-22T20:19:17+00:00","author":{"@id":"http:\/\/vientosur.top\/museo\/#\/schema\/person\/20c79d3c38800971feec8c2693c3dd9c"},"breadcrumb":{"@id":"http:\/\/vientosur.top\/museo\/marco-andreu-y-freddy-torrealba-cerraran-agosto-con-recitales-gratuitos-en-el-museo-violeta-parra\/#breadcrumb"},"inLanguage":"es","potentialAction":[{"@type":"ReadAction","target":["http:\/\/vientosur.top\/museo\/marco-andreu-y-freddy-torrealba-cerraran-agosto-con-recitales-gratuitos-en-el-museo-violeta-parra\/"]}]},{"@type":"ImageObject","inLanguage":"es","@id":"http:\/\/vientosur.top\/museo\/marco-andreu-y-freddy-torrealba-cerraran-agosto-con-recitales-gratuitos-en-el-museo-violeta-parra\/#primaryimage","url":"http:\/\/vientosur.top\/museo\/wp-content\/uploads\/2016\/08\/Marco-Andreu-1.jpg","contentUrl":"http:\/\/vientosur.top\/museo\/wp-content\/uploads\/2016\/08\/Marco-Andreu-1.jpg","width":1109,"height":740},{"@type":"BreadcrumbList","@id":"http:\/\/vientosur.top\/museo\/marco-andreu-y-freddy-torrealba-cerraran-agosto-con-recitales-gratuitos-en-el-museo-violeta-parra\/#breadcrumb","itemListElement":[{"@type":"ListItem","position":1,"name":"Portada","item":"http:\/\/vientosur.top\/museo\/"},{"@type":"ListItem","position":2,"name":"Marco Andreu y Freddy Torrealba cerrar\u00e1n agosto con recitales gratuitos en el Museo Violeta Parra"}]},{"@type":"WebSite","@id":"http:\/\/vientosur.top\/museo\/#website","url":"http:\/\/vientosur.top\/museo\/","name":"Museo Violeta Parra","description":"Espacio que alberga tanto la memoria y legado creativo de la artista","potentialAction":[{"@type":"SearchAction","target":{"@type":"EntryPoint","urlTemplate":"http:\/\/vientosur.top\/museo\/?s={search_term_string}"},"query-input":{"@type":"PropertyValueSpecification","valueRequired":true,"valueName":"search_term_string"}}],"inLanguage":"es"},{"@type":"Person","@id":"http:\/\/vientosur.top\/museo\/#\/schema\/person\/20c79d3c38800971feec8c2693c3dd9c","name":"admin","image":{"@type":"ImageObject","inLanguage":"es","@id":"http:\/\/vientosur.top\/museo\/#\/schema\/person\/image\/","url":"https:\/\/secure.gravatar.com\/avatar\/713677ece3ffa642287213a80e5b773bce9ab81c269dd6d95102a990951c922f?s=96&d=mm&r=g","contentUrl":"https:\/\/secure.gravatar.com\/avatar\/713677ece3ffa642287213a80e5b773bce9ab81c269dd6d95102a990951c922f?s=96&d=mm&r=g","caption":"admin"},"sameAs":["http:\/\/vientosur.top\/museo"],"url":"http:\/\/vientosur.top\/museo\/author\/comunicacionesmvp\/"}]}},"_links":{"self":[{"href":"http:\/\/vientosur.top\/museo\/wp-json\/wp\/v2\/posts\/1411","targetHints":{"allow":["GET"]}}],"collection":[{"href":"http:\/\/vientosur.top\/museo\/wp-json\/wp\/v2\/posts"}],"about":[{"href":"http:\/\/vientosur.top\/museo\/wp-json\/wp\/v2\/types\/post"}],"author":[{"embeddable":true,"href":"http:\/\/vientosur.top\/museo\/wp-json\/wp\/v2\/users\/5"}],"replies":[{"embeddable":true,"href":"http:\/\/vientosur.top\/museo\/wp-json\/wp\/v2\/comments?post=1411"}],"version-history":[{"count":0,"href":"http:\/\/vientosur.top\/museo\/wp-json\/wp\/v2\/posts\/1411\/revisions"}],"wp:featuredmedia":[{"embeddable":true,"href":"http:\/\/vientosur.top\/museo\/wp-json\/wp\/v2\/media\/1412"}],"wp:attachment":[{"href":"http:\/\/vientosur.top\/museo\/wp-json\/wp\/v2\/media?parent=1411"}],"wp:term":[{"taxonomy":"category","embeddable":true,"href":"http:\/\/vientosur.top\/museo\/wp-json\/wp\/v2\/categories?post=1411"},{"taxonomy":"post_tag","embeddable":true,"href":"http:\/\/vientosur.top\/museo\/wp-json\/wp\/v2\/tags?post=1411"}],"curies":[{"name":"wp","href":"https:\/\/api.w.org\/{rel}","templated":true}]}}