{"id":14118,"date":"2018-03-07T09:00:41","date_gmt":"2018-03-07T14:00:41","guid":{"rendered":"http:\/\/vientosur.top\/museo\/?p=14118"},"modified":"2018-03-07T09:00:41","modified_gmt":"2018-03-07T14:00:41","slug":"museo-violeta-parra-presentara-dos-obras-dia-internacional-la-mujer","status":"publish","type":"post","link":"http:\/\/vientosur.top\/museo\/museo-violeta-parra-presentara-dos-obras-dia-internacional-la-mujer\/","title":{"rendered":"Museo Violeta Parra conmemor\u00f3 el D\u00eda Internacional de la Mujer con homenaje a Raquel Barros y exhibici\u00f3n de dos obras"},"content":{"rendered":"<p><em>La instituci\u00f3n present\u00f3 un \u00f3leo que la artista regal\u00f3 a su amiga Raquel Barros e inaugur\u00f3 una intervenci\u00f3n en homenaje a Carmen Luisa Cereceda, tercera hija de Violeta.<\/em><\/p>\n<p>&nbsp;<\/p>\n<p>El jueves 8 de marzo al mediod\u00eda, el Museo Violeta Parra conmemor\u00f3 el D\u00eda Internacional de la Mujer con un homenaje a la folclorista Raquel Barros Aldunate (1919-2014). En la ocasi\u00f3n se formaliz\u00f3 la donaci\u00f3n del \u00f3leo <em>Sin t\u00edtulo<\/em>, por parte de la familia Barros Aldunate al museo. En el emotivo acto, las hermanas Barros presentaron la canci\u00f3n \u00abCantando se va a la fuente\u00bb, escrita por Raquel en su juventud, y la Agrupaci\u00f3n Folkl\u00f3rica Raquel Barros interpret\u00f3 la \u201cCer\u00e1mica de Talagante\u201d.<\/p>\n<p>El \u00f3leo sobre cart\u00f3n fue obsequiado, hacia 1965, por Violeta a Raquel Barros, con quien compart\u00eda el trabajo de investigar, recopilar y difundir la m\u00fasica y la danza folcl\u00f3rica. \u201cVioleta Parra no llev\u00f3 registro de sus obras. Regal\u00f3 muchas, vendi\u00f3 otras tantas en diferentes ciudades del mundo, por lo que no conocemos a cabalidad lo que existe ni en qu\u00e9 manos est\u00e1n\u201d, explic\u00f3 Cecilia Garc\u00eda-Huidobro, Directora del Museo Violeta Parra.<\/p>\n<p>\u201cEse \u00f3leo lo vi por primera vez en Recoleta, cuando la Raquel trabaj\u00f3 en la Universidad de Chile, a fines de los 60, por lo que debe ser una de sus \u00faltimas obras\u201d, dijo Magdalena Barros Aldunate, una de las hermanas menores de la fundadora de la agrupaci\u00f3n folcl\u00f3rica que lleva su nombre, al diario La Tercera. \u201cCuando Raquel muri\u00f3, la dej\u00f3 en manos de un sobrino que tambi\u00e9n muri\u00f3 muy joven, y luego pensamos como familia que lo correcto era donarla al museo. Es lo que mi hermana hubiese hecho\u201d, agreg\u00f3.<\/p>\n<p>La ser\u00e1 exhibida en el museo durante todo el Mes de la Mujer en el primer piso del Museo Violeta Parra. \u201cEn el caso de Raquel Barros, est\u00e1bamos en conversaciones con la familia para realizar un homenaje a su vida y obra cuando nos comunicaron, para nuestra emoci\u00f3n, que hab\u00edan decidido que el cuadro que Violeta le regalara deb\u00eda estar en el museo y ser donado el d\u00eda del homenaje\u201d, se\u00f1al\u00f3 la directora.<\/p>\n<p>&nbsp;<\/p>\n<p><iframe src=\"https:\/\/www.youtube.com\/embed\/IEa_3o0uPE8\" width=\"560\" height=\"315\" frameborder=\"0\" allowfullscreen=\"allowfullscreen\"><\/iframe><\/p>\n<p><strong><br \/>\nPaloma ausente<\/strong><\/p>\n<p>Por segundo a\u00f1o consecutivo, el museo present\u00f3 una intervenci\u00f3n en sala en el D\u00eda Internacional de la Mujer. En esta ocasi\u00f3n el \u00f3leo <em>Carmen Luisa<\/em> (1964) fue exhibido en la Sala Divina, con la interpretaci\u00f3n musical de \u00abPaloma ausente\u00bb, por Ana Navarro, de la Agrupaci\u00f3n Folkl\u00f3rica Raquel Barros.<\/p>\n<p>\u201cA la bella y et\u00e9rea figura de la tercera hija de Violeta Parra, Carmen Luisa, homenajeamos en esta intervenci\u00f3n. Ella representa la tensi\u00f3n entre la fuerza de la vocaci\u00f3n de la artista que la arrastra a su mundo creativo y a la b\u00fasqueda de su camino personal. Hija de Luis Arce, figur\u00f3, sin embargo en el Registro Civil como Carmen Luisa Cereceda como sus dos hermanos mayores. Trat\u00f3 de romper los \u201cbarrotes de calamina\u201d de su jaula interior, a trav\u00e9s de viajes incesantes y decisiones cruzadas hasta encontrar su propia voz. Inspir\u00f3 una de las m\u00e1s bellas canciones de Violeta Parra; \u201cPaloma ausente\u201d (1962), que escribi\u00f3 en Par\u00eds mientras esperaba su llegada, en la que la simboliza como una paloma que vuela alto, pero que podr\u00eda descender herida\u201d, se\u00f1ala el texto de la intervenci\u00f3n escrito por Cecilia Garc\u00eda-Huidobro.<\/p>\n<p>El Museo Violeta Parra obsequiar\u00e1 al p\u00fablico asistente, durante el Mes de la Mujer, una postal conmemorativa con la obra <em>Carmen Luisa<\/em> y adem\u00e1s invitar\u00e1 a armar una paloma de papel en recuerdo de la hija de Violeta.<\/p>\n<p><strong><a href=\"https:\/\/www.facebook.com\/pg\/MuseoVioletaParra\/photos\/?tab=album&amp;album_id=2074129202830490\" target=\"_blank\" rel=\"noopener noreferrer\">Ver galer\u00eda de im\u00e1genes<\/a><\/strong><\/p>\n<p>Mes de la Mujer en la casa de Violeta<\/p>\n<p>El Museo Violeta Parra ha preparado una programaci\u00f3n especial dedicada a homenajear a la mujer, que incluye entre sus actividades gratuitas: Proyecci\u00f3n del documental \u201cJarr. El lamento de las im\u00e1genes\u201d y conversaci\u00f3n con Paula Rodr\u00edguez, directora de la pel\u00edcula (9 de marzo a las 18:00 horas), Coloquio \u201cLa cantora y su oficio: Encuentro con Chabelita Fuentes\u201d (10 de marzo a las 16:00 horas), Charla \u201c\u00bfQu\u00e9 hacemos cuando recibimos una donaci\u00f3n?\u201d con la conservadora Ana Elisa Anselmo (13 de marzo a las 12:00 horas), Proyecci\u00f3n de pel\u00edculas de mujeres del FICIL Lebu (15 de marzo a las 16:00 horas), Las Morenitas (17 de marzo a las 16:00 horas), Camila Vaccaro en \u201cLa Ruta de Violeta Parra\u201d (25 de marzo a las 16:00 horas) y la presentaci\u00f3n de Canto a lo Divino y a lo Humano por Emma Madariaga y su familia, quienes han sido distinguidos como Tesoros Humanos Vivos por el Consejo Nacional de la Cultura y las Artes, en el marco de Semana Santa (31 de marzo a las 16:00 horas).<\/p>\n<p><strong><a href=\"http:\/\/vientosur.top\/museo\/actividades\/actividad\" target=\"_blank\" rel=\"noopener noreferrer\"><br \/>\nConoce el calendario de actividades de marzo<\/a><\/strong><\/p>\n","protected":false},"excerpt":{"rendered":"<p>La instituci\u00f3n present\u00f3 un \u00f3leo que la artista regal\u00f3 a su amiga Raquel Barros e inaugur\u00f3 una intervenci\u00f3n en homenaje a Carmen Luisa Cereceda, tercera hija de Violeta. &nbsp; El jueves 8 de marzo al mediod\u00eda, el Museo Violeta Parra conmemor\u00f3 el D\u00eda Internacional de la Mujer con un homenaje a la folclorista Raquel Barros [&hellip;]<\/p>\n","protected":false},"author":5,"featured_media":14127,"comment_status":"open","ping_status":"open","sticky":false,"template":"","format":"standard","meta":{"site-sidebar-layout":"default","site-content-layout":"","ast-site-content-layout":"default","site-content-style":"default","site-sidebar-style":"default","ast-global-header-display":"","ast-banner-title-visibility":"","ast-main-header-display":"","ast-hfb-above-header-display":"","ast-hfb-below-header-display":"","ast-hfb-mobile-header-display":"","site-post-title":"","ast-breadcrumbs-content":"","ast-featured-img":"","footer-sml-layout":"","theme-transparent-header-meta":"","adv-header-id-meta":"","stick-header-meta":"","header-above-stick-meta":"","header-main-stick-meta":"","header-below-stick-meta":"","astra-migrate-meta-layouts":"default","ast-page-background-enabled":"default","ast-page-background-meta":{"desktop":{"background-color":"var(--ast-global-color-4)","background-image":"","background-repeat":"repeat","background-position":"center center","background-size":"auto","background-attachment":"scroll","background-type":"","background-media":"","overlay-type":"","overlay-color":"","overlay-opacity":"","overlay-gradient":""},"tablet":{"background-color":"","background-image":"","background-repeat":"repeat","background-position":"center center","background-size":"auto","background-attachment":"scroll","background-type":"","background-media":"","overlay-type":"","overlay-color":"","overlay-opacity":"","overlay-gradient":""},"mobile":{"background-color":"","background-image":"","background-repeat":"repeat","background-position":"center center","background-size":"auto","background-attachment":"scroll","background-type":"","background-media":"","overlay-type":"","overlay-color":"","overlay-opacity":"","overlay-gradient":""}},"ast-content-background-meta":{"desktop":{"background-color":"var(--ast-global-color-5)","background-image":"","background-repeat":"repeat","background-position":"center center","background-size":"auto","background-attachment":"scroll","background-type":"","background-media":"","overlay-type":"","overlay-color":"","overlay-opacity":"","overlay-gradient":""},"tablet":{"background-color":"var(--ast-global-color-5)","background-image":"","background-repeat":"repeat","background-position":"center center","background-size":"auto","background-attachment":"scroll","background-type":"","background-media":"","overlay-type":"","overlay-color":"","overlay-opacity":"","overlay-gradient":""},"mobile":{"background-color":"var(--ast-global-color-5)","background-image":"","background-repeat":"repeat","background-position":"center center","background-size":"auto","background-attachment":"scroll","background-type":"","background-media":"","overlay-type":"","overlay-color":"","overlay-opacity":"","overlay-gradient":""}},"footnotes":""},"categories":[59,8,61],"tags":[],"class_list":["post-14118","post","type-post","status-publish","format-standard","has-post-thumbnail","hentry","category-destacado-noticia","category-noticias","category-novedades"],"yoast_head":"<!-- This site is optimized with the Yoast SEO plugin v25.4 - https:\/\/yoast.com\/wordpress\/plugins\/seo\/ -->\n<title>Museo Violeta Parra conmemor\u00f3 el D\u00eda Internacional de la Mujer con homenaje a Raquel Barros y exhibici\u00f3n de dos obras - Museo Violeta Parra<\/title>\n<meta name=\"robots\" content=\"index, follow, max-snippet:-1, max-image-preview:large, max-video-preview:-1\" \/>\n<link rel=\"canonical\" href=\"http:\/\/vientosur.top\/museo\/museo-violeta-parra-presentara-dos-obras-dia-internacional-la-mujer\/\" \/>\n<meta property=\"og:locale\" content=\"es_ES\" \/>\n<meta property=\"og:type\" content=\"article\" \/>\n<meta property=\"og:title\" content=\"Museo Violeta Parra conmemor\u00f3 el D\u00eda Internacional de la Mujer con homenaje a Raquel Barros y exhibici\u00f3n de dos obras - Museo Violeta Parra\" \/>\n<meta property=\"og:description\" content=\"La instituci\u00f3n present\u00f3 un \u00f3leo que la artista regal\u00f3 a su amiga Raquel Barros e inaugur\u00f3 una intervenci\u00f3n en homenaje a Carmen Luisa Cereceda, tercera hija de Violeta. &nbsp; El jueves 8 de marzo al mediod\u00eda, el Museo Violeta Parra conmemor\u00f3 el D\u00eda Internacional de la Mujer con un homenaje a la folclorista Raquel Barros [&hellip;]\" \/>\n<meta property=\"og:url\" content=\"http:\/\/vientosur.top\/museo\/museo-violeta-parra-presentara-dos-obras-dia-internacional-la-mujer\/\" \/>\n<meta property=\"og:site_name\" content=\"Museo Violeta Parra\" \/>\n<meta property=\"article:published_time\" content=\"2018-03-07T14:00:41+00:00\" \/>\n<meta property=\"og:image\" content=\"http:\/\/vientosur.top\/museo\/wp-content\/uploads\/2018\/03\/barros-scaled.jpg\" \/>\n\t<meta property=\"og:image:width\" content=\"2560\" \/>\n\t<meta property=\"og:image:height\" content=\"1774\" \/>\n\t<meta property=\"og:image:type\" content=\"image\/jpeg\" \/>\n<meta name=\"author\" content=\"admin\" \/>\n<meta name=\"twitter:card\" content=\"summary_large_image\" \/>\n<meta name=\"twitter:label1\" content=\"Escrito por\" \/>\n\t<meta name=\"twitter:data1\" content=\"admin\" \/>\n\t<meta name=\"twitter:label2\" content=\"Tiempo de lectura\" \/>\n\t<meta name=\"twitter:data2\" content=\"4 minutos\" \/>\n<script type=\"application\/ld+json\" class=\"yoast-schema-graph\">{\"@context\":\"https:\/\/schema.org\",\"@graph\":[{\"@type\":\"WebPage\",\"@id\":\"http:\/\/vientosur.top\/museo\/museo-violeta-parra-presentara-dos-obras-dia-internacional-la-mujer\/\",\"url\":\"http:\/\/vientosur.top\/museo\/museo-violeta-parra-presentara-dos-obras-dia-internacional-la-mujer\/\",\"name\":\"Museo Violeta Parra conmemor\u00f3 el D\u00eda Internacional de la Mujer con homenaje a Raquel Barros y exhibici\u00f3n de dos obras - Museo Violeta Parra\",\"isPartOf\":{\"@id\":\"http:\/\/vientosur.top\/museo\/#website\"},\"primaryImageOfPage\":{\"@id\":\"http:\/\/vientosur.top\/museo\/museo-violeta-parra-presentara-dos-obras-dia-internacional-la-mujer\/#primaryimage\"},\"image\":{\"@id\":\"http:\/\/vientosur.top\/museo\/museo-violeta-parra-presentara-dos-obras-dia-internacional-la-mujer\/#primaryimage\"},\"thumbnailUrl\":\"http:\/\/vientosur.top\/museo\/wp-content\/uploads\/2018\/03\/barros-scaled.jpg\",\"datePublished\":\"2018-03-07T14:00:41+00:00\",\"author\":{\"@id\":\"http:\/\/vientosur.top\/museo\/#\/schema\/person\/20c79d3c38800971feec8c2693c3dd9c\"},\"breadcrumb\":{\"@id\":\"http:\/\/vientosur.top\/museo\/museo-violeta-parra-presentara-dos-obras-dia-internacional-la-mujer\/#breadcrumb\"},\"inLanguage\":\"es\",\"potentialAction\":[{\"@type\":\"ReadAction\",\"target\":[\"http:\/\/vientosur.top\/museo\/museo-violeta-parra-presentara-dos-obras-dia-internacional-la-mujer\/\"]}]},{\"@type\":\"ImageObject\",\"inLanguage\":\"es\",\"@id\":\"http:\/\/vientosur.top\/museo\/museo-violeta-parra-presentara-dos-obras-dia-internacional-la-mujer\/#primaryimage\",\"url\":\"http:\/\/vientosur.top\/museo\/wp-content\/uploads\/2018\/03\/barros-scaled.jpg\",\"contentUrl\":\"http:\/\/vientosur.top\/museo\/wp-content\/uploads\/2018\/03\/barros-scaled.jpg\",\"width\":2560,\"height\":1774},{\"@type\":\"BreadcrumbList\",\"@id\":\"http:\/\/vientosur.top\/museo\/museo-violeta-parra-presentara-dos-obras-dia-internacional-la-mujer\/#breadcrumb\",\"itemListElement\":[{\"@type\":\"ListItem\",\"position\":1,\"name\":\"Portada\",\"item\":\"http:\/\/vientosur.top\/museo\/\"},{\"@type\":\"ListItem\",\"position\":2,\"name\":\"Museo Violeta Parra conmemor\u00f3 el D\u00eda Internacional de la Mujer con homenaje a Raquel Barros y exhibici\u00f3n de dos obras\"}]},{\"@type\":\"WebSite\",\"@id\":\"http:\/\/vientosur.top\/museo\/#website\",\"url\":\"http:\/\/vientosur.top\/museo\/\",\"name\":\"Museo Violeta Parra\",\"description\":\"Espacio que alberga tanto la memoria y legado creativo de la artista\",\"potentialAction\":[{\"@type\":\"SearchAction\",\"target\":{\"@type\":\"EntryPoint\",\"urlTemplate\":\"http:\/\/vientosur.top\/museo\/?s={search_term_string}\"},\"query-input\":{\"@type\":\"PropertyValueSpecification\",\"valueRequired\":true,\"valueName\":\"search_term_string\"}}],\"inLanguage\":\"es\"},{\"@type\":\"Person\",\"@id\":\"http:\/\/vientosur.top\/museo\/#\/schema\/person\/20c79d3c38800971feec8c2693c3dd9c\",\"name\":\"admin\",\"image\":{\"@type\":\"ImageObject\",\"inLanguage\":\"es\",\"@id\":\"http:\/\/vientosur.top\/museo\/#\/schema\/person\/image\/\",\"url\":\"https:\/\/secure.gravatar.com\/avatar\/713677ece3ffa642287213a80e5b773bce9ab81c269dd6d95102a990951c922f?s=96&d=mm&r=g\",\"contentUrl\":\"https:\/\/secure.gravatar.com\/avatar\/713677ece3ffa642287213a80e5b773bce9ab81c269dd6d95102a990951c922f?s=96&d=mm&r=g\",\"caption\":\"admin\"},\"sameAs\":[\"http:\/\/vientosur.top\/museo\"],\"url\":\"http:\/\/vientosur.top\/museo\/author\/comunicacionesmvp\/\"}]}<\/script>\n<!-- \/ Yoast SEO plugin. -->","yoast_head_json":{"title":"Museo Violeta Parra conmemor\u00f3 el D\u00eda Internacional de la Mujer con homenaje a Raquel Barros y exhibici\u00f3n de dos obras - Museo Violeta Parra","robots":{"index":"index","follow":"follow","max-snippet":"max-snippet:-1","max-image-preview":"max-image-preview:large","max-video-preview":"max-video-preview:-1"},"canonical":"http:\/\/vientosur.top\/museo\/museo-violeta-parra-presentara-dos-obras-dia-internacional-la-mujer\/","og_locale":"es_ES","og_type":"article","og_title":"Museo Violeta Parra conmemor\u00f3 el D\u00eda Internacional de la Mujer con homenaje a Raquel Barros y exhibici\u00f3n de dos obras - Museo Violeta Parra","og_description":"La instituci\u00f3n present\u00f3 un \u00f3leo que la artista regal\u00f3 a su amiga Raquel Barros e inaugur\u00f3 una intervenci\u00f3n en homenaje a Carmen Luisa Cereceda, tercera hija de Violeta. &nbsp; El jueves 8 de marzo al mediod\u00eda, el Museo Violeta Parra conmemor\u00f3 el D\u00eda Internacional de la Mujer con un homenaje a la folclorista Raquel Barros [&hellip;]","og_url":"http:\/\/vientosur.top\/museo\/museo-violeta-parra-presentara-dos-obras-dia-internacional-la-mujer\/","og_site_name":"Museo Violeta Parra","article_published_time":"2018-03-07T14:00:41+00:00","og_image":[{"width":2560,"height":1774,"url":"http:\/\/vientosur.top\/museo\/wp-content\/uploads\/2018\/03\/barros-scaled.jpg","type":"image\/jpeg"}],"author":"admin","twitter_card":"summary_large_image","twitter_misc":{"Escrito por":"admin","Tiempo de lectura":"4 minutos"},"schema":{"@context":"https:\/\/schema.org","@graph":[{"@type":"WebPage","@id":"http:\/\/vientosur.top\/museo\/museo-violeta-parra-presentara-dos-obras-dia-internacional-la-mujer\/","url":"http:\/\/vientosur.top\/museo\/museo-violeta-parra-presentara-dos-obras-dia-internacional-la-mujer\/","name":"Museo Violeta Parra conmemor\u00f3 el D\u00eda Internacional de la Mujer con homenaje a Raquel Barros y exhibici\u00f3n de dos obras - Museo Violeta Parra","isPartOf":{"@id":"http:\/\/vientosur.top\/museo\/#website"},"primaryImageOfPage":{"@id":"http:\/\/vientosur.top\/museo\/museo-violeta-parra-presentara-dos-obras-dia-internacional-la-mujer\/#primaryimage"},"image":{"@id":"http:\/\/vientosur.top\/museo\/museo-violeta-parra-presentara-dos-obras-dia-internacional-la-mujer\/#primaryimage"},"thumbnailUrl":"http:\/\/vientosur.top\/museo\/wp-content\/uploads\/2018\/03\/barros-scaled.jpg","datePublished":"2018-03-07T14:00:41+00:00","author":{"@id":"http:\/\/vientosur.top\/museo\/#\/schema\/person\/20c79d3c38800971feec8c2693c3dd9c"},"breadcrumb":{"@id":"http:\/\/vientosur.top\/museo\/museo-violeta-parra-presentara-dos-obras-dia-internacional-la-mujer\/#breadcrumb"},"inLanguage":"es","potentialAction":[{"@type":"ReadAction","target":["http:\/\/vientosur.top\/museo\/museo-violeta-parra-presentara-dos-obras-dia-internacional-la-mujer\/"]}]},{"@type":"ImageObject","inLanguage":"es","@id":"http:\/\/vientosur.top\/museo\/museo-violeta-parra-presentara-dos-obras-dia-internacional-la-mujer\/#primaryimage","url":"http:\/\/vientosur.top\/museo\/wp-content\/uploads\/2018\/03\/barros-scaled.jpg","contentUrl":"http:\/\/vientosur.top\/museo\/wp-content\/uploads\/2018\/03\/barros-scaled.jpg","width":2560,"height":1774},{"@type":"BreadcrumbList","@id":"http:\/\/vientosur.top\/museo\/museo-violeta-parra-presentara-dos-obras-dia-internacional-la-mujer\/#breadcrumb","itemListElement":[{"@type":"ListItem","position":1,"name":"Portada","item":"http:\/\/vientosur.top\/museo\/"},{"@type":"ListItem","position":2,"name":"Museo Violeta Parra conmemor\u00f3 el D\u00eda Internacional de la Mujer con homenaje a Raquel Barros y exhibici\u00f3n de dos obras"}]},{"@type":"WebSite","@id":"http:\/\/vientosur.top\/museo\/#website","url":"http:\/\/vientosur.top\/museo\/","name":"Museo Violeta Parra","description":"Espacio que alberga tanto la memoria y legado creativo de la artista","potentialAction":[{"@type":"SearchAction","target":{"@type":"EntryPoint","urlTemplate":"http:\/\/vientosur.top\/museo\/?s={search_term_string}"},"query-input":{"@type":"PropertyValueSpecification","valueRequired":true,"valueName":"search_term_string"}}],"inLanguage":"es"},{"@type":"Person","@id":"http:\/\/vientosur.top\/museo\/#\/schema\/person\/20c79d3c38800971feec8c2693c3dd9c","name":"admin","image":{"@type":"ImageObject","inLanguage":"es","@id":"http:\/\/vientosur.top\/museo\/#\/schema\/person\/image\/","url":"https:\/\/secure.gravatar.com\/avatar\/713677ece3ffa642287213a80e5b773bce9ab81c269dd6d95102a990951c922f?s=96&d=mm&r=g","contentUrl":"https:\/\/secure.gravatar.com\/avatar\/713677ece3ffa642287213a80e5b773bce9ab81c269dd6d95102a990951c922f?s=96&d=mm&r=g","caption":"admin"},"sameAs":["http:\/\/vientosur.top\/museo"],"url":"http:\/\/vientosur.top\/museo\/author\/comunicacionesmvp\/"}]}},"_links":{"self":[{"href":"http:\/\/vientosur.top\/museo\/wp-json\/wp\/v2\/posts\/14118","targetHints":{"allow":["GET"]}}],"collection":[{"href":"http:\/\/vientosur.top\/museo\/wp-json\/wp\/v2\/posts"}],"about":[{"href":"http:\/\/vientosur.top\/museo\/wp-json\/wp\/v2\/types\/post"}],"author":[{"embeddable":true,"href":"http:\/\/vientosur.top\/museo\/wp-json\/wp\/v2\/users\/5"}],"replies":[{"embeddable":true,"href":"http:\/\/vientosur.top\/museo\/wp-json\/wp\/v2\/comments?post=14118"}],"version-history":[{"count":0,"href":"http:\/\/vientosur.top\/museo\/wp-json\/wp\/v2\/posts\/14118\/revisions"}],"wp:featuredmedia":[{"embeddable":true,"href":"http:\/\/vientosur.top\/museo\/wp-json\/wp\/v2\/media\/14127"}],"wp:attachment":[{"href":"http:\/\/vientosur.top\/museo\/wp-json\/wp\/v2\/media?parent=14118"}],"wp:term":[{"taxonomy":"category","embeddable":true,"href":"http:\/\/vientosur.top\/museo\/wp-json\/wp\/v2\/categories?post=14118"},{"taxonomy":"post_tag","embeddable":true,"href":"http:\/\/vientosur.top\/museo\/wp-json\/wp\/v2\/tags?post=14118"}],"curies":[{"name":"wp","href":"https:\/\/api.w.org\/{rel}","templated":true}]}}