{"id":14129,"date":"2018-03-09T10:23:28","date_gmt":"2018-03-09T15:23:28","guid":{"rendered":"http:\/\/vientosur.top\/museo\/?p=14129"},"modified":"2018-03-09T10:23:28","modified_gmt":"2018-03-09T15:23:28","slug":"canciller-munoz-entrego-tres-obras-violeta-parra-donadas-freddy-bauche-al-museo","status":"publish","type":"post","link":"http:\/\/vientosur.top\/museo\/canciller-munoz-entrego-tres-obras-violeta-parra-donadas-freddy-bauche-al-museo\/","title":{"rendered":"Canciller Mu\u00f1oz entreg\u00f3 tres obras de Violeta Parra donadas por Freddy Buache al Museo"},"content":{"rendered":"<p>El mi\u00e9rcoles 7 de marzo se realiz\u00f3 la ceremonia de entrega de tres obras de Violeta Parra donadas al museo por el ciudadano suizo Freddy Buache. El acto cont\u00f3 con las intervenciones de Heraldo Mu\u00f1oz, Ministro de Relaciones Exteriores, y de Cecilia Garc\u00eda-Huidobro, Directora del Museo Violeta Parra.<\/p>\n<p>En la actividad, desarrollada en el Sal\u00f3n Orlando Letelier, el Canciller Mu\u00f1oz explic\u00f3: \u201cLa presente donaci\u00f3n busca contribuir al gran anhelo de Violeta Parra -varias veces expresado en entrevistas y documentos &#8211; de estar cerca de su pueblo, lo que se resume en dos sentidos: representar el sentir popular, particularmente los oficios manuales de la mujer chilena y, por otra parte, traspasar los muros particulares de una casa en Ginebra, para transformarse en obras que se comparten, en exposici\u00f3n abierta a las grandes masas de p\u00fablico que visitar\u00e1n el Museo Violeta Parra\u201d.<\/p>\n<p>Cecilia Garc\u00eda-Huidobro, Directora del museo, agradeci\u00f3 esta donaci\u00f3n gestionada por la asociaci\u00f3n Art\u00edsticamente de Suiza, y destac\u00f3 la voluntad\u00a0 de Marie-Magdeleine Brumagne, esposa de Buache, de hacer regresar estas obras regaladas por Violeta a Chile.<\/p>\n<p><a href=\"https:\/\/www.facebook.com\/media\/set\/?set=ms.c.eJw1zdkNRDEIQ9GORiwxxv039kSG~%3BB5dcBiTAhRd2fBf~%3BCHzAnmhLeADDm3R5kJaEAvJOTmWXDjUFNCDripXvaeU4q6cfisWnIJeC55noEwLWS6E6PgA44Yl~%3Bg~-~-.bps.a.2073793662864044.1073742625.1619584511618297&amp;type=1\" target=\"_blank\" rel=\"noopener noreferrer\"><strong>Ver galer\u00eda de im\u00e1genes<\/strong><\/a><\/p>\n<p>&nbsp;<\/p>\n<p><strong>La historia de las obras\u00a0<\/strong><\/p>\n<p>Marie-Magdeleine Brumagne, cr\u00edtica de arte y reportera freelance de la Sociedad Suiza de Radiodifusi\u00f3n y Televisi\u00f3n, conoci\u00f3 a Violeta Parra en 1964, en su exhibici\u00f3n realizada en el pabell\u00f3n Marsan del Museo del Louvre de Par\u00eds. Un a\u00f1o m\u00e1s tarde realiz\u00f3 el documental \u201cVioleta Parra, Bordadora chilena\u201d. \u201cUsted es poetisa, m\u00fasico, hace arpilleras, canta\u2026 si le doy a elegir solo uno de estos medios de expresi\u00f3n, \u00bfcu\u00e1l elegir\u00eda?\u201d, le pregunt\u00f3 Brumagne. \u201cYo elegir\u00eda quedarme con la gente\u201d, contest\u00f3 ella, as\u00ed nada m\u00e1s, revolviendo pintura sobre su paleta.<\/p>\n<p>\u201cDe su estad\u00eda en la Suiza francesa, no me queda m\u00e1s que recuerdos borrosos, algunas cartas, fotos, una arpillera, dos telas que ella me dio y tambi\u00e9n una pel\u00edcula de televisi\u00f3n que en esa \u00e9poca no interesaba a nadie por ser un tema \u2018folcl\u00f3rico, como otros miles\u2019\u201d, anot\u00f3 Brumagne en su libro<em> \u00bfQui\u00e9n se acuerda de su vida? (<\/em>1992), en el que dedic\u00f3 un cap\u00edtulo a su amiga, titulado \u00abVioleta azul\u00bb.<\/p>\n<p>\u201cFueron muy cercanas, incluso despu\u00e9s de que Violeta retorn\u00f3 a Chile -a menos de un mes de filmar el documental-, siguieron escribi\u00e9ndose cartas\u201d, cont\u00f3 a La Tercera desde Suiza Francisco Gonz\u00e1lez (1962), fundador de Art\u00edsticamente, colectivo que desde su agrupaci\u00f3n en 2014 se ha empe\u00f1ado en dar a conocer las obras de artistas chilenos y latinoamericanos en Suiza, como V\u00edctor Jara y, desde luego, de la autora de \u201cLa jardinera\u201d.<\/p>\n<p>En la casa de la Magdeleine Brumagne (1920-2005) en la ciudad de Lausana, donde hasta hoy vive su marido -el periodista y ex director de la Cinemateca suiza, Freddy Buache (94), de sus paredes a\u00fan colgaban las tres obras que Violeta Parra les hab\u00eda obsequiado. \u201cNo se tiene registro exacto de cu\u00e1ndo fueron hechas, pero debi\u00f3 ser ese mismo a\u00f1o, 1965\u201d, dice Gonz\u00e1lez. \u201cLo que s\u00ed es seguro es que fueron un regalo para los dos como pareja\u201d, agreg\u00f3.<br \/>\nUna ronda de ni\u00f1os hecha de papel mach\u00e9; una pintura en la que se ve una festiva escena, con copas de vino, guitarr\u00f3n y m\u00fasica, y una arpillera en la que retrat\u00f3 a uno m\u00e1s de sus seres imaginarios y que curiosamente aparece en la car\u00e1tula del disco Violeta Parra en Ginebra, de 1965, las tres obras sin t\u00edtulo ni fecha acaban de ser donadas por Buache al Museo Violeta Parra por medio del colectivo encabezado por Gonzalez, quien naci\u00f3 en Chill\u00e1n en 1962 y parti\u00f3 al exilio en Suiza en los 70. \u201cYo mismo las descolgu\u00e9 de las paredes de la casa de Freddy. Te imaginar\u00e1s la emoci\u00f3n que sent\u00ed al verlas y en buen estado, pero \u00e9l sabe que en la casa de Violeta en Santiago, que es el museo, estar\u00e1n m\u00e1s a salvo\u201d, cont\u00f3 al matutino.<\/p>\n<p>&nbsp;<\/p>\n<p>&nbsp;<\/p>\n","protected":false},"excerpt":{"rendered":"<p>El mi\u00e9rcoles 7 de marzo se realiz\u00f3 la ceremonia de entrega de tres obras de Violeta Parra donadas al museo por el ciudadano suizo Freddy Buache. El acto cont\u00f3 con las intervenciones de Heraldo Mu\u00f1oz, Ministro de Relaciones Exteriores, y de Cecilia Garc\u00eda-Huidobro, Directora del Museo Violeta Parra. En la actividad, desarrollada en el Sal\u00f3n [&hellip;]<\/p>\n","protected":false},"author":5,"featured_media":14130,"comment_status":"open","ping_status":"open","sticky":false,"template":"","format":"standard","meta":{"site-sidebar-layout":"default","site-content-layout":"","ast-site-content-layout":"default","site-content-style":"default","site-sidebar-style":"default","ast-global-header-display":"","ast-banner-title-visibility":"","ast-main-header-display":"","ast-hfb-above-header-display":"","ast-hfb-below-header-display":"","ast-hfb-mobile-header-display":"","site-post-title":"","ast-breadcrumbs-content":"","ast-featured-img":"","footer-sml-layout":"","theme-transparent-header-meta":"","adv-header-id-meta":"","stick-header-meta":"","header-above-stick-meta":"","header-main-stick-meta":"","header-below-stick-meta":"","astra-migrate-meta-layouts":"default","ast-page-background-enabled":"default","ast-page-background-meta":{"desktop":{"background-color":"var(--ast-global-color-4)","background-image":"","background-repeat":"repeat","background-position":"center center","background-size":"auto","background-attachment":"scroll","background-type":"","background-media":"","overlay-type":"","overlay-color":"","overlay-opacity":"","overlay-gradient":""},"tablet":{"background-color":"","background-image":"","background-repeat":"repeat","background-position":"center center","background-size":"auto","background-attachment":"scroll","background-type":"","background-media":"","overlay-type":"","overlay-color":"","overlay-opacity":"","overlay-gradient":""},"mobile":{"background-color":"","background-image":"","background-repeat":"repeat","background-position":"center center","background-size":"auto","background-attachment":"scroll","background-type":"","background-media":"","overlay-type":"","overlay-color":"","overlay-opacity":"","overlay-gradient":""}},"ast-content-background-meta":{"desktop":{"background-color":"var(--ast-global-color-5)","background-image":"","background-repeat":"repeat","background-position":"center center","background-size":"auto","background-attachment":"scroll","background-type":"","background-media":"","overlay-type":"","overlay-color":"","overlay-opacity":"","overlay-gradient":""},"tablet":{"background-color":"var(--ast-global-color-5)","background-image":"","background-repeat":"repeat","background-position":"center center","background-size":"auto","background-attachment":"scroll","background-type":"","background-media":"","overlay-type":"","overlay-color":"","overlay-opacity":"","overlay-gradient":""},"mobile":{"background-color":"var(--ast-global-color-5)","background-image":"","background-repeat":"repeat","background-position":"center center","background-size":"auto","background-attachment":"scroll","background-type":"","background-media":"","overlay-type":"","overlay-color":"","overlay-opacity":"","overlay-gradient":""}},"footnotes":""},"categories":[59,8,61],"tags":[],"class_list":["post-14129","post","type-post","status-publish","format-standard","has-post-thumbnail","hentry","category-destacado-noticia","category-noticias","category-novedades"],"yoast_head":"<!-- This site is optimized with the Yoast SEO plugin v25.4 - https:\/\/yoast.com\/wordpress\/plugins\/seo\/ -->\n<title>Canciller Mu\u00f1oz entreg\u00f3 tres obras de Violeta Parra donadas por Freddy Buache al Museo - Museo Violeta Parra<\/title>\n<meta name=\"robots\" content=\"index, follow, max-snippet:-1, max-image-preview:large, max-video-preview:-1\" \/>\n<link rel=\"canonical\" href=\"http:\/\/vientosur.top\/museo\/canciller-munoz-entrego-tres-obras-violeta-parra-donadas-freddy-bauche-al-museo\/\" \/>\n<meta property=\"og:locale\" content=\"es_ES\" \/>\n<meta property=\"og:type\" content=\"article\" \/>\n<meta property=\"og:title\" content=\"Canciller Mu\u00f1oz entreg\u00f3 tres obras de Violeta Parra donadas por Freddy Buache al Museo - Museo Violeta Parra\" \/>\n<meta property=\"og:description\" content=\"El mi\u00e9rcoles 7 de marzo se realiz\u00f3 la ceremonia de entrega de tres obras de Violeta Parra donadas al museo por el ciudadano suizo Freddy Buache. El acto cont\u00f3 con las intervenciones de Heraldo Mu\u00f1oz, Ministro de Relaciones Exteriores, y de Cecilia Garc\u00eda-Huidobro, Directora del Museo Violeta Parra. En la actividad, desarrollada en el Sal\u00f3n [&hellip;]\" \/>\n<meta property=\"og:url\" content=\"http:\/\/vientosur.top\/museo\/canciller-munoz-entrego-tres-obras-violeta-parra-donadas-freddy-bauche-al-museo\/\" \/>\n<meta property=\"og:site_name\" content=\"Museo Violeta Parra\" \/>\n<meta property=\"article:published_time\" content=\"2018-03-09T15:23:28+00:00\" \/>\n<meta property=\"og:image\" content=\"http:\/\/vientosur.top\/museo\/wp-content\/uploads\/2018\/03\/DSC_0184-scaled.jpg\" \/>\n\t<meta property=\"og:image:width\" content=\"2560\" \/>\n\t<meta property=\"og:image:height\" content=\"1702\" \/>\n\t<meta property=\"og:image:type\" content=\"image\/jpeg\" \/>\n<meta name=\"author\" content=\"admin\" \/>\n<meta name=\"twitter:card\" content=\"summary_large_image\" \/>\n<meta name=\"twitter:label1\" content=\"Escrito por\" \/>\n\t<meta name=\"twitter:data1\" content=\"admin\" \/>\n\t<meta name=\"twitter:label2\" content=\"Tiempo de lectura\" \/>\n\t<meta name=\"twitter:data2\" content=\"3 minutos\" \/>\n<script type=\"application\/ld+json\" class=\"yoast-schema-graph\">{\"@context\":\"https:\/\/schema.org\",\"@graph\":[{\"@type\":\"WebPage\",\"@id\":\"http:\/\/vientosur.top\/museo\/canciller-munoz-entrego-tres-obras-violeta-parra-donadas-freddy-bauche-al-museo\/\",\"url\":\"http:\/\/vientosur.top\/museo\/canciller-munoz-entrego-tres-obras-violeta-parra-donadas-freddy-bauche-al-museo\/\",\"name\":\"Canciller Mu\u00f1oz entreg\u00f3 tres obras de Violeta Parra donadas por Freddy Buache al Museo - Museo Violeta Parra\",\"isPartOf\":{\"@id\":\"http:\/\/vientosur.top\/museo\/#website\"},\"primaryImageOfPage\":{\"@id\":\"http:\/\/vientosur.top\/museo\/canciller-munoz-entrego-tres-obras-violeta-parra-donadas-freddy-bauche-al-museo\/#primaryimage\"},\"image\":{\"@id\":\"http:\/\/vientosur.top\/museo\/canciller-munoz-entrego-tres-obras-violeta-parra-donadas-freddy-bauche-al-museo\/#primaryimage\"},\"thumbnailUrl\":\"http:\/\/vientosur.top\/museo\/wp-content\/uploads\/2018\/03\/DSC_0184-scaled.jpg\",\"datePublished\":\"2018-03-09T15:23:28+00:00\",\"author\":{\"@id\":\"http:\/\/vientosur.top\/museo\/#\/schema\/person\/20c79d3c38800971feec8c2693c3dd9c\"},\"breadcrumb\":{\"@id\":\"http:\/\/vientosur.top\/museo\/canciller-munoz-entrego-tres-obras-violeta-parra-donadas-freddy-bauche-al-museo\/#breadcrumb\"},\"inLanguage\":\"es\",\"potentialAction\":[{\"@type\":\"ReadAction\",\"target\":[\"http:\/\/vientosur.top\/museo\/canciller-munoz-entrego-tres-obras-violeta-parra-donadas-freddy-bauche-al-museo\/\"]}]},{\"@type\":\"ImageObject\",\"inLanguage\":\"es\",\"@id\":\"http:\/\/vientosur.top\/museo\/canciller-munoz-entrego-tres-obras-violeta-parra-donadas-freddy-bauche-al-museo\/#primaryimage\",\"url\":\"http:\/\/vientosur.top\/museo\/wp-content\/uploads\/2018\/03\/DSC_0184-scaled.jpg\",\"contentUrl\":\"http:\/\/vientosur.top\/museo\/wp-content\/uploads\/2018\/03\/DSC_0184-scaled.jpg\",\"width\":2560,\"height\":1702},{\"@type\":\"BreadcrumbList\",\"@id\":\"http:\/\/vientosur.top\/museo\/canciller-munoz-entrego-tres-obras-violeta-parra-donadas-freddy-bauche-al-museo\/#breadcrumb\",\"itemListElement\":[{\"@type\":\"ListItem\",\"position\":1,\"name\":\"Portada\",\"item\":\"http:\/\/vientosur.top\/museo\/\"},{\"@type\":\"ListItem\",\"position\":2,\"name\":\"Canciller Mu\u00f1oz entreg\u00f3 tres obras de Violeta Parra donadas por Freddy Buache al Museo\"}]},{\"@type\":\"WebSite\",\"@id\":\"http:\/\/vientosur.top\/museo\/#website\",\"url\":\"http:\/\/vientosur.top\/museo\/\",\"name\":\"Museo Violeta Parra\",\"description\":\"Espacio que alberga tanto la memoria y legado creativo de la artista\",\"potentialAction\":[{\"@type\":\"SearchAction\",\"target\":{\"@type\":\"EntryPoint\",\"urlTemplate\":\"http:\/\/vientosur.top\/museo\/?s={search_term_string}\"},\"query-input\":{\"@type\":\"PropertyValueSpecification\",\"valueRequired\":true,\"valueName\":\"search_term_string\"}}],\"inLanguage\":\"es\"},{\"@type\":\"Person\",\"@id\":\"http:\/\/vientosur.top\/museo\/#\/schema\/person\/20c79d3c38800971feec8c2693c3dd9c\",\"name\":\"admin\",\"image\":{\"@type\":\"ImageObject\",\"inLanguage\":\"es\",\"@id\":\"http:\/\/vientosur.top\/museo\/#\/schema\/person\/image\/\",\"url\":\"https:\/\/secure.gravatar.com\/avatar\/713677ece3ffa642287213a80e5b773bce9ab81c269dd6d95102a990951c922f?s=96&d=mm&r=g\",\"contentUrl\":\"https:\/\/secure.gravatar.com\/avatar\/713677ece3ffa642287213a80e5b773bce9ab81c269dd6d95102a990951c922f?s=96&d=mm&r=g\",\"caption\":\"admin\"},\"sameAs\":[\"http:\/\/vientosur.top\/museo\"],\"url\":\"http:\/\/vientosur.top\/museo\/author\/comunicacionesmvp\/\"}]}<\/script>\n<!-- \/ Yoast SEO plugin. -->","yoast_head_json":{"title":"Canciller Mu\u00f1oz entreg\u00f3 tres obras de Violeta Parra donadas por Freddy Buache al Museo - Museo Violeta Parra","robots":{"index":"index","follow":"follow","max-snippet":"max-snippet:-1","max-image-preview":"max-image-preview:large","max-video-preview":"max-video-preview:-1"},"canonical":"http:\/\/vientosur.top\/museo\/canciller-munoz-entrego-tres-obras-violeta-parra-donadas-freddy-bauche-al-museo\/","og_locale":"es_ES","og_type":"article","og_title":"Canciller Mu\u00f1oz entreg\u00f3 tres obras de Violeta Parra donadas por Freddy Buache al Museo - Museo Violeta Parra","og_description":"El mi\u00e9rcoles 7 de marzo se realiz\u00f3 la ceremonia de entrega de tres obras de Violeta Parra donadas al museo por el ciudadano suizo Freddy Buache. El acto cont\u00f3 con las intervenciones de Heraldo Mu\u00f1oz, Ministro de Relaciones Exteriores, y de Cecilia Garc\u00eda-Huidobro, Directora del Museo Violeta Parra. En la actividad, desarrollada en el Sal\u00f3n [&hellip;]","og_url":"http:\/\/vientosur.top\/museo\/canciller-munoz-entrego-tres-obras-violeta-parra-donadas-freddy-bauche-al-museo\/","og_site_name":"Museo Violeta Parra","article_published_time":"2018-03-09T15:23:28+00:00","og_image":[{"width":2560,"height":1702,"url":"http:\/\/vientosur.top\/museo\/wp-content\/uploads\/2018\/03\/DSC_0184-scaled.jpg","type":"image\/jpeg"}],"author":"admin","twitter_card":"summary_large_image","twitter_misc":{"Escrito por":"admin","Tiempo de lectura":"3 minutos"},"schema":{"@context":"https:\/\/schema.org","@graph":[{"@type":"WebPage","@id":"http:\/\/vientosur.top\/museo\/canciller-munoz-entrego-tres-obras-violeta-parra-donadas-freddy-bauche-al-museo\/","url":"http:\/\/vientosur.top\/museo\/canciller-munoz-entrego-tres-obras-violeta-parra-donadas-freddy-bauche-al-museo\/","name":"Canciller Mu\u00f1oz entreg\u00f3 tres obras de Violeta Parra donadas por Freddy Buache al Museo - Museo Violeta Parra","isPartOf":{"@id":"http:\/\/vientosur.top\/museo\/#website"},"primaryImageOfPage":{"@id":"http:\/\/vientosur.top\/museo\/canciller-munoz-entrego-tres-obras-violeta-parra-donadas-freddy-bauche-al-museo\/#primaryimage"},"image":{"@id":"http:\/\/vientosur.top\/museo\/canciller-munoz-entrego-tres-obras-violeta-parra-donadas-freddy-bauche-al-museo\/#primaryimage"},"thumbnailUrl":"http:\/\/vientosur.top\/museo\/wp-content\/uploads\/2018\/03\/DSC_0184-scaled.jpg","datePublished":"2018-03-09T15:23:28+00:00","author":{"@id":"http:\/\/vientosur.top\/museo\/#\/schema\/person\/20c79d3c38800971feec8c2693c3dd9c"},"breadcrumb":{"@id":"http:\/\/vientosur.top\/museo\/canciller-munoz-entrego-tres-obras-violeta-parra-donadas-freddy-bauche-al-museo\/#breadcrumb"},"inLanguage":"es","potentialAction":[{"@type":"ReadAction","target":["http:\/\/vientosur.top\/museo\/canciller-munoz-entrego-tres-obras-violeta-parra-donadas-freddy-bauche-al-museo\/"]}]},{"@type":"ImageObject","inLanguage":"es","@id":"http:\/\/vientosur.top\/museo\/canciller-munoz-entrego-tres-obras-violeta-parra-donadas-freddy-bauche-al-museo\/#primaryimage","url":"http:\/\/vientosur.top\/museo\/wp-content\/uploads\/2018\/03\/DSC_0184-scaled.jpg","contentUrl":"http:\/\/vientosur.top\/museo\/wp-content\/uploads\/2018\/03\/DSC_0184-scaled.jpg","width":2560,"height":1702},{"@type":"BreadcrumbList","@id":"http:\/\/vientosur.top\/museo\/canciller-munoz-entrego-tres-obras-violeta-parra-donadas-freddy-bauche-al-museo\/#breadcrumb","itemListElement":[{"@type":"ListItem","position":1,"name":"Portada","item":"http:\/\/vientosur.top\/museo\/"},{"@type":"ListItem","position":2,"name":"Canciller Mu\u00f1oz entreg\u00f3 tres obras de Violeta Parra donadas por Freddy Buache al Museo"}]},{"@type":"WebSite","@id":"http:\/\/vientosur.top\/museo\/#website","url":"http:\/\/vientosur.top\/museo\/","name":"Museo Violeta Parra","description":"Espacio que alberga tanto la memoria y legado creativo de la artista","potentialAction":[{"@type":"SearchAction","target":{"@type":"EntryPoint","urlTemplate":"http:\/\/vientosur.top\/museo\/?s={search_term_string}"},"query-input":{"@type":"PropertyValueSpecification","valueRequired":true,"valueName":"search_term_string"}}],"inLanguage":"es"},{"@type":"Person","@id":"http:\/\/vientosur.top\/museo\/#\/schema\/person\/20c79d3c38800971feec8c2693c3dd9c","name":"admin","image":{"@type":"ImageObject","inLanguage":"es","@id":"http:\/\/vientosur.top\/museo\/#\/schema\/person\/image\/","url":"https:\/\/secure.gravatar.com\/avatar\/713677ece3ffa642287213a80e5b773bce9ab81c269dd6d95102a990951c922f?s=96&d=mm&r=g","contentUrl":"https:\/\/secure.gravatar.com\/avatar\/713677ece3ffa642287213a80e5b773bce9ab81c269dd6d95102a990951c922f?s=96&d=mm&r=g","caption":"admin"},"sameAs":["http:\/\/vientosur.top\/museo"],"url":"http:\/\/vientosur.top\/museo\/author\/comunicacionesmvp\/"}]}},"_links":{"self":[{"href":"http:\/\/vientosur.top\/museo\/wp-json\/wp\/v2\/posts\/14129","targetHints":{"allow":["GET"]}}],"collection":[{"href":"http:\/\/vientosur.top\/museo\/wp-json\/wp\/v2\/posts"}],"about":[{"href":"http:\/\/vientosur.top\/museo\/wp-json\/wp\/v2\/types\/post"}],"author":[{"embeddable":true,"href":"http:\/\/vientosur.top\/museo\/wp-json\/wp\/v2\/users\/5"}],"replies":[{"embeddable":true,"href":"http:\/\/vientosur.top\/museo\/wp-json\/wp\/v2\/comments?post=14129"}],"version-history":[{"count":0,"href":"http:\/\/vientosur.top\/museo\/wp-json\/wp\/v2\/posts\/14129\/revisions"}],"wp:featuredmedia":[{"embeddable":true,"href":"http:\/\/vientosur.top\/museo\/wp-json\/wp\/v2\/media\/14130"}],"wp:attachment":[{"href":"http:\/\/vientosur.top\/museo\/wp-json\/wp\/v2\/media?parent=14129"}],"wp:term":[{"taxonomy":"category","embeddable":true,"href":"http:\/\/vientosur.top\/museo\/wp-json\/wp\/v2\/categories?post=14129"},{"taxonomy":"post_tag","embeddable":true,"href":"http:\/\/vientosur.top\/museo\/wp-json\/wp\/v2\/tags?post=14129"}],"curies":[{"name":"wp","href":"https:\/\/api.w.org\/{rel}","templated":true}]}}