{"id":14145,"date":"2018-03-18T10:56:10","date_gmt":"2018-03-18T15:56:10","guid":{"rendered":"http:\/\/vientosur.top\/museo\/?p=14145"},"modified":"2018-03-18T10:56:10","modified_gmt":"2018-03-18T15:56:10","slug":"reserva-entrada-gratis-las-morenitas-se-presentan-sabado-17-museo-violeta-parra","status":"publish","type":"post","link":"http:\/\/vientosur.top\/museo\/reserva-entrada-gratis-las-morenitas-se-presentan-sabado-17-museo-violeta-parra\/","title":{"rendered":"Las Morenitas celebraron m\u00e1s de seis d\u00e9cadas de trayectoria en Museo Violeta Parra"},"content":{"rendered":"<p>&nbsp;<\/p>\n<div>\n<p class=\"m_3377626229426776283Predeterminado\"><span lang=\"ES-CL\"><span class=\"il\">Las<\/span>\u00a0<span class=\"il\">Morenitas<\/span>, agrupaci\u00f3n de cantoras fundada en 1954 por Isabel Fuentes y Laura Yentzen, con m\u00e1s de sesenta a\u00f1os de trayectoria ininterrumpida desde su fundaci\u00f3n, est\u00e1n conformadas hasta hoy por dos de sus iniciadoras. Se presentaron el s\u00e1bado 17 de marzo en la Sala Antar del Museo Violeta Parra.\u00a0<\/span><\/p>\n<\/div>\n<p><strong> Seis d\u00e9cadas de trayectoria\u00a0<\/strong><\/p>\n<div>\n<p>&nbsp;<\/p>\n<p>En los inicios de su carrera se presentaron en los principales escenarios de la bohemia santiaguina, tales como el Rosedal, el Pollo Dorado y El Club de la Medianoche y a lo largo de nuestro pa\u00eds, desde Arica a Puerto Williams, gracias a la fama obtenida como\u00a0<span class=\"il\">las<\/span>\u00a0mejores cantoras de rodeos de su \u00e9poca, llegando a ser artistas permanentes del Champion de Chile durante mas de 25 a\u00f1os. Tambi\u00e9n destaca su permanente participaci\u00f3n en la animaci\u00f3n de trillas, fiestas costumbristas y conciertos de gala, llevando el canto chileno hasta los m\u00e1s rec\u00f3nditos rincones de nuestra patria.<\/p>\n<p><img fetchpriority=\"high\" decoding=\"async\" class=\"alignnone wp-image-14032 size-large\" src=\"http:\/\/vientosur.top\/museo\/wp-content\/uploads\/2018\/02\/lasmorenitasb-1024x575.jpg\" alt=\"\" width=\"840\" height=\"472\" \/><\/p>\n<p class=\"m_3377626229426776283Predeterminado\">\nDurante los 60&#8242; y 70&#8242; grabaron m\u00e1s de cinco producciones discogr\u00e1ficas para los sellos RCA V\u00edctor y EMI-Ode\u00f3n, plasmando cuecas y tonadas muy reconocidas por el p\u00fablico, como \u00abRanchito de Totora\u00bb, \u00abCuando topea mi taita\u00bb y \u00abDe la uva se hace el mosto\u00bb. En dichas grabaciones participaron como m\u00fasicos invitados, los m\u00e1s destacados int\u00e9rpretes de aquellas \u00e9pocas (Hermanos Moglia, Humberto Campos, D\u00fao Rey Silva, Hern\u00e1n N\u00fa\u00f1ez Oyarce, entre otros)<\/p>\n<p>&nbsp;<\/p>\n<p class=\"m_3377626229426776283Predeterminado\">Durante\u00a0<span class=\"il\">las<\/span>\u00a0\u00faltimas d\u00e9cadas, han continuado la producci\u00f3n de destacados discos, tales como \u00ab<span class=\"il\">Las<\/span>\u00a0<span class=\"il\">Morenitas<\/span>\u00a060 a\u00f1os de canto y tradici\u00f3n\u00bb (2014) y \u00abTengo que vivir cantando\u00bb (2016).<\/p>\n<p>&nbsp;<\/p>\n<p class=\"m_3377626229426776283Predeterminado\">Actualmente la agrupaci\u00f3n es un cuarteto compuesto por\u00a0<span class=\"il\">las<\/span>\u00a0int\u00e9rpretes Chabelita Fuentes, Laura Yentzen, Fani Flores y Emilia Ram\u00edrez. Contin\u00faan su labor art\u00edstica dando continuidad al oficio del canto femenino y generando v\u00ednculos con\u00a0<span class=\"il\">las<\/span>\u00a0nuevas generaciones de artistas chilenos.<\/p>\n<\/div>\n<div><\/div>\n<div class=\"gmail_extra\"><\/div>\n<p><strong><a href=\"https:\/\/www.facebook.com\/pg\/MuseoVioletaParra\/photos\/?tab=album&amp;album_id=2079531615623582\" target=\"_blank\" rel=\"noopener noreferrer\">Ver galer\u00eda de im\u00e1genes\u00a0<\/a><\/strong><\/p>\n<p>&nbsp;<\/p>\n","protected":false},"excerpt":{"rendered":"<p>&nbsp; Las\u00a0Morenitas, agrupaci\u00f3n de cantoras fundada en 1954 por Isabel Fuentes y Laura Yentzen, con m\u00e1s de sesenta a\u00f1os de trayectoria ininterrumpida desde su fundaci\u00f3n, est\u00e1n conformadas hasta hoy por dos de sus iniciadoras. Se presentaron el s\u00e1bado 17 de marzo en la Sala Antar del Museo Violeta Parra.\u00a0 Seis d\u00e9cadas de trayectoria\u00a0 &nbsp; En [&hellip;]<\/p>\n","protected":false},"author":5,"featured_media":14207,"comment_status":"open","ping_status":"open","sticky":false,"template":"","format":"standard","meta":{"site-sidebar-layout":"default","site-content-layout":"","ast-site-content-layout":"default","site-content-style":"default","site-sidebar-style":"default","ast-global-header-display":"","ast-banner-title-visibility":"","ast-main-header-display":"","ast-hfb-above-header-display":"","ast-hfb-below-header-display":"","ast-hfb-mobile-header-display":"","site-post-title":"","ast-breadcrumbs-content":"","ast-featured-img":"","footer-sml-layout":"","theme-transparent-header-meta":"","adv-header-id-meta":"","stick-header-meta":"","header-above-stick-meta":"","header-main-stick-meta":"","header-below-stick-meta":"","astra-migrate-meta-layouts":"default","ast-page-background-enabled":"default","ast-page-background-meta":{"desktop":{"background-color":"var(--ast-global-color-4)","background-image":"","background-repeat":"repeat","background-position":"center center","background-size":"auto","background-attachment":"scroll","background-type":"","background-media":"","overlay-type":"","overlay-color":"","overlay-opacity":"","overlay-gradient":""},"tablet":{"background-color":"","background-image":"","background-repeat":"repeat","background-position":"center center","background-size":"auto","background-attachment":"scroll","background-type":"","background-media":"","overlay-type":"","overlay-color":"","overlay-opacity":"","overlay-gradient":""},"mobile":{"background-color":"","background-image":"","background-repeat":"repeat","background-position":"center center","background-size":"auto","background-attachment":"scroll","background-type":"","background-media":"","overlay-type":"","overlay-color":"","overlay-opacity":"","overlay-gradient":""}},"ast-content-background-meta":{"desktop":{"background-color":"var(--ast-global-color-5)","background-image":"","background-repeat":"repeat","background-position":"center center","background-size":"auto","background-attachment":"scroll","background-type":"","background-media":"","overlay-type":"","overlay-color":"","overlay-opacity":"","overlay-gradient":""},"tablet":{"background-color":"var(--ast-global-color-5)","background-image":"","background-repeat":"repeat","background-position":"center center","background-size":"auto","background-attachment":"scroll","background-type":"","background-media":"","overlay-type":"","overlay-color":"","overlay-opacity":"","overlay-gradient":""},"mobile":{"background-color":"var(--ast-global-color-5)","background-image":"","background-repeat":"repeat","background-position":"center center","background-size":"auto","background-attachment":"scroll","background-type":"","background-media":"","overlay-type":"","overlay-color":"","overlay-opacity":"","overlay-gradient":""}},"footnotes":""},"categories":[59,8,61],"tags":[],"class_list":["post-14145","post","type-post","status-publish","format-standard","has-post-thumbnail","hentry","category-destacado-noticia","category-noticias","category-novedades"],"yoast_head":"<!-- This site is optimized with the Yoast SEO plugin v25.4 - https:\/\/yoast.com\/wordpress\/plugins\/seo\/ -->\n<title>Las Morenitas celebraron m\u00e1s de seis d\u00e9cadas de trayectoria en Museo Violeta Parra - Museo Violeta Parra<\/title>\n<meta name=\"robots\" content=\"index, follow, max-snippet:-1, max-image-preview:large, max-video-preview:-1\" \/>\n<link rel=\"canonical\" href=\"http:\/\/vientosur.top\/museo\/reserva-entrada-gratis-las-morenitas-se-presentan-sabado-17-museo-violeta-parra\/\" \/>\n<meta property=\"og:locale\" content=\"es_ES\" \/>\n<meta property=\"og:type\" content=\"article\" \/>\n<meta property=\"og:title\" content=\"Las Morenitas celebraron m\u00e1s de seis d\u00e9cadas de trayectoria en Museo Violeta Parra - Museo Violeta Parra\" \/>\n<meta property=\"og:description\" content=\"&nbsp; Las\u00a0Morenitas, agrupaci\u00f3n de cantoras fundada en 1954 por Isabel Fuentes y Laura Yentzen, con m\u00e1s de sesenta a\u00f1os de trayectoria ininterrumpida desde su fundaci\u00f3n, est\u00e1n conformadas hasta hoy por dos de sus iniciadoras. Se presentaron el s\u00e1bado 17 de marzo en la Sala Antar del Museo Violeta Parra.\u00a0 Seis d\u00e9cadas de trayectoria\u00a0 &nbsp; En [&hellip;]\" \/>\n<meta property=\"og:url\" content=\"http:\/\/vientosur.top\/museo\/reserva-entrada-gratis-las-morenitas-se-presentan-sabado-17-museo-violeta-parra\/\" \/>\n<meta property=\"og:site_name\" content=\"Museo Violeta Parra\" \/>\n<meta property=\"article:published_time\" content=\"2018-03-18T15:56:10+00:00\" \/>\n<meta property=\"og:image\" content=\"http:\/\/vientosur.top\/museo\/wp-content\/uploads\/2018\/03\/DSC_0936-scaled.jpg\" \/>\n\t<meta property=\"og:image:width\" content=\"2560\" \/>\n\t<meta property=\"og:image:height\" content=\"1702\" \/>\n\t<meta property=\"og:image:type\" content=\"image\/jpeg\" \/>\n<meta name=\"author\" content=\"admin\" \/>\n<meta name=\"twitter:card\" content=\"summary_large_image\" \/>\n<meta name=\"twitter:label1\" content=\"Escrito por\" \/>\n\t<meta name=\"twitter:data1\" content=\"admin\" \/>\n\t<meta name=\"twitter:label2\" content=\"Tiempo de lectura\" \/>\n\t<meta name=\"twitter:data2\" content=\"2 minutos\" \/>\n<script type=\"application\/ld+json\" class=\"yoast-schema-graph\">{\"@context\":\"https:\/\/schema.org\",\"@graph\":[{\"@type\":\"WebPage\",\"@id\":\"http:\/\/vientosur.top\/museo\/reserva-entrada-gratis-las-morenitas-se-presentan-sabado-17-museo-violeta-parra\/\",\"url\":\"http:\/\/vientosur.top\/museo\/reserva-entrada-gratis-las-morenitas-se-presentan-sabado-17-museo-violeta-parra\/\",\"name\":\"Las Morenitas celebraron m\u00e1s de seis d\u00e9cadas de trayectoria en Museo Violeta Parra - Museo Violeta Parra\",\"isPartOf\":{\"@id\":\"http:\/\/vientosur.top\/museo\/#website\"},\"primaryImageOfPage\":{\"@id\":\"http:\/\/vientosur.top\/museo\/reserva-entrada-gratis-las-morenitas-se-presentan-sabado-17-museo-violeta-parra\/#primaryimage\"},\"image\":{\"@id\":\"http:\/\/vientosur.top\/museo\/reserva-entrada-gratis-las-morenitas-se-presentan-sabado-17-museo-violeta-parra\/#primaryimage\"},\"thumbnailUrl\":\"http:\/\/vientosur.top\/museo\/wp-content\/uploads\/2018\/03\/DSC_0936-scaled.jpg\",\"datePublished\":\"2018-03-18T15:56:10+00:00\",\"author\":{\"@id\":\"http:\/\/vientosur.top\/museo\/#\/schema\/person\/20c79d3c38800971feec8c2693c3dd9c\"},\"breadcrumb\":{\"@id\":\"http:\/\/vientosur.top\/museo\/reserva-entrada-gratis-las-morenitas-se-presentan-sabado-17-museo-violeta-parra\/#breadcrumb\"},\"inLanguage\":\"es\",\"potentialAction\":[{\"@type\":\"ReadAction\",\"target\":[\"http:\/\/vientosur.top\/museo\/reserva-entrada-gratis-las-morenitas-se-presentan-sabado-17-museo-violeta-parra\/\"]}]},{\"@type\":\"ImageObject\",\"inLanguage\":\"es\",\"@id\":\"http:\/\/vientosur.top\/museo\/reserva-entrada-gratis-las-morenitas-se-presentan-sabado-17-museo-violeta-parra\/#primaryimage\",\"url\":\"http:\/\/vientosur.top\/museo\/wp-content\/uploads\/2018\/03\/DSC_0936-scaled.jpg\",\"contentUrl\":\"http:\/\/vientosur.top\/museo\/wp-content\/uploads\/2018\/03\/DSC_0936-scaled.jpg\",\"width\":2560,\"height\":1702},{\"@type\":\"BreadcrumbList\",\"@id\":\"http:\/\/vientosur.top\/museo\/reserva-entrada-gratis-las-morenitas-se-presentan-sabado-17-museo-violeta-parra\/#breadcrumb\",\"itemListElement\":[{\"@type\":\"ListItem\",\"position\":1,\"name\":\"Portada\",\"item\":\"http:\/\/vientosur.top\/museo\/\"},{\"@type\":\"ListItem\",\"position\":2,\"name\":\"Las Morenitas celebraron m\u00e1s de seis d\u00e9cadas de trayectoria en Museo Violeta Parra\"}]},{\"@type\":\"WebSite\",\"@id\":\"http:\/\/vientosur.top\/museo\/#website\",\"url\":\"http:\/\/vientosur.top\/museo\/\",\"name\":\"Museo Violeta Parra\",\"description\":\"Espacio que alberga tanto la memoria y legado creativo de la artista\",\"potentialAction\":[{\"@type\":\"SearchAction\",\"target\":{\"@type\":\"EntryPoint\",\"urlTemplate\":\"http:\/\/vientosur.top\/museo\/?s={search_term_string}\"},\"query-input\":{\"@type\":\"PropertyValueSpecification\",\"valueRequired\":true,\"valueName\":\"search_term_string\"}}],\"inLanguage\":\"es\"},{\"@type\":\"Person\",\"@id\":\"http:\/\/vientosur.top\/museo\/#\/schema\/person\/20c79d3c38800971feec8c2693c3dd9c\",\"name\":\"admin\",\"image\":{\"@type\":\"ImageObject\",\"inLanguage\":\"es\",\"@id\":\"http:\/\/vientosur.top\/museo\/#\/schema\/person\/image\/\",\"url\":\"https:\/\/secure.gravatar.com\/avatar\/713677ece3ffa642287213a80e5b773bce9ab81c269dd6d95102a990951c922f?s=96&d=mm&r=g\",\"contentUrl\":\"https:\/\/secure.gravatar.com\/avatar\/713677ece3ffa642287213a80e5b773bce9ab81c269dd6d95102a990951c922f?s=96&d=mm&r=g\",\"caption\":\"admin\"},\"sameAs\":[\"http:\/\/vientosur.top\/museo\"],\"url\":\"http:\/\/vientosur.top\/museo\/author\/comunicacionesmvp\/\"}]}<\/script>\n<!-- \/ Yoast SEO plugin. -->","yoast_head_json":{"title":"Las Morenitas celebraron m\u00e1s de seis d\u00e9cadas de trayectoria en Museo Violeta Parra - Museo Violeta Parra","robots":{"index":"index","follow":"follow","max-snippet":"max-snippet:-1","max-image-preview":"max-image-preview:large","max-video-preview":"max-video-preview:-1"},"canonical":"http:\/\/vientosur.top\/museo\/reserva-entrada-gratis-las-morenitas-se-presentan-sabado-17-museo-violeta-parra\/","og_locale":"es_ES","og_type":"article","og_title":"Las Morenitas celebraron m\u00e1s de seis d\u00e9cadas de trayectoria en Museo Violeta Parra - Museo Violeta Parra","og_description":"&nbsp; Las\u00a0Morenitas, agrupaci\u00f3n de cantoras fundada en 1954 por Isabel Fuentes y Laura Yentzen, con m\u00e1s de sesenta a\u00f1os de trayectoria ininterrumpida desde su fundaci\u00f3n, est\u00e1n conformadas hasta hoy por dos de sus iniciadoras. Se presentaron el s\u00e1bado 17 de marzo en la Sala Antar del Museo Violeta Parra.\u00a0 Seis d\u00e9cadas de trayectoria\u00a0 &nbsp; En [&hellip;]","og_url":"http:\/\/vientosur.top\/museo\/reserva-entrada-gratis-las-morenitas-se-presentan-sabado-17-museo-violeta-parra\/","og_site_name":"Museo Violeta Parra","article_published_time":"2018-03-18T15:56:10+00:00","og_image":[{"width":2560,"height":1702,"url":"http:\/\/vientosur.top\/museo\/wp-content\/uploads\/2018\/03\/DSC_0936-scaled.jpg","type":"image\/jpeg"}],"author":"admin","twitter_card":"summary_large_image","twitter_misc":{"Escrito por":"admin","Tiempo de lectura":"2 minutos"},"schema":{"@context":"https:\/\/schema.org","@graph":[{"@type":"WebPage","@id":"http:\/\/vientosur.top\/museo\/reserva-entrada-gratis-las-morenitas-se-presentan-sabado-17-museo-violeta-parra\/","url":"http:\/\/vientosur.top\/museo\/reserva-entrada-gratis-las-morenitas-se-presentan-sabado-17-museo-violeta-parra\/","name":"Las Morenitas celebraron m\u00e1s de seis d\u00e9cadas de trayectoria en Museo Violeta Parra - Museo Violeta Parra","isPartOf":{"@id":"http:\/\/vientosur.top\/museo\/#website"},"primaryImageOfPage":{"@id":"http:\/\/vientosur.top\/museo\/reserva-entrada-gratis-las-morenitas-se-presentan-sabado-17-museo-violeta-parra\/#primaryimage"},"image":{"@id":"http:\/\/vientosur.top\/museo\/reserva-entrada-gratis-las-morenitas-se-presentan-sabado-17-museo-violeta-parra\/#primaryimage"},"thumbnailUrl":"http:\/\/vientosur.top\/museo\/wp-content\/uploads\/2018\/03\/DSC_0936-scaled.jpg","datePublished":"2018-03-18T15:56:10+00:00","author":{"@id":"http:\/\/vientosur.top\/museo\/#\/schema\/person\/20c79d3c38800971feec8c2693c3dd9c"},"breadcrumb":{"@id":"http:\/\/vientosur.top\/museo\/reserva-entrada-gratis-las-morenitas-se-presentan-sabado-17-museo-violeta-parra\/#breadcrumb"},"inLanguage":"es","potentialAction":[{"@type":"ReadAction","target":["http:\/\/vientosur.top\/museo\/reserva-entrada-gratis-las-morenitas-se-presentan-sabado-17-museo-violeta-parra\/"]}]},{"@type":"ImageObject","inLanguage":"es","@id":"http:\/\/vientosur.top\/museo\/reserva-entrada-gratis-las-morenitas-se-presentan-sabado-17-museo-violeta-parra\/#primaryimage","url":"http:\/\/vientosur.top\/museo\/wp-content\/uploads\/2018\/03\/DSC_0936-scaled.jpg","contentUrl":"http:\/\/vientosur.top\/museo\/wp-content\/uploads\/2018\/03\/DSC_0936-scaled.jpg","width":2560,"height":1702},{"@type":"BreadcrumbList","@id":"http:\/\/vientosur.top\/museo\/reserva-entrada-gratis-las-morenitas-se-presentan-sabado-17-museo-violeta-parra\/#breadcrumb","itemListElement":[{"@type":"ListItem","position":1,"name":"Portada","item":"http:\/\/vientosur.top\/museo\/"},{"@type":"ListItem","position":2,"name":"Las Morenitas celebraron m\u00e1s de seis d\u00e9cadas de trayectoria en Museo Violeta Parra"}]},{"@type":"WebSite","@id":"http:\/\/vientosur.top\/museo\/#website","url":"http:\/\/vientosur.top\/museo\/","name":"Museo Violeta Parra","description":"Espacio que alberga tanto la memoria y legado creativo de la artista","potentialAction":[{"@type":"SearchAction","target":{"@type":"EntryPoint","urlTemplate":"http:\/\/vientosur.top\/museo\/?s={search_term_string}"},"query-input":{"@type":"PropertyValueSpecification","valueRequired":true,"valueName":"search_term_string"}}],"inLanguage":"es"},{"@type":"Person","@id":"http:\/\/vientosur.top\/museo\/#\/schema\/person\/20c79d3c38800971feec8c2693c3dd9c","name":"admin","image":{"@type":"ImageObject","inLanguage":"es","@id":"http:\/\/vientosur.top\/museo\/#\/schema\/person\/image\/","url":"https:\/\/secure.gravatar.com\/avatar\/713677ece3ffa642287213a80e5b773bce9ab81c269dd6d95102a990951c922f?s=96&d=mm&r=g","contentUrl":"https:\/\/secure.gravatar.com\/avatar\/713677ece3ffa642287213a80e5b773bce9ab81c269dd6d95102a990951c922f?s=96&d=mm&r=g","caption":"admin"},"sameAs":["http:\/\/vientosur.top\/museo"],"url":"http:\/\/vientosur.top\/museo\/author\/comunicacionesmvp\/"}]}},"_links":{"self":[{"href":"http:\/\/vientosur.top\/museo\/wp-json\/wp\/v2\/posts\/14145","targetHints":{"allow":["GET"]}}],"collection":[{"href":"http:\/\/vientosur.top\/museo\/wp-json\/wp\/v2\/posts"}],"about":[{"href":"http:\/\/vientosur.top\/museo\/wp-json\/wp\/v2\/types\/post"}],"author":[{"embeddable":true,"href":"http:\/\/vientosur.top\/museo\/wp-json\/wp\/v2\/users\/5"}],"replies":[{"embeddable":true,"href":"http:\/\/vientosur.top\/museo\/wp-json\/wp\/v2\/comments?post=14145"}],"version-history":[{"count":0,"href":"http:\/\/vientosur.top\/museo\/wp-json\/wp\/v2\/posts\/14145\/revisions"}],"wp:featuredmedia":[{"embeddable":true,"href":"http:\/\/vientosur.top\/museo\/wp-json\/wp\/v2\/media\/14207"}],"wp:attachment":[{"href":"http:\/\/vientosur.top\/museo\/wp-json\/wp\/v2\/media?parent=14145"}],"wp:term":[{"taxonomy":"category","embeddable":true,"href":"http:\/\/vientosur.top\/museo\/wp-json\/wp\/v2\/categories?post=14145"},{"taxonomy":"post_tag","embeddable":true,"href":"http:\/\/vientosur.top\/museo\/wp-json\/wp\/v2\/tags?post=14145"}],"curies":[{"name":"wp","href":"https:\/\/api.w.org\/{rel}","templated":true}]}}