{"id":14167,"date":"2018-03-19T07:47:22","date_gmt":"2018-03-19T12:47:22","guid":{"rendered":"http:\/\/vientosur.top\/museo\/?p=14167"},"modified":"2018-03-19T07:47:22","modified_gmt":"2018-03-19T12:47:22","slug":"juan-guillermo-prado-presentara-investigacion-las-mujeres-parlamentarias-la-historia-chile-museo-violeta-parra","status":"publish","type":"post","link":"http:\/\/vientosur.top\/museo\/juan-guillermo-prado-presentara-investigacion-las-mujeres-parlamentarias-la-historia-chile-museo-violeta-parra\/","title":{"rendered":"Juan Guillermo Prado present\u00f3 su investigaci\u00f3n \u201cLas mujeres parlamentarias en la Historia de Chile\u201d en Museo Violeta Parra"},"content":{"rendered":"<p><a href=\"http:\/\/vientosur.top\/museo\/wp-content\/uploads\/2018\/03\/libromujeres.jpg\"><img fetchpriority=\"high\" decoding=\"async\" class=\"alignnone size-medium wp-image-14163\" src=\"http:\/\/vientosur.top\/museo\/wp-content\/uploads\/2018\/03\/libromujeres-216x300.jpg\" alt=\"\" width=\"216\" height=\"300\" \/><\/a><\/p>\n<p>En el marco del Mes de la Mujer, el periodista Juan Guillermo Prado present\u00f3 su investigaci\u00f3n \u201cLas mujeres parlamentarias en la Historia de Chile\u201d.<\/p>\n<p><strong><br \/>\nSobre la publicaci\u00f3n\u00a0<\/strong><\/p>\n<p>En estos d\u00edas con motivo del D\u00eda Internacional de la Mujer se inaugur\u00f3 en la sede del Congreso Nacional, en Valpara\u00edso, la exposici\u00f3n \u201cMujeres en el Congreso Nacional\u201d que muestra como fue el desarrollo del derecho a voto de la mujer, que s\u00f3lo se logr\u00f3 por una ley en 1949. Luego de ello se eligi\u00f3 a la primera diputada In\u00e9s Enr\u00edquez Fr\u00f6denn, representante por Concepci\u00f3n, y la primera senadora Mar\u00eda de la Cruz Toledo, elegida con m\u00e1s del 50 por ciento de los sufragios en Santiago. Su permanencia en el Congreso Nacional fue ef\u00edmera, pues fue desaforada involucrada en un contrabando y comercializaci\u00f3n de relojes. Con el tiempo, nuevas parlamentarias se sumaron al Congreso Nacional, fue elegida la primera Presidenta de la Rep\u00fablica, dos veces, y actualmente m\u00e1s del 20 por ciento de los actuales congresistas son mujeres. En s\u00edntesis, esta publicaci\u00f3n cuenta la historia de aquellas mujeres que han luchado por conquistar un espacio en el Congreso Nacional.<\/p>\n<p>Juan Guillermo Prado Ocaranza es periodista y escritor. Ha publicado m\u00e1s de una veintena de t\u00edtulos en temas tan diferentes como: folclore, historia, ufolog\u00eda, sectas y religiones. Este a\u00f1o ha presentado el libro: \u201cObras Pict\u00f3ricas en el Senado de Santiago\u201d y el folleto \u201cMujeres en el Congreso Nacional\u201d. Actualmente, es director de la Sociedad Chilena de Historia y Geograf\u00eda y vicepresidente del Instituto de Conmemoraci\u00f3n Hist\u00f3rica.<\/p>\n<p><a href=\"https:\/\/www.facebook.com\/pg\/MuseoVioletaParra\/photos\/?tab=album&amp;album_id=2081543762089034\" target=\"_blank\" rel=\"noopener noreferrer\"><strong>Ver galer\u00eda de im\u00e1genes<\/strong><\/a><\/p>\n<p>&nbsp;<\/p>\n","protected":false},"excerpt":{"rendered":"<p>En el marco del Mes de la Mujer, el periodista Juan Guillermo Prado present\u00f3 su investigaci\u00f3n \u201cLas mujeres parlamentarias en la Historia de Chile\u201d. Sobre la publicaci\u00f3n\u00a0 En estos d\u00edas con motivo del D\u00eda Internacional de la Mujer se inaugur\u00f3 en la sede del Congreso Nacional, en Valpara\u00edso, la exposici\u00f3n \u201cMujeres en el Congreso Nacional\u201d [&hellip;]<\/p>\n","protected":false},"author":5,"featured_media":14230,"comment_status":"open","ping_status":"open","sticky":false,"template":"","format":"standard","meta":{"site-sidebar-layout":"default","site-content-layout":"","ast-site-content-layout":"default","site-content-style":"default","site-sidebar-style":"default","ast-global-header-display":"","ast-banner-title-visibility":"","ast-main-header-display":"","ast-hfb-above-header-display":"","ast-hfb-below-header-display":"","ast-hfb-mobile-header-display":"","site-post-title":"","ast-breadcrumbs-content":"","ast-featured-img":"","footer-sml-layout":"","theme-transparent-header-meta":"","adv-header-id-meta":"","stick-header-meta":"","header-above-stick-meta":"","header-main-stick-meta":"","header-below-stick-meta":"","astra-migrate-meta-layouts":"default","ast-page-background-enabled":"default","ast-page-background-meta":{"desktop":{"background-color":"var(--ast-global-color-4)","background-image":"","background-repeat":"repeat","background-position":"center center","background-size":"auto","background-attachment":"scroll","background-type":"","background-media":"","overlay-type":"","overlay-color":"","overlay-opacity":"","overlay-gradient":""},"tablet":{"background-color":"","background-image":"","background-repeat":"repeat","background-position":"center center","background-size":"auto","background-attachment":"scroll","background-type":"","background-media":"","overlay-type":"","overlay-color":"","overlay-opacity":"","overlay-gradient":""},"mobile":{"background-color":"","background-image":"","background-repeat":"repeat","background-position":"center center","background-size":"auto","background-attachment":"scroll","background-type":"","background-media":"","overlay-type":"","overlay-color":"","overlay-opacity":"","overlay-gradient":""}},"ast-content-background-meta":{"desktop":{"background-color":"var(--ast-global-color-5)","background-image":"","background-repeat":"repeat","background-position":"center center","background-size":"auto","background-attachment":"scroll","background-type":"","background-media":"","overlay-type":"","overlay-color":"","overlay-opacity":"","overlay-gradient":""},"tablet":{"background-color":"var(--ast-global-color-5)","background-image":"","background-repeat":"repeat","background-position":"center center","background-size":"auto","background-attachment":"scroll","background-type":"","background-media":"","overlay-type":"","overlay-color":"","overlay-opacity":"","overlay-gradient":""},"mobile":{"background-color":"var(--ast-global-color-5)","background-image":"","background-repeat":"repeat","background-position":"center center","background-size":"auto","background-attachment":"scroll","background-type":"","background-media":"","overlay-type":"","overlay-color":"","overlay-opacity":"","overlay-gradient":""}},"footnotes":""},"categories":[59,8,61],"tags":[],"class_list":["post-14167","post","type-post","status-publish","format-standard","has-post-thumbnail","hentry","category-destacado-noticia","category-noticias","category-novedades"],"yoast_head":"<!-- This site is optimized with the Yoast SEO plugin v25.4 - https:\/\/yoast.com\/wordpress\/plugins\/seo\/ -->\n<title>Juan Guillermo Prado present\u00f3 su investigaci\u00f3n \u201cLas mujeres parlamentarias en la Historia de Chile\u201d en Museo Violeta Parra - Museo Violeta Parra<\/title>\n<meta name=\"robots\" content=\"index, follow, max-snippet:-1, max-image-preview:large, max-video-preview:-1\" \/>\n<link rel=\"canonical\" href=\"http:\/\/vientosur.top\/museo\/juan-guillermo-prado-presentara-investigacion-las-mujeres-parlamentarias-la-historia-chile-museo-violeta-parra\/\" \/>\n<meta property=\"og:locale\" content=\"es_ES\" \/>\n<meta property=\"og:type\" content=\"article\" \/>\n<meta property=\"og:title\" content=\"Juan Guillermo Prado present\u00f3 su investigaci\u00f3n \u201cLas mujeres parlamentarias en la Historia de Chile\u201d en Museo Violeta Parra - Museo Violeta Parra\" \/>\n<meta property=\"og:description\" content=\"En el marco del Mes de la Mujer, el periodista Juan Guillermo Prado present\u00f3 su investigaci\u00f3n \u201cLas mujeres parlamentarias en la Historia de Chile\u201d. Sobre la publicaci\u00f3n\u00a0 En estos d\u00edas con motivo del D\u00eda Internacional de la Mujer se inaugur\u00f3 en la sede del Congreso Nacional, en Valpara\u00edso, la exposici\u00f3n \u201cMujeres en el Congreso Nacional\u201d [&hellip;]\" \/>\n<meta property=\"og:url\" content=\"http:\/\/vientosur.top\/museo\/juan-guillermo-prado-presentara-investigacion-las-mujeres-parlamentarias-la-historia-chile-museo-violeta-parra\/\" \/>\n<meta property=\"og:site_name\" content=\"Museo Violeta Parra\" \/>\n<meta property=\"article:published_time\" content=\"2018-03-19T12:47:22+00:00\" \/>\n<meta property=\"og:image\" content=\"http:\/\/vientosur.top\/museo\/wp-content\/uploads\/2018\/03\/DSC_0079-scaled.jpg\" \/>\n\t<meta property=\"og:image:width\" content=\"2560\" \/>\n\t<meta property=\"og:image:height\" content=\"1702\" \/>\n\t<meta property=\"og:image:type\" content=\"image\/jpeg\" \/>\n<meta name=\"author\" content=\"admin\" \/>\n<meta name=\"twitter:card\" content=\"summary_large_image\" \/>\n<meta name=\"twitter:label1\" content=\"Escrito por\" \/>\n\t<meta name=\"twitter:data1\" content=\"admin\" \/>\n\t<meta name=\"twitter:label2\" content=\"Tiempo de lectura\" \/>\n\t<meta name=\"twitter:data2\" content=\"1 minuto\" \/>\n<script type=\"application\/ld+json\" class=\"yoast-schema-graph\">{\"@context\":\"https:\/\/schema.org\",\"@graph\":[{\"@type\":\"WebPage\",\"@id\":\"http:\/\/vientosur.top\/museo\/juan-guillermo-prado-presentara-investigacion-las-mujeres-parlamentarias-la-historia-chile-museo-violeta-parra\/\",\"url\":\"http:\/\/vientosur.top\/museo\/juan-guillermo-prado-presentara-investigacion-las-mujeres-parlamentarias-la-historia-chile-museo-violeta-parra\/\",\"name\":\"Juan Guillermo Prado present\u00f3 su investigaci\u00f3n \u201cLas mujeres parlamentarias en la Historia de Chile\u201d en Museo Violeta Parra - Museo Violeta Parra\",\"isPartOf\":{\"@id\":\"http:\/\/vientosur.top\/museo\/#website\"},\"primaryImageOfPage\":{\"@id\":\"http:\/\/vientosur.top\/museo\/juan-guillermo-prado-presentara-investigacion-las-mujeres-parlamentarias-la-historia-chile-museo-violeta-parra\/#primaryimage\"},\"image\":{\"@id\":\"http:\/\/vientosur.top\/museo\/juan-guillermo-prado-presentara-investigacion-las-mujeres-parlamentarias-la-historia-chile-museo-violeta-parra\/#primaryimage\"},\"thumbnailUrl\":\"http:\/\/vientosur.top\/museo\/wp-content\/uploads\/2018\/03\/DSC_0079-scaled.jpg\",\"datePublished\":\"2018-03-19T12:47:22+00:00\",\"author\":{\"@id\":\"http:\/\/vientosur.top\/museo\/#\/schema\/person\/20c79d3c38800971feec8c2693c3dd9c\"},\"breadcrumb\":{\"@id\":\"http:\/\/vientosur.top\/museo\/juan-guillermo-prado-presentara-investigacion-las-mujeres-parlamentarias-la-historia-chile-museo-violeta-parra\/#breadcrumb\"},\"inLanguage\":\"es\",\"potentialAction\":[{\"@type\":\"ReadAction\",\"target\":[\"http:\/\/vientosur.top\/museo\/juan-guillermo-prado-presentara-investigacion-las-mujeres-parlamentarias-la-historia-chile-museo-violeta-parra\/\"]}]},{\"@type\":\"ImageObject\",\"inLanguage\":\"es\",\"@id\":\"http:\/\/vientosur.top\/museo\/juan-guillermo-prado-presentara-investigacion-las-mujeres-parlamentarias-la-historia-chile-museo-violeta-parra\/#primaryimage\",\"url\":\"http:\/\/vientosur.top\/museo\/wp-content\/uploads\/2018\/03\/DSC_0079-scaled.jpg\",\"contentUrl\":\"http:\/\/vientosur.top\/museo\/wp-content\/uploads\/2018\/03\/DSC_0079-scaled.jpg\",\"width\":2560,\"height\":1702},{\"@type\":\"BreadcrumbList\",\"@id\":\"http:\/\/vientosur.top\/museo\/juan-guillermo-prado-presentara-investigacion-las-mujeres-parlamentarias-la-historia-chile-museo-violeta-parra\/#breadcrumb\",\"itemListElement\":[{\"@type\":\"ListItem\",\"position\":1,\"name\":\"Portada\",\"item\":\"http:\/\/vientosur.top\/museo\/\"},{\"@type\":\"ListItem\",\"position\":2,\"name\":\"Juan Guillermo Prado present\u00f3 su investigaci\u00f3n \u201cLas mujeres parlamentarias en la Historia de Chile\u201d en Museo Violeta Parra\"}]},{\"@type\":\"WebSite\",\"@id\":\"http:\/\/vientosur.top\/museo\/#website\",\"url\":\"http:\/\/vientosur.top\/museo\/\",\"name\":\"Museo Violeta Parra\",\"description\":\"Espacio que alberga tanto la memoria y legado creativo de la artista\",\"potentialAction\":[{\"@type\":\"SearchAction\",\"target\":{\"@type\":\"EntryPoint\",\"urlTemplate\":\"http:\/\/vientosur.top\/museo\/?s={search_term_string}\"},\"query-input\":{\"@type\":\"PropertyValueSpecification\",\"valueRequired\":true,\"valueName\":\"search_term_string\"}}],\"inLanguage\":\"es\"},{\"@type\":\"Person\",\"@id\":\"http:\/\/vientosur.top\/museo\/#\/schema\/person\/20c79d3c38800971feec8c2693c3dd9c\",\"name\":\"admin\",\"image\":{\"@type\":\"ImageObject\",\"inLanguage\":\"es\",\"@id\":\"http:\/\/vientosur.top\/museo\/#\/schema\/person\/image\/\",\"url\":\"https:\/\/secure.gravatar.com\/avatar\/713677ece3ffa642287213a80e5b773bce9ab81c269dd6d95102a990951c922f?s=96&d=mm&r=g\",\"contentUrl\":\"https:\/\/secure.gravatar.com\/avatar\/713677ece3ffa642287213a80e5b773bce9ab81c269dd6d95102a990951c922f?s=96&d=mm&r=g\",\"caption\":\"admin\"},\"sameAs\":[\"http:\/\/vientosur.top\/museo\"],\"url\":\"http:\/\/vientosur.top\/museo\/author\/comunicacionesmvp\/\"}]}<\/script>\n<!-- \/ Yoast SEO plugin. -->","yoast_head_json":{"title":"Juan Guillermo Prado present\u00f3 su investigaci\u00f3n \u201cLas mujeres parlamentarias en la Historia de Chile\u201d en Museo Violeta Parra - Museo Violeta Parra","robots":{"index":"index","follow":"follow","max-snippet":"max-snippet:-1","max-image-preview":"max-image-preview:large","max-video-preview":"max-video-preview:-1"},"canonical":"http:\/\/vientosur.top\/museo\/juan-guillermo-prado-presentara-investigacion-las-mujeres-parlamentarias-la-historia-chile-museo-violeta-parra\/","og_locale":"es_ES","og_type":"article","og_title":"Juan Guillermo Prado present\u00f3 su investigaci\u00f3n \u201cLas mujeres parlamentarias en la Historia de Chile\u201d en Museo Violeta Parra - Museo Violeta Parra","og_description":"En el marco del Mes de la Mujer, el periodista Juan Guillermo Prado present\u00f3 su investigaci\u00f3n \u201cLas mujeres parlamentarias en la Historia de Chile\u201d. Sobre la publicaci\u00f3n\u00a0 En estos d\u00edas con motivo del D\u00eda Internacional de la Mujer se inaugur\u00f3 en la sede del Congreso Nacional, en Valpara\u00edso, la exposici\u00f3n \u201cMujeres en el Congreso Nacional\u201d [&hellip;]","og_url":"http:\/\/vientosur.top\/museo\/juan-guillermo-prado-presentara-investigacion-las-mujeres-parlamentarias-la-historia-chile-museo-violeta-parra\/","og_site_name":"Museo Violeta Parra","article_published_time":"2018-03-19T12:47:22+00:00","og_image":[{"width":2560,"height":1702,"url":"http:\/\/vientosur.top\/museo\/wp-content\/uploads\/2018\/03\/DSC_0079-scaled.jpg","type":"image\/jpeg"}],"author":"admin","twitter_card":"summary_large_image","twitter_misc":{"Escrito por":"admin","Tiempo de lectura":"1 minuto"},"schema":{"@context":"https:\/\/schema.org","@graph":[{"@type":"WebPage","@id":"http:\/\/vientosur.top\/museo\/juan-guillermo-prado-presentara-investigacion-las-mujeres-parlamentarias-la-historia-chile-museo-violeta-parra\/","url":"http:\/\/vientosur.top\/museo\/juan-guillermo-prado-presentara-investigacion-las-mujeres-parlamentarias-la-historia-chile-museo-violeta-parra\/","name":"Juan Guillermo Prado present\u00f3 su investigaci\u00f3n \u201cLas mujeres parlamentarias en la Historia de Chile\u201d en Museo Violeta Parra - Museo Violeta Parra","isPartOf":{"@id":"http:\/\/vientosur.top\/museo\/#website"},"primaryImageOfPage":{"@id":"http:\/\/vientosur.top\/museo\/juan-guillermo-prado-presentara-investigacion-las-mujeres-parlamentarias-la-historia-chile-museo-violeta-parra\/#primaryimage"},"image":{"@id":"http:\/\/vientosur.top\/museo\/juan-guillermo-prado-presentara-investigacion-las-mujeres-parlamentarias-la-historia-chile-museo-violeta-parra\/#primaryimage"},"thumbnailUrl":"http:\/\/vientosur.top\/museo\/wp-content\/uploads\/2018\/03\/DSC_0079-scaled.jpg","datePublished":"2018-03-19T12:47:22+00:00","author":{"@id":"http:\/\/vientosur.top\/museo\/#\/schema\/person\/20c79d3c38800971feec8c2693c3dd9c"},"breadcrumb":{"@id":"http:\/\/vientosur.top\/museo\/juan-guillermo-prado-presentara-investigacion-las-mujeres-parlamentarias-la-historia-chile-museo-violeta-parra\/#breadcrumb"},"inLanguage":"es","potentialAction":[{"@type":"ReadAction","target":["http:\/\/vientosur.top\/museo\/juan-guillermo-prado-presentara-investigacion-las-mujeres-parlamentarias-la-historia-chile-museo-violeta-parra\/"]}]},{"@type":"ImageObject","inLanguage":"es","@id":"http:\/\/vientosur.top\/museo\/juan-guillermo-prado-presentara-investigacion-las-mujeres-parlamentarias-la-historia-chile-museo-violeta-parra\/#primaryimage","url":"http:\/\/vientosur.top\/museo\/wp-content\/uploads\/2018\/03\/DSC_0079-scaled.jpg","contentUrl":"http:\/\/vientosur.top\/museo\/wp-content\/uploads\/2018\/03\/DSC_0079-scaled.jpg","width":2560,"height":1702},{"@type":"BreadcrumbList","@id":"http:\/\/vientosur.top\/museo\/juan-guillermo-prado-presentara-investigacion-las-mujeres-parlamentarias-la-historia-chile-museo-violeta-parra\/#breadcrumb","itemListElement":[{"@type":"ListItem","position":1,"name":"Portada","item":"http:\/\/vientosur.top\/museo\/"},{"@type":"ListItem","position":2,"name":"Juan Guillermo Prado present\u00f3 su investigaci\u00f3n \u201cLas mujeres parlamentarias en la Historia de Chile\u201d en Museo Violeta Parra"}]},{"@type":"WebSite","@id":"http:\/\/vientosur.top\/museo\/#website","url":"http:\/\/vientosur.top\/museo\/","name":"Museo Violeta Parra","description":"Espacio que alberga tanto la memoria y legado creativo de la artista","potentialAction":[{"@type":"SearchAction","target":{"@type":"EntryPoint","urlTemplate":"http:\/\/vientosur.top\/museo\/?s={search_term_string}"},"query-input":{"@type":"PropertyValueSpecification","valueRequired":true,"valueName":"search_term_string"}}],"inLanguage":"es"},{"@type":"Person","@id":"http:\/\/vientosur.top\/museo\/#\/schema\/person\/20c79d3c38800971feec8c2693c3dd9c","name":"admin","image":{"@type":"ImageObject","inLanguage":"es","@id":"http:\/\/vientosur.top\/museo\/#\/schema\/person\/image\/","url":"https:\/\/secure.gravatar.com\/avatar\/713677ece3ffa642287213a80e5b773bce9ab81c269dd6d95102a990951c922f?s=96&d=mm&r=g","contentUrl":"https:\/\/secure.gravatar.com\/avatar\/713677ece3ffa642287213a80e5b773bce9ab81c269dd6d95102a990951c922f?s=96&d=mm&r=g","caption":"admin"},"sameAs":["http:\/\/vientosur.top\/museo"],"url":"http:\/\/vientosur.top\/museo\/author\/comunicacionesmvp\/"}]}},"_links":{"self":[{"href":"http:\/\/vientosur.top\/museo\/wp-json\/wp\/v2\/posts\/14167","targetHints":{"allow":["GET"]}}],"collection":[{"href":"http:\/\/vientosur.top\/museo\/wp-json\/wp\/v2\/posts"}],"about":[{"href":"http:\/\/vientosur.top\/museo\/wp-json\/wp\/v2\/types\/post"}],"author":[{"embeddable":true,"href":"http:\/\/vientosur.top\/museo\/wp-json\/wp\/v2\/users\/5"}],"replies":[{"embeddable":true,"href":"http:\/\/vientosur.top\/museo\/wp-json\/wp\/v2\/comments?post=14167"}],"version-history":[{"count":0,"href":"http:\/\/vientosur.top\/museo\/wp-json\/wp\/v2\/posts\/14167\/revisions"}],"wp:featuredmedia":[{"embeddable":true,"href":"http:\/\/vientosur.top\/museo\/wp-json\/wp\/v2\/media\/14230"}],"wp:attachment":[{"href":"http:\/\/vientosur.top\/museo\/wp-json\/wp\/v2\/media?parent=14167"}],"wp:term":[{"taxonomy":"category","embeddable":true,"href":"http:\/\/vientosur.top\/museo\/wp-json\/wp\/v2\/categories?post=14167"},{"taxonomy":"post_tag","embeddable":true,"href":"http:\/\/vientosur.top\/museo\/wp-json\/wp\/v2\/tags?post=14167"}],"curies":[{"name":"wp","href":"https:\/\/api.w.org\/{rel}","templated":true}]}}