{"id":14175,"date":"2018-03-14T09:46:56","date_gmt":"2018-03-14T14:46:56","guid":{"rendered":"http:\/\/vientosur.top\/museo\/?p=14175"},"modified":"2018-03-14T09:46:56","modified_gmt":"2018-03-14T14:46:56","slug":"museo-violeta-parra-exhibira-peliculas-realizadas-mujeres-arica-lebu-e-isla-mocha","status":"publish","type":"post","link":"http:\/\/vientosur.top\/museo\/museo-violeta-parra-exhibira-peliculas-realizadas-mujeres-arica-lebu-e-isla-mocha\/","title":{"rendered":"Museo Violeta Parra firm\u00f3 convenio de colaboraci\u00f3n con el Festival Internacional Cine Lebu"},"content":{"rendered":"<p><em>En el marco del Mes de la Mujer, la instituci\u00f3n suscribi\u00f3 un convenio de colaboraci\u00f3n con el Festival Internacional Cine Lebu.<br \/>\n<\/em><br \/>\nEl jueves 15 de marzo a las 16:00 horas, Cecilia Garc\u00eda-Huidobro, Directora del Museo Violeta Parra y Claudia Pino, Directora del FICIL Lebu, sellaron un acuerdo que permitir\u00e1 -entre otras cosas- exhibir pel\u00edculas del certamen en las Salas Antar y Run Run. Luego del acto se presentaron en exclusiva los resultados del proyecto de cortometrajes realizados por mujeres e \u00a0Isla Mocha, Arica y Lebu.<\/p>\n<p>Desde 2018, el FICIL Lebu es el primer festival en Chile que ser\u00e1 calificador de cortometrajes para los Premios Oscar. De esa categor\u00eda existen s\u00f3lo cinco en Latinoam\u00e9rica: Guadalajara, Guanajuato, Cartagena, Gran Prix (Brasil) y Morelia.<\/p>\n<p><strong><br \/>\nMujeres CINELEBU <\/strong><\/p>\n<p>Es un programa de Escuela CINELEBU del Festival Internacional de Cine de Lebu, que tiene como objetivo entregar herramientas de expresi\u00f3n y un nuevo lenguaje de comunicaci\u00f3n, fomentando el autodesarrollo y la autonom\u00eda personal en las mujeres.<\/p>\n<p>&nbsp;<\/p>\n<p>Con el apoyo del Programa de Intermediaci\u00f3n Cultural del Consejo Nacional de la Cultura y las Artes, se realizaron talleres en Lebu, donde participaron principalmente mujeres encarnadoras, due\u00f1as de casa; en Isla Mocha, donde asistieron mujeres due\u00f1as de casa y profesoras y en Arica donde emprendedoras desarrollaron una pel\u00edcula. El resultado de esta experiencia son los cortometrajes: \u201cManos de sal\u201d, realizado por mujeres de Lebu; \u201cSalir de casa\u201d, de Isla Mocha y \u201cLa chispa interior\u201d, desarrollado en Arica.<\/p>\n<p>&nbsp;<\/p>\n<p><strong>Manos de sal<br \/>\n<\/strong>Isabel es encarnadora y d\u00eda a d\u00eda lucha por sacar adelante a su hijo (Diego) que logr\u00f3 mandar a estudiar una carrera universitaria a Concepci\u00f3n, sin embargo, en esta lucha, vemos como su autoestima y vida se ven atormentadas por su esposo y el maltrato f\u00edsico y verbal.<\/p>\n<p><strong><br \/>\nLa chispa interior<br \/>\n<\/strong>Sara, luego de ser abandonada por su esposo que trabaja en una minera, sufre un vuelco en su vida, que la hace encontrar la felicidad.<\/p>\n<p><strong>Salir de casa<br \/>\n<\/strong>A los 13 a\u00f1os es muy pronto para abandonar su casa, los ni\u00f1os de Isla Mocha est\u00e1n obligados a hacerlo.<\/p>\n<p>&nbsp;<\/p>\n","protected":false},"excerpt":{"rendered":"<p>En el marco del Mes de la Mujer, la instituci\u00f3n suscribi\u00f3 un convenio de colaboraci\u00f3n con el Festival Internacional Cine Lebu. El jueves 15 de marzo a las 16:00 horas, Cecilia Garc\u00eda-Huidobro, Directora del Museo Violeta Parra y Claudia Pino, Directora del FICIL Lebu, sellaron un acuerdo que permitir\u00e1 -entre otras cosas- exhibir pel\u00edculas del [&hellip;]<\/p>\n","protected":false},"author":5,"featured_media":14184,"comment_status":"open","ping_status":"open","sticky":false,"template":"","format":"standard","meta":{"site-sidebar-layout":"default","site-content-layout":"","ast-site-content-layout":"default","site-content-style":"default","site-sidebar-style":"default","ast-global-header-display":"","ast-banner-title-visibility":"","ast-main-header-display":"","ast-hfb-above-header-display":"","ast-hfb-below-header-display":"","ast-hfb-mobile-header-display":"","site-post-title":"","ast-breadcrumbs-content":"","ast-featured-img":"","footer-sml-layout":"","theme-transparent-header-meta":"","adv-header-id-meta":"","stick-header-meta":"","header-above-stick-meta":"","header-main-stick-meta":"","header-below-stick-meta":"","astra-migrate-meta-layouts":"default","ast-page-background-enabled":"default","ast-page-background-meta":{"desktop":{"background-color":"var(--ast-global-color-4)","background-image":"","background-repeat":"repeat","background-position":"center center","background-size":"auto","background-attachment":"scroll","background-type":"","background-media":"","overlay-type":"","overlay-color":"","overlay-opacity":"","overlay-gradient":""},"tablet":{"background-color":"","background-image":"","background-repeat":"repeat","background-position":"center center","background-size":"auto","background-attachment":"scroll","background-type":"","background-media":"","overlay-type":"","overlay-color":"","overlay-opacity":"","overlay-gradient":""},"mobile":{"background-color":"","background-image":"","background-repeat":"repeat","background-position":"center center","background-size":"auto","background-attachment":"scroll","background-type":"","background-media":"","overlay-type":"","overlay-color":"","overlay-opacity":"","overlay-gradient":""}},"ast-content-background-meta":{"desktop":{"background-color":"var(--ast-global-color-5)","background-image":"","background-repeat":"repeat","background-position":"center center","background-size":"auto","background-attachment":"scroll","background-type":"","background-media":"","overlay-type":"","overlay-color":"","overlay-opacity":"","overlay-gradient":""},"tablet":{"background-color":"var(--ast-global-color-5)","background-image":"","background-repeat":"repeat","background-position":"center center","background-size":"auto","background-attachment":"scroll","background-type":"","background-media":"","overlay-type":"","overlay-color":"","overlay-opacity":"","overlay-gradient":""},"mobile":{"background-color":"var(--ast-global-color-5)","background-image":"","background-repeat":"repeat","background-position":"center center","background-size":"auto","background-attachment":"scroll","background-type":"","background-media":"","overlay-type":"","overlay-color":"","overlay-opacity":"","overlay-gradient":""}},"footnotes":""},"categories":[59,8,61],"tags":[],"class_list":["post-14175","post","type-post","status-publish","format-standard","has-post-thumbnail","hentry","category-destacado-noticia","category-noticias","category-novedades"],"yoast_head":"<!-- This site is optimized with the Yoast SEO plugin v25.4 - https:\/\/yoast.com\/wordpress\/plugins\/seo\/ -->\n<title>Museo Violeta Parra firm\u00f3 convenio de colaboraci\u00f3n con el Festival Internacional Cine Lebu - Museo Violeta Parra<\/title>\n<meta name=\"robots\" content=\"index, follow, max-snippet:-1, max-image-preview:large, max-video-preview:-1\" \/>\n<link rel=\"canonical\" href=\"http:\/\/vientosur.top\/museo\/museo-violeta-parra-exhibira-peliculas-realizadas-mujeres-arica-lebu-e-isla-mocha\/\" \/>\n<meta property=\"og:locale\" content=\"es_ES\" \/>\n<meta property=\"og:type\" content=\"article\" \/>\n<meta property=\"og:title\" content=\"Museo Violeta Parra firm\u00f3 convenio de colaboraci\u00f3n con el Festival Internacional Cine Lebu - Museo Violeta Parra\" \/>\n<meta property=\"og:description\" content=\"En el marco del Mes de la Mujer, la instituci\u00f3n suscribi\u00f3 un convenio de colaboraci\u00f3n con el Festival Internacional Cine Lebu. El jueves 15 de marzo a las 16:00 horas, Cecilia Garc\u00eda-Huidobro, Directora del Museo Violeta Parra y Claudia Pino, Directora del FICIL Lebu, sellaron un acuerdo que permitir\u00e1 -entre otras cosas- exhibir pel\u00edculas del [&hellip;]\" \/>\n<meta property=\"og:url\" content=\"http:\/\/vientosur.top\/museo\/museo-violeta-parra-exhibira-peliculas-realizadas-mujeres-arica-lebu-e-isla-mocha\/\" \/>\n<meta property=\"og:site_name\" content=\"Museo Violeta Parra\" \/>\n<meta property=\"article:published_time\" content=\"2018-03-14T14:46:56+00:00\" \/>\n<meta property=\"og:image\" content=\"http:\/\/vientosur.top\/museo\/wp-content\/uploads\/2018\/03\/DSC_0821-scaled.jpg\" \/>\n\t<meta property=\"og:image:width\" content=\"2560\" \/>\n\t<meta property=\"og:image:height\" content=\"1702\" \/>\n\t<meta property=\"og:image:type\" content=\"image\/jpeg\" \/>\n<meta name=\"author\" content=\"admin\" \/>\n<meta name=\"twitter:card\" content=\"summary_large_image\" \/>\n<meta name=\"twitter:label1\" content=\"Escrito por\" \/>\n\t<meta name=\"twitter:data1\" content=\"admin\" \/>\n\t<meta name=\"twitter:label2\" content=\"Tiempo de lectura\" \/>\n\t<meta name=\"twitter:data2\" content=\"2 minutos\" \/>\n<script type=\"application\/ld+json\" class=\"yoast-schema-graph\">{\"@context\":\"https:\/\/schema.org\",\"@graph\":[{\"@type\":\"WebPage\",\"@id\":\"http:\/\/vientosur.top\/museo\/museo-violeta-parra-exhibira-peliculas-realizadas-mujeres-arica-lebu-e-isla-mocha\/\",\"url\":\"http:\/\/vientosur.top\/museo\/museo-violeta-parra-exhibira-peliculas-realizadas-mujeres-arica-lebu-e-isla-mocha\/\",\"name\":\"Museo Violeta Parra firm\u00f3 convenio de colaboraci\u00f3n con el Festival Internacional Cine Lebu - Museo Violeta Parra\",\"isPartOf\":{\"@id\":\"http:\/\/vientosur.top\/museo\/#website\"},\"primaryImageOfPage\":{\"@id\":\"http:\/\/vientosur.top\/museo\/museo-violeta-parra-exhibira-peliculas-realizadas-mujeres-arica-lebu-e-isla-mocha\/#primaryimage\"},\"image\":{\"@id\":\"http:\/\/vientosur.top\/museo\/museo-violeta-parra-exhibira-peliculas-realizadas-mujeres-arica-lebu-e-isla-mocha\/#primaryimage\"},\"thumbnailUrl\":\"http:\/\/vientosur.top\/museo\/wp-content\/uploads\/2018\/03\/DSC_0821-scaled.jpg\",\"datePublished\":\"2018-03-14T14:46:56+00:00\",\"author\":{\"@id\":\"http:\/\/vientosur.top\/museo\/#\/schema\/person\/20c79d3c38800971feec8c2693c3dd9c\"},\"breadcrumb\":{\"@id\":\"http:\/\/vientosur.top\/museo\/museo-violeta-parra-exhibira-peliculas-realizadas-mujeres-arica-lebu-e-isla-mocha\/#breadcrumb\"},\"inLanguage\":\"es\",\"potentialAction\":[{\"@type\":\"ReadAction\",\"target\":[\"http:\/\/vientosur.top\/museo\/museo-violeta-parra-exhibira-peliculas-realizadas-mujeres-arica-lebu-e-isla-mocha\/\"]}]},{\"@type\":\"ImageObject\",\"inLanguage\":\"es\",\"@id\":\"http:\/\/vientosur.top\/museo\/museo-violeta-parra-exhibira-peliculas-realizadas-mujeres-arica-lebu-e-isla-mocha\/#primaryimage\",\"url\":\"http:\/\/vientosur.top\/museo\/wp-content\/uploads\/2018\/03\/DSC_0821-scaled.jpg\",\"contentUrl\":\"http:\/\/vientosur.top\/museo\/wp-content\/uploads\/2018\/03\/DSC_0821-scaled.jpg\",\"width\":2560,\"height\":1702},{\"@type\":\"BreadcrumbList\",\"@id\":\"http:\/\/vientosur.top\/museo\/museo-violeta-parra-exhibira-peliculas-realizadas-mujeres-arica-lebu-e-isla-mocha\/#breadcrumb\",\"itemListElement\":[{\"@type\":\"ListItem\",\"position\":1,\"name\":\"Portada\",\"item\":\"http:\/\/vientosur.top\/museo\/\"},{\"@type\":\"ListItem\",\"position\":2,\"name\":\"Museo Violeta Parra firm\u00f3 convenio de colaboraci\u00f3n con el Festival Internacional Cine Lebu\"}]},{\"@type\":\"WebSite\",\"@id\":\"http:\/\/vientosur.top\/museo\/#website\",\"url\":\"http:\/\/vientosur.top\/museo\/\",\"name\":\"Museo Violeta Parra\",\"description\":\"Espacio que alberga tanto la memoria y legado creativo de la artista\",\"potentialAction\":[{\"@type\":\"SearchAction\",\"target\":{\"@type\":\"EntryPoint\",\"urlTemplate\":\"http:\/\/vientosur.top\/museo\/?s={search_term_string}\"},\"query-input\":{\"@type\":\"PropertyValueSpecification\",\"valueRequired\":true,\"valueName\":\"search_term_string\"}}],\"inLanguage\":\"es\"},{\"@type\":\"Person\",\"@id\":\"http:\/\/vientosur.top\/museo\/#\/schema\/person\/20c79d3c38800971feec8c2693c3dd9c\",\"name\":\"admin\",\"image\":{\"@type\":\"ImageObject\",\"inLanguage\":\"es\",\"@id\":\"http:\/\/vientosur.top\/museo\/#\/schema\/person\/image\/\",\"url\":\"https:\/\/secure.gravatar.com\/avatar\/713677ece3ffa642287213a80e5b773bce9ab81c269dd6d95102a990951c922f?s=96&d=mm&r=g\",\"contentUrl\":\"https:\/\/secure.gravatar.com\/avatar\/713677ece3ffa642287213a80e5b773bce9ab81c269dd6d95102a990951c922f?s=96&d=mm&r=g\",\"caption\":\"admin\"},\"sameAs\":[\"http:\/\/vientosur.top\/museo\"],\"url\":\"http:\/\/vientosur.top\/museo\/author\/comunicacionesmvp\/\"}]}<\/script>\n<!-- \/ Yoast SEO plugin. -->","yoast_head_json":{"title":"Museo Violeta Parra firm\u00f3 convenio de colaboraci\u00f3n con el Festival Internacional Cine Lebu - Museo Violeta Parra","robots":{"index":"index","follow":"follow","max-snippet":"max-snippet:-1","max-image-preview":"max-image-preview:large","max-video-preview":"max-video-preview:-1"},"canonical":"http:\/\/vientosur.top\/museo\/museo-violeta-parra-exhibira-peliculas-realizadas-mujeres-arica-lebu-e-isla-mocha\/","og_locale":"es_ES","og_type":"article","og_title":"Museo Violeta Parra firm\u00f3 convenio de colaboraci\u00f3n con el Festival Internacional Cine Lebu - Museo Violeta Parra","og_description":"En el marco del Mes de la Mujer, la instituci\u00f3n suscribi\u00f3 un convenio de colaboraci\u00f3n con el Festival Internacional Cine Lebu. El jueves 15 de marzo a las 16:00 horas, Cecilia Garc\u00eda-Huidobro, Directora del Museo Violeta Parra y Claudia Pino, Directora del FICIL Lebu, sellaron un acuerdo que permitir\u00e1 -entre otras cosas- exhibir pel\u00edculas del [&hellip;]","og_url":"http:\/\/vientosur.top\/museo\/museo-violeta-parra-exhibira-peliculas-realizadas-mujeres-arica-lebu-e-isla-mocha\/","og_site_name":"Museo Violeta Parra","article_published_time":"2018-03-14T14:46:56+00:00","og_image":[{"width":2560,"height":1702,"url":"http:\/\/vientosur.top\/museo\/wp-content\/uploads\/2018\/03\/DSC_0821-scaled.jpg","type":"image\/jpeg"}],"author":"admin","twitter_card":"summary_large_image","twitter_misc":{"Escrito por":"admin","Tiempo de lectura":"2 minutos"},"schema":{"@context":"https:\/\/schema.org","@graph":[{"@type":"WebPage","@id":"http:\/\/vientosur.top\/museo\/museo-violeta-parra-exhibira-peliculas-realizadas-mujeres-arica-lebu-e-isla-mocha\/","url":"http:\/\/vientosur.top\/museo\/museo-violeta-parra-exhibira-peliculas-realizadas-mujeres-arica-lebu-e-isla-mocha\/","name":"Museo Violeta Parra firm\u00f3 convenio de colaboraci\u00f3n con el Festival Internacional Cine Lebu - Museo Violeta Parra","isPartOf":{"@id":"http:\/\/vientosur.top\/museo\/#website"},"primaryImageOfPage":{"@id":"http:\/\/vientosur.top\/museo\/museo-violeta-parra-exhibira-peliculas-realizadas-mujeres-arica-lebu-e-isla-mocha\/#primaryimage"},"image":{"@id":"http:\/\/vientosur.top\/museo\/museo-violeta-parra-exhibira-peliculas-realizadas-mujeres-arica-lebu-e-isla-mocha\/#primaryimage"},"thumbnailUrl":"http:\/\/vientosur.top\/museo\/wp-content\/uploads\/2018\/03\/DSC_0821-scaled.jpg","datePublished":"2018-03-14T14:46:56+00:00","author":{"@id":"http:\/\/vientosur.top\/museo\/#\/schema\/person\/20c79d3c38800971feec8c2693c3dd9c"},"breadcrumb":{"@id":"http:\/\/vientosur.top\/museo\/museo-violeta-parra-exhibira-peliculas-realizadas-mujeres-arica-lebu-e-isla-mocha\/#breadcrumb"},"inLanguage":"es","potentialAction":[{"@type":"ReadAction","target":["http:\/\/vientosur.top\/museo\/museo-violeta-parra-exhibira-peliculas-realizadas-mujeres-arica-lebu-e-isla-mocha\/"]}]},{"@type":"ImageObject","inLanguage":"es","@id":"http:\/\/vientosur.top\/museo\/museo-violeta-parra-exhibira-peliculas-realizadas-mujeres-arica-lebu-e-isla-mocha\/#primaryimage","url":"http:\/\/vientosur.top\/museo\/wp-content\/uploads\/2018\/03\/DSC_0821-scaled.jpg","contentUrl":"http:\/\/vientosur.top\/museo\/wp-content\/uploads\/2018\/03\/DSC_0821-scaled.jpg","width":2560,"height":1702},{"@type":"BreadcrumbList","@id":"http:\/\/vientosur.top\/museo\/museo-violeta-parra-exhibira-peliculas-realizadas-mujeres-arica-lebu-e-isla-mocha\/#breadcrumb","itemListElement":[{"@type":"ListItem","position":1,"name":"Portada","item":"http:\/\/vientosur.top\/museo\/"},{"@type":"ListItem","position":2,"name":"Museo Violeta Parra firm\u00f3 convenio de colaboraci\u00f3n con el Festival Internacional Cine Lebu"}]},{"@type":"WebSite","@id":"http:\/\/vientosur.top\/museo\/#website","url":"http:\/\/vientosur.top\/museo\/","name":"Museo Violeta Parra","description":"Espacio que alberga tanto la memoria y legado creativo de la artista","potentialAction":[{"@type":"SearchAction","target":{"@type":"EntryPoint","urlTemplate":"http:\/\/vientosur.top\/museo\/?s={search_term_string}"},"query-input":{"@type":"PropertyValueSpecification","valueRequired":true,"valueName":"search_term_string"}}],"inLanguage":"es"},{"@type":"Person","@id":"http:\/\/vientosur.top\/museo\/#\/schema\/person\/20c79d3c38800971feec8c2693c3dd9c","name":"admin","image":{"@type":"ImageObject","inLanguage":"es","@id":"http:\/\/vientosur.top\/museo\/#\/schema\/person\/image\/","url":"https:\/\/secure.gravatar.com\/avatar\/713677ece3ffa642287213a80e5b773bce9ab81c269dd6d95102a990951c922f?s=96&d=mm&r=g","contentUrl":"https:\/\/secure.gravatar.com\/avatar\/713677ece3ffa642287213a80e5b773bce9ab81c269dd6d95102a990951c922f?s=96&d=mm&r=g","caption":"admin"},"sameAs":["http:\/\/vientosur.top\/museo"],"url":"http:\/\/vientosur.top\/museo\/author\/comunicacionesmvp\/"}]}},"_links":{"self":[{"href":"http:\/\/vientosur.top\/museo\/wp-json\/wp\/v2\/posts\/14175","targetHints":{"allow":["GET"]}}],"collection":[{"href":"http:\/\/vientosur.top\/museo\/wp-json\/wp\/v2\/posts"}],"about":[{"href":"http:\/\/vientosur.top\/museo\/wp-json\/wp\/v2\/types\/post"}],"author":[{"embeddable":true,"href":"http:\/\/vientosur.top\/museo\/wp-json\/wp\/v2\/users\/5"}],"replies":[{"embeddable":true,"href":"http:\/\/vientosur.top\/museo\/wp-json\/wp\/v2\/comments?post=14175"}],"version-history":[{"count":0,"href":"http:\/\/vientosur.top\/museo\/wp-json\/wp\/v2\/posts\/14175\/revisions"}],"wp:featuredmedia":[{"embeddable":true,"href":"http:\/\/vientosur.top\/museo\/wp-json\/wp\/v2\/media\/14184"}],"wp:attachment":[{"href":"http:\/\/vientosur.top\/museo\/wp-json\/wp\/v2\/media?parent=14175"}],"wp:term":[{"taxonomy":"category","embeddable":true,"href":"http:\/\/vientosur.top\/museo\/wp-json\/wp\/v2\/categories?post=14175"},{"taxonomy":"post_tag","embeddable":true,"href":"http:\/\/vientosur.top\/museo\/wp-json\/wp\/v2\/tags?post=14175"}],"curies":[{"name":"wp","href":"https:\/\/api.w.org\/{rel}","templated":true}]}}