{"id":14401,"date":"2018-04-03T10:33:32","date_gmt":"2018-04-03T15:33:32","guid":{"rendered":"http:\/\/vientosur.top\/museo\/?p=14401"},"modified":"2018-04-03T10:33:32","modified_gmt":"2018-04-03T15:33:32","slug":"ruth-valentini-recibio-medalla-del-senado-frances-homenaje-angel-parra","status":"publish","type":"post","link":"http:\/\/vientosur.top\/museo\/ruth-valentini-recibio-medalla-del-senado-frances-homenaje-angel-parra\/","title":{"rendered":"Ruth Valentini recibi\u00f3 Medalla del Senado franc\u00e9s en homenaje a \u00c1ngel Parra"},"content":{"rendered":"<p><img fetchpriority=\"high\" decoding=\"async\" class=\"alignnone size-medium wp-image-14409\" src=\"http:\/\/vientosur.top\/museo\/wp-content\/uploads\/2018\/04\/medallas-300x225.jpg\" alt=\"\" width=\"300\" height=\"225\" \/><\/p>\n<p>&nbsp;<\/p>\n<p>A mediados de 2017, en el marco del almuerzo que ofreci\u00f3 el Senado a los Embajadores de la regi\u00f3n con ocasi\u00f3n de la celebraci\u00f3n de la 7\u00b0 Semana de Am\u00e9rica Latina y el Caribe, la Embajadora de Chile en Francia; Marcia Covarrubias recibi\u00f3, a nombre de Ruth Valentini, la medalla con que se distinguen a personalidades de Am\u00e9rica Latina por su contribuci\u00f3n a las relaciones entre su pa\u00eds de origen y Francia. Seg\u00fan destac\u00f3 la Embajadora Covarrubias: \u201cLas palabras del Presidente del Senado, G\u00e9rard Larcher, fueron muy conceptuosas y elogiosas, destacando su aprecio a la obra del homenajeado, la cual \u00e9l hab\u00eda conocido a trav\u00e9s de las canciones de Violeta Parra\u201d.<\/p>\n<p>&nbsp;<\/p>\n<p>El jueves 22 de marzo, en ocasi\u00f3n de la despedida de Marcia Covarrubias, Embajadora de Chile en Francia, la diplom\u00e1tica entreg\u00f3 a Ruth Valentini, viuda de \u00c1ngel Parra (1943-2017), una medalla p\u00f3stuma del Senado de Francia. La distinci\u00f3n honor\u00edfica, recibida por Valentini ante 150 personas, est\u00e1 acompa\u00f1ada de un documento oficial en homenaje al artista.<\/p>\n<p>&nbsp;<\/p>\n<p>Imagen: \u00c1ngel Parra y Ruth Valentini en el Museo Violeta Parra (2015) por Marcela Melej<\/p>\n<p>&nbsp;<\/p>\n<p>&nbsp;<\/p>\n","protected":false},"excerpt":{"rendered":"<p>&nbsp; A mediados de 2017, en el marco del almuerzo que ofreci\u00f3 el Senado a los Embajadores de la regi\u00f3n con ocasi\u00f3n de la celebraci\u00f3n de la 7\u00b0 Semana de Am\u00e9rica Latina y el Caribe, la Embajadora de Chile en Francia; Marcia Covarrubias recibi\u00f3, a nombre de Ruth Valentini, la medalla con que se distinguen [&hellip;]<\/p>\n","protected":false},"author":5,"featured_media":14407,"comment_status":"open","ping_status":"open","sticky":false,"template":"","format":"standard","meta":{"site-sidebar-layout":"default","site-content-layout":"","ast-site-content-layout":"default","site-content-style":"default","site-sidebar-style":"default","ast-global-header-display":"","ast-banner-title-visibility":"","ast-main-header-display":"","ast-hfb-above-header-display":"","ast-hfb-below-header-display":"","ast-hfb-mobile-header-display":"","site-post-title":"","ast-breadcrumbs-content":"","ast-featured-img":"","footer-sml-layout":"","theme-transparent-header-meta":"","adv-header-id-meta":"","stick-header-meta":"","header-above-stick-meta":"","header-main-stick-meta":"","header-below-stick-meta":"","astra-migrate-meta-layouts":"default","ast-page-background-enabled":"default","ast-page-background-meta":{"desktop":{"background-color":"var(--ast-global-color-4)","background-image":"","background-repeat":"repeat","background-position":"center center","background-size":"auto","background-attachment":"scroll","background-type":"","background-media":"","overlay-type":"","overlay-color":"","overlay-opacity":"","overlay-gradient":""},"tablet":{"background-color":"","background-image":"","background-repeat":"repeat","background-position":"center center","background-size":"auto","background-attachment":"scroll","background-type":"","background-media":"","overlay-type":"","overlay-color":"","overlay-opacity":"","overlay-gradient":""},"mobile":{"background-color":"","background-image":"","background-repeat":"repeat","background-position":"center center","background-size":"auto","background-attachment":"scroll","background-type":"","background-media":"","overlay-type":"","overlay-color":"","overlay-opacity":"","overlay-gradient":""}},"ast-content-background-meta":{"desktop":{"background-color":"var(--ast-global-color-5)","background-image":"","background-repeat":"repeat","background-position":"center center","background-size":"auto","background-attachment":"scroll","background-type":"","background-media":"","overlay-type":"","overlay-color":"","overlay-opacity":"","overlay-gradient":""},"tablet":{"background-color":"var(--ast-global-color-5)","background-image":"","background-repeat":"repeat","background-position":"center center","background-size":"auto","background-attachment":"scroll","background-type":"","background-media":"","overlay-type":"","overlay-color":"","overlay-opacity":"","overlay-gradient":""},"mobile":{"background-color":"var(--ast-global-color-5)","background-image":"","background-repeat":"repeat","background-position":"center center","background-size":"auto","background-attachment":"scroll","background-type":"","background-media":"","overlay-type":"","overlay-color":"","overlay-opacity":"","overlay-gradient":""}},"footnotes":""},"categories":[59,8,61],"tags":[],"class_list":["post-14401","post","type-post","status-publish","format-standard","has-post-thumbnail","hentry","category-destacado-noticia","category-noticias","category-novedades"],"yoast_head":"<!-- This site is optimized with the Yoast SEO plugin v25.4 - https:\/\/yoast.com\/wordpress\/plugins\/seo\/ -->\n<title>Ruth Valentini recibi\u00f3 Medalla del Senado franc\u00e9s en homenaje a \u00c1ngel Parra - Museo Violeta Parra<\/title>\n<meta name=\"robots\" content=\"index, follow, max-snippet:-1, max-image-preview:large, max-video-preview:-1\" \/>\n<link rel=\"canonical\" href=\"http:\/\/vientosur.top\/museo\/ruth-valentini-recibio-medalla-del-senado-frances-homenaje-angel-parra\/\" \/>\n<meta property=\"og:locale\" content=\"es_ES\" \/>\n<meta property=\"og:type\" content=\"article\" \/>\n<meta property=\"og:title\" content=\"Ruth Valentini recibi\u00f3 Medalla del Senado franc\u00e9s en homenaje a \u00c1ngel Parra - Museo Violeta Parra\" \/>\n<meta property=\"og:description\" content=\"&nbsp; A mediados de 2017, en el marco del almuerzo que ofreci\u00f3 el Senado a los Embajadores de la regi\u00f3n con ocasi\u00f3n de la celebraci\u00f3n de la 7\u00b0 Semana de Am\u00e9rica Latina y el Caribe, la Embajadora de Chile en Francia; Marcia Covarrubias recibi\u00f3, a nombre de Ruth Valentini, la medalla con que se distinguen [&hellip;]\" \/>\n<meta property=\"og:url\" content=\"http:\/\/vientosur.top\/museo\/ruth-valentini-recibio-medalla-del-senado-frances-homenaje-angel-parra\/\" \/>\n<meta property=\"og:site_name\" content=\"Museo Violeta Parra\" \/>\n<meta property=\"article:published_time\" content=\"2018-04-03T15:33:32+00:00\" \/>\n<meta property=\"og:image\" content=\"http:\/\/vientosur.top\/museo\/wp-content\/uploads\/2018\/04\/CPMVP0007-1-uai-1440x932-1.jpg\" \/>\n\t<meta property=\"og:image:width\" content=\"1440\" \/>\n\t<meta property=\"og:image:height\" content=\"932\" \/>\n\t<meta property=\"og:image:type\" content=\"image\/jpeg\" \/>\n<meta name=\"author\" content=\"admin\" \/>\n<meta name=\"twitter:card\" content=\"summary_large_image\" \/>\n<meta name=\"twitter:label1\" content=\"Escrito por\" \/>\n\t<meta name=\"twitter:data1\" content=\"admin\" \/>\n\t<meta name=\"twitter:label2\" content=\"Tiempo de lectura\" \/>\n\t<meta name=\"twitter:data2\" content=\"1 minuto\" \/>\n<script type=\"application\/ld+json\" class=\"yoast-schema-graph\">{\"@context\":\"https:\/\/schema.org\",\"@graph\":[{\"@type\":\"WebPage\",\"@id\":\"http:\/\/vientosur.top\/museo\/ruth-valentini-recibio-medalla-del-senado-frances-homenaje-angel-parra\/\",\"url\":\"http:\/\/vientosur.top\/museo\/ruth-valentini-recibio-medalla-del-senado-frances-homenaje-angel-parra\/\",\"name\":\"Ruth Valentini recibi\u00f3 Medalla del Senado franc\u00e9s en homenaje a \u00c1ngel Parra - Museo Violeta Parra\",\"isPartOf\":{\"@id\":\"http:\/\/vientosur.top\/museo\/#website\"},\"primaryImageOfPage\":{\"@id\":\"http:\/\/vientosur.top\/museo\/ruth-valentini-recibio-medalla-del-senado-frances-homenaje-angel-parra\/#primaryimage\"},\"image\":{\"@id\":\"http:\/\/vientosur.top\/museo\/ruth-valentini-recibio-medalla-del-senado-frances-homenaje-angel-parra\/#primaryimage\"},\"thumbnailUrl\":\"http:\/\/vientosur.top\/museo\/wp-content\/uploads\/2018\/04\/CPMVP0007-1-uai-1440x932-1.jpg\",\"datePublished\":\"2018-04-03T15:33:32+00:00\",\"author\":{\"@id\":\"http:\/\/vientosur.top\/museo\/#\/schema\/person\/20c79d3c38800971feec8c2693c3dd9c\"},\"breadcrumb\":{\"@id\":\"http:\/\/vientosur.top\/museo\/ruth-valentini-recibio-medalla-del-senado-frances-homenaje-angel-parra\/#breadcrumb\"},\"inLanguage\":\"es\",\"potentialAction\":[{\"@type\":\"ReadAction\",\"target\":[\"http:\/\/vientosur.top\/museo\/ruth-valentini-recibio-medalla-del-senado-frances-homenaje-angel-parra\/\"]}]},{\"@type\":\"ImageObject\",\"inLanguage\":\"es\",\"@id\":\"http:\/\/vientosur.top\/museo\/ruth-valentini-recibio-medalla-del-senado-frances-homenaje-angel-parra\/#primaryimage\",\"url\":\"http:\/\/vientosur.top\/museo\/wp-content\/uploads\/2018\/04\/CPMVP0007-1-uai-1440x932-1.jpg\",\"contentUrl\":\"http:\/\/vientosur.top\/museo\/wp-content\/uploads\/2018\/04\/CPMVP0007-1-uai-1440x932-1.jpg\",\"width\":1440,\"height\":932},{\"@type\":\"BreadcrumbList\",\"@id\":\"http:\/\/vientosur.top\/museo\/ruth-valentini-recibio-medalla-del-senado-frances-homenaje-angel-parra\/#breadcrumb\",\"itemListElement\":[{\"@type\":\"ListItem\",\"position\":1,\"name\":\"Portada\",\"item\":\"http:\/\/vientosur.top\/museo\/\"},{\"@type\":\"ListItem\",\"position\":2,\"name\":\"Ruth Valentini recibi\u00f3 Medalla del Senado franc\u00e9s en homenaje a \u00c1ngel Parra\"}]},{\"@type\":\"WebSite\",\"@id\":\"http:\/\/vientosur.top\/museo\/#website\",\"url\":\"http:\/\/vientosur.top\/museo\/\",\"name\":\"Museo Violeta Parra\",\"description\":\"Espacio que alberga tanto la memoria y legado creativo de la artista\",\"potentialAction\":[{\"@type\":\"SearchAction\",\"target\":{\"@type\":\"EntryPoint\",\"urlTemplate\":\"http:\/\/vientosur.top\/museo\/?s={search_term_string}\"},\"query-input\":{\"@type\":\"PropertyValueSpecification\",\"valueRequired\":true,\"valueName\":\"search_term_string\"}}],\"inLanguage\":\"es\"},{\"@type\":\"Person\",\"@id\":\"http:\/\/vientosur.top\/museo\/#\/schema\/person\/20c79d3c38800971feec8c2693c3dd9c\",\"name\":\"admin\",\"image\":{\"@type\":\"ImageObject\",\"inLanguage\":\"es\",\"@id\":\"http:\/\/vientosur.top\/museo\/#\/schema\/person\/image\/\",\"url\":\"https:\/\/secure.gravatar.com\/avatar\/713677ece3ffa642287213a80e5b773bce9ab81c269dd6d95102a990951c922f?s=96&d=mm&r=g\",\"contentUrl\":\"https:\/\/secure.gravatar.com\/avatar\/713677ece3ffa642287213a80e5b773bce9ab81c269dd6d95102a990951c922f?s=96&d=mm&r=g\",\"caption\":\"admin\"},\"sameAs\":[\"http:\/\/vientosur.top\/museo\"],\"url\":\"http:\/\/vientosur.top\/museo\/author\/comunicacionesmvp\/\"}]}<\/script>\n<!-- \/ Yoast SEO plugin. -->","yoast_head_json":{"title":"Ruth Valentini recibi\u00f3 Medalla del Senado franc\u00e9s en homenaje a \u00c1ngel Parra - Museo Violeta Parra","robots":{"index":"index","follow":"follow","max-snippet":"max-snippet:-1","max-image-preview":"max-image-preview:large","max-video-preview":"max-video-preview:-1"},"canonical":"http:\/\/vientosur.top\/museo\/ruth-valentini-recibio-medalla-del-senado-frances-homenaje-angel-parra\/","og_locale":"es_ES","og_type":"article","og_title":"Ruth Valentini recibi\u00f3 Medalla del Senado franc\u00e9s en homenaje a \u00c1ngel Parra - Museo Violeta Parra","og_description":"&nbsp; A mediados de 2017, en el marco del almuerzo que ofreci\u00f3 el Senado a los Embajadores de la regi\u00f3n con ocasi\u00f3n de la celebraci\u00f3n de la 7\u00b0 Semana de Am\u00e9rica Latina y el Caribe, la Embajadora de Chile en Francia; Marcia Covarrubias recibi\u00f3, a nombre de Ruth Valentini, la medalla con que se distinguen [&hellip;]","og_url":"http:\/\/vientosur.top\/museo\/ruth-valentini-recibio-medalla-del-senado-frances-homenaje-angel-parra\/","og_site_name":"Museo Violeta Parra","article_published_time":"2018-04-03T15:33:32+00:00","og_image":[{"width":1440,"height":932,"url":"http:\/\/vientosur.top\/museo\/wp-content\/uploads\/2018\/04\/CPMVP0007-1-uai-1440x932-1.jpg","type":"image\/jpeg"}],"author":"admin","twitter_card":"summary_large_image","twitter_misc":{"Escrito por":"admin","Tiempo de lectura":"1 minuto"},"schema":{"@context":"https:\/\/schema.org","@graph":[{"@type":"WebPage","@id":"http:\/\/vientosur.top\/museo\/ruth-valentini-recibio-medalla-del-senado-frances-homenaje-angel-parra\/","url":"http:\/\/vientosur.top\/museo\/ruth-valentini-recibio-medalla-del-senado-frances-homenaje-angel-parra\/","name":"Ruth Valentini recibi\u00f3 Medalla del Senado franc\u00e9s en homenaje a \u00c1ngel Parra - Museo Violeta Parra","isPartOf":{"@id":"http:\/\/vientosur.top\/museo\/#website"},"primaryImageOfPage":{"@id":"http:\/\/vientosur.top\/museo\/ruth-valentini-recibio-medalla-del-senado-frances-homenaje-angel-parra\/#primaryimage"},"image":{"@id":"http:\/\/vientosur.top\/museo\/ruth-valentini-recibio-medalla-del-senado-frances-homenaje-angel-parra\/#primaryimage"},"thumbnailUrl":"http:\/\/vientosur.top\/museo\/wp-content\/uploads\/2018\/04\/CPMVP0007-1-uai-1440x932-1.jpg","datePublished":"2018-04-03T15:33:32+00:00","author":{"@id":"http:\/\/vientosur.top\/museo\/#\/schema\/person\/20c79d3c38800971feec8c2693c3dd9c"},"breadcrumb":{"@id":"http:\/\/vientosur.top\/museo\/ruth-valentini-recibio-medalla-del-senado-frances-homenaje-angel-parra\/#breadcrumb"},"inLanguage":"es","potentialAction":[{"@type":"ReadAction","target":["http:\/\/vientosur.top\/museo\/ruth-valentini-recibio-medalla-del-senado-frances-homenaje-angel-parra\/"]}]},{"@type":"ImageObject","inLanguage":"es","@id":"http:\/\/vientosur.top\/museo\/ruth-valentini-recibio-medalla-del-senado-frances-homenaje-angel-parra\/#primaryimage","url":"http:\/\/vientosur.top\/museo\/wp-content\/uploads\/2018\/04\/CPMVP0007-1-uai-1440x932-1.jpg","contentUrl":"http:\/\/vientosur.top\/museo\/wp-content\/uploads\/2018\/04\/CPMVP0007-1-uai-1440x932-1.jpg","width":1440,"height":932},{"@type":"BreadcrumbList","@id":"http:\/\/vientosur.top\/museo\/ruth-valentini-recibio-medalla-del-senado-frances-homenaje-angel-parra\/#breadcrumb","itemListElement":[{"@type":"ListItem","position":1,"name":"Portada","item":"http:\/\/vientosur.top\/museo\/"},{"@type":"ListItem","position":2,"name":"Ruth Valentini recibi\u00f3 Medalla del Senado franc\u00e9s en homenaje a \u00c1ngel Parra"}]},{"@type":"WebSite","@id":"http:\/\/vientosur.top\/museo\/#website","url":"http:\/\/vientosur.top\/museo\/","name":"Museo Violeta Parra","description":"Espacio que alberga tanto la memoria y legado creativo de la artista","potentialAction":[{"@type":"SearchAction","target":{"@type":"EntryPoint","urlTemplate":"http:\/\/vientosur.top\/museo\/?s={search_term_string}"},"query-input":{"@type":"PropertyValueSpecification","valueRequired":true,"valueName":"search_term_string"}}],"inLanguage":"es"},{"@type":"Person","@id":"http:\/\/vientosur.top\/museo\/#\/schema\/person\/20c79d3c38800971feec8c2693c3dd9c","name":"admin","image":{"@type":"ImageObject","inLanguage":"es","@id":"http:\/\/vientosur.top\/museo\/#\/schema\/person\/image\/","url":"https:\/\/secure.gravatar.com\/avatar\/713677ece3ffa642287213a80e5b773bce9ab81c269dd6d95102a990951c922f?s=96&d=mm&r=g","contentUrl":"https:\/\/secure.gravatar.com\/avatar\/713677ece3ffa642287213a80e5b773bce9ab81c269dd6d95102a990951c922f?s=96&d=mm&r=g","caption":"admin"},"sameAs":["http:\/\/vientosur.top\/museo"],"url":"http:\/\/vientosur.top\/museo\/author\/comunicacionesmvp\/"}]}},"_links":{"self":[{"href":"http:\/\/vientosur.top\/museo\/wp-json\/wp\/v2\/posts\/14401","targetHints":{"allow":["GET"]}}],"collection":[{"href":"http:\/\/vientosur.top\/museo\/wp-json\/wp\/v2\/posts"}],"about":[{"href":"http:\/\/vientosur.top\/museo\/wp-json\/wp\/v2\/types\/post"}],"author":[{"embeddable":true,"href":"http:\/\/vientosur.top\/museo\/wp-json\/wp\/v2\/users\/5"}],"replies":[{"embeddable":true,"href":"http:\/\/vientosur.top\/museo\/wp-json\/wp\/v2\/comments?post=14401"}],"version-history":[{"count":0,"href":"http:\/\/vientosur.top\/museo\/wp-json\/wp\/v2\/posts\/14401\/revisions"}],"wp:featuredmedia":[{"embeddable":true,"href":"http:\/\/vientosur.top\/museo\/wp-json\/wp\/v2\/media\/14407"}],"wp:attachment":[{"href":"http:\/\/vientosur.top\/museo\/wp-json\/wp\/v2\/media?parent=14401"}],"wp:term":[{"taxonomy":"category","embeddable":true,"href":"http:\/\/vientosur.top\/museo\/wp-json\/wp\/v2\/categories?post=14401"},{"taxonomy":"post_tag","embeddable":true,"href":"http:\/\/vientosur.top\/museo\/wp-json\/wp\/v2\/tags?post=14401"}],"curies":[{"name":"wp","href":"https:\/\/api.w.org\/{rel}","templated":true}]}}