{"id":14414,"date":"2018-04-04T08:43:37","date_gmt":"2018-04-04T13:43:37","guid":{"rendered":"http:\/\/vientosur.top\/museo\/?p=14414"},"modified":"2018-04-04T08:43:37","modified_gmt":"2018-04-04T13:43:37","slug":"la-maleta-violeta-visito-jardin-infantil-pinar-san-joaquin","status":"publish","type":"post","link":"http:\/\/vientosur.top\/museo\/la-maleta-violeta-visito-jardin-infantil-pinar-san-joaquin\/","title":{"rendered":"\u00abLa Maleta de Violeta\u00bb visit\u00f3 Jard\u00edn Infantil El Pinar de San Joaqu\u00edn"},"content":{"rendered":"<p>El martes 3 de abril, el equipo del \u00e1rea educativa del Museo Violeta Parra visit\u00f3 el jard\u00edn El Pinar, de la Fundaci\u00f3n Integra. La actividad cont\u00f3 con la participaci\u00f3n de Esteban Torres, Jefe de Educaci\u00f3n del Museo Violeta Parra, y Jos\u00e9 Manuel Ready, Director Ejecutivo de Fundaci\u00f3n Integra.<\/p>\n<p>&nbsp;<\/p>\n<p><strong><a href=\"https:\/\/www.facebook.com\/pg\/MuseoVioletaParra\/photos\/?tab=album&amp;album_id=2087244218185655\" target=\"_blank\" rel=\"noopener noreferrer\">Ver galer\u00eda de im\u00e1genes<\/a><\/strong><\/p>\n<p>&nbsp;<\/p>\n<p>&nbsp;<\/p>\n<h3><\/h3>\n","protected":false},"excerpt":{"rendered":"<p>El martes 3 de abril, el equipo del \u00e1rea educativa del Museo Violeta Parra visit\u00f3 el jard\u00edn El Pinar, de la Fundaci\u00f3n Integra. La actividad cont\u00f3 con la participaci\u00f3n de Esteban Torres, Jefe de Educaci\u00f3n del Museo Violeta Parra, y Jos\u00e9 Manuel Ready, Director Ejecutivo de Fundaci\u00f3n Integra. &nbsp; Ver galer\u00eda de im\u00e1genes &nbsp; &nbsp;<\/p>\n","protected":false},"author":5,"featured_media":14415,"comment_status":"open","ping_status":"open","sticky":false,"template":"","format":"standard","meta":{"site-sidebar-layout":"default","site-content-layout":"","ast-site-content-layout":"default","site-content-style":"default","site-sidebar-style":"default","ast-global-header-display":"","ast-banner-title-visibility":"","ast-main-header-display":"","ast-hfb-above-header-display":"","ast-hfb-below-header-display":"","ast-hfb-mobile-header-display":"","site-post-title":"","ast-breadcrumbs-content":"","ast-featured-img":"","footer-sml-layout":"","theme-transparent-header-meta":"","adv-header-id-meta":"","stick-header-meta":"","header-above-stick-meta":"","header-main-stick-meta":"","header-below-stick-meta":"","astra-migrate-meta-layouts":"default","ast-page-background-enabled":"default","ast-page-background-meta":{"desktop":{"background-color":"var(--ast-global-color-4)","background-image":"","background-repeat":"repeat","background-position":"center center","background-size":"auto","background-attachment":"scroll","background-type":"","background-media":"","overlay-type":"","overlay-color":"","overlay-opacity":"","overlay-gradient":""},"tablet":{"background-color":"","background-image":"","background-repeat":"repeat","background-position":"center center","background-size":"auto","background-attachment":"scroll","background-type":"","background-media":"","overlay-type":"","overlay-color":"","overlay-opacity":"","overlay-gradient":""},"mobile":{"background-color":"","background-image":"","background-repeat":"repeat","background-position":"center center","background-size":"auto","background-attachment":"scroll","background-type":"","background-media":"","overlay-type":"","overlay-color":"","overlay-opacity":"","overlay-gradient":""}},"ast-content-background-meta":{"desktop":{"background-color":"var(--ast-global-color-5)","background-image":"","background-repeat":"repeat","background-position":"center center","background-size":"auto","background-attachment":"scroll","background-type":"","background-media":"","overlay-type":"","overlay-color":"","overlay-opacity":"","overlay-gradient":""},"tablet":{"background-color":"var(--ast-global-color-5)","background-image":"","background-repeat":"repeat","background-position":"center center","background-size":"auto","background-attachment":"scroll","background-type":"","background-media":"","overlay-type":"","overlay-color":"","overlay-opacity":"","overlay-gradient":""},"mobile":{"background-color":"var(--ast-global-color-5)","background-image":"","background-repeat":"repeat","background-position":"center center","background-size":"auto","background-attachment":"scroll","background-type":"","background-media":"","overlay-type":"","overlay-color":"","overlay-opacity":"","overlay-gradient":""}},"footnotes":""},"categories":[59,8,61],"tags":[],"class_list":["post-14414","post","type-post","status-publish","format-standard","has-post-thumbnail","hentry","category-destacado-noticia","category-noticias","category-novedades"],"yoast_head":"<!-- This site is optimized with the Yoast SEO plugin v25.4 - https:\/\/yoast.com\/wordpress\/plugins\/seo\/ -->\n<title>&quot;La Maleta de Violeta&quot; visit\u00f3 Jard\u00edn Infantil El Pinar de San Joaqu\u00edn - Museo Violeta Parra<\/title>\n<meta name=\"robots\" content=\"index, follow, max-snippet:-1, max-image-preview:large, max-video-preview:-1\" \/>\n<link rel=\"canonical\" href=\"http:\/\/vientosur.top\/museo\/la-maleta-violeta-visito-jardin-infantil-pinar-san-joaquin\/\" \/>\n<meta property=\"og:locale\" content=\"es_ES\" \/>\n<meta property=\"og:type\" content=\"article\" \/>\n<meta property=\"og:title\" content=\"&quot;La Maleta de Violeta&quot; visit\u00f3 Jard\u00edn Infantil El Pinar de San Joaqu\u00edn - Museo Violeta Parra\" \/>\n<meta property=\"og:description\" content=\"El martes 3 de abril, el equipo del \u00e1rea educativa del Museo Violeta Parra visit\u00f3 el jard\u00edn El Pinar, de la Fundaci\u00f3n Integra. La actividad cont\u00f3 con la participaci\u00f3n de Esteban Torres, Jefe de Educaci\u00f3n del Museo Violeta Parra, y Jos\u00e9 Manuel Ready, Director Ejecutivo de Fundaci\u00f3n Integra. &nbsp; Ver galer\u00eda de im\u00e1genes &nbsp; &nbsp;\" \/>\n<meta property=\"og:url\" content=\"http:\/\/vientosur.top\/museo\/la-maleta-violeta-visito-jardin-infantil-pinar-san-joaquin\/\" \/>\n<meta property=\"og:site_name\" content=\"Museo Violeta Parra\" \/>\n<meta property=\"article:published_time\" content=\"2018-04-04T13:43:37+00:00\" \/>\n<meta property=\"og:image\" content=\"http:\/\/vientosur.top\/museo\/wp-content\/uploads\/2018\/04\/in.jpg\" \/>\n\t<meta property=\"og:image:width\" content=\"960\" \/>\n\t<meta property=\"og:image:height\" content=\"638\" \/>\n\t<meta property=\"og:image:type\" content=\"image\/jpeg\" \/>\n<meta name=\"author\" content=\"admin\" \/>\n<meta name=\"twitter:card\" content=\"summary_large_image\" \/>\n<meta name=\"twitter:label1\" content=\"Escrito por\" \/>\n\t<meta name=\"twitter:data1\" content=\"admin\" \/>\n<script type=\"application\/ld+json\" class=\"yoast-schema-graph\">{\"@context\":\"https:\/\/schema.org\",\"@graph\":[{\"@type\":\"WebPage\",\"@id\":\"http:\/\/vientosur.top\/museo\/la-maleta-violeta-visito-jardin-infantil-pinar-san-joaquin\/\",\"url\":\"http:\/\/vientosur.top\/museo\/la-maleta-violeta-visito-jardin-infantil-pinar-san-joaquin\/\",\"name\":\"\\\"La Maleta de Violeta\\\" visit\u00f3 Jard\u00edn Infantil El Pinar de San Joaqu\u00edn - Museo Violeta Parra\",\"isPartOf\":{\"@id\":\"http:\/\/vientosur.top\/museo\/#website\"},\"primaryImageOfPage\":{\"@id\":\"http:\/\/vientosur.top\/museo\/la-maleta-violeta-visito-jardin-infantil-pinar-san-joaquin\/#primaryimage\"},\"image\":{\"@id\":\"http:\/\/vientosur.top\/museo\/la-maleta-violeta-visito-jardin-infantil-pinar-san-joaquin\/#primaryimage\"},\"thumbnailUrl\":\"http:\/\/vientosur.top\/museo\/wp-content\/uploads\/2018\/04\/in.jpg\",\"datePublished\":\"2018-04-04T13:43:37+00:00\",\"author\":{\"@id\":\"http:\/\/vientosur.top\/museo\/#\/schema\/person\/20c79d3c38800971feec8c2693c3dd9c\"},\"breadcrumb\":{\"@id\":\"http:\/\/vientosur.top\/museo\/la-maleta-violeta-visito-jardin-infantil-pinar-san-joaquin\/#breadcrumb\"},\"inLanguage\":\"es\",\"potentialAction\":[{\"@type\":\"ReadAction\",\"target\":[\"http:\/\/vientosur.top\/museo\/la-maleta-violeta-visito-jardin-infantil-pinar-san-joaquin\/\"]}]},{\"@type\":\"ImageObject\",\"inLanguage\":\"es\",\"@id\":\"http:\/\/vientosur.top\/museo\/la-maleta-violeta-visito-jardin-infantil-pinar-san-joaquin\/#primaryimage\",\"url\":\"http:\/\/vientosur.top\/museo\/wp-content\/uploads\/2018\/04\/in.jpg\",\"contentUrl\":\"http:\/\/vientosur.top\/museo\/wp-content\/uploads\/2018\/04\/in.jpg\",\"width\":960,\"height\":638},{\"@type\":\"BreadcrumbList\",\"@id\":\"http:\/\/vientosur.top\/museo\/la-maleta-violeta-visito-jardin-infantil-pinar-san-joaquin\/#breadcrumb\",\"itemListElement\":[{\"@type\":\"ListItem\",\"position\":1,\"name\":\"Portada\",\"item\":\"http:\/\/vientosur.top\/museo\/\"},{\"@type\":\"ListItem\",\"position\":2,\"name\":\"\u00abLa Maleta de Violeta\u00bb visit\u00f3 Jard\u00edn Infantil El Pinar de San Joaqu\u00edn\"}]},{\"@type\":\"WebSite\",\"@id\":\"http:\/\/vientosur.top\/museo\/#website\",\"url\":\"http:\/\/vientosur.top\/museo\/\",\"name\":\"Museo Violeta Parra\",\"description\":\"Espacio que alberga tanto la memoria y legado creativo de la artista\",\"potentialAction\":[{\"@type\":\"SearchAction\",\"target\":{\"@type\":\"EntryPoint\",\"urlTemplate\":\"http:\/\/vientosur.top\/museo\/?s={search_term_string}\"},\"query-input\":{\"@type\":\"PropertyValueSpecification\",\"valueRequired\":true,\"valueName\":\"search_term_string\"}}],\"inLanguage\":\"es\"},{\"@type\":\"Person\",\"@id\":\"http:\/\/vientosur.top\/museo\/#\/schema\/person\/20c79d3c38800971feec8c2693c3dd9c\",\"name\":\"admin\",\"image\":{\"@type\":\"ImageObject\",\"inLanguage\":\"es\",\"@id\":\"http:\/\/vientosur.top\/museo\/#\/schema\/person\/image\/\",\"url\":\"https:\/\/secure.gravatar.com\/avatar\/713677ece3ffa642287213a80e5b773bce9ab81c269dd6d95102a990951c922f?s=96&d=mm&r=g\",\"contentUrl\":\"https:\/\/secure.gravatar.com\/avatar\/713677ece3ffa642287213a80e5b773bce9ab81c269dd6d95102a990951c922f?s=96&d=mm&r=g\",\"caption\":\"admin\"},\"sameAs\":[\"http:\/\/vientosur.top\/museo\"],\"url\":\"http:\/\/vientosur.top\/museo\/author\/comunicacionesmvp\/\"}]}<\/script>\n<!-- \/ Yoast SEO plugin. -->","yoast_head_json":{"title":"\"La Maleta de Violeta\" visit\u00f3 Jard\u00edn Infantil El Pinar de San Joaqu\u00edn - Museo Violeta Parra","robots":{"index":"index","follow":"follow","max-snippet":"max-snippet:-1","max-image-preview":"max-image-preview:large","max-video-preview":"max-video-preview:-1"},"canonical":"http:\/\/vientosur.top\/museo\/la-maleta-violeta-visito-jardin-infantil-pinar-san-joaquin\/","og_locale":"es_ES","og_type":"article","og_title":"\"La Maleta de Violeta\" visit\u00f3 Jard\u00edn Infantil El Pinar de San Joaqu\u00edn - Museo Violeta Parra","og_description":"El martes 3 de abril, el equipo del \u00e1rea educativa del Museo Violeta Parra visit\u00f3 el jard\u00edn El Pinar, de la Fundaci\u00f3n Integra. La actividad cont\u00f3 con la participaci\u00f3n de Esteban Torres, Jefe de Educaci\u00f3n del Museo Violeta Parra, y Jos\u00e9 Manuel Ready, Director Ejecutivo de Fundaci\u00f3n Integra. &nbsp; Ver galer\u00eda de im\u00e1genes &nbsp; &nbsp;","og_url":"http:\/\/vientosur.top\/museo\/la-maleta-violeta-visito-jardin-infantil-pinar-san-joaquin\/","og_site_name":"Museo Violeta Parra","article_published_time":"2018-04-04T13:43:37+00:00","og_image":[{"width":960,"height":638,"url":"http:\/\/vientosur.top\/museo\/wp-content\/uploads\/2018\/04\/in.jpg","type":"image\/jpeg"}],"author":"admin","twitter_card":"summary_large_image","twitter_misc":{"Escrito por":"admin"},"schema":{"@context":"https:\/\/schema.org","@graph":[{"@type":"WebPage","@id":"http:\/\/vientosur.top\/museo\/la-maleta-violeta-visito-jardin-infantil-pinar-san-joaquin\/","url":"http:\/\/vientosur.top\/museo\/la-maleta-violeta-visito-jardin-infantil-pinar-san-joaquin\/","name":"\"La Maleta de Violeta\" visit\u00f3 Jard\u00edn Infantil El Pinar de San Joaqu\u00edn - Museo Violeta Parra","isPartOf":{"@id":"http:\/\/vientosur.top\/museo\/#website"},"primaryImageOfPage":{"@id":"http:\/\/vientosur.top\/museo\/la-maleta-violeta-visito-jardin-infantil-pinar-san-joaquin\/#primaryimage"},"image":{"@id":"http:\/\/vientosur.top\/museo\/la-maleta-violeta-visito-jardin-infantil-pinar-san-joaquin\/#primaryimage"},"thumbnailUrl":"http:\/\/vientosur.top\/museo\/wp-content\/uploads\/2018\/04\/in.jpg","datePublished":"2018-04-04T13:43:37+00:00","author":{"@id":"http:\/\/vientosur.top\/museo\/#\/schema\/person\/20c79d3c38800971feec8c2693c3dd9c"},"breadcrumb":{"@id":"http:\/\/vientosur.top\/museo\/la-maleta-violeta-visito-jardin-infantil-pinar-san-joaquin\/#breadcrumb"},"inLanguage":"es","potentialAction":[{"@type":"ReadAction","target":["http:\/\/vientosur.top\/museo\/la-maleta-violeta-visito-jardin-infantil-pinar-san-joaquin\/"]}]},{"@type":"ImageObject","inLanguage":"es","@id":"http:\/\/vientosur.top\/museo\/la-maleta-violeta-visito-jardin-infantil-pinar-san-joaquin\/#primaryimage","url":"http:\/\/vientosur.top\/museo\/wp-content\/uploads\/2018\/04\/in.jpg","contentUrl":"http:\/\/vientosur.top\/museo\/wp-content\/uploads\/2018\/04\/in.jpg","width":960,"height":638},{"@type":"BreadcrumbList","@id":"http:\/\/vientosur.top\/museo\/la-maleta-violeta-visito-jardin-infantil-pinar-san-joaquin\/#breadcrumb","itemListElement":[{"@type":"ListItem","position":1,"name":"Portada","item":"http:\/\/vientosur.top\/museo\/"},{"@type":"ListItem","position":2,"name":"\u00abLa Maleta de Violeta\u00bb visit\u00f3 Jard\u00edn Infantil El Pinar de San Joaqu\u00edn"}]},{"@type":"WebSite","@id":"http:\/\/vientosur.top\/museo\/#website","url":"http:\/\/vientosur.top\/museo\/","name":"Museo Violeta Parra","description":"Espacio que alberga tanto la memoria y legado creativo de la artista","potentialAction":[{"@type":"SearchAction","target":{"@type":"EntryPoint","urlTemplate":"http:\/\/vientosur.top\/museo\/?s={search_term_string}"},"query-input":{"@type":"PropertyValueSpecification","valueRequired":true,"valueName":"search_term_string"}}],"inLanguage":"es"},{"@type":"Person","@id":"http:\/\/vientosur.top\/museo\/#\/schema\/person\/20c79d3c38800971feec8c2693c3dd9c","name":"admin","image":{"@type":"ImageObject","inLanguage":"es","@id":"http:\/\/vientosur.top\/museo\/#\/schema\/person\/image\/","url":"https:\/\/secure.gravatar.com\/avatar\/713677ece3ffa642287213a80e5b773bce9ab81c269dd6d95102a990951c922f?s=96&d=mm&r=g","contentUrl":"https:\/\/secure.gravatar.com\/avatar\/713677ece3ffa642287213a80e5b773bce9ab81c269dd6d95102a990951c922f?s=96&d=mm&r=g","caption":"admin"},"sameAs":["http:\/\/vientosur.top\/museo"],"url":"http:\/\/vientosur.top\/museo\/author\/comunicacionesmvp\/"}]}},"_links":{"self":[{"href":"http:\/\/vientosur.top\/museo\/wp-json\/wp\/v2\/posts\/14414","targetHints":{"allow":["GET"]}}],"collection":[{"href":"http:\/\/vientosur.top\/museo\/wp-json\/wp\/v2\/posts"}],"about":[{"href":"http:\/\/vientosur.top\/museo\/wp-json\/wp\/v2\/types\/post"}],"author":[{"embeddable":true,"href":"http:\/\/vientosur.top\/museo\/wp-json\/wp\/v2\/users\/5"}],"replies":[{"embeddable":true,"href":"http:\/\/vientosur.top\/museo\/wp-json\/wp\/v2\/comments?post=14414"}],"version-history":[{"count":0,"href":"http:\/\/vientosur.top\/museo\/wp-json\/wp\/v2\/posts\/14414\/revisions"}],"wp:featuredmedia":[{"embeddable":true,"href":"http:\/\/vientosur.top\/museo\/wp-json\/wp\/v2\/media\/14415"}],"wp:attachment":[{"href":"http:\/\/vientosur.top\/museo\/wp-json\/wp\/v2\/media?parent=14414"}],"wp:term":[{"taxonomy":"category","embeddable":true,"href":"http:\/\/vientosur.top\/museo\/wp-json\/wp\/v2\/categories?post=14414"},{"taxonomy":"post_tag","embeddable":true,"href":"http:\/\/vientosur.top\/museo\/wp-json\/wp\/v2\/tags?post=14414"}],"curies":[{"name":"wp","href":"https:\/\/api.w.org\/{rel}","templated":true}]}}