{"id":14438,"date":"2018-04-05T09:15:56","date_gmt":"2018-04-05T14:15:56","guid":{"rendered":"http:\/\/vientosur.top\/museo\/?p=14438"},"modified":"2018-04-05T09:15:56","modified_gmt":"2018-04-05T14:15:56","slug":"teatro-biobio-firma-convenio-cooperacion-museo-violeta-parra","status":"publish","type":"post","link":"http:\/\/vientosur.top\/museo\/teatro-biobio-firma-convenio-cooperacion-museo-violeta-parra\/","title":{"rendered":"Teatro Biob\u00edo y Museo Violeta Parra firman convenio de colaboraci\u00f3n art\u00edstica y cultural"},"content":{"rendered":"<p>Realizar actividades de difusi\u00f3n cultural y de desarrollo institucional en el \u00e1mbito de la cultura y las artes, son parte de los objetivos del Convenio de Cooperaci\u00f3n firmado esta ma\u00f1ana entre la Corporaci\u00f3n Teatro Regional del Biob\u00edo y la Fundaci\u00f3n Museo Violeta Parra.<\/p>\n<p>En la ceremonia, que incluy\u00f3 un recorrido previo por las instalaciones del teatro, participaron el Presidente Corporaci\u00f3n Teatro Regional del Biob\u00edo, Mario Cabrera, su directora ejecutiva, Francisca Per\u00f3, y Cecilia Garc\u00eda-Huidobro, directora del Museo Violeta Parra.<\/p>\n<p>\u201cCon mucha alegr\u00eda estamos sellando esta alianza con el Museo Violeta Parra que pone en valor la obra y figura de la artista, en su museo, pero sin duda en lo m\u00e1s extenso de nuestro pa\u00eds y fuera de Chile. El a\u00f1o pasado fue el centenario de Violeta Parra, y como teatro, tenemos un recuerdo que nos acompa\u00f1ar\u00e1 por siempre, pues en nuestro mes inaugural tuvimos 3 actividades en torno a Violeta Parra: concierto sinf\u00f3nico inaugural, <em>Paloma Ausente<\/em> de la Patogallina y <em>El P\u00e1jaro de Chile<\/em>, obra que tiene como inspiraci\u00f3n sus d\u00e9cimas. Adem\u00e1s, en esta sala, donde firmamos el acuerdo, la figura de Violeta nos acompa\u00f1ar\u00e1 de forma permanente con la instalaci\u00f3n del mural \u201cBendigo las creaciones\u201d, inspirado en su legado\u201d, coment\u00f3 Francisca Per\u00f3, directora ejecutiva del TRBB.<\/p>\n<p>En tanto, Cecilia Garc\u00eda-Huidobro, directora del Museo Violeta Parra \u00a0destac\u00f3: \u00abEl convenio que estamos firmando con\u00a0 el flamante Teatro Biob\u00edo abre una colaboraci\u00f3n entre las dos instituciones de gran perspectiva. Violeta Parra vivi\u00f3 y desarroll\u00f3 una fruct\u00edfera labor en la regi\u00f3n y ese esp\u00edritu debe mantenerse vivo. El museo piensa en t\u00e9rminos de \u00abVioleta sin fronteras\u00bb, proyectando m\u00e1s all\u00e1 el espacio acotado de sus instalaciones. Estamos muy ilusionados porque, adem\u00e1s, es en Concepci\u00f3n donde se cre\u00f3 la primera c\u00e1tedra Violeta Parra en la UdeC y donde vemos la continuidad de la efervescencia cultural que siempre\u00a0 ha caracterizado a la ciudad. El Teatro Biob\u00edo es un aporte cultural desde su misma arquitectura y no es casual que haya sido inaugurado con el recital \u00abLas \u00faltimas composiciones\u00bb,\u00a0 con los nietos de la artista; \u00c1ngel y Javiera Parra\u00bb.<\/p>\n<p>&nbsp;<\/p>\n","protected":false},"excerpt":{"rendered":"<p>Realizar actividades de difusi\u00f3n cultural y de desarrollo institucional en el \u00e1mbito de la cultura y las artes, son parte de los objetivos del Convenio de Cooperaci\u00f3n firmado esta ma\u00f1ana entre la Corporaci\u00f3n Teatro Regional del Biob\u00edo y la Fundaci\u00f3n Museo Violeta Parra. En la ceremonia, que incluy\u00f3 un recorrido previo por las instalaciones del [&hellip;]<\/p>\n","protected":false},"author":5,"featured_media":14451,"comment_status":"open","ping_status":"open","sticky":false,"template":"","format":"standard","meta":{"site-sidebar-layout":"default","site-content-layout":"","ast-site-content-layout":"default","site-content-style":"default","site-sidebar-style":"default","ast-global-header-display":"","ast-banner-title-visibility":"","ast-main-header-display":"","ast-hfb-above-header-display":"","ast-hfb-below-header-display":"","ast-hfb-mobile-header-display":"","site-post-title":"","ast-breadcrumbs-content":"","ast-featured-img":"","footer-sml-layout":"","theme-transparent-header-meta":"","adv-header-id-meta":"","stick-header-meta":"","header-above-stick-meta":"","header-main-stick-meta":"","header-below-stick-meta":"","astra-migrate-meta-layouts":"default","ast-page-background-enabled":"default","ast-page-background-meta":{"desktop":{"background-color":"var(--ast-global-color-4)","background-image":"","background-repeat":"repeat","background-position":"center center","background-size":"auto","background-attachment":"scroll","background-type":"","background-media":"","overlay-type":"","overlay-color":"","overlay-opacity":"","overlay-gradient":""},"tablet":{"background-color":"","background-image":"","background-repeat":"repeat","background-position":"center center","background-size":"auto","background-attachment":"scroll","background-type":"","background-media":"","overlay-type":"","overlay-color":"","overlay-opacity":"","overlay-gradient":""},"mobile":{"background-color":"","background-image":"","background-repeat":"repeat","background-position":"center center","background-size":"auto","background-attachment":"scroll","background-type":"","background-media":"","overlay-type":"","overlay-color":"","overlay-opacity":"","overlay-gradient":""}},"ast-content-background-meta":{"desktop":{"background-color":"var(--ast-global-color-5)","background-image":"","background-repeat":"repeat","background-position":"center center","background-size":"auto","background-attachment":"scroll","background-type":"","background-media":"","overlay-type":"","overlay-color":"","overlay-opacity":"","overlay-gradient":""},"tablet":{"background-color":"var(--ast-global-color-5)","background-image":"","background-repeat":"repeat","background-position":"center center","background-size":"auto","background-attachment":"scroll","background-type":"","background-media":"","overlay-type":"","overlay-color":"","overlay-opacity":"","overlay-gradient":""},"mobile":{"background-color":"var(--ast-global-color-5)","background-image":"","background-repeat":"repeat","background-position":"center center","background-size":"auto","background-attachment":"scroll","background-type":"","background-media":"","overlay-type":"","overlay-color":"","overlay-opacity":"","overlay-gradient":""}},"footnotes":""},"categories":[59,8,61],"tags":[],"class_list":["post-14438","post","type-post","status-publish","format-standard","has-post-thumbnail","hentry","category-destacado-noticia","category-noticias","category-novedades"],"yoast_head":"<!-- This site is optimized with the Yoast SEO plugin v25.4 - https:\/\/yoast.com\/wordpress\/plugins\/seo\/ -->\n<title>Teatro Biob\u00edo y Museo Violeta Parra firman convenio de colaboraci\u00f3n art\u00edstica y cultural - Museo Violeta Parra<\/title>\n<meta name=\"robots\" content=\"index, follow, max-snippet:-1, max-image-preview:large, max-video-preview:-1\" \/>\n<link rel=\"canonical\" href=\"http:\/\/vientosur.top\/museo\/teatro-biobio-firma-convenio-cooperacion-museo-violeta-parra\/\" \/>\n<meta property=\"og:locale\" content=\"es_ES\" \/>\n<meta property=\"og:type\" content=\"article\" \/>\n<meta property=\"og:title\" content=\"Teatro Biob\u00edo y Museo Violeta Parra firman convenio de colaboraci\u00f3n art\u00edstica y cultural - Museo Violeta Parra\" \/>\n<meta property=\"og:description\" content=\"Realizar actividades de difusi\u00f3n cultural y de desarrollo institucional en el \u00e1mbito de la cultura y las artes, son parte de los objetivos del Convenio de Cooperaci\u00f3n firmado esta ma\u00f1ana entre la Corporaci\u00f3n Teatro Regional del Biob\u00edo y la Fundaci\u00f3n Museo Violeta Parra. En la ceremonia, que incluy\u00f3 un recorrido previo por las instalaciones del [&hellip;]\" \/>\n<meta property=\"og:url\" content=\"http:\/\/vientosur.top\/museo\/teatro-biobio-firma-convenio-cooperacion-museo-violeta-parra\/\" \/>\n<meta property=\"og:site_name\" content=\"Museo Violeta Parra\" \/>\n<meta property=\"article:published_time\" content=\"2018-04-05T14:15:56+00:00\" \/>\n<meta property=\"og:image\" content=\"http:\/\/vientosur.top\/museo\/wp-content\/uploads\/2018\/04\/tbb.jpg\" \/>\n\t<meta property=\"og:image:width\" content=\"1200\" \/>\n\t<meta property=\"og:image:height\" content=\"904\" \/>\n\t<meta property=\"og:image:type\" content=\"image\/jpeg\" \/>\n<meta name=\"author\" content=\"admin\" \/>\n<meta name=\"twitter:card\" content=\"summary_large_image\" \/>\n<meta name=\"twitter:label1\" content=\"Escrito por\" \/>\n\t<meta name=\"twitter:data1\" content=\"admin\" \/>\n\t<meta name=\"twitter:label2\" content=\"Tiempo de lectura\" \/>\n\t<meta name=\"twitter:data2\" content=\"2 minutos\" \/>\n<script type=\"application\/ld+json\" class=\"yoast-schema-graph\">{\"@context\":\"https:\/\/schema.org\",\"@graph\":[{\"@type\":\"WebPage\",\"@id\":\"http:\/\/vientosur.top\/museo\/teatro-biobio-firma-convenio-cooperacion-museo-violeta-parra\/\",\"url\":\"http:\/\/vientosur.top\/museo\/teatro-biobio-firma-convenio-cooperacion-museo-violeta-parra\/\",\"name\":\"Teatro Biob\u00edo y Museo Violeta Parra firman convenio de colaboraci\u00f3n art\u00edstica y cultural - Museo Violeta Parra\",\"isPartOf\":{\"@id\":\"http:\/\/vientosur.top\/museo\/#website\"},\"primaryImageOfPage\":{\"@id\":\"http:\/\/vientosur.top\/museo\/teatro-biobio-firma-convenio-cooperacion-museo-violeta-parra\/#primaryimage\"},\"image\":{\"@id\":\"http:\/\/vientosur.top\/museo\/teatro-biobio-firma-convenio-cooperacion-museo-violeta-parra\/#primaryimage\"},\"thumbnailUrl\":\"http:\/\/vientosur.top\/museo\/wp-content\/uploads\/2018\/04\/tbb.jpg\",\"datePublished\":\"2018-04-05T14:15:56+00:00\",\"author\":{\"@id\":\"http:\/\/vientosur.top\/museo\/#\/schema\/person\/20c79d3c38800971feec8c2693c3dd9c\"},\"breadcrumb\":{\"@id\":\"http:\/\/vientosur.top\/museo\/teatro-biobio-firma-convenio-cooperacion-museo-violeta-parra\/#breadcrumb\"},\"inLanguage\":\"es\",\"potentialAction\":[{\"@type\":\"ReadAction\",\"target\":[\"http:\/\/vientosur.top\/museo\/teatro-biobio-firma-convenio-cooperacion-museo-violeta-parra\/\"]}]},{\"@type\":\"ImageObject\",\"inLanguage\":\"es\",\"@id\":\"http:\/\/vientosur.top\/museo\/teatro-biobio-firma-convenio-cooperacion-museo-violeta-parra\/#primaryimage\",\"url\":\"http:\/\/vientosur.top\/museo\/wp-content\/uploads\/2018\/04\/tbb.jpg\",\"contentUrl\":\"http:\/\/vientosur.top\/museo\/wp-content\/uploads\/2018\/04\/tbb.jpg\",\"width\":1200,\"height\":904},{\"@type\":\"BreadcrumbList\",\"@id\":\"http:\/\/vientosur.top\/museo\/teatro-biobio-firma-convenio-cooperacion-museo-violeta-parra\/#breadcrumb\",\"itemListElement\":[{\"@type\":\"ListItem\",\"position\":1,\"name\":\"Portada\",\"item\":\"http:\/\/vientosur.top\/museo\/\"},{\"@type\":\"ListItem\",\"position\":2,\"name\":\"Teatro Biob\u00edo y Museo Violeta Parra firman convenio de colaboraci\u00f3n art\u00edstica y cultural\"}]},{\"@type\":\"WebSite\",\"@id\":\"http:\/\/vientosur.top\/museo\/#website\",\"url\":\"http:\/\/vientosur.top\/museo\/\",\"name\":\"Museo Violeta Parra\",\"description\":\"Espacio que alberga tanto la memoria y legado creativo de la artista\",\"potentialAction\":[{\"@type\":\"SearchAction\",\"target\":{\"@type\":\"EntryPoint\",\"urlTemplate\":\"http:\/\/vientosur.top\/museo\/?s={search_term_string}\"},\"query-input\":{\"@type\":\"PropertyValueSpecification\",\"valueRequired\":true,\"valueName\":\"search_term_string\"}}],\"inLanguage\":\"es\"},{\"@type\":\"Person\",\"@id\":\"http:\/\/vientosur.top\/museo\/#\/schema\/person\/20c79d3c38800971feec8c2693c3dd9c\",\"name\":\"admin\",\"image\":{\"@type\":\"ImageObject\",\"inLanguage\":\"es\",\"@id\":\"http:\/\/vientosur.top\/museo\/#\/schema\/person\/image\/\",\"url\":\"https:\/\/secure.gravatar.com\/avatar\/713677ece3ffa642287213a80e5b773bce9ab81c269dd6d95102a990951c922f?s=96&d=mm&r=g\",\"contentUrl\":\"https:\/\/secure.gravatar.com\/avatar\/713677ece3ffa642287213a80e5b773bce9ab81c269dd6d95102a990951c922f?s=96&d=mm&r=g\",\"caption\":\"admin\"},\"sameAs\":[\"http:\/\/vientosur.top\/museo\"],\"url\":\"http:\/\/vientosur.top\/museo\/author\/comunicacionesmvp\/\"}]}<\/script>\n<!-- \/ Yoast SEO plugin. -->","yoast_head_json":{"title":"Teatro Biob\u00edo y Museo Violeta Parra firman convenio de colaboraci\u00f3n art\u00edstica y cultural - Museo Violeta Parra","robots":{"index":"index","follow":"follow","max-snippet":"max-snippet:-1","max-image-preview":"max-image-preview:large","max-video-preview":"max-video-preview:-1"},"canonical":"http:\/\/vientosur.top\/museo\/teatro-biobio-firma-convenio-cooperacion-museo-violeta-parra\/","og_locale":"es_ES","og_type":"article","og_title":"Teatro Biob\u00edo y Museo Violeta Parra firman convenio de colaboraci\u00f3n art\u00edstica y cultural - Museo Violeta Parra","og_description":"Realizar actividades de difusi\u00f3n cultural y de desarrollo institucional en el \u00e1mbito de la cultura y las artes, son parte de los objetivos del Convenio de Cooperaci\u00f3n firmado esta ma\u00f1ana entre la Corporaci\u00f3n Teatro Regional del Biob\u00edo y la Fundaci\u00f3n Museo Violeta Parra. En la ceremonia, que incluy\u00f3 un recorrido previo por las instalaciones del [&hellip;]","og_url":"http:\/\/vientosur.top\/museo\/teatro-biobio-firma-convenio-cooperacion-museo-violeta-parra\/","og_site_name":"Museo Violeta Parra","article_published_time":"2018-04-05T14:15:56+00:00","og_image":[{"width":1200,"height":904,"url":"http:\/\/vientosur.top\/museo\/wp-content\/uploads\/2018\/04\/tbb.jpg","type":"image\/jpeg"}],"author":"admin","twitter_card":"summary_large_image","twitter_misc":{"Escrito por":"admin","Tiempo de lectura":"2 minutos"},"schema":{"@context":"https:\/\/schema.org","@graph":[{"@type":"WebPage","@id":"http:\/\/vientosur.top\/museo\/teatro-biobio-firma-convenio-cooperacion-museo-violeta-parra\/","url":"http:\/\/vientosur.top\/museo\/teatro-biobio-firma-convenio-cooperacion-museo-violeta-parra\/","name":"Teatro Biob\u00edo y Museo Violeta Parra firman convenio de colaboraci\u00f3n art\u00edstica y cultural - Museo Violeta Parra","isPartOf":{"@id":"http:\/\/vientosur.top\/museo\/#website"},"primaryImageOfPage":{"@id":"http:\/\/vientosur.top\/museo\/teatro-biobio-firma-convenio-cooperacion-museo-violeta-parra\/#primaryimage"},"image":{"@id":"http:\/\/vientosur.top\/museo\/teatro-biobio-firma-convenio-cooperacion-museo-violeta-parra\/#primaryimage"},"thumbnailUrl":"http:\/\/vientosur.top\/museo\/wp-content\/uploads\/2018\/04\/tbb.jpg","datePublished":"2018-04-05T14:15:56+00:00","author":{"@id":"http:\/\/vientosur.top\/museo\/#\/schema\/person\/20c79d3c38800971feec8c2693c3dd9c"},"breadcrumb":{"@id":"http:\/\/vientosur.top\/museo\/teatro-biobio-firma-convenio-cooperacion-museo-violeta-parra\/#breadcrumb"},"inLanguage":"es","potentialAction":[{"@type":"ReadAction","target":["http:\/\/vientosur.top\/museo\/teatro-biobio-firma-convenio-cooperacion-museo-violeta-parra\/"]}]},{"@type":"ImageObject","inLanguage":"es","@id":"http:\/\/vientosur.top\/museo\/teatro-biobio-firma-convenio-cooperacion-museo-violeta-parra\/#primaryimage","url":"http:\/\/vientosur.top\/museo\/wp-content\/uploads\/2018\/04\/tbb.jpg","contentUrl":"http:\/\/vientosur.top\/museo\/wp-content\/uploads\/2018\/04\/tbb.jpg","width":1200,"height":904},{"@type":"BreadcrumbList","@id":"http:\/\/vientosur.top\/museo\/teatro-biobio-firma-convenio-cooperacion-museo-violeta-parra\/#breadcrumb","itemListElement":[{"@type":"ListItem","position":1,"name":"Portada","item":"http:\/\/vientosur.top\/museo\/"},{"@type":"ListItem","position":2,"name":"Teatro Biob\u00edo y Museo Violeta Parra firman convenio de colaboraci\u00f3n art\u00edstica y cultural"}]},{"@type":"WebSite","@id":"http:\/\/vientosur.top\/museo\/#website","url":"http:\/\/vientosur.top\/museo\/","name":"Museo Violeta Parra","description":"Espacio que alberga tanto la memoria y legado creativo de la artista","potentialAction":[{"@type":"SearchAction","target":{"@type":"EntryPoint","urlTemplate":"http:\/\/vientosur.top\/museo\/?s={search_term_string}"},"query-input":{"@type":"PropertyValueSpecification","valueRequired":true,"valueName":"search_term_string"}}],"inLanguage":"es"},{"@type":"Person","@id":"http:\/\/vientosur.top\/museo\/#\/schema\/person\/20c79d3c38800971feec8c2693c3dd9c","name":"admin","image":{"@type":"ImageObject","inLanguage":"es","@id":"http:\/\/vientosur.top\/museo\/#\/schema\/person\/image\/","url":"https:\/\/secure.gravatar.com\/avatar\/713677ece3ffa642287213a80e5b773bce9ab81c269dd6d95102a990951c922f?s=96&d=mm&r=g","contentUrl":"https:\/\/secure.gravatar.com\/avatar\/713677ece3ffa642287213a80e5b773bce9ab81c269dd6d95102a990951c922f?s=96&d=mm&r=g","caption":"admin"},"sameAs":["http:\/\/vientosur.top\/museo"],"url":"http:\/\/vientosur.top\/museo\/author\/comunicacionesmvp\/"}]}},"_links":{"self":[{"href":"http:\/\/vientosur.top\/museo\/wp-json\/wp\/v2\/posts\/14438","targetHints":{"allow":["GET"]}}],"collection":[{"href":"http:\/\/vientosur.top\/museo\/wp-json\/wp\/v2\/posts"}],"about":[{"href":"http:\/\/vientosur.top\/museo\/wp-json\/wp\/v2\/types\/post"}],"author":[{"embeddable":true,"href":"http:\/\/vientosur.top\/museo\/wp-json\/wp\/v2\/users\/5"}],"replies":[{"embeddable":true,"href":"http:\/\/vientosur.top\/museo\/wp-json\/wp\/v2\/comments?post=14438"}],"version-history":[{"count":0,"href":"http:\/\/vientosur.top\/museo\/wp-json\/wp\/v2\/posts\/14438\/revisions"}],"wp:featuredmedia":[{"embeddable":true,"href":"http:\/\/vientosur.top\/museo\/wp-json\/wp\/v2\/media\/14451"}],"wp:attachment":[{"href":"http:\/\/vientosur.top\/museo\/wp-json\/wp\/v2\/media?parent=14438"}],"wp:term":[{"taxonomy":"category","embeddable":true,"href":"http:\/\/vientosur.top\/museo\/wp-json\/wp\/v2\/categories?post=14438"},{"taxonomy":"post_tag","embeddable":true,"href":"http:\/\/vientosur.top\/museo\/wp-json\/wp\/v2\/tags?post=14438"}],"curies":[{"name":"wp","href":"https:\/\/api.w.org\/{rel}","templated":true}]}}