{"id":14450,"date":"2018-04-05T11:20:25","date_gmt":"2018-04-05T16:20:25","guid":{"rendered":"http:\/\/vientosur.top\/museo\/?p=14450"},"modified":"2018-04-05T11:20:25","modified_gmt":"2018-04-05T16:20:25","slug":"fundacion-cepas-museo-violeta-parra-sellaron-acuerdo-colaboracion-pabellon-83-lota","status":"publish","type":"post","link":"http:\/\/vientosur.top\/museo\/fundacion-cepas-museo-violeta-parra-sellaron-acuerdo-colaboracion-pabellon-83-lota\/","title":{"rendered":"Fundaci\u00f3n Cepas y Museo Violeta Parra sellaron acuerdo de colaboraci\u00f3n en Pabell\u00f3n 83 de Lota"},"content":{"rendered":"<p>En Pabell\u00f3n 83, de la ciudad de Lota, se firm\u00f3 el mi\u00e9rcoles 4 de abril convenio entre la Fundaci\u00f3n Cepas y el Museo Violeta Parra. El centro comunitario, ubicado en un monumento hist\u00f3rico nacional que data del a\u00f1o 1905 y que da cuenta de la arquitectura urbana y modos de vida de la miner\u00eda del carb\u00f3n, es parte de la misi\u00f3n con que la Fundaci\u00f3n Cepas desarrolla su labor.<\/p>\n<p>En un emotivo acto, en el que intervinieron el Encargado de Cultura y Patrimonio de la Municipalidad de Lota; Vasili Carrillo, el Presidente de la Fundaci\u00f3n Cepas Mario Cabrera y la Directora del Museo Violeta Parra Cecilia Garc\u00eda-Huidobro y cont\u00f3 con la asistencia de la Directora Ejecutiva de la Fundaci\u00f3n Cepas; Pamela Uriarte y de la Directora del Pabell\u00f3n 83; Andrea Torres. El acto cerr\u00f3 con una presentaci\u00f3n del grupo folkl\u00f3rico minero AFOLCAR.<\/p>\n<p>Mario Cabrera se\u00f1al\u00f3 la importancia de la colaboraci\u00f3n que se establece por cuanto la figura de Violeta Parra tiene directa relaci\u00f3n con el esp\u00edritu comunitario que se releva en Lota. Cecilia Garc\u00eda-Huidobro expres\u00f3 la satisfacci\u00f3n y est\u00edmulo que para el museo significa que el legado patrimonial que se cautela en Lota se vincule de forma colaborativa con el de Violeta Parra. Vasili Carrillo enfatiz\u00f3 el hecho de que el Municipio de Lota cuente con una unidad patrimonial que coopere con las instancias que quieren implementarse.<\/p>\n<p><a href=\"https:\/\/www.facebook.com\/pg\/MuseoVioletaParra\/photos\/?tab=album&amp;album_id=2088328071410603\" target=\"_blank\" rel=\"noopener noreferrer\"><strong>Ver galer\u00eda de im\u00e1genes<\/strong><\/a><br \/>\n<strong><a href=\"https:\/\/www.facebook.com\/fundacioncepas\/videos\/1682850785138743\/\" target=\"_blank\" rel=\"noopener noreferrer\">Ver video<\/a><\/strong><\/p>\n","protected":false},"excerpt":{"rendered":"<p>En Pabell\u00f3n 83, de la ciudad de Lota, se firm\u00f3 el mi\u00e9rcoles 4 de abril convenio entre la Fundaci\u00f3n Cepas y el Museo Violeta Parra. El centro comunitario, ubicado en un monumento hist\u00f3rico nacional que data del a\u00f1o 1905 y que da cuenta de la arquitectura urbana y modos de vida de la miner\u00eda del [&hellip;]<\/p>\n","protected":false},"author":5,"featured_media":14452,"comment_status":"open","ping_status":"open","sticky":false,"template":"","format":"standard","meta":{"site-sidebar-layout":"default","site-content-layout":"","ast-site-content-layout":"default","site-content-style":"default","site-sidebar-style":"default","ast-global-header-display":"","ast-banner-title-visibility":"","ast-main-header-display":"","ast-hfb-above-header-display":"","ast-hfb-below-header-display":"","ast-hfb-mobile-header-display":"","site-post-title":"","ast-breadcrumbs-content":"","ast-featured-img":"","footer-sml-layout":"","theme-transparent-header-meta":"","adv-header-id-meta":"","stick-header-meta":"","header-above-stick-meta":"","header-main-stick-meta":"","header-below-stick-meta":"","astra-migrate-meta-layouts":"default","ast-page-background-enabled":"default","ast-page-background-meta":{"desktop":{"background-color":"var(--ast-global-color-4)","background-image":"","background-repeat":"repeat","background-position":"center center","background-size":"auto","background-attachment":"scroll","background-type":"","background-media":"","overlay-type":"","overlay-color":"","overlay-opacity":"","overlay-gradient":""},"tablet":{"background-color":"","background-image":"","background-repeat":"repeat","background-position":"center center","background-size":"auto","background-attachment":"scroll","background-type":"","background-media":"","overlay-type":"","overlay-color":"","overlay-opacity":"","overlay-gradient":""},"mobile":{"background-color":"","background-image":"","background-repeat":"repeat","background-position":"center center","background-size":"auto","background-attachment":"scroll","background-type":"","background-media":"","overlay-type":"","overlay-color":"","overlay-opacity":"","overlay-gradient":""}},"ast-content-background-meta":{"desktop":{"background-color":"var(--ast-global-color-5)","background-image":"","background-repeat":"repeat","background-position":"center center","background-size":"auto","background-attachment":"scroll","background-type":"","background-media":"","overlay-type":"","overlay-color":"","overlay-opacity":"","overlay-gradient":""},"tablet":{"background-color":"var(--ast-global-color-5)","background-image":"","background-repeat":"repeat","background-position":"center center","background-size":"auto","background-attachment":"scroll","background-type":"","background-media":"","overlay-type":"","overlay-color":"","overlay-opacity":"","overlay-gradient":""},"mobile":{"background-color":"var(--ast-global-color-5)","background-image":"","background-repeat":"repeat","background-position":"center center","background-size":"auto","background-attachment":"scroll","background-type":"","background-media":"","overlay-type":"","overlay-color":"","overlay-opacity":"","overlay-gradient":""}},"footnotes":""},"categories":[59,8,61],"tags":[],"class_list":["post-14450","post","type-post","status-publish","format-standard","has-post-thumbnail","hentry","category-destacado-noticia","category-noticias","category-novedades"],"yoast_head":"<!-- This site is optimized with the Yoast SEO plugin v25.4 - https:\/\/yoast.com\/wordpress\/plugins\/seo\/ -->\n<title>Fundaci\u00f3n Cepas y Museo Violeta Parra sellaron acuerdo de colaboraci\u00f3n en Pabell\u00f3n 83 de Lota - Museo Violeta Parra<\/title>\n<meta name=\"robots\" content=\"index, follow, max-snippet:-1, max-image-preview:large, max-video-preview:-1\" \/>\n<link rel=\"canonical\" href=\"http:\/\/vientosur.top\/museo\/fundacion-cepas-museo-violeta-parra-sellaron-acuerdo-colaboracion-pabellon-83-lota\/\" \/>\n<meta property=\"og:locale\" content=\"es_ES\" \/>\n<meta property=\"og:type\" content=\"article\" \/>\n<meta property=\"og:title\" content=\"Fundaci\u00f3n Cepas y Museo Violeta Parra sellaron acuerdo de colaboraci\u00f3n en Pabell\u00f3n 83 de Lota - Museo Violeta Parra\" \/>\n<meta property=\"og:description\" content=\"En Pabell\u00f3n 83, de la ciudad de Lota, se firm\u00f3 el mi\u00e9rcoles 4 de abril convenio entre la Fundaci\u00f3n Cepas y el Museo Violeta Parra. El centro comunitario, ubicado en un monumento hist\u00f3rico nacional que data del a\u00f1o 1905 y que da cuenta de la arquitectura urbana y modos de vida de la miner\u00eda del [&hellip;]\" \/>\n<meta property=\"og:url\" content=\"http:\/\/vientosur.top\/museo\/fundacion-cepas-museo-violeta-parra-sellaron-acuerdo-colaboracion-pabellon-83-lota\/\" \/>\n<meta property=\"og:site_name\" content=\"Museo Violeta Parra\" \/>\n<meta property=\"article:published_time\" content=\"2018-04-05T16:20:25+00:00\" \/>\n<meta property=\"og:image\" content=\"http:\/\/vientosur.top\/museo\/wp-content\/uploads\/2018\/04\/DZ-2GpOXUAA7Cfe.jpg\" \/>\n\t<meta property=\"og:image:width\" content=\"1199\" \/>\n\t<meta property=\"og:image:height\" content=\"817\" \/>\n\t<meta property=\"og:image:type\" content=\"image\/jpeg\" \/>\n<meta name=\"author\" content=\"admin\" \/>\n<meta name=\"twitter:card\" content=\"summary_large_image\" \/>\n<meta name=\"twitter:label1\" content=\"Escrito por\" \/>\n\t<meta name=\"twitter:data1\" content=\"admin\" \/>\n\t<meta name=\"twitter:label2\" content=\"Tiempo de lectura\" \/>\n\t<meta name=\"twitter:data2\" content=\"1 minuto\" \/>\n<script type=\"application\/ld+json\" class=\"yoast-schema-graph\">{\"@context\":\"https:\/\/schema.org\",\"@graph\":[{\"@type\":\"WebPage\",\"@id\":\"http:\/\/vientosur.top\/museo\/fundacion-cepas-museo-violeta-parra-sellaron-acuerdo-colaboracion-pabellon-83-lota\/\",\"url\":\"http:\/\/vientosur.top\/museo\/fundacion-cepas-museo-violeta-parra-sellaron-acuerdo-colaboracion-pabellon-83-lota\/\",\"name\":\"Fundaci\u00f3n Cepas y Museo Violeta Parra sellaron acuerdo de colaboraci\u00f3n en Pabell\u00f3n 83 de Lota - Museo Violeta Parra\",\"isPartOf\":{\"@id\":\"http:\/\/vientosur.top\/museo\/#website\"},\"primaryImageOfPage\":{\"@id\":\"http:\/\/vientosur.top\/museo\/fundacion-cepas-museo-violeta-parra-sellaron-acuerdo-colaboracion-pabellon-83-lota\/#primaryimage\"},\"image\":{\"@id\":\"http:\/\/vientosur.top\/museo\/fundacion-cepas-museo-violeta-parra-sellaron-acuerdo-colaboracion-pabellon-83-lota\/#primaryimage\"},\"thumbnailUrl\":\"http:\/\/vientosur.top\/museo\/wp-content\/uploads\/2018\/04\/DZ-2GpOXUAA7Cfe.jpg\",\"datePublished\":\"2018-04-05T16:20:25+00:00\",\"author\":{\"@id\":\"http:\/\/vientosur.top\/museo\/#\/schema\/person\/20c79d3c38800971feec8c2693c3dd9c\"},\"breadcrumb\":{\"@id\":\"http:\/\/vientosur.top\/museo\/fundacion-cepas-museo-violeta-parra-sellaron-acuerdo-colaboracion-pabellon-83-lota\/#breadcrumb\"},\"inLanguage\":\"es\",\"potentialAction\":[{\"@type\":\"ReadAction\",\"target\":[\"http:\/\/vientosur.top\/museo\/fundacion-cepas-museo-violeta-parra-sellaron-acuerdo-colaboracion-pabellon-83-lota\/\"]}]},{\"@type\":\"ImageObject\",\"inLanguage\":\"es\",\"@id\":\"http:\/\/vientosur.top\/museo\/fundacion-cepas-museo-violeta-parra-sellaron-acuerdo-colaboracion-pabellon-83-lota\/#primaryimage\",\"url\":\"http:\/\/vientosur.top\/museo\/wp-content\/uploads\/2018\/04\/DZ-2GpOXUAA7Cfe.jpg\",\"contentUrl\":\"http:\/\/vientosur.top\/museo\/wp-content\/uploads\/2018\/04\/DZ-2GpOXUAA7Cfe.jpg\",\"width\":1199,\"height\":817},{\"@type\":\"BreadcrumbList\",\"@id\":\"http:\/\/vientosur.top\/museo\/fundacion-cepas-museo-violeta-parra-sellaron-acuerdo-colaboracion-pabellon-83-lota\/#breadcrumb\",\"itemListElement\":[{\"@type\":\"ListItem\",\"position\":1,\"name\":\"Portada\",\"item\":\"http:\/\/vientosur.top\/museo\/\"},{\"@type\":\"ListItem\",\"position\":2,\"name\":\"Fundaci\u00f3n Cepas y Museo Violeta Parra sellaron acuerdo de colaboraci\u00f3n en Pabell\u00f3n 83 de Lota\"}]},{\"@type\":\"WebSite\",\"@id\":\"http:\/\/vientosur.top\/museo\/#website\",\"url\":\"http:\/\/vientosur.top\/museo\/\",\"name\":\"Museo Violeta Parra\",\"description\":\"Espacio que alberga tanto la memoria y legado creativo de la artista\",\"potentialAction\":[{\"@type\":\"SearchAction\",\"target\":{\"@type\":\"EntryPoint\",\"urlTemplate\":\"http:\/\/vientosur.top\/museo\/?s={search_term_string}\"},\"query-input\":{\"@type\":\"PropertyValueSpecification\",\"valueRequired\":true,\"valueName\":\"search_term_string\"}}],\"inLanguage\":\"es\"},{\"@type\":\"Person\",\"@id\":\"http:\/\/vientosur.top\/museo\/#\/schema\/person\/20c79d3c38800971feec8c2693c3dd9c\",\"name\":\"admin\",\"image\":{\"@type\":\"ImageObject\",\"inLanguage\":\"es\",\"@id\":\"http:\/\/vientosur.top\/museo\/#\/schema\/person\/image\/\",\"url\":\"https:\/\/secure.gravatar.com\/avatar\/713677ece3ffa642287213a80e5b773bce9ab81c269dd6d95102a990951c922f?s=96&d=mm&r=g\",\"contentUrl\":\"https:\/\/secure.gravatar.com\/avatar\/713677ece3ffa642287213a80e5b773bce9ab81c269dd6d95102a990951c922f?s=96&d=mm&r=g\",\"caption\":\"admin\"},\"sameAs\":[\"http:\/\/vientosur.top\/museo\"],\"url\":\"http:\/\/vientosur.top\/museo\/author\/comunicacionesmvp\/\"}]}<\/script>\n<!-- \/ Yoast SEO plugin. -->","yoast_head_json":{"title":"Fundaci\u00f3n Cepas y Museo Violeta Parra sellaron acuerdo de colaboraci\u00f3n en Pabell\u00f3n 83 de Lota - Museo Violeta Parra","robots":{"index":"index","follow":"follow","max-snippet":"max-snippet:-1","max-image-preview":"max-image-preview:large","max-video-preview":"max-video-preview:-1"},"canonical":"http:\/\/vientosur.top\/museo\/fundacion-cepas-museo-violeta-parra-sellaron-acuerdo-colaboracion-pabellon-83-lota\/","og_locale":"es_ES","og_type":"article","og_title":"Fundaci\u00f3n Cepas y Museo Violeta Parra sellaron acuerdo de colaboraci\u00f3n en Pabell\u00f3n 83 de Lota - Museo Violeta Parra","og_description":"En Pabell\u00f3n 83, de la ciudad de Lota, se firm\u00f3 el mi\u00e9rcoles 4 de abril convenio entre la Fundaci\u00f3n Cepas y el Museo Violeta Parra. El centro comunitario, ubicado en un monumento hist\u00f3rico nacional que data del a\u00f1o 1905 y que da cuenta de la arquitectura urbana y modos de vida de la miner\u00eda del [&hellip;]","og_url":"http:\/\/vientosur.top\/museo\/fundacion-cepas-museo-violeta-parra-sellaron-acuerdo-colaboracion-pabellon-83-lota\/","og_site_name":"Museo Violeta Parra","article_published_time":"2018-04-05T16:20:25+00:00","og_image":[{"width":1199,"height":817,"url":"http:\/\/vientosur.top\/museo\/wp-content\/uploads\/2018\/04\/DZ-2GpOXUAA7Cfe.jpg","type":"image\/jpeg"}],"author":"admin","twitter_card":"summary_large_image","twitter_misc":{"Escrito por":"admin","Tiempo de lectura":"1 minuto"},"schema":{"@context":"https:\/\/schema.org","@graph":[{"@type":"WebPage","@id":"http:\/\/vientosur.top\/museo\/fundacion-cepas-museo-violeta-parra-sellaron-acuerdo-colaboracion-pabellon-83-lota\/","url":"http:\/\/vientosur.top\/museo\/fundacion-cepas-museo-violeta-parra-sellaron-acuerdo-colaboracion-pabellon-83-lota\/","name":"Fundaci\u00f3n Cepas y Museo Violeta Parra sellaron acuerdo de colaboraci\u00f3n en Pabell\u00f3n 83 de Lota - Museo Violeta Parra","isPartOf":{"@id":"http:\/\/vientosur.top\/museo\/#website"},"primaryImageOfPage":{"@id":"http:\/\/vientosur.top\/museo\/fundacion-cepas-museo-violeta-parra-sellaron-acuerdo-colaboracion-pabellon-83-lota\/#primaryimage"},"image":{"@id":"http:\/\/vientosur.top\/museo\/fundacion-cepas-museo-violeta-parra-sellaron-acuerdo-colaboracion-pabellon-83-lota\/#primaryimage"},"thumbnailUrl":"http:\/\/vientosur.top\/museo\/wp-content\/uploads\/2018\/04\/DZ-2GpOXUAA7Cfe.jpg","datePublished":"2018-04-05T16:20:25+00:00","author":{"@id":"http:\/\/vientosur.top\/museo\/#\/schema\/person\/20c79d3c38800971feec8c2693c3dd9c"},"breadcrumb":{"@id":"http:\/\/vientosur.top\/museo\/fundacion-cepas-museo-violeta-parra-sellaron-acuerdo-colaboracion-pabellon-83-lota\/#breadcrumb"},"inLanguage":"es","potentialAction":[{"@type":"ReadAction","target":["http:\/\/vientosur.top\/museo\/fundacion-cepas-museo-violeta-parra-sellaron-acuerdo-colaboracion-pabellon-83-lota\/"]}]},{"@type":"ImageObject","inLanguage":"es","@id":"http:\/\/vientosur.top\/museo\/fundacion-cepas-museo-violeta-parra-sellaron-acuerdo-colaboracion-pabellon-83-lota\/#primaryimage","url":"http:\/\/vientosur.top\/museo\/wp-content\/uploads\/2018\/04\/DZ-2GpOXUAA7Cfe.jpg","contentUrl":"http:\/\/vientosur.top\/museo\/wp-content\/uploads\/2018\/04\/DZ-2GpOXUAA7Cfe.jpg","width":1199,"height":817},{"@type":"BreadcrumbList","@id":"http:\/\/vientosur.top\/museo\/fundacion-cepas-museo-violeta-parra-sellaron-acuerdo-colaboracion-pabellon-83-lota\/#breadcrumb","itemListElement":[{"@type":"ListItem","position":1,"name":"Portada","item":"http:\/\/vientosur.top\/museo\/"},{"@type":"ListItem","position":2,"name":"Fundaci\u00f3n Cepas y Museo Violeta Parra sellaron acuerdo de colaboraci\u00f3n en Pabell\u00f3n 83 de Lota"}]},{"@type":"WebSite","@id":"http:\/\/vientosur.top\/museo\/#website","url":"http:\/\/vientosur.top\/museo\/","name":"Museo Violeta Parra","description":"Espacio que alberga tanto la memoria y legado creativo de la artista","potentialAction":[{"@type":"SearchAction","target":{"@type":"EntryPoint","urlTemplate":"http:\/\/vientosur.top\/museo\/?s={search_term_string}"},"query-input":{"@type":"PropertyValueSpecification","valueRequired":true,"valueName":"search_term_string"}}],"inLanguage":"es"},{"@type":"Person","@id":"http:\/\/vientosur.top\/museo\/#\/schema\/person\/20c79d3c38800971feec8c2693c3dd9c","name":"admin","image":{"@type":"ImageObject","inLanguage":"es","@id":"http:\/\/vientosur.top\/museo\/#\/schema\/person\/image\/","url":"https:\/\/secure.gravatar.com\/avatar\/713677ece3ffa642287213a80e5b773bce9ab81c269dd6d95102a990951c922f?s=96&d=mm&r=g","contentUrl":"https:\/\/secure.gravatar.com\/avatar\/713677ece3ffa642287213a80e5b773bce9ab81c269dd6d95102a990951c922f?s=96&d=mm&r=g","caption":"admin"},"sameAs":["http:\/\/vientosur.top\/museo"],"url":"http:\/\/vientosur.top\/museo\/author\/comunicacionesmvp\/"}]}},"_links":{"self":[{"href":"http:\/\/vientosur.top\/museo\/wp-json\/wp\/v2\/posts\/14450","targetHints":{"allow":["GET"]}}],"collection":[{"href":"http:\/\/vientosur.top\/museo\/wp-json\/wp\/v2\/posts"}],"about":[{"href":"http:\/\/vientosur.top\/museo\/wp-json\/wp\/v2\/types\/post"}],"author":[{"embeddable":true,"href":"http:\/\/vientosur.top\/museo\/wp-json\/wp\/v2\/users\/5"}],"replies":[{"embeddable":true,"href":"http:\/\/vientosur.top\/museo\/wp-json\/wp\/v2\/comments?post=14450"}],"version-history":[{"count":0,"href":"http:\/\/vientosur.top\/museo\/wp-json\/wp\/v2\/posts\/14450\/revisions"}],"wp:featuredmedia":[{"embeddable":true,"href":"http:\/\/vientosur.top\/museo\/wp-json\/wp\/v2\/media\/14452"}],"wp:attachment":[{"href":"http:\/\/vientosur.top\/museo\/wp-json\/wp\/v2\/media?parent=14450"}],"wp:term":[{"taxonomy":"category","embeddable":true,"href":"http:\/\/vientosur.top\/museo\/wp-json\/wp\/v2\/categories?post=14450"},{"taxonomy":"post_tag","embeddable":true,"href":"http:\/\/vientosur.top\/museo\/wp-json\/wp\/v2\/tags?post=14450"}],"curies":[{"name":"wp","href":"https:\/\/api.w.org\/{rel}","templated":true}]}}