{"id":14464,"date":"2018-04-06T14:02:48","date_gmt":"2018-04-06T19:02:48","guid":{"rendered":"http:\/\/vientosur.top\/museo\/?p=14464"},"modified":"2018-04-06T14:02:48","modified_gmt":"2018-04-06T19:02:48","slug":"museo-violeta-parra-suscribio-convenios-colaboracion-tres-instituciones-la-region-del-biobio","status":"publish","type":"post","link":"http:\/\/vientosur.top\/museo\/museo-violeta-parra-suscribio-convenios-colaboracion-tres-instituciones-la-region-del-biobio\/","title":{"rendered":"Museo Violeta Parra suscribi\u00f3 convenios de colaboraci\u00f3n con tres instituciones de la Regi\u00f3n del Biob\u00edo"},"content":{"rendered":"<p style=\"font-weight: 400;\"><strong><em>La Universidad de Concepci\u00f3n, el Teatro Regional del Biob\u00edo<\/em><\/strong><em><strong>\u00a0<\/strong><\/em><strong><em>y la Fundaci\u00f3n CEPAS son las organizaciones que trabajar\u00e1n junto al museo.<\/em><\/strong><\/p>\n<p>La C\u00e1tedra Violeta Parra de la Universidad de Concepci\u00f3n y \u00a0el Museo Violeta Parra suscribieron este mi\u00e9rcoles un Convenio de Cooperaci\u00f3n Acad\u00e9mica y Cultural, el cual \u00a0tiene -entre otros objetivos comunes- investigar, divulgar y preservar el legado de la vida y obra de Violeta Parra.<\/p>\n<p>&nbsp;<\/p>\n<p><a href=\"http:\/\/vientosur.top\/museo\/wp-content\/uploads\/2018\/04\/convenio.jpg\"><img fetchpriority=\"high\" decoding=\"async\" class=\"alignnone wp-image-14421 size-large\" src=\"http:\/\/vientosur.top\/museo\/wp-content\/uploads\/2018\/04\/convenio-1024x768.jpg\" alt=\"\" width=\"840\" height=\"630\" srcset=\"http:\/\/vientosur.top\/museo\/wp-content\/uploads\/2018\/04\/convenio-1024x768.jpg 1024w, http:\/\/vientosur.top\/museo\/wp-content\/uploads\/2018\/04\/convenio-600x450.jpg 600w, http:\/\/vientosur.top\/museo\/wp-content\/uploads\/2018\/04\/convenio-300x225.jpg 300w, http:\/\/vientosur.top\/museo\/wp-content\/uploads\/2018\/04\/convenio-768x576.jpg 768w, http:\/\/vientosur.top\/museo\/wp-content\/uploads\/2018\/04\/convenio.jpg 1200w\" sizes=\"(max-width: 840px) 100vw, 840px\" \/><\/a><\/p>\n<p>Cecilia Garc\u00eda-Huidobro, Directora del Museo, y Jorge Rojas Hern\u00e1ndez, Vicerrector de Relaciones Institucionales y Vinculaci\u00f3n con el Medio del plantel, suscribieron el acuerdo con la asistencia del comit\u00e9 de la C\u00e1tedra Violeta Parra. Durante el acto, se comentaron los avances de la C\u00e1tedra as\u00ed\u00a0como los planes futuros.<\/p>\n<p>La Directora del Museo manifest\u00f3 la importancia del convenio, no solo con expresi\u00f3n de voluntades si no que con cronogramas y planes concretos. Por su parte el Vicerrector destac\u00f3 el aporte de la regi\u00f3n en la vida y obra de Violeta Parra.<\/p>\n<p>&nbsp;<\/p>\n<p>&nbsp;<\/p>\n<p><a href=\"http:\/\/vientosur.top\/museo\/wp-content\/uploads\/2018\/04\/DZ-2GpOXUAA7Cfe.jpg\"><img decoding=\"async\" class=\"alignnone wp-image-14452 size-large\" src=\"http:\/\/vientosur.top\/museo\/wp-content\/uploads\/2018\/04\/DZ-2GpOXUAA7Cfe-1024x698.jpg\" alt=\"\" width=\"840\" height=\"573\" srcset=\"http:\/\/vientosur.top\/museo\/wp-content\/uploads\/2018\/04\/DZ-2GpOXUAA7Cfe-1024x698.jpg 1024w, http:\/\/vientosur.top\/museo\/wp-content\/uploads\/2018\/04\/DZ-2GpOXUAA7Cfe-600x409.jpg 600w, http:\/\/vientosur.top\/museo\/wp-content\/uploads\/2018\/04\/DZ-2GpOXUAA7Cfe-300x204.jpg 300w, http:\/\/vientosur.top\/museo\/wp-content\/uploads\/2018\/04\/DZ-2GpOXUAA7Cfe-768x523.jpg 768w, http:\/\/vientosur.top\/museo\/wp-content\/uploads\/2018\/04\/DZ-2GpOXUAA7Cfe.jpg 1199w\" sizes=\"(max-width: 840px) 100vw, 840px\" \/><\/a><\/p>\n<p><strong>Museo sin fronteras<\/strong><\/p>\n<p>En Pabell\u00f3n 83, de la ciudad de Lota, se firm\u00f3 un convenio entre la Fundaci\u00f3n Cepas y el Museo Violeta Parra. El centro comunitario, ubicado en un monumento hist\u00f3rico nacional que data del a\u00f1o 1905 y que da cuenta de la arquitectura urbana y modos de vida de la miner\u00eda del carb\u00f3n, es parte de la misi\u00f3n con que la Fundaci\u00f3n Cepas desarrolla su labor.<\/p>\n<p>Mario Cabrera, Presidente de la Fundaci\u00f3n Cepas, se\u00f1al\u00f3 la importancia de la colaboraci\u00f3n que se establece por cuanto la figura de Violeta Parra tiene directa relaci\u00f3n con el esp\u00edritu comunitario que se releva en Lota. Cecilia Garc\u00eda-Huidobro, Directora del Museo Violeta Parra, expres\u00f3 la satisfacci\u00f3n y est\u00edmulo que para el museo significa que el legado patrimonial que se cautela en Lota se vincule de forma colaborativa con el de Violeta Parra. Vasili Carrillo enfatiz\u00f3 el hecho de que el Municipio de Lota cuente con una unidad patrimonial que coopere con las instancias que quieren implementarse.<\/p>\n<p>&nbsp;<\/p>\n<p>&nbsp;<\/p>\n<p><a href=\"http:\/\/vientosur.top\/museo\/wp-content\/uploads\/2018\/04\/tbb.jpg\"><img decoding=\"async\" class=\"alignnone wp-image-14451 size-large\" src=\"http:\/\/vientosur.top\/museo\/wp-content\/uploads\/2018\/04\/tbb-1024x771.jpg\" alt=\"\" width=\"840\" height=\"632\" srcset=\"http:\/\/vientosur.top\/museo\/wp-content\/uploads\/2018\/04\/tbb-1024x771.jpg 1024w, http:\/\/vientosur.top\/museo\/wp-content\/uploads\/2018\/04\/tbb-600x452.jpg 600w, http:\/\/vientosur.top\/museo\/wp-content\/uploads\/2018\/04\/tbb-300x226.jpg 300w, http:\/\/vientosur.top\/museo\/wp-content\/uploads\/2018\/04\/tbb-768x579.jpg 768w, http:\/\/vientosur.top\/museo\/wp-content\/uploads\/2018\/04\/tbb.jpg 1200w\" sizes=\"(max-width: 840px) 100vw, 840px\" \/><\/a><\/p>\n<p><strong>Teatro del Biob\u00edo<\/strong><\/p>\n<p>Realizar<strong>\u00a0<\/strong>actividades de difusi\u00f3n cultural y de desarrollo institucional en el \u00e1mbito de la cultura y las artes, son parte de los objetivos del Convenio de Cooperaci\u00f3n firmado el jueves entre la Corporaci\u00f3n Teatro Regional del Biob\u00edo y la Fundaci\u00f3n Museo Violeta Parra.<\/p>\n<p>En la ceremonia, que incluy\u00f3 un recorrido previo por las instalaciones del teatro, participaron el Presidente Corporaci\u00f3n Teatro Regional del Biob\u00edo, Mario Cabrera, su Directora ejecutiva, Francisca Per\u00f3, y Cecilia Garc\u00eda-Huidobro, Directora del Museo Violeta Parra.<\/p>\n<p>\u201cCon mucha alegr\u00eda estamos sellando esta alianza con el Museo Violeta Parra que pone en valor la obra y figura de la artista, en su museo, pero sin duda en lo m\u00e1s extenso de nuestro pa\u00eds y fuera de Chile. El a\u00f1o pasado fue el centenario de Violeta Parra, y como teatro, tenemos un recuerdo que nos acompa\u00f1ar\u00e1 por siempre, pues en nuestro mes inaugural tuvimos 3 actividades en torno a Violeta Parra: concierto sinf\u00f3nico inaugural,\u00a0<em>Paloma Ausente<\/em>\u00a0de la Patogallina y\u00a0<em>El P\u00e1jaro de Chile<\/em>\u201d, coment\u00f3 Francisca Per\u00f3, Directora ejecutiva del TRBB.<\/p>\n<p>En tanto, Cecilia Garc\u00eda-Huidobro, Directora del Museo Violeta Parra \u00a0destac\u00f3: \u201cEl convenio que estamos firmando con\u00a0 el flamante Teatro Biob\u00edo abre una colaboraci\u00f3n entre las dos instituciones de gran perspectiva. Violeta Parra vivi\u00f3 y desarroll\u00f3 una fruct\u00edfera labor en la regi\u00f3n y ese esp\u00edritu debe mantenerse vivo. El Teatro Biob\u00edo es un aporte cultural desde su misma arquitectura y no es casual que haya sido inaugurado con el recital\u00a0<em>Las \u00faltimas composiciones<\/em>,\u00a0 con los nietos de la artista; \u00c1ngel y Javiera Parra\u201d.<\/p>\n<p>&nbsp;<\/p>\n<h6>En la imagen superior: Mario Cabrera, Presidente del directorio del Teatro del Biob\u00edo; Cecilia Garc\u00eda-Huidobro, Directora del Museo Violeta Parra y Francisca Per\u00f3, Directora Ejecutiva del Teatro del Biob\u00edo.<\/h6>\n<p style=\"font-weight: 400;\"><strong>\u00a0<\/strong><\/p>\n<p style=\"font-weight: 400;\">\n","protected":false},"excerpt":{"rendered":"<p>La Universidad de Concepci\u00f3n, el Teatro Regional del Biob\u00edo\u00a0y la Fundaci\u00f3n CEPAS son las organizaciones que trabajar\u00e1n junto al museo. La C\u00e1tedra Violeta Parra de la Universidad de Concepci\u00f3n y \u00a0el Museo Violeta Parra suscribieron este mi\u00e9rcoles un Convenio de Cooperaci\u00f3n Acad\u00e9mica y Cultural, el cual \u00a0tiene -entre otros objetivos comunes- investigar, divulgar y preservar [&hellip;]<\/p>\n","protected":false},"author":5,"featured_media":14465,"comment_status":"open","ping_status":"open","sticky":false,"template":"","format":"standard","meta":{"site-sidebar-layout":"default","site-content-layout":"","ast-site-content-layout":"default","site-content-style":"default","site-sidebar-style":"default","ast-global-header-display":"","ast-banner-title-visibility":"","ast-main-header-display":"","ast-hfb-above-header-display":"","ast-hfb-below-header-display":"","ast-hfb-mobile-header-display":"","site-post-title":"","ast-breadcrumbs-content":"","ast-featured-img":"","footer-sml-layout":"","theme-transparent-header-meta":"","adv-header-id-meta":"","stick-header-meta":"","header-above-stick-meta":"","header-main-stick-meta":"","header-below-stick-meta":"","astra-migrate-meta-layouts":"default","ast-page-background-enabled":"default","ast-page-background-meta":{"desktop":{"background-color":"var(--ast-global-color-4)","background-image":"","background-repeat":"repeat","background-position":"center center","background-size":"auto","background-attachment":"scroll","background-type":"","background-media":"","overlay-type":"","overlay-color":"","overlay-opacity":"","overlay-gradient":""},"tablet":{"background-color":"","background-image":"","background-repeat":"repeat","background-position":"center center","background-size":"auto","background-attachment":"scroll","background-type":"","background-media":"","overlay-type":"","overlay-color":"","overlay-opacity":"","overlay-gradient":""},"mobile":{"background-color":"","background-image":"","background-repeat":"repeat","background-position":"center center","background-size":"auto","background-attachment":"scroll","background-type":"","background-media":"","overlay-type":"","overlay-color":"","overlay-opacity":"","overlay-gradient":""}},"ast-content-background-meta":{"desktop":{"background-color":"var(--ast-global-color-5)","background-image":"","background-repeat":"repeat","background-position":"center center","background-size":"auto","background-attachment":"scroll","background-type":"","background-media":"","overlay-type":"","overlay-color":"","overlay-opacity":"","overlay-gradient":""},"tablet":{"background-color":"var(--ast-global-color-5)","background-image":"","background-repeat":"repeat","background-position":"center center","background-size":"auto","background-attachment":"scroll","background-type":"","background-media":"","overlay-type":"","overlay-color":"","overlay-opacity":"","overlay-gradient":""},"mobile":{"background-color":"var(--ast-global-color-5)","background-image":"","background-repeat":"repeat","background-position":"center center","background-size":"auto","background-attachment":"scroll","background-type":"","background-media":"","overlay-type":"","overlay-color":"","overlay-opacity":"","overlay-gradient":""}},"footnotes":""},"categories":[59,8,61],"tags":[],"class_list":["post-14464","post","type-post","status-publish","format-standard","has-post-thumbnail","hentry","category-destacado-noticia","category-noticias","category-novedades"],"yoast_head":"<!-- This site is optimized with the Yoast SEO plugin v25.4 - https:\/\/yoast.com\/wordpress\/plugins\/seo\/ -->\n<title>Museo Violeta Parra suscribi\u00f3 convenios de colaboraci\u00f3n con tres instituciones de la Regi\u00f3n del Biob\u00edo - Museo Violeta Parra<\/title>\n<meta name=\"robots\" content=\"index, follow, max-snippet:-1, max-image-preview:large, max-video-preview:-1\" \/>\n<link rel=\"canonical\" href=\"http:\/\/vientosur.top\/museo\/museo-violeta-parra-suscribio-convenios-colaboracion-tres-instituciones-la-region-del-biobio\/\" \/>\n<meta property=\"og:locale\" content=\"es_ES\" \/>\n<meta property=\"og:type\" content=\"article\" \/>\n<meta property=\"og:title\" content=\"Museo Violeta Parra suscribi\u00f3 convenios de colaboraci\u00f3n con tres instituciones de la Regi\u00f3n del Biob\u00edo - Museo Violeta Parra\" \/>\n<meta property=\"og:description\" content=\"La Universidad de Concepci\u00f3n, el Teatro Regional del Biob\u00edo\u00a0y la Fundaci\u00f3n CEPAS son las organizaciones que trabajar\u00e1n junto al museo. La C\u00e1tedra Violeta Parra de la Universidad de Concepci\u00f3n y \u00a0el Museo Violeta Parra suscribieron este mi\u00e9rcoles un Convenio de Cooperaci\u00f3n Acad\u00e9mica y Cultural, el cual \u00a0tiene -entre otros objetivos comunes- investigar, divulgar y preservar [&hellip;]\" \/>\n<meta property=\"og:url\" content=\"http:\/\/vientosur.top\/museo\/museo-violeta-parra-suscribio-convenios-colaboracion-tres-instituciones-la-region-del-biobio\/\" \/>\n<meta property=\"og:site_name\" content=\"Museo Violeta Parra\" \/>\n<meta property=\"article:published_time\" content=\"2018-04-06T19:02:48+00:00\" \/>\n<meta property=\"og:image\" content=\"http:\/\/vientosur.top\/museo\/wp-content\/uploads\/2018\/04\/trbb7-1024x812.jpg\" \/>\n\t<meta property=\"og:image:width\" content=\"1024\" \/>\n\t<meta property=\"og:image:height\" content=\"812\" \/>\n\t<meta property=\"og:image:type\" content=\"image\/jpeg\" \/>\n<meta name=\"author\" content=\"admin\" \/>\n<meta name=\"twitter:card\" content=\"summary_large_image\" \/>\n<meta name=\"twitter:label1\" content=\"Escrito por\" \/>\n\t<meta name=\"twitter:data1\" content=\"admin\" \/>\n\t<meta name=\"twitter:label2\" content=\"Tiempo de lectura\" \/>\n\t<meta name=\"twitter:data2\" content=\"3 minutos\" \/>\n<script type=\"application\/ld+json\" class=\"yoast-schema-graph\">{\"@context\":\"https:\/\/schema.org\",\"@graph\":[{\"@type\":\"WebPage\",\"@id\":\"http:\/\/vientosur.top\/museo\/museo-violeta-parra-suscribio-convenios-colaboracion-tres-instituciones-la-region-del-biobio\/\",\"url\":\"http:\/\/vientosur.top\/museo\/museo-violeta-parra-suscribio-convenios-colaboracion-tres-instituciones-la-region-del-biobio\/\",\"name\":\"Museo Violeta Parra suscribi\u00f3 convenios de colaboraci\u00f3n con tres instituciones de la Regi\u00f3n del Biob\u00edo - Museo Violeta Parra\",\"isPartOf\":{\"@id\":\"http:\/\/vientosur.top\/museo\/#website\"},\"primaryImageOfPage\":{\"@id\":\"http:\/\/vientosur.top\/museo\/museo-violeta-parra-suscribio-convenios-colaboracion-tres-instituciones-la-region-del-biobio\/#primaryimage\"},\"image\":{\"@id\":\"http:\/\/vientosur.top\/museo\/museo-violeta-parra-suscribio-convenios-colaboracion-tres-instituciones-la-region-del-biobio\/#primaryimage\"},\"thumbnailUrl\":\"http:\/\/vientosur.top\/museo\/wp-content\/uploads\/2018\/04\/trbb7.jpg\",\"datePublished\":\"2018-04-06T19:02:48+00:00\",\"author\":{\"@id\":\"http:\/\/vientosur.top\/museo\/#\/schema\/person\/20c79d3c38800971feec8c2693c3dd9c\"},\"breadcrumb\":{\"@id\":\"http:\/\/vientosur.top\/museo\/museo-violeta-parra-suscribio-convenios-colaboracion-tres-instituciones-la-region-del-biobio\/#breadcrumb\"},\"inLanguage\":\"es\",\"potentialAction\":[{\"@type\":\"ReadAction\",\"target\":[\"http:\/\/vientosur.top\/museo\/museo-violeta-parra-suscribio-convenios-colaboracion-tres-instituciones-la-region-del-biobio\/\"]}]},{\"@type\":\"ImageObject\",\"inLanguage\":\"es\",\"@id\":\"http:\/\/vientosur.top\/museo\/museo-violeta-parra-suscribio-convenios-colaboracion-tres-instituciones-la-region-del-biobio\/#primaryimage\",\"url\":\"http:\/\/vientosur.top\/museo\/wp-content\/uploads\/2018\/04\/trbb7.jpg\",\"contentUrl\":\"http:\/\/vientosur.top\/museo\/wp-content\/uploads\/2018\/04\/trbb7.jpg\",\"width\":2414,\"height\":1914},{\"@type\":\"BreadcrumbList\",\"@id\":\"http:\/\/vientosur.top\/museo\/museo-violeta-parra-suscribio-convenios-colaboracion-tres-instituciones-la-region-del-biobio\/#breadcrumb\",\"itemListElement\":[{\"@type\":\"ListItem\",\"position\":1,\"name\":\"Portada\",\"item\":\"http:\/\/vientosur.top\/museo\/\"},{\"@type\":\"ListItem\",\"position\":2,\"name\":\"Museo Violeta Parra suscribi\u00f3 convenios de colaboraci\u00f3n con tres instituciones de la Regi\u00f3n del Biob\u00edo\"}]},{\"@type\":\"WebSite\",\"@id\":\"http:\/\/vientosur.top\/museo\/#website\",\"url\":\"http:\/\/vientosur.top\/museo\/\",\"name\":\"Museo Violeta Parra\",\"description\":\"Espacio que alberga tanto la memoria y legado creativo de la artista\",\"potentialAction\":[{\"@type\":\"SearchAction\",\"target\":{\"@type\":\"EntryPoint\",\"urlTemplate\":\"http:\/\/vientosur.top\/museo\/?s={search_term_string}\"},\"query-input\":{\"@type\":\"PropertyValueSpecification\",\"valueRequired\":true,\"valueName\":\"search_term_string\"}}],\"inLanguage\":\"es\"},{\"@type\":\"Person\",\"@id\":\"http:\/\/vientosur.top\/museo\/#\/schema\/person\/20c79d3c38800971feec8c2693c3dd9c\",\"name\":\"admin\",\"image\":{\"@type\":\"ImageObject\",\"inLanguage\":\"es\",\"@id\":\"http:\/\/vientosur.top\/museo\/#\/schema\/person\/image\/\",\"url\":\"https:\/\/secure.gravatar.com\/avatar\/713677ece3ffa642287213a80e5b773bce9ab81c269dd6d95102a990951c922f?s=96&d=mm&r=g\",\"contentUrl\":\"https:\/\/secure.gravatar.com\/avatar\/713677ece3ffa642287213a80e5b773bce9ab81c269dd6d95102a990951c922f?s=96&d=mm&r=g\",\"caption\":\"admin\"},\"sameAs\":[\"http:\/\/vientosur.top\/museo\"],\"url\":\"http:\/\/vientosur.top\/museo\/author\/comunicacionesmvp\/\"}]}<\/script>\n<!-- \/ Yoast SEO plugin. -->","yoast_head_json":{"title":"Museo Violeta Parra suscribi\u00f3 convenios de colaboraci\u00f3n con tres instituciones de la Regi\u00f3n del Biob\u00edo - Museo Violeta Parra","robots":{"index":"index","follow":"follow","max-snippet":"max-snippet:-1","max-image-preview":"max-image-preview:large","max-video-preview":"max-video-preview:-1"},"canonical":"http:\/\/vientosur.top\/museo\/museo-violeta-parra-suscribio-convenios-colaboracion-tres-instituciones-la-region-del-biobio\/","og_locale":"es_ES","og_type":"article","og_title":"Museo Violeta Parra suscribi\u00f3 convenios de colaboraci\u00f3n con tres instituciones de la Regi\u00f3n del Biob\u00edo - Museo Violeta Parra","og_description":"La Universidad de Concepci\u00f3n, el Teatro Regional del Biob\u00edo\u00a0y la Fundaci\u00f3n CEPAS son las organizaciones que trabajar\u00e1n junto al museo. La C\u00e1tedra Violeta Parra de la Universidad de Concepci\u00f3n y \u00a0el Museo Violeta Parra suscribieron este mi\u00e9rcoles un Convenio de Cooperaci\u00f3n Acad\u00e9mica y Cultural, el cual \u00a0tiene -entre otros objetivos comunes- investigar, divulgar y preservar [&hellip;]","og_url":"http:\/\/vientosur.top\/museo\/museo-violeta-parra-suscribio-convenios-colaboracion-tres-instituciones-la-region-del-biobio\/","og_site_name":"Museo Violeta Parra","article_published_time":"2018-04-06T19:02:48+00:00","og_image":[{"width":1024,"height":812,"url":"http:\/\/vientosur.top\/museo\/wp-content\/uploads\/2018\/04\/trbb7-1024x812.jpg","type":"image\/jpeg"}],"author":"admin","twitter_card":"summary_large_image","twitter_misc":{"Escrito por":"admin","Tiempo de lectura":"3 minutos"},"schema":{"@context":"https:\/\/schema.org","@graph":[{"@type":"WebPage","@id":"http:\/\/vientosur.top\/museo\/museo-violeta-parra-suscribio-convenios-colaboracion-tres-instituciones-la-region-del-biobio\/","url":"http:\/\/vientosur.top\/museo\/museo-violeta-parra-suscribio-convenios-colaboracion-tres-instituciones-la-region-del-biobio\/","name":"Museo Violeta Parra suscribi\u00f3 convenios de colaboraci\u00f3n con tres instituciones de la Regi\u00f3n del Biob\u00edo - Museo Violeta Parra","isPartOf":{"@id":"http:\/\/vientosur.top\/museo\/#website"},"primaryImageOfPage":{"@id":"http:\/\/vientosur.top\/museo\/museo-violeta-parra-suscribio-convenios-colaboracion-tres-instituciones-la-region-del-biobio\/#primaryimage"},"image":{"@id":"http:\/\/vientosur.top\/museo\/museo-violeta-parra-suscribio-convenios-colaboracion-tres-instituciones-la-region-del-biobio\/#primaryimage"},"thumbnailUrl":"http:\/\/vientosur.top\/museo\/wp-content\/uploads\/2018\/04\/trbb7.jpg","datePublished":"2018-04-06T19:02:48+00:00","author":{"@id":"http:\/\/vientosur.top\/museo\/#\/schema\/person\/20c79d3c38800971feec8c2693c3dd9c"},"breadcrumb":{"@id":"http:\/\/vientosur.top\/museo\/museo-violeta-parra-suscribio-convenios-colaboracion-tres-instituciones-la-region-del-biobio\/#breadcrumb"},"inLanguage":"es","potentialAction":[{"@type":"ReadAction","target":["http:\/\/vientosur.top\/museo\/museo-violeta-parra-suscribio-convenios-colaboracion-tres-instituciones-la-region-del-biobio\/"]}]},{"@type":"ImageObject","inLanguage":"es","@id":"http:\/\/vientosur.top\/museo\/museo-violeta-parra-suscribio-convenios-colaboracion-tres-instituciones-la-region-del-biobio\/#primaryimage","url":"http:\/\/vientosur.top\/museo\/wp-content\/uploads\/2018\/04\/trbb7.jpg","contentUrl":"http:\/\/vientosur.top\/museo\/wp-content\/uploads\/2018\/04\/trbb7.jpg","width":2414,"height":1914},{"@type":"BreadcrumbList","@id":"http:\/\/vientosur.top\/museo\/museo-violeta-parra-suscribio-convenios-colaboracion-tres-instituciones-la-region-del-biobio\/#breadcrumb","itemListElement":[{"@type":"ListItem","position":1,"name":"Portada","item":"http:\/\/vientosur.top\/museo\/"},{"@type":"ListItem","position":2,"name":"Museo Violeta Parra suscribi\u00f3 convenios de colaboraci\u00f3n con tres instituciones de la Regi\u00f3n del Biob\u00edo"}]},{"@type":"WebSite","@id":"http:\/\/vientosur.top\/museo\/#website","url":"http:\/\/vientosur.top\/museo\/","name":"Museo Violeta Parra","description":"Espacio que alberga tanto la memoria y legado creativo de la artista","potentialAction":[{"@type":"SearchAction","target":{"@type":"EntryPoint","urlTemplate":"http:\/\/vientosur.top\/museo\/?s={search_term_string}"},"query-input":{"@type":"PropertyValueSpecification","valueRequired":true,"valueName":"search_term_string"}}],"inLanguage":"es"},{"@type":"Person","@id":"http:\/\/vientosur.top\/museo\/#\/schema\/person\/20c79d3c38800971feec8c2693c3dd9c","name":"admin","image":{"@type":"ImageObject","inLanguage":"es","@id":"http:\/\/vientosur.top\/museo\/#\/schema\/person\/image\/","url":"https:\/\/secure.gravatar.com\/avatar\/713677ece3ffa642287213a80e5b773bce9ab81c269dd6d95102a990951c922f?s=96&d=mm&r=g","contentUrl":"https:\/\/secure.gravatar.com\/avatar\/713677ece3ffa642287213a80e5b773bce9ab81c269dd6d95102a990951c922f?s=96&d=mm&r=g","caption":"admin"},"sameAs":["http:\/\/vientosur.top\/museo"],"url":"http:\/\/vientosur.top\/museo\/author\/comunicacionesmvp\/"}]}},"_links":{"self":[{"href":"http:\/\/vientosur.top\/museo\/wp-json\/wp\/v2\/posts\/14464","targetHints":{"allow":["GET"]}}],"collection":[{"href":"http:\/\/vientosur.top\/museo\/wp-json\/wp\/v2\/posts"}],"about":[{"href":"http:\/\/vientosur.top\/museo\/wp-json\/wp\/v2\/types\/post"}],"author":[{"embeddable":true,"href":"http:\/\/vientosur.top\/museo\/wp-json\/wp\/v2\/users\/5"}],"replies":[{"embeddable":true,"href":"http:\/\/vientosur.top\/museo\/wp-json\/wp\/v2\/comments?post=14464"}],"version-history":[{"count":0,"href":"http:\/\/vientosur.top\/museo\/wp-json\/wp\/v2\/posts\/14464\/revisions"}],"wp:featuredmedia":[{"embeddable":true,"href":"http:\/\/vientosur.top\/museo\/wp-json\/wp\/v2\/media\/14465"}],"wp:attachment":[{"href":"http:\/\/vientosur.top\/museo\/wp-json\/wp\/v2\/media?parent=14464"}],"wp:term":[{"taxonomy":"category","embeddable":true,"href":"http:\/\/vientosur.top\/museo\/wp-json\/wp\/v2\/categories?post=14464"},{"taxonomy":"post_tag","embeddable":true,"href":"http:\/\/vientosur.top\/museo\/wp-json\/wp\/v2\/tags?post=14464"}],"curies":[{"name":"wp","href":"https:\/\/api.w.org\/{rel}","templated":true}]}}