{"id":14481,"date":"2018-04-15T09:19:20","date_gmt":"2018-04-15T14:19:20","guid":{"rendered":"http:\/\/vientosur.top\/museo\/?p=14481"},"modified":"2018-04-15T09:19:20","modified_gmt":"2018-04-15T14:19:20","slug":"reserva-entrada-gratis-recital-rosario-mena","status":"publish","type":"post","link":"http:\/\/vientosur.top\/museo\/reserva-entrada-gratis-recital-rosario-mena\/","title":{"rendered":"Rosario Mena present\u00f3 canciones de nuevo disco en la Sala Antar del Museo Violeta Parra"},"content":{"rendered":"<p>&nbsp;<\/p>\n<p>Tras la publicaci\u00f3n de <em>N\u00e1ufraga<\/em>, en 2013, la cantautora, periodista y gestora cultural chilena prepara su quinto disco, <em>Porvenir<\/em>, de cuyos temas ofreci\u00f3 un adelanto acompa\u00f1ada del guitarrista Nicol\u00e1s Figueroa y del pianista Lalo del Campo.<\/p>\n<p>&nbsp;<\/p>\n<p>La cantautora chilena Rosario Mena\u00a0 inicia su entrega musical en 1999 con el disco <em>Fe Ciega<\/em>,\u00a0 autoproducci\u00f3n\u00a0 en la cual mezcla canciones con bases electr\u00f3nicas, antecedente de diversos proyectos musicales femeninos que surgen en la d\u00e9cada de 2000 en la escena local.\u00a0 En 2002 lanza <em>Serial<\/em>, bajo etiqueta Sello Azul (SCD); en 2007 publica <em>Perpetua <\/em>de modo independiente \u00a0y en 2013, <em>N\u00e1ufraga<\/em>, con el sello Alterado Records.<\/p>\n<p>&nbsp;<\/p>\n<p>Una progresi\u00f3n que la consolida como cantautora y letrista, con un creciente predominio de lo ac\u00fastico sobre lo electr\u00f3nico, la participaci\u00f3n de destacados instrumentistas en su proyecto y la articulaci\u00f3n en conciertos compartidos con otras mujeres m\u00fasicos como Natalia Molina;\u00a0 Sol Aravena (Muza);\u00a0 Yael Meyer \u00a0y\u00a0 la cellista Angela Acu\u00f1a.\u00a0 Otros de \u00a0sus compa\u00f1eros habituales sobre el escenario son \u00a0Javier Barr\u00eda, Leo Quinteros y Rodrigo Santa Mar\u00eda. Ha realizado tambi\u00e9n actuaciones y grabaciones de canciones con Nicole, Manuel Garc\u00eda, Carlos Cabezas y el guitarronero y cantor a lo poeta, Alfonso Rubio.<\/p>\n<p>&nbsp;<\/p>\n<p>Las composiciones de su pr\u00f3ximo disco <em>Porvenir<\/em>, que se presentar\u00e1 el segundo semestre de 2018, proyectan su identidad musical enraizada en el pop folk femenino latinoamericano, con canciones que transitan por diversos g\u00e9neros y ritmos.\u00a0 Estas y otras de sus discos anteriores, que \u00a0han logrado amplia difusi\u00f3n radial hasta la fecha, son las \u00a0que present\u00f3 el s\u00e1bado 14 de abril en la Sala Antar del Museo Violeta Parra.<\/p>\n<p>&nbsp;<\/p>\n<p>La artista se present\u00f3 en compa\u00f1\u00eda del pianista, compositor y cantautor Lalo del Campo y del guitarrista Nicol\u00e1s Figueroa.<\/p>\n<p>&nbsp;<\/p>\n<p><a href=\"https:\/\/www.facebook.com\/pg\/MuseoVioletaParra\/photos\/?tab=album&amp;album_id=2093411790902231\" target=\"_blank\" rel=\"noopener noreferrer\"><strong>Ver galer\u00eda de im\u00e1genes\u00a0<\/strong><\/a><\/p>\n","protected":false},"excerpt":{"rendered":"<p>&nbsp; Tras la publicaci\u00f3n de N\u00e1ufraga, en 2013, la cantautora, periodista y gestora cultural chilena prepara su quinto disco, Porvenir, de cuyos temas ofreci\u00f3 un adelanto acompa\u00f1ada del guitarrista Nicol\u00e1s Figueroa y del pianista Lalo del Campo. &nbsp; La cantautora chilena Rosario Mena\u00a0 inicia su entrega musical en 1999 con el disco Fe Ciega,\u00a0 autoproducci\u00f3n\u00a0 [&hellip;]<\/p>\n","protected":false},"author":5,"featured_media":14544,"comment_status":"open","ping_status":"open","sticky":false,"template":"","format":"standard","meta":{"site-sidebar-layout":"default","site-content-layout":"","ast-site-content-layout":"default","site-content-style":"default","site-sidebar-style":"default","ast-global-header-display":"","ast-banner-title-visibility":"","ast-main-header-display":"","ast-hfb-above-header-display":"","ast-hfb-below-header-display":"","ast-hfb-mobile-header-display":"","site-post-title":"","ast-breadcrumbs-content":"","ast-featured-img":"","footer-sml-layout":"","theme-transparent-header-meta":"","adv-header-id-meta":"","stick-header-meta":"","header-above-stick-meta":"","header-main-stick-meta":"","header-below-stick-meta":"","astra-migrate-meta-layouts":"default","ast-page-background-enabled":"default","ast-page-background-meta":{"desktop":{"background-color":"var(--ast-global-color-4)","background-image":"","background-repeat":"repeat","background-position":"center center","background-size":"auto","background-attachment":"scroll","background-type":"","background-media":"","overlay-type":"","overlay-color":"","overlay-opacity":"","overlay-gradient":""},"tablet":{"background-color":"","background-image":"","background-repeat":"repeat","background-position":"center center","background-size":"auto","background-attachment":"scroll","background-type":"","background-media":"","overlay-type":"","overlay-color":"","overlay-opacity":"","overlay-gradient":""},"mobile":{"background-color":"","background-image":"","background-repeat":"repeat","background-position":"center center","background-size":"auto","background-attachment":"scroll","background-type":"","background-media":"","overlay-type":"","overlay-color":"","overlay-opacity":"","overlay-gradient":""}},"ast-content-background-meta":{"desktop":{"background-color":"var(--ast-global-color-5)","background-image":"","background-repeat":"repeat","background-position":"center center","background-size":"auto","background-attachment":"scroll","background-type":"","background-media":"","overlay-type":"","overlay-color":"","overlay-opacity":"","overlay-gradient":""},"tablet":{"background-color":"var(--ast-global-color-5)","background-image":"","background-repeat":"repeat","background-position":"center center","background-size":"auto","background-attachment":"scroll","background-type":"","background-media":"","overlay-type":"","overlay-color":"","overlay-opacity":"","overlay-gradient":""},"mobile":{"background-color":"var(--ast-global-color-5)","background-image":"","background-repeat":"repeat","background-position":"center center","background-size":"auto","background-attachment":"scroll","background-type":"","background-media":"","overlay-type":"","overlay-color":"","overlay-opacity":"","overlay-gradient":""}},"footnotes":""},"categories":[59,8,61],"tags":[],"class_list":["post-14481","post","type-post","status-publish","format-standard","has-post-thumbnail","hentry","category-destacado-noticia","category-noticias","category-novedades"],"yoast_head":"<!-- This site is optimized with the Yoast SEO plugin v25.4 - https:\/\/yoast.com\/wordpress\/plugins\/seo\/ -->\n<title>Rosario Mena present\u00f3 canciones de nuevo disco en la Sala Antar del Museo Violeta Parra - Museo Violeta Parra<\/title>\n<meta name=\"robots\" content=\"index, follow, max-snippet:-1, max-image-preview:large, max-video-preview:-1\" \/>\n<link rel=\"canonical\" href=\"http:\/\/vientosur.top\/museo\/reserva-entrada-gratis-recital-rosario-mena\/\" \/>\n<meta property=\"og:locale\" content=\"es_ES\" \/>\n<meta property=\"og:type\" content=\"article\" \/>\n<meta property=\"og:title\" content=\"Rosario Mena present\u00f3 canciones de nuevo disco en la Sala Antar del Museo Violeta Parra - Museo Violeta Parra\" \/>\n<meta property=\"og:description\" content=\"&nbsp; Tras la publicaci\u00f3n de N\u00e1ufraga, en 2013, la cantautora, periodista y gestora cultural chilena prepara su quinto disco, Porvenir, de cuyos temas ofreci\u00f3 un adelanto acompa\u00f1ada del guitarrista Nicol\u00e1s Figueroa y del pianista Lalo del Campo. &nbsp; La cantautora chilena Rosario Mena\u00a0 inicia su entrega musical en 1999 con el disco Fe Ciega,\u00a0 autoproducci\u00f3n\u00a0 [&hellip;]\" \/>\n<meta property=\"og:url\" content=\"http:\/\/vientosur.top\/museo\/reserva-entrada-gratis-recital-rosario-mena\/\" \/>\n<meta property=\"og:site_name\" content=\"Museo Violeta Parra\" \/>\n<meta property=\"article:published_time\" content=\"2018-04-15T14:19:20+00:00\" \/>\n<meta property=\"og:image\" content=\"http:\/\/vientosur.top\/museo\/wp-content\/uploads\/2018\/04\/rosariom-1024x681.jpg\" \/>\n\t<meta property=\"og:image:width\" content=\"1024\" \/>\n\t<meta property=\"og:image:height\" content=\"681\" \/>\n\t<meta property=\"og:image:type\" content=\"image\/jpeg\" \/>\n<meta name=\"author\" content=\"admin\" \/>\n<meta name=\"twitter:card\" content=\"summary_large_image\" \/>\n<meta name=\"twitter:label1\" content=\"Escrito por\" \/>\n\t<meta name=\"twitter:data1\" content=\"admin\" \/>\n\t<meta name=\"twitter:label2\" content=\"Tiempo de lectura\" \/>\n\t<meta name=\"twitter:data2\" content=\"2 minutos\" \/>\n<script type=\"application\/ld+json\" class=\"yoast-schema-graph\">{\"@context\":\"https:\/\/schema.org\",\"@graph\":[{\"@type\":\"WebPage\",\"@id\":\"http:\/\/vientosur.top\/museo\/reserva-entrada-gratis-recital-rosario-mena\/\",\"url\":\"http:\/\/vientosur.top\/museo\/reserva-entrada-gratis-recital-rosario-mena\/\",\"name\":\"Rosario Mena present\u00f3 canciones de nuevo disco en la Sala Antar del Museo Violeta Parra - Museo Violeta Parra\",\"isPartOf\":{\"@id\":\"http:\/\/vientosur.top\/museo\/#website\"},\"primaryImageOfPage\":{\"@id\":\"http:\/\/vientosur.top\/museo\/reserva-entrada-gratis-recital-rosario-mena\/#primaryimage\"},\"image\":{\"@id\":\"http:\/\/vientosur.top\/museo\/reserva-entrada-gratis-recital-rosario-mena\/#primaryimage\"},\"thumbnailUrl\":\"http:\/\/vientosur.top\/museo\/wp-content\/uploads\/2018\/04\/rosariom.jpg\",\"datePublished\":\"2018-04-15T14:19:20+00:00\",\"author\":{\"@id\":\"http:\/\/vientosur.top\/museo\/#\/schema\/person\/20c79d3c38800971feec8c2693c3dd9c\"},\"breadcrumb\":{\"@id\":\"http:\/\/vientosur.top\/museo\/reserva-entrada-gratis-recital-rosario-mena\/#breadcrumb\"},\"inLanguage\":\"es\",\"potentialAction\":[{\"@type\":\"ReadAction\",\"target\":[\"http:\/\/vientosur.top\/museo\/reserva-entrada-gratis-recital-rosario-mena\/\"]}]},{\"@type\":\"ImageObject\",\"inLanguage\":\"es\",\"@id\":\"http:\/\/vientosur.top\/museo\/reserva-entrada-gratis-recital-rosario-mena\/#primaryimage\",\"url\":\"http:\/\/vientosur.top\/museo\/wp-content\/uploads\/2018\/04\/rosariom.jpg\",\"contentUrl\":\"http:\/\/vientosur.top\/museo\/wp-content\/uploads\/2018\/04\/rosariom.jpg\",\"width\":2000,\"height\":1330},{\"@type\":\"BreadcrumbList\",\"@id\":\"http:\/\/vientosur.top\/museo\/reserva-entrada-gratis-recital-rosario-mena\/#breadcrumb\",\"itemListElement\":[{\"@type\":\"ListItem\",\"position\":1,\"name\":\"Portada\",\"item\":\"http:\/\/vientosur.top\/museo\/\"},{\"@type\":\"ListItem\",\"position\":2,\"name\":\"Rosario Mena present\u00f3 canciones de nuevo disco en la Sala Antar del Museo Violeta Parra\"}]},{\"@type\":\"WebSite\",\"@id\":\"http:\/\/vientosur.top\/museo\/#website\",\"url\":\"http:\/\/vientosur.top\/museo\/\",\"name\":\"Museo Violeta Parra\",\"description\":\"Espacio que alberga tanto la memoria y legado creativo de la artista\",\"potentialAction\":[{\"@type\":\"SearchAction\",\"target\":{\"@type\":\"EntryPoint\",\"urlTemplate\":\"http:\/\/vientosur.top\/museo\/?s={search_term_string}\"},\"query-input\":{\"@type\":\"PropertyValueSpecification\",\"valueRequired\":true,\"valueName\":\"search_term_string\"}}],\"inLanguage\":\"es\"},{\"@type\":\"Person\",\"@id\":\"http:\/\/vientosur.top\/museo\/#\/schema\/person\/20c79d3c38800971feec8c2693c3dd9c\",\"name\":\"admin\",\"image\":{\"@type\":\"ImageObject\",\"inLanguage\":\"es\",\"@id\":\"http:\/\/vientosur.top\/museo\/#\/schema\/person\/image\/\",\"url\":\"https:\/\/secure.gravatar.com\/avatar\/713677ece3ffa642287213a80e5b773bce9ab81c269dd6d95102a990951c922f?s=96&d=mm&r=g\",\"contentUrl\":\"https:\/\/secure.gravatar.com\/avatar\/713677ece3ffa642287213a80e5b773bce9ab81c269dd6d95102a990951c922f?s=96&d=mm&r=g\",\"caption\":\"admin\"},\"sameAs\":[\"http:\/\/vientosur.top\/museo\"],\"url\":\"http:\/\/vientosur.top\/museo\/author\/comunicacionesmvp\/\"}]}<\/script>\n<!-- \/ Yoast SEO plugin. -->","yoast_head_json":{"title":"Rosario Mena present\u00f3 canciones de nuevo disco en la Sala Antar del Museo Violeta Parra - Museo Violeta Parra","robots":{"index":"index","follow":"follow","max-snippet":"max-snippet:-1","max-image-preview":"max-image-preview:large","max-video-preview":"max-video-preview:-1"},"canonical":"http:\/\/vientosur.top\/museo\/reserva-entrada-gratis-recital-rosario-mena\/","og_locale":"es_ES","og_type":"article","og_title":"Rosario Mena present\u00f3 canciones de nuevo disco en la Sala Antar del Museo Violeta Parra - Museo Violeta Parra","og_description":"&nbsp; Tras la publicaci\u00f3n de N\u00e1ufraga, en 2013, la cantautora, periodista y gestora cultural chilena prepara su quinto disco, Porvenir, de cuyos temas ofreci\u00f3 un adelanto acompa\u00f1ada del guitarrista Nicol\u00e1s Figueroa y del pianista Lalo del Campo. &nbsp; La cantautora chilena Rosario Mena\u00a0 inicia su entrega musical en 1999 con el disco Fe Ciega,\u00a0 autoproducci\u00f3n\u00a0 [&hellip;]","og_url":"http:\/\/vientosur.top\/museo\/reserva-entrada-gratis-recital-rosario-mena\/","og_site_name":"Museo Violeta Parra","article_published_time":"2018-04-15T14:19:20+00:00","og_image":[{"width":1024,"height":681,"url":"http:\/\/vientosur.top\/museo\/wp-content\/uploads\/2018\/04\/rosariom-1024x681.jpg","type":"image\/jpeg"}],"author":"admin","twitter_card":"summary_large_image","twitter_misc":{"Escrito por":"admin","Tiempo de lectura":"2 minutos"},"schema":{"@context":"https:\/\/schema.org","@graph":[{"@type":"WebPage","@id":"http:\/\/vientosur.top\/museo\/reserva-entrada-gratis-recital-rosario-mena\/","url":"http:\/\/vientosur.top\/museo\/reserva-entrada-gratis-recital-rosario-mena\/","name":"Rosario Mena present\u00f3 canciones de nuevo disco en la Sala Antar del Museo Violeta Parra - Museo Violeta Parra","isPartOf":{"@id":"http:\/\/vientosur.top\/museo\/#website"},"primaryImageOfPage":{"@id":"http:\/\/vientosur.top\/museo\/reserva-entrada-gratis-recital-rosario-mena\/#primaryimage"},"image":{"@id":"http:\/\/vientosur.top\/museo\/reserva-entrada-gratis-recital-rosario-mena\/#primaryimage"},"thumbnailUrl":"http:\/\/vientosur.top\/museo\/wp-content\/uploads\/2018\/04\/rosariom.jpg","datePublished":"2018-04-15T14:19:20+00:00","author":{"@id":"http:\/\/vientosur.top\/museo\/#\/schema\/person\/20c79d3c38800971feec8c2693c3dd9c"},"breadcrumb":{"@id":"http:\/\/vientosur.top\/museo\/reserva-entrada-gratis-recital-rosario-mena\/#breadcrumb"},"inLanguage":"es","potentialAction":[{"@type":"ReadAction","target":["http:\/\/vientosur.top\/museo\/reserva-entrada-gratis-recital-rosario-mena\/"]}]},{"@type":"ImageObject","inLanguage":"es","@id":"http:\/\/vientosur.top\/museo\/reserva-entrada-gratis-recital-rosario-mena\/#primaryimage","url":"http:\/\/vientosur.top\/museo\/wp-content\/uploads\/2018\/04\/rosariom.jpg","contentUrl":"http:\/\/vientosur.top\/museo\/wp-content\/uploads\/2018\/04\/rosariom.jpg","width":2000,"height":1330},{"@type":"BreadcrumbList","@id":"http:\/\/vientosur.top\/museo\/reserva-entrada-gratis-recital-rosario-mena\/#breadcrumb","itemListElement":[{"@type":"ListItem","position":1,"name":"Portada","item":"http:\/\/vientosur.top\/museo\/"},{"@type":"ListItem","position":2,"name":"Rosario Mena present\u00f3 canciones de nuevo disco en la Sala Antar del Museo Violeta Parra"}]},{"@type":"WebSite","@id":"http:\/\/vientosur.top\/museo\/#website","url":"http:\/\/vientosur.top\/museo\/","name":"Museo Violeta Parra","description":"Espacio que alberga tanto la memoria y legado creativo de la artista","potentialAction":[{"@type":"SearchAction","target":{"@type":"EntryPoint","urlTemplate":"http:\/\/vientosur.top\/museo\/?s={search_term_string}"},"query-input":{"@type":"PropertyValueSpecification","valueRequired":true,"valueName":"search_term_string"}}],"inLanguage":"es"},{"@type":"Person","@id":"http:\/\/vientosur.top\/museo\/#\/schema\/person\/20c79d3c38800971feec8c2693c3dd9c","name":"admin","image":{"@type":"ImageObject","inLanguage":"es","@id":"http:\/\/vientosur.top\/museo\/#\/schema\/person\/image\/","url":"https:\/\/secure.gravatar.com\/avatar\/713677ece3ffa642287213a80e5b773bce9ab81c269dd6d95102a990951c922f?s=96&d=mm&r=g","contentUrl":"https:\/\/secure.gravatar.com\/avatar\/713677ece3ffa642287213a80e5b773bce9ab81c269dd6d95102a990951c922f?s=96&d=mm&r=g","caption":"admin"},"sameAs":["http:\/\/vientosur.top\/museo"],"url":"http:\/\/vientosur.top\/museo\/author\/comunicacionesmvp\/"}]}},"_links":{"self":[{"href":"http:\/\/vientosur.top\/museo\/wp-json\/wp\/v2\/posts\/14481","targetHints":{"allow":["GET"]}}],"collection":[{"href":"http:\/\/vientosur.top\/museo\/wp-json\/wp\/v2\/posts"}],"about":[{"href":"http:\/\/vientosur.top\/museo\/wp-json\/wp\/v2\/types\/post"}],"author":[{"embeddable":true,"href":"http:\/\/vientosur.top\/museo\/wp-json\/wp\/v2\/users\/5"}],"replies":[{"embeddable":true,"href":"http:\/\/vientosur.top\/museo\/wp-json\/wp\/v2\/comments?post=14481"}],"version-history":[{"count":0,"href":"http:\/\/vientosur.top\/museo\/wp-json\/wp\/v2\/posts\/14481\/revisions"}],"wp:featuredmedia":[{"embeddable":true,"href":"http:\/\/vientosur.top\/museo\/wp-json\/wp\/v2\/media\/14544"}],"wp:attachment":[{"href":"http:\/\/vientosur.top\/museo\/wp-json\/wp\/v2\/media?parent=14481"}],"wp:term":[{"taxonomy":"category","embeddable":true,"href":"http:\/\/vientosur.top\/museo\/wp-json\/wp\/v2\/categories?post=14481"},{"taxonomy":"post_tag","embeddable":true,"href":"http:\/\/vientosur.top\/museo\/wp-json\/wp\/v2\/tags?post=14481"}],"curies":[{"name":"wp","href":"https:\/\/api.w.org\/{rel}","templated":true}]}}