{"id":14487,"date":"2018-04-10T08:36:23","date_gmt":"2018-04-10T13:36:23","guid":{"rendered":"http:\/\/vientosur.top\/museo\/?p=14487"},"modified":"2018-04-10T08:36:23","modified_gmt":"2018-04-10T13:36:23","slug":"participa-concurso-literario-100-anos-margot-loyola","status":"publish","type":"post","link":"http:\/\/vientosur.top\/museo\/participa-concurso-literario-100-anos-margot-loyola\/","title":{"rendered":"Participa en el Concurso Literario \u00ab100 a\u00f1os de Margot Loyola\u00bb"},"content":{"rendered":"<p>El Museo Violeta Parra, la Universidad Cat\u00f3lica Cardenal Ra\u00fal Silva Henr\u00edquez, la Biblioteca Nacional, la Academia Nacional de Cultura Tradicional Margot Loyola Palacios y el Ministerio de las Culturas, las Artes y el Patrimonio invitan a participar del concurso literario \u00ab100 a\u00f1os de Margot Loyola\u00bb.<\/p>\n<p>&nbsp;<\/p>\n<p><strong>PARTICIPANTES<\/strong><br \/>\n1. Podr\u00e1n participar en el concurso todas las personas que residan permanentemente en Chile, y\/o chilenos residentes en el extranjero.<\/p>\n<p><strong>PLAZOS<\/strong><br \/>\n2. El plazo de recepci\u00f3n se abrir\u00e1 el d\u00eda martes 10 de abril del 2018, a las 12:00 horas, y se cerrar\u00e1 el viernes 10 de agosto del 2018, a las 12:00 horas, sin excepci\u00f3n.<\/p>\n<p><strong>TEM\u00c1TICA<\/strong><br \/>\n3. El tema de las obras literarias deber\u00e1 estar relacionados con la vida u obra de Margot Loyola.<\/p>\n<p><strong>FORMATO<\/strong><br \/>\n<strong> POES\u00cdA Y\/O CANCI\u00d3N<\/strong><br \/>\n4. Los poemas y\/o canciones no podr\u00e1n superar las tres planas de extensi\u00f3n, \u00e9l o los cuales se deben presentaren formato word, estos debe estar sujetos a las siguientes normas; tipo de Letra Arial y tama\u00f1o 12.<br \/>\n5. Cada participante podr\u00e1 presentar un m\u00e1ximo de dos corpus.<br \/>\n6. Se podr\u00e1n incluir palabras en lengua originaria con la respectiva explicaci\u00f3n de su significado.<br \/>\n7. Los corpus de poemas deber\u00e1n ser originales (de autor\u00eda propia) e in\u00e9ditas (no haber sido publicados antes, en cualquier formato, ni enviados a otro concurso). En caso de infringirse lo anterior, el participante ser\u00e1 descalificado. Este ser\u00e1 plenamente responsable por todo tipo de da\u00f1os, y los organizadores podr\u00e1n ejercer las acciones judiciales que correspondan.<\/p>\n<p><strong>NARRACI\u00d3N Y\/O CUENTO BREVE<\/strong><br \/>\n8. Las narraciones y\/o cuentos breves no podr\u00e1n superar las tres planas de extensi\u00f3n, \u00e9l o los cuales se deben presentar en formato word, estos debe estar sujetos a las siguientes normas; tipo de Letra Arial y tama\u00f1o 12.<br \/>\n9. Cada participante podr\u00e1 presentar un m\u00e1ximo de dos corpus.<br \/>\n10. Se podr\u00e1n incluir palabras en lengua originaria con la respectiva explicaci\u00f3n de su significado.<br \/>\n11. Los corpus de narraciones y\/o cuentos breves deber\u00e1n ser originales (de autor\u00eda propia) e in\u00e9ditas (no haber sido publicados antes, en cualquier formato, ni enviados a otro concurso). En caso de infringirse lo anterior, el participante ser\u00e1 descalificado. Este ser\u00e1 plenamente responsable por todo tipo de da\u00f1os, y los organizadores podr\u00e1n ejercer las acciones judiciales que correspondan.<\/p>\n<p><strong>CATEGOR\u00cdAS Y MENCIONES HONROSAS O ESPECIALES<\/strong><br \/>\n12. Las categor\u00edas del concurso son las siguientes para cada formato o g\u00e9nero:<br \/>\n13.El jurado seleccionar\u00e1 un primer, un segundo y un tercer lugar por categor\u00eda y menciones honrosas o especiales, todas las cuales ser\u00e1n publicados posteriormente en formato PDF.<br \/>\n14. Las corpus deber\u00e1n estar firmadas con el nombres y apellidos, indicando la ciudad de env\u00edo.<\/p>\n<p><strong>RESTRICCIONES<\/strong><br \/>\n15. Un mismo participante no podr\u00e1 concursar por m\u00e1s de una categor\u00eda.<br \/>\n16. Un mismo participante no podr\u00e1 obtener un premio (primer, segundo o tercer lugar) y una menci\u00f3n honrosa o especial.<\/p>\n<p><strong>ENV\u00cdO DE LAS OBRAS<\/strong><br \/>\n17. Las obras podr\u00e1n ser enviadas a trav\u00e9s de internet, al correo electr\u00f3nico matecito@bibliotecanacional.cl indicando en el asunto Concurso Literario (poes\u00eda\/ Narrativa- cuando corresponda). Tambi\u00e9n podr\u00e1n ser enviadas a Alameda N\u00b0 651. Biblioteca Nacional, Santiago de Chile, Concurso Literario Margot Loyola.<\/p>\n<p><strong>PREMIACIONES<\/strong><br \/>\n18. Quienes obtengan primeros lugares (primer, segundo y tercer lugar en cada categor\u00eda y menciones honrosas o especiales), ser\u00e1n invitados a una premiaci\u00f3n, que se realizar\u00e1 en un acto p\u00fablico el d\u00eda 4 de Octubre del 2018, en el Aula Magna de la Universidad Cat\u00f3lica Silva Henriquez donde se les har\u00e1 entrega de sus premios correspondientes, de lo contrario se les har\u00e1 llegar v\u00eda correo.<\/p>\n<p><strong>TRABAJOS GANADORES Y OBRAS POSTERIORES<\/strong><br \/>\n19. No se devolver\u00e1n los trabajos recibidos. Estos pasar\u00e1n a formar parte del Archivo de Literatura Oral y Tradiciones Populares de la Biblioteca Nacional de Santiago, y estar\u00e1n disponibles como material de consulta.<br \/>\n20. La sola participaci\u00f3n en el concurso implicar\u00e1 la aceptaci\u00f3n de estas bases y otorgar\u00e1 el derecho a los organizadores a editar, publicar, distribuir y reproducir en cualquier medio, las obras y los datos biogr\u00e1ficos de los participantes.<\/p>\n<p>&nbsp;<\/p>\n<p><a href=\"http:\/\/vientosur.top\/museo\/wp-content\/uploads\/2018\/04\/centenario_margot_loyola_ok.jpg\"><img fetchpriority=\"high\" decoding=\"async\" class=\"alignnone size-large wp-image-14536\" src=\"http:\/\/vientosur.top\/museo\/wp-content\/uploads\/2018\/04\/centenario_margot_loyola_ok-663x1024.jpg\" alt=\"\" width=\"663\" height=\"1024\" \/><\/a><\/p>\n","protected":false},"excerpt":{"rendered":"<p>El Museo Violeta Parra, la Universidad Cat\u00f3lica Cardenal Ra\u00fal Silva Henr\u00edquez, la Biblioteca Nacional, la Academia Nacional de Cultura Tradicional Margot Loyola Palacios y el Ministerio de las Culturas, las Artes y el Patrimonio invitan a participar del concurso literario \u00ab100 a\u00f1os de Margot Loyola\u00bb. &nbsp; PARTICIPANTES 1. Podr\u00e1n participar en el concurso todas las [&hellip;]<\/p>\n","protected":false},"author":5,"featured_media":14488,"comment_status":"open","ping_status":"open","sticky":false,"template":"","format":"standard","meta":{"site-sidebar-layout":"default","site-content-layout":"","ast-site-content-layout":"default","site-content-style":"default","site-sidebar-style":"default","ast-global-header-display":"","ast-banner-title-visibility":"","ast-main-header-display":"","ast-hfb-above-header-display":"","ast-hfb-below-header-display":"","ast-hfb-mobile-header-display":"","site-post-title":"","ast-breadcrumbs-content":"","ast-featured-img":"","footer-sml-layout":"","theme-transparent-header-meta":"","adv-header-id-meta":"","stick-header-meta":"","header-above-stick-meta":"","header-main-stick-meta":"","header-below-stick-meta":"","astra-migrate-meta-layouts":"default","ast-page-background-enabled":"default","ast-page-background-meta":{"desktop":{"background-color":"var(--ast-global-color-4)","background-image":"","background-repeat":"repeat","background-position":"center center","background-size":"auto","background-attachment":"scroll","background-type":"","background-media":"","overlay-type":"","overlay-color":"","overlay-opacity":"","overlay-gradient":""},"tablet":{"background-color":"","background-image":"","background-repeat":"repeat","background-position":"center center","background-size":"auto","background-attachment":"scroll","background-type":"","background-media":"","overlay-type":"","overlay-color":"","overlay-opacity":"","overlay-gradient":""},"mobile":{"background-color":"","background-image":"","background-repeat":"repeat","background-position":"center center","background-size":"auto","background-attachment":"scroll","background-type":"","background-media":"","overlay-type":"","overlay-color":"","overlay-opacity":"","overlay-gradient":""}},"ast-content-background-meta":{"desktop":{"background-color":"var(--ast-global-color-5)","background-image":"","background-repeat":"repeat","background-position":"center center","background-size":"auto","background-attachment":"scroll","background-type":"","background-media":"","overlay-type":"","overlay-color":"","overlay-opacity":"","overlay-gradient":""},"tablet":{"background-color":"var(--ast-global-color-5)","background-image":"","background-repeat":"repeat","background-position":"center center","background-size":"auto","background-attachment":"scroll","background-type":"","background-media":"","overlay-type":"","overlay-color":"","overlay-opacity":"","overlay-gradient":""},"mobile":{"background-color":"var(--ast-global-color-5)","background-image":"","background-repeat":"repeat","background-position":"center center","background-size":"auto","background-attachment":"scroll","background-type":"","background-media":"","overlay-type":"","overlay-color":"","overlay-opacity":"","overlay-gradient":""}},"footnotes":""},"categories":[59,8,61],"tags":[],"class_list":["post-14487","post","type-post","status-publish","format-standard","has-post-thumbnail","hentry","category-destacado-noticia","category-noticias","category-novedades"],"yoast_head":"<!-- This site is optimized with the Yoast SEO plugin v25.4 - https:\/\/yoast.com\/wordpress\/plugins\/seo\/ -->\n<title>Participa en el Concurso Literario &quot;100 a\u00f1os de Margot Loyola&quot; - Museo Violeta Parra<\/title>\n<meta name=\"robots\" content=\"index, follow, max-snippet:-1, max-image-preview:large, max-video-preview:-1\" \/>\n<link rel=\"canonical\" href=\"http:\/\/vientosur.top\/museo\/participa-concurso-literario-100-anos-margot-loyola\/\" \/>\n<meta property=\"og:locale\" content=\"es_ES\" \/>\n<meta property=\"og:type\" content=\"article\" \/>\n<meta property=\"og:title\" content=\"Participa en el Concurso Literario &quot;100 a\u00f1os de Margot Loyola&quot; - Museo Violeta Parra\" \/>\n<meta property=\"og:description\" content=\"El Museo Violeta Parra, la Universidad Cat\u00f3lica Cardenal Ra\u00fal Silva Henr\u00edquez, la Biblioteca Nacional, la Academia Nacional de Cultura Tradicional Margot Loyola Palacios y el Ministerio de las Culturas, las Artes y el Patrimonio invitan a participar del concurso literario \u00ab100 a\u00f1os de Margot Loyola\u00bb. &nbsp; PARTICIPANTES 1. Podr\u00e1n participar en el concurso todas las [&hellip;]\" \/>\n<meta property=\"og:url\" content=\"http:\/\/vientosur.top\/museo\/participa-concurso-literario-100-anos-margot-loyola\/\" \/>\n<meta property=\"og:site_name\" content=\"Museo Violeta Parra\" \/>\n<meta property=\"article:published_time\" content=\"2018-04-10T13:36:23+00:00\" \/>\n<meta property=\"og:image\" content=\"http:\/\/vientosur.top\/museo\/wp-content\/uploads\/2018\/04\/margot.jpg\" \/>\n\t<meta property=\"og:image:width\" content=\"1200\" \/>\n\t<meta property=\"og:image:height\" content=\"1426\" \/>\n\t<meta property=\"og:image:type\" content=\"image\/jpeg\" \/>\n<meta name=\"author\" content=\"admin\" \/>\n<meta name=\"twitter:card\" content=\"summary_large_image\" \/>\n<meta name=\"twitter:label1\" content=\"Escrito por\" \/>\n\t<meta name=\"twitter:data1\" content=\"admin\" \/>\n\t<meta name=\"twitter:label2\" content=\"Tiempo de lectura\" \/>\n\t<meta name=\"twitter:data2\" content=\"3 minutos\" \/>\n<script type=\"application\/ld+json\" class=\"yoast-schema-graph\">{\"@context\":\"https:\/\/schema.org\",\"@graph\":[{\"@type\":\"WebPage\",\"@id\":\"http:\/\/vientosur.top\/museo\/participa-concurso-literario-100-anos-margot-loyola\/\",\"url\":\"http:\/\/vientosur.top\/museo\/participa-concurso-literario-100-anos-margot-loyola\/\",\"name\":\"Participa en el Concurso Literario \\\"100 a\u00f1os de Margot Loyola\\\" - Museo Violeta Parra\",\"isPartOf\":{\"@id\":\"http:\/\/vientosur.top\/museo\/#website\"},\"primaryImageOfPage\":{\"@id\":\"http:\/\/vientosur.top\/museo\/participa-concurso-literario-100-anos-margot-loyola\/#primaryimage\"},\"image\":{\"@id\":\"http:\/\/vientosur.top\/museo\/participa-concurso-literario-100-anos-margot-loyola\/#primaryimage\"},\"thumbnailUrl\":\"http:\/\/vientosur.top\/museo\/wp-content\/uploads\/2018\/04\/margot.jpg\",\"datePublished\":\"2018-04-10T13:36:23+00:00\",\"author\":{\"@id\":\"http:\/\/vientosur.top\/museo\/#\/schema\/person\/20c79d3c38800971feec8c2693c3dd9c\"},\"breadcrumb\":{\"@id\":\"http:\/\/vientosur.top\/museo\/participa-concurso-literario-100-anos-margot-loyola\/#breadcrumb\"},\"inLanguage\":\"es\",\"potentialAction\":[{\"@type\":\"ReadAction\",\"target\":[\"http:\/\/vientosur.top\/museo\/participa-concurso-literario-100-anos-margot-loyola\/\"]}]},{\"@type\":\"ImageObject\",\"inLanguage\":\"es\",\"@id\":\"http:\/\/vientosur.top\/museo\/participa-concurso-literario-100-anos-margot-loyola\/#primaryimage\",\"url\":\"http:\/\/vientosur.top\/museo\/wp-content\/uploads\/2018\/04\/margot.jpg\",\"contentUrl\":\"http:\/\/vientosur.top\/museo\/wp-content\/uploads\/2018\/04\/margot.jpg\",\"width\":1200,\"height\":1426},{\"@type\":\"BreadcrumbList\",\"@id\":\"http:\/\/vientosur.top\/museo\/participa-concurso-literario-100-anos-margot-loyola\/#breadcrumb\",\"itemListElement\":[{\"@type\":\"ListItem\",\"position\":1,\"name\":\"Portada\",\"item\":\"http:\/\/vientosur.top\/museo\/\"},{\"@type\":\"ListItem\",\"position\":2,\"name\":\"Participa en el Concurso Literario \u00ab100 a\u00f1os de Margot Loyola\u00bb\"}]},{\"@type\":\"WebSite\",\"@id\":\"http:\/\/vientosur.top\/museo\/#website\",\"url\":\"http:\/\/vientosur.top\/museo\/\",\"name\":\"Museo Violeta Parra\",\"description\":\"Espacio que alberga tanto la memoria y legado creativo de la artista\",\"potentialAction\":[{\"@type\":\"SearchAction\",\"target\":{\"@type\":\"EntryPoint\",\"urlTemplate\":\"http:\/\/vientosur.top\/museo\/?s={search_term_string}\"},\"query-input\":{\"@type\":\"PropertyValueSpecification\",\"valueRequired\":true,\"valueName\":\"search_term_string\"}}],\"inLanguage\":\"es\"},{\"@type\":\"Person\",\"@id\":\"http:\/\/vientosur.top\/museo\/#\/schema\/person\/20c79d3c38800971feec8c2693c3dd9c\",\"name\":\"admin\",\"image\":{\"@type\":\"ImageObject\",\"inLanguage\":\"es\",\"@id\":\"http:\/\/vientosur.top\/museo\/#\/schema\/person\/image\/\",\"url\":\"https:\/\/secure.gravatar.com\/avatar\/713677ece3ffa642287213a80e5b773bce9ab81c269dd6d95102a990951c922f?s=96&d=mm&r=g\",\"contentUrl\":\"https:\/\/secure.gravatar.com\/avatar\/713677ece3ffa642287213a80e5b773bce9ab81c269dd6d95102a990951c922f?s=96&d=mm&r=g\",\"caption\":\"admin\"},\"sameAs\":[\"http:\/\/vientosur.top\/museo\"],\"url\":\"http:\/\/vientosur.top\/museo\/author\/comunicacionesmvp\/\"}]}<\/script>\n<!-- \/ Yoast SEO plugin. -->","yoast_head_json":{"title":"Participa en el Concurso Literario \"100 a\u00f1os de Margot Loyola\" - Museo Violeta Parra","robots":{"index":"index","follow":"follow","max-snippet":"max-snippet:-1","max-image-preview":"max-image-preview:large","max-video-preview":"max-video-preview:-1"},"canonical":"http:\/\/vientosur.top\/museo\/participa-concurso-literario-100-anos-margot-loyola\/","og_locale":"es_ES","og_type":"article","og_title":"Participa en el Concurso Literario \"100 a\u00f1os de Margot Loyola\" - Museo Violeta Parra","og_description":"El Museo Violeta Parra, la Universidad Cat\u00f3lica Cardenal Ra\u00fal Silva Henr\u00edquez, la Biblioteca Nacional, la Academia Nacional de Cultura Tradicional Margot Loyola Palacios y el Ministerio de las Culturas, las Artes y el Patrimonio invitan a participar del concurso literario \u00ab100 a\u00f1os de Margot Loyola\u00bb. &nbsp; PARTICIPANTES 1. Podr\u00e1n participar en el concurso todas las [&hellip;]","og_url":"http:\/\/vientosur.top\/museo\/participa-concurso-literario-100-anos-margot-loyola\/","og_site_name":"Museo Violeta Parra","article_published_time":"2018-04-10T13:36:23+00:00","og_image":[{"width":1200,"height":1426,"url":"http:\/\/vientosur.top\/museo\/wp-content\/uploads\/2018\/04\/margot.jpg","type":"image\/jpeg"}],"author":"admin","twitter_card":"summary_large_image","twitter_misc":{"Escrito por":"admin","Tiempo de lectura":"3 minutos"},"schema":{"@context":"https:\/\/schema.org","@graph":[{"@type":"WebPage","@id":"http:\/\/vientosur.top\/museo\/participa-concurso-literario-100-anos-margot-loyola\/","url":"http:\/\/vientosur.top\/museo\/participa-concurso-literario-100-anos-margot-loyola\/","name":"Participa en el Concurso Literario \"100 a\u00f1os de Margot Loyola\" - Museo Violeta Parra","isPartOf":{"@id":"http:\/\/vientosur.top\/museo\/#website"},"primaryImageOfPage":{"@id":"http:\/\/vientosur.top\/museo\/participa-concurso-literario-100-anos-margot-loyola\/#primaryimage"},"image":{"@id":"http:\/\/vientosur.top\/museo\/participa-concurso-literario-100-anos-margot-loyola\/#primaryimage"},"thumbnailUrl":"http:\/\/vientosur.top\/museo\/wp-content\/uploads\/2018\/04\/margot.jpg","datePublished":"2018-04-10T13:36:23+00:00","author":{"@id":"http:\/\/vientosur.top\/museo\/#\/schema\/person\/20c79d3c38800971feec8c2693c3dd9c"},"breadcrumb":{"@id":"http:\/\/vientosur.top\/museo\/participa-concurso-literario-100-anos-margot-loyola\/#breadcrumb"},"inLanguage":"es","potentialAction":[{"@type":"ReadAction","target":["http:\/\/vientosur.top\/museo\/participa-concurso-literario-100-anos-margot-loyola\/"]}]},{"@type":"ImageObject","inLanguage":"es","@id":"http:\/\/vientosur.top\/museo\/participa-concurso-literario-100-anos-margot-loyola\/#primaryimage","url":"http:\/\/vientosur.top\/museo\/wp-content\/uploads\/2018\/04\/margot.jpg","contentUrl":"http:\/\/vientosur.top\/museo\/wp-content\/uploads\/2018\/04\/margot.jpg","width":1200,"height":1426},{"@type":"BreadcrumbList","@id":"http:\/\/vientosur.top\/museo\/participa-concurso-literario-100-anos-margot-loyola\/#breadcrumb","itemListElement":[{"@type":"ListItem","position":1,"name":"Portada","item":"http:\/\/vientosur.top\/museo\/"},{"@type":"ListItem","position":2,"name":"Participa en el Concurso Literario \u00ab100 a\u00f1os de Margot Loyola\u00bb"}]},{"@type":"WebSite","@id":"http:\/\/vientosur.top\/museo\/#website","url":"http:\/\/vientosur.top\/museo\/","name":"Museo Violeta Parra","description":"Espacio que alberga tanto la memoria y legado creativo de la artista","potentialAction":[{"@type":"SearchAction","target":{"@type":"EntryPoint","urlTemplate":"http:\/\/vientosur.top\/museo\/?s={search_term_string}"},"query-input":{"@type":"PropertyValueSpecification","valueRequired":true,"valueName":"search_term_string"}}],"inLanguage":"es"},{"@type":"Person","@id":"http:\/\/vientosur.top\/museo\/#\/schema\/person\/20c79d3c38800971feec8c2693c3dd9c","name":"admin","image":{"@type":"ImageObject","inLanguage":"es","@id":"http:\/\/vientosur.top\/museo\/#\/schema\/person\/image\/","url":"https:\/\/secure.gravatar.com\/avatar\/713677ece3ffa642287213a80e5b773bce9ab81c269dd6d95102a990951c922f?s=96&d=mm&r=g","contentUrl":"https:\/\/secure.gravatar.com\/avatar\/713677ece3ffa642287213a80e5b773bce9ab81c269dd6d95102a990951c922f?s=96&d=mm&r=g","caption":"admin"},"sameAs":["http:\/\/vientosur.top\/museo"],"url":"http:\/\/vientosur.top\/museo\/author\/comunicacionesmvp\/"}]}},"_links":{"self":[{"href":"http:\/\/vientosur.top\/museo\/wp-json\/wp\/v2\/posts\/14487","targetHints":{"allow":["GET"]}}],"collection":[{"href":"http:\/\/vientosur.top\/museo\/wp-json\/wp\/v2\/posts"}],"about":[{"href":"http:\/\/vientosur.top\/museo\/wp-json\/wp\/v2\/types\/post"}],"author":[{"embeddable":true,"href":"http:\/\/vientosur.top\/museo\/wp-json\/wp\/v2\/users\/5"}],"replies":[{"embeddable":true,"href":"http:\/\/vientosur.top\/museo\/wp-json\/wp\/v2\/comments?post=14487"}],"version-history":[{"count":0,"href":"http:\/\/vientosur.top\/museo\/wp-json\/wp\/v2\/posts\/14487\/revisions"}],"wp:featuredmedia":[{"embeddable":true,"href":"http:\/\/vientosur.top\/museo\/wp-json\/wp\/v2\/media\/14488"}],"wp:attachment":[{"href":"http:\/\/vientosur.top\/museo\/wp-json\/wp\/v2\/media?parent=14487"}],"wp:term":[{"taxonomy":"category","embeddable":true,"href":"http:\/\/vientosur.top\/museo\/wp-json\/wp\/v2\/categories?post=14487"},{"taxonomy":"post_tag","embeddable":true,"href":"http:\/\/vientosur.top\/museo\/wp-json\/wp\/v2\/tags?post=14487"}],"curies":[{"name":"wp","href":"https:\/\/api.w.org\/{rel}","templated":true}]}}