{"id":14496,"date":"2018-04-10T15:04:36","date_gmt":"2018-04-10T20:04:36","guid":{"rendered":"http:\/\/vientosur.top\/museo\/?p=14496"},"modified":"2018-04-10T15:04:36","modified_gmt":"2018-04-10T20:04:36","slug":"concurso-canciones-la-comadre-margot-loyola-sera-lanzado-museo-violeta-parra","status":"publish","type":"post","link":"http:\/\/vientosur.top\/museo\/concurso-canciones-la-comadre-margot-loyola-sera-lanzado-museo-violeta-parra\/","title":{"rendered":"Concurso \u201cCanciones para la comadre Margot Loyola\u201d fue lanzado en el Museo Violeta Parra"},"content":{"rendered":"<p><em>En el Museo Violeta Parra se present\u00f3 el certamen que premiar\u00e1 a creaciones dedicadas a la artista, en el marco de las celebraciones por los 100 a\u00f1os de su natalicio.<\/em><\/p>\n<p>El mi\u00e9rcoles 11 de abril al mediod\u00eda se lanz\u00f3, en la Sala Antar del Museo Violeta Parra, el concurso \u201cCanciones para la comadre Margot Loyola\u201d. El certamen es organizado por la Universidad Cat\u00f3lica Cardenal Ra\u00fal Silva Henr\u00edquez, las Escuelas de Rock y M\u00fasica Popular, la Biblioteca Nacional y el Museo Violeta Parra.<\/p>\n<p>El acto cont\u00f3con la participaci\u00f3n de: \u00a0Cecilia Garc\u00eda-Huidobro, Directora del Museo Violeta Parra; \u00a0Pedro Pablo Zegers, Subdirector de la Biblioteca Nacional; Fernando Vergara, Vicerrector de Identidad y Desarrollo de la U. Cat\u00f3lica Silva Henr\u00edquez y Ricardo Luis Saavedra Valenzuela, Coordinador Ejecutivo del Programa \u201cLiberando Talento\u201d de la Escuela de Rock y M\u00fasica Popular.<\/p>\n<p>En el lanzamiento se present\u00f3 la banda de Temuco Alectrofobia, quienes interpretar\u00e1n canciones con bajo, guitarra, viol\u00edn, caj\u00f3n peruano y chelo.\u00a0 Adem\u00e1s, se proyect\u00f3 un video en el que diversas bandas nacionales invitan a homenajear a Margot.<\/p>\n<p><strong>M\u00fasicos homenajean a Margot en sus 100 a\u00f1os<\/strong><\/p>\n<p>En el concurso, abierto hasta el viernes 10 de agosto, podr\u00e1n participar chilenos, residentes en el pa\u00eds o chilenos residentes en el extranjero.<\/p>\n<p>Las canciones podr\u00e1n ser enviadas en cualquier formato digital, acompa\u00f1adas de las letras de la canci\u00f3n. Estas deber\u00e1n ser deber\u00e1n ser originales e in\u00e9ditas.<\/p>\n<p>Los trabajos recibidos pasar\u00e1n a formar parte del Archivo de Literatura Oral y Tradiciones Populares de la Biblioteca Nacional y estar\u00e1n disponibles como material de consulta.<\/p>\n<p>Las bases est\u00e1n disponibles en <a href=\"http:\/\/vientosur.top\/museo\">www.museovioletaparra.cl<\/a><\/p>\n<p><strong>Concurso literario<\/strong><\/p>\n<p>Este certamen se suma tambi\u00e9n al Concurso Literario \u201c100 a\u00f1os de Margot Loyola\u201d, presentado el 10 de abril en la Biblioteca Nacional. <a href=\"http:\/\/vientosur.top\/museo\/participa-concurso-literario-100-anos-margot-loyola\/\">Las bases se encuentran disponibles aqu\u00ed<\/a>.<\/p>\n<p>&nbsp;<\/p>\n<p>&nbsp;<\/p>\n<p><iframe src=\"https:\/\/www.youtube.com\/embed\/k4eoUUVq-Ag\" width=\"560\" height=\"315\" frameborder=\"0\" allowfullscreen=\"allowfullscreen\"><\/iframe><\/p>\n","protected":false},"excerpt":{"rendered":"<p>En el Museo Violeta Parra se present\u00f3 el certamen que premiar\u00e1 a creaciones dedicadas a la artista, en el marco de las celebraciones por los 100 a\u00f1os de su natalicio. El mi\u00e9rcoles 11 de abril al mediod\u00eda se lanz\u00f3, en la Sala Antar del Museo Violeta Parra, el concurso \u201cCanciones para la comadre Margot Loyola\u201d. [&hellip;]<\/p>\n","protected":false},"author":5,"featured_media":14511,"comment_status":"open","ping_status":"open","sticky":false,"template":"","format":"standard","meta":{"site-sidebar-layout":"default","site-content-layout":"","ast-site-content-layout":"default","site-content-style":"default","site-sidebar-style":"default","ast-global-header-display":"","ast-banner-title-visibility":"","ast-main-header-display":"","ast-hfb-above-header-display":"","ast-hfb-below-header-display":"","ast-hfb-mobile-header-display":"","site-post-title":"","ast-breadcrumbs-content":"","ast-featured-img":"","footer-sml-layout":"","theme-transparent-header-meta":"","adv-header-id-meta":"","stick-header-meta":"","header-above-stick-meta":"","header-main-stick-meta":"","header-below-stick-meta":"","astra-migrate-meta-layouts":"default","ast-page-background-enabled":"default","ast-page-background-meta":{"desktop":{"background-color":"var(--ast-global-color-4)","background-image":"","background-repeat":"repeat","background-position":"center center","background-size":"auto","background-attachment":"scroll","background-type":"","background-media":"","overlay-type":"","overlay-color":"","overlay-opacity":"","overlay-gradient":""},"tablet":{"background-color":"","background-image":"","background-repeat":"repeat","background-position":"center center","background-size":"auto","background-attachment":"scroll","background-type":"","background-media":"","overlay-type":"","overlay-color":"","overlay-opacity":"","overlay-gradient":""},"mobile":{"background-color":"","background-image":"","background-repeat":"repeat","background-position":"center center","background-size":"auto","background-attachment":"scroll","background-type":"","background-media":"","overlay-type":"","overlay-color":"","overlay-opacity":"","overlay-gradient":""}},"ast-content-background-meta":{"desktop":{"background-color":"var(--ast-global-color-5)","background-image":"","background-repeat":"repeat","background-position":"center center","background-size":"auto","background-attachment":"scroll","background-type":"","background-media":"","overlay-type":"","overlay-color":"","overlay-opacity":"","overlay-gradient":""},"tablet":{"background-color":"var(--ast-global-color-5)","background-image":"","background-repeat":"repeat","background-position":"center center","background-size":"auto","background-attachment":"scroll","background-type":"","background-media":"","overlay-type":"","overlay-color":"","overlay-opacity":"","overlay-gradient":""},"mobile":{"background-color":"var(--ast-global-color-5)","background-image":"","background-repeat":"repeat","background-position":"center center","background-size":"auto","background-attachment":"scroll","background-type":"","background-media":"","overlay-type":"","overlay-color":"","overlay-opacity":"","overlay-gradient":""}},"footnotes":""},"categories":[59,8,61],"tags":[],"class_list":["post-14496","post","type-post","status-publish","format-standard","has-post-thumbnail","hentry","category-destacado-noticia","category-noticias","category-novedades"],"yoast_head":"<!-- This site is optimized with the Yoast SEO plugin v25.4 - https:\/\/yoast.com\/wordpress\/plugins\/seo\/ -->\n<title>Concurso \u201cCanciones para la comadre Margot Loyola\u201d fue lanzado en el Museo Violeta Parra - Museo Violeta Parra<\/title>\n<meta name=\"robots\" content=\"index, follow, max-snippet:-1, max-image-preview:large, max-video-preview:-1\" \/>\n<link rel=\"canonical\" href=\"http:\/\/vientosur.top\/museo\/concurso-canciones-la-comadre-margot-loyola-sera-lanzado-museo-violeta-parra\/\" \/>\n<meta property=\"og:locale\" content=\"es_ES\" \/>\n<meta property=\"og:type\" content=\"article\" \/>\n<meta property=\"og:title\" content=\"Concurso \u201cCanciones para la comadre Margot Loyola\u201d fue lanzado en el Museo Violeta Parra - Museo Violeta Parra\" \/>\n<meta property=\"og:description\" content=\"En el Museo Violeta Parra se present\u00f3 el certamen que premiar\u00e1 a creaciones dedicadas a la artista, en el marco de las celebraciones por los 100 a\u00f1os de su natalicio. El mi\u00e9rcoles 11 de abril al mediod\u00eda se lanz\u00f3, en la Sala Antar del Museo Violeta Parra, el concurso \u201cCanciones para la comadre Margot Loyola\u201d. [&hellip;]\" \/>\n<meta property=\"og:url\" content=\"http:\/\/vientosur.top\/museo\/concurso-canciones-la-comadre-margot-loyola-sera-lanzado-museo-violeta-parra\/\" \/>\n<meta property=\"og:site_name\" content=\"Museo Violeta Parra\" \/>\n<meta property=\"article:published_time\" content=\"2018-04-10T20:04:36+00:00\" \/>\n<meta property=\"og:image\" content=\"http:\/\/vientosur.top\/museo\/wp-content\/uploads\/2018\/04\/comadres.jpg\" \/>\n\t<meta property=\"og:image:width\" content=\"1800\" \/>\n\t<meta property=\"og:image:height\" content=\"1197\" \/>\n\t<meta property=\"og:image:type\" content=\"image\/jpeg\" \/>\n<meta name=\"author\" content=\"admin\" \/>\n<meta name=\"twitter:card\" content=\"summary_large_image\" \/>\n<meta name=\"twitter:label1\" content=\"Escrito por\" \/>\n\t<meta name=\"twitter:data1\" content=\"admin\" \/>\n\t<meta name=\"twitter:label2\" content=\"Tiempo de lectura\" \/>\n\t<meta name=\"twitter:data2\" content=\"2 minutos\" \/>\n<script type=\"application\/ld+json\" class=\"yoast-schema-graph\">{\"@context\":\"https:\/\/schema.org\",\"@graph\":[{\"@type\":\"WebPage\",\"@id\":\"http:\/\/vientosur.top\/museo\/concurso-canciones-la-comadre-margot-loyola-sera-lanzado-museo-violeta-parra\/\",\"url\":\"http:\/\/vientosur.top\/museo\/concurso-canciones-la-comadre-margot-loyola-sera-lanzado-museo-violeta-parra\/\",\"name\":\"Concurso \u201cCanciones para la comadre Margot Loyola\u201d fue lanzado en el Museo Violeta Parra - Museo Violeta Parra\",\"isPartOf\":{\"@id\":\"http:\/\/vientosur.top\/museo\/#website\"},\"primaryImageOfPage\":{\"@id\":\"http:\/\/vientosur.top\/museo\/concurso-canciones-la-comadre-margot-loyola-sera-lanzado-museo-violeta-parra\/#primaryimage\"},\"image\":{\"@id\":\"http:\/\/vientosur.top\/museo\/concurso-canciones-la-comadre-margot-loyola-sera-lanzado-museo-violeta-parra\/#primaryimage\"},\"thumbnailUrl\":\"http:\/\/vientosur.top\/museo\/wp-content\/uploads\/2018\/04\/comadres.jpg\",\"datePublished\":\"2018-04-10T20:04:36+00:00\",\"author\":{\"@id\":\"http:\/\/vientosur.top\/museo\/#\/schema\/person\/20c79d3c38800971feec8c2693c3dd9c\"},\"breadcrumb\":{\"@id\":\"http:\/\/vientosur.top\/museo\/concurso-canciones-la-comadre-margot-loyola-sera-lanzado-museo-violeta-parra\/#breadcrumb\"},\"inLanguage\":\"es\",\"potentialAction\":[{\"@type\":\"ReadAction\",\"target\":[\"http:\/\/vientosur.top\/museo\/concurso-canciones-la-comadre-margot-loyola-sera-lanzado-museo-violeta-parra\/\"]}]},{\"@type\":\"ImageObject\",\"inLanguage\":\"es\",\"@id\":\"http:\/\/vientosur.top\/museo\/concurso-canciones-la-comadre-margot-loyola-sera-lanzado-museo-violeta-parra\/#primaryimage\",\"url\":\"http:\/\/vientosur.top\/museo\/wp-content\/uploads\/2018\/04\/comadres.jpg\",\"contentUrl\":\"http:\/\/vientosur.top\/museo\/wp-content\/uploads\/2018\/04\/comadres.jpg\",\"width\":1800,\"height\":1197},{\"@type\":\"BreadcrumbList\",\"@id\":\"http:\/\/vientosur.top\/museo\/concurso-canciones-la-comadre-margot-loyola-sera-lanzado-museo-violeta-parra\/#breadcrumb\",\"itemListElement\":[{\"@type\":\"ListItem\",\"position\":1,\"name\":\"Portada\",\"item\":\"http:\/\/vientosur.top\/museo\/\"},{\"@type\":\"ListItem\",\"position\":2,\"name\":\"Concurso \u201cCanciones para la comadre Margot Loyola\u201d fue lanzado en el Museo Violeta Parra\"}]},{\"@type\":\"WebSite\",\"@id\":\"http:\/\/vientosur.top\/museo\/#website\",\"url\":\"http:\/\/vientosur.top\/museo\/\",\"name\":\"Museo Violeta Parra\",\"description\":\"Espacio que alberga tanto la memoria y legado creativo de la artista\",\"potentialAction\":[{\"@type\":\"SearchAction\",\"target\":{\"@type\":\"EntryPoint\",\"urlTemplate\":\"http:\/\/vientosur.top\/museo\/?s={search_term_string}\"},\"query-input\":{\"@type\":\"PropertyValueSpecification\",\"valueRequired\":true,\"valueName\":\"search_term_string\"}}],\"inLanguage\":\"es\"},{\"@type\":\"Person\",\"@id\":\"http:\/\/vientosur.top\/museo\/#\/schema\/person\/20c79d3c38800971feec8c2693c3dd9c\",\"name\":\"admin\",\"image\":{\"@type\":\"ImageObject\",\"inLanguage\":\"es\",\"@id\":\"http:\/\/vientosur.top\/museo\/#\/schema\/person\/image\/\",\"url\":\"https:\/\/secure.gravatar.com\/avatar\/713677ece3ffa642287213a80e5b773bce9ab81c269dd6d95102a990951c922f?s=96&d=mm&r=g\",\"contentUrl\":\"https:\/\/secure.gravatar.com\/avatar\/713677ece3ffa642287213a80e5b773bce9ab81c269dd6d95102a990951c922f?s=96&d=mm&r=g\",\"caption\":\"admin\"},\"sameAs\":[\"http:\/\/vientosur.top\/museo\"],\"url\":\"http:\/\/vientosur.top\/museo\/author\/comunicacionesmvp\/\"}]}<\/script>\n<!-- \/ Yoast SEO plugin. -->","yoast_head_json":{"title":"Concurso \u201cCanciones para la comadre Margot Loyola\u201d fue lanzado en el Museo Violeta Parra - Museo Violeta Parra","robots":{"index":"index","follow":"follow","max-snippet":"max-snippet:-1","max-image-preview":"max-image-preview:large","max-video-preview":"max-video-preview:-1"},"canonical":"http:\/\/vientosur.top\/museo\/concurso-canciones-la-comadre-margot-loyola-sera-lanzado-museo-violeta-parra\/","og_locale":"es_ES","og_type":"article","og_title":"Concurso \u201cCanciones para la comadre Margot Loyola\u201d fue lanzado en el Museo Violeta Parra - Museo Violeta Parra","og_description":"En el Museo Violeta Parra se present\u00f3 el certamen que premiar\u00e1 a creaciones dedicadas a la artista, en el marco de las celebraciones por los 100 a\u00f1os de su natalicio. El mi\u00e9rcoles 11 de abril al mediod\u00eda se lanz\u00f3, en la Sala Antar del Museo Violeta Parra, el concurso \u201cCanciones para la comadre Margot Loyola\u201d. [&hellip;]","og_url":"http:\/\/vientosur.top\/museo\/concurso-canciones-la-comadre-margot-loyola-sera-lanzado-museo-violeta-parra\/","og_site_name":"Museo Violeta Parra","article_published_time":"2018-04-10T20:04:36+00:00","og_image":[{"width":1800,"height":1197,"url":"http:\/\/vientosur.top\/museo\/wp-content\/uploads\/2018\/04\/comadres.jpg","type":"image\/jpeg"}],"author":"admin","twitter_card":"summary_large_image","twitter_misc":{"Escrito por":"admin","Tiempo de lectura":"2 minutos"},"schema":{"@context":"https:\/\/schema.org","@graph":[{"@type":"WebPage","@id":"http:\/\/vientosur.top\/museo\/concurso-canciones-la-comadre-margot-loyola-sera-lanzado-museo-violeta-parra\/","url":"http:\/\/vientosur.top\/museo\/concurso-canciones-la-comadre-margot-loyola-sera-lanzado-museo-violeta-parra\/","name":"Concurso \u201cCanciones para la comadre Margot Loyola\u201d fue lanzado en el Museo Violeta Parra - Museo Violeta Parra","isPartOf":{"@id":"http:\/\/vientosur.top\/museo\/#website"},"primaryImageOfPage":{"@id":"http:\/\/vientosur.top\/museo\/concurso-canciones-la-comadre-margot-loyola-sera-lanzado-museo-violeta-parra\/#primaryimage"},"image":{"@id":"http:\/\/vientosur.top\/museo\/concurso-canciones-la-comadre-margot-loyola-sera-lanzado-museo-violeta-parra\/#primaryimage"},"thumbnailUrl":"http:\/\/vientosur.top\/museo\/wp-content\/uploads\/2018\/04\/comadres.jpg","datePublished":"2018-04-10T20:04:36+00:00","author":{"@id":"http:\/\/vientosur.top\/museo\/#\/schema\/person\/20c79d3c38800971feec8c2693c3dd9c"},"breadcrumb":{"@id":"http:\/\/vientosur.top\/museo\/concurso-canciones-la-comadre-margot-loyola-sera-lanzado-museo-violeta-parra\/#breadcrumb"},"inLanguage":"es","potentialAction":[{"@type":"ReadAction","target":["http:\/\/vientosur.top\/museo\/concurso-canciones-la-comadre-margot-loyola-sera-lanzado-museo-violeta-parra\/"]}]},{"@type":"ImageObject","inLanguage":"es","@id":"http:\/\/vientosur.top\/museo\/concurso-canciones-la-comadre-margot-loyola-sera-lanzado-museo-violeta-parra\/#primaryimage","url":"http:\/\/vientosur.top\/museo\/wp-content\/uploads\/2018\/04\/comadres.jpg","contentUrl":"http:\/\/vientosur.top\/museo\/wp-content\/uploads\/2018\/04\/comadres.jpg","width":1800,"height":1197},{"@type":"BreadcrumbList","@id":"http:\/\/vientosur.top\/museo\/concurso-canciones-la-comadre-margot-loyola-sera-lanzado-museo-violeta-parra\/#breadcrumb","itemListElement":[{"@type":"ListItem","position":1,"name":"Portada","item":"http:\/\/vientosur.top\/museo\/"},{"@type":"ListItem","position":2,"name":"Concurso \u201cCanciones para la comadre Margot Loyola\u201d fue lanzado en el Museo Violeta Parra"}]},{"@type":"WebSite","@id":"http:\/\/vientosur.top\/museo\/#website","url":"http:\/\/vientosur.top\/museo\/","name":"Museo Violeta Parra","description":"Espacio que alberga tanto la memoria y legado creativo de la artista","potentialAction":[{"@type":"SearchAction","target":{"@type":"EntryPoint","urlTemplate":"http:\/\/vientosur.top\/museo\/?s={search_term_string}"},"query-input":{"@type":"PropertyValueSpecification","valueRequired":true,"valueName":"search_term_string"}}],"inLanguage":"es"},{"@type":"Person","@id":"http:\/\/vientosur.top\/museo\/#\/schema\/person\/20c79d3c38800971feec8c2693c3dd9c","name":"admin","image":{"@type":"ImageObject","inLanguage":"es","@id":"http:\/\/vientosur.top\/museo\/#\/schema\/person\/image\/","url":"https:\/\/secure.gravatar.com\/avatar\/713677ece3ffa642287213a80e5b773bce9ab81c269dd6d95102a990951c922f?s=96&d=mm&r=g","contentUrl":"https:\/\/secure.gravatar.com\/avatar\/713677ece3ffa642287213a80e5b773bce9ab81c269dd6d95102a990951c922f?s=96&d=mm&r=g","caption":"admin"},"sameAs":["http:\/\/vientosur.top\/museo"],"url":"http:\/\/vientosur.top\/museo\/author\/comunicacionesmvp\/"}]}},"_links":{"self":[{"href":"http:\/\/vientosur.top\/museo\/wp-json\/wp\/v2\/posts\/14496","targetHints":{"allow":["GET"]}}],"collection":[{"href":"http:\/\/vientosur.top\/museo\/wp-json\/wp\/v2\/posts"}],"about":[{"href":"http:\/\/vientosur.top\/museo\/wp-json\/wp\/v2\/types\/post"}],"author":[{"embeddable":true,"href":"http:\/\/vientosur.top\/museo\/wp-json\/wp\/v2\/users\/5"}],"replies":[{"embeddable":true,"href":"http:\/\/vientosur.top\/museo\/wp-json\/wp\/v2\/comments?post=14496"}],"version-history":[{"count":0,"href":"http:\/\/vientosur.top\/museo\/wp-json\/wp\/v2\/posts\/14496\/revisions"}],"wp:featuredmedia":[{"embeddable":true,"href":"http:\/\/vientosur.top\/museo\/wp-json\/wp\/v2\/media\/14511"}],"wp:attachment":[{"href":"http:\/\/vientosur.top\/museo\/wp-json\/wp\/v2\/media?parent=14496"}],"wp:term":[{"taxonomy":"category","embeddable":true,"href":"http:\/\/vientosur.top\/museo\/wp-json\/wp\/v2\/categories?post=14496"},{"taxonomy":"post_tag","embeddable":true,"href":"http:\/\/vientosur.top\/museo\/wp-json\/wp\/v2\/tags?post=14496"}],"curies":[{"name":"wp","href":"https:\/\/api.w.org\/{rel}","templated":true}]}}