{"id":14520,"date":"2018-04-12T10:57:38","date_gmt":"2018-04-12T15:57:38","guid":{"rendered":"http:\/\/vientosur.top\/museo\/?p=14520"},"modified":"2018-04-12T10:57:38","modified_gmt":"2018-04-12T15:57:38","slug":"novela-violeta-nicanor-patricia-cerda-sera-presentada-esta-tarde-museo-violeta-parra","status":"publish","type":"post","link":"http:\/\/vientosur.top\/museo\/novela-violeta-nicanor-patricia-cerda-sera-presentada-esta-tarde-museo-violeta-parra\/","title":{"rendered":"Exitosa presentaci\u00f3n de \u00abVioleta &#038; Nicanor\u00bb, de Patricia Cerda, en el Museo Violeta Parra"},"content":{"rendered":"<div class=\"page-wrapper\">\n<div class=\"sections-container\">\n<div id=\"page-header\" class=\"header-style-light\" data-imgready=\"true\"><a href=\"http:\/\/vientosur.top\/museo\/wp-content\/uploads\/2018\/04\/vn1.jpg\"><img fetchpriority=\"high\" decoding=\"async\" class=\"wp-image-14528 size-full aligncenter\" src=\"http:\/\/vientosur.top\/museo\/wp-content\/uploads\/2018\/04\/vn1.jpg\" alt=\"\" width=\"600\" height=\"521\" \/><\/a><\/div>\n<article id=\"post-14295\" class=\"page-body style-light-bg post-14295 event type-event status-publish has-post-thumbnail hentry event-category-libro\">\n<div class=\"post-wrapper\">\n<div class=\"post-body\">\n<div class=\"post-content\">\n<div class=\"row-container\">\n<div class=\"row row-parent style-light double-top-padding double-bottom-padding\">\n<p>La tarde del jueves 12 de abril se present\u00f3 la novela <em>Violeta &amp; Nicanor,<\/em> escrita por Patricia Cerda, en la Sala Antar del Museo Violeta Parra. La actividad cont\u00f3 con la participaci\u00f3n de: Cecilia Garc\u00eda-Huidobro, Directora del Museo Violeta Parra;el editor Diego Gonz\u00e1lez, la escritora Patricia Cerda y el soci\u00f3logo Luciano Ojeda.\u00a0 Al finalizar el encuentro la autora firmar\u00e1 ejemplares y se ofrecer\u00e1 un vino de honor.<\/p>\n<p><strong>Sobre el libro\u00a0<\/strong><\/p>\n<p>Una escritora chilena residente en Berl\u00edn viaja a Chile a investigar la relaci\u00f3n entre Violeta y Nicanor Parra para escribir una novela. Desde la Sala de Investigadores de la Biblioteca Nacional y en sus excursiones por el pa\u00eds, va descubriendo el car\u00e1cter y el v\u00ednculo entre los hermanos, y los caminos que ellos abrieron en el laber\u00edntico siglo XX. En la medida en que sigue sus huellas y b\u00fasquedas, se va compenetrando con sus ideas, amores y andanzas.<\/p>\n<p><em><br \/>\nVioleta &amp; Nicanor<\/em>\u00a0es una novela sobre dos gigantes de la cultura mundial, pero tambi\u00e9n del pa\u00eds en que les toc\u00f3 nacer. Patricia Cerda, con una mirada profunda y reveladora, une a los hermanos y sus historias con una intimidad nunca antes contada. La publicaci\u00f3n ser\u00e1 presentada por Luciano Ojeda y Diego Gonz\u00e1lez. Fuente: Editorial Planeta<\/p>\n<p><strong><br \/>\nSobre la autora<br \/>\n<\/strong><br \/>\nPatricia Cerda\u00a0naci\u00f3 en Concepci\u00f3n\u00a0en 1961. Desde 1986 reside\u00a0en Alemania. Es doctorada en Historia\u00a0en la Universidad Libre de\u00a0Berl\u00edn. Ha sido docente de Historia\u00a0Latinoamericana en la misma\u00a0universidad y de Comunicaci\u00f3n\u00a0Intercultural en la Universidad\u00a0Ludwig Maximilian de M\u00fanich.\u00a0Es escritora, historiadora y ensayista.\u00a0El 2013 public\u00f3 el volumen\u00a0de cuentos Entre mundos. Uno de\u00a0esos relatos fue traducido al alem\u00e1n\u00a0y publicado en la antolog\u00eda\u00a0Literatura chilena emergente de\u00a0la Revista Alba (Berl\u00edn, 2015). En\u00a0el 2016 public\u00f3 las novelas hist\u00f3ricas\u00a0<em>Mestiza<\/em>\u00a0y\u00a0<em>Rugendas<\/em>. Patricia\u00a0Cerda aborda, en sus ficciones, la\u00a0memoria cultural chilena y latinoamericana.<\/p>\n<\/div>\n<\/div>\n<\/div>\n<\/div>\n<\/div>\n<\/article>\n<\/div>\n<\/div>\n<div class=\"style-color-xsdn-bg row-container\" data-parent=\"true\" data-section=\"1\"><a href=\"https:\/\/www.facebook.com\/pg\/MuseoVioletaParra\/photos\/?tab=album&amp;album_id=2091914414385302\" target=\"_blank\" rel=\"noopener noreferrer\"><strong>Ver galer\u00eda de im\u00e1genes<\/strong><\/a><\/div>\n<div data-parent=\"true\" data-section=\"1\"><\/div>\n","protected":false},"excerpt":{"rendered":"<p>La tarde del jueves 12 de abril se present\u00f3 la novela Violeta &amp; Nicanor, escrita por Patricia Cerda, en la Sala Antar del Museo Violeta Parra. La actividad cont\u00f3 con la participaci\u00f3n de: Cecilia Garc\u00eda-Huidobro, Directora del Museo Violeta Parra;el editor Diego Gonz\u00e1lez, la escritora Patricia Cerda y el soci\u00f3logo Luciano Ojeda.\u00a0 Al finalizar el [&hellip;]<\/p>\n","protected":false},"author":5,"featured_media":14296,"comment_status":"open","ping_status":"open","sticky":false,"template":"","format":"standard","meta":{"site-sidebar-layout":"default","site-content-layout":"","ast-site-content-layout":"default","site-content-style":"default","site-sidebar-style":"default","ast-global-header-display":"","ast-banner-title-visibility":"","ast-main-header-display":"","ast-hfb-above-header-display":"","ast-hfb-below-header-display":"","ast-hfb-mobile-header-display":"","site-post-title":"","ast-breadcrumbs-content":"","ast-featured-img":"","footer-sml-layout":"","theme-transparent-header-meta":"","adv-header-id-meta":"","stick-header-meta":"","header-above-stick-meta":"","header-main-stick-meta":"","header-below-stick-meta":"","astra-migrate-meta-layouts":"default","ast-page-background-enabled":"default","ast-page-background-meta":{"desktop":{"background-color":"var(--ast-global-color-4)","background-image":"","background-repeat":"repeat","background-position":"center center","background-size":"auto","background-attachment":"scroll","background-type":"","background-media":"","overlay-type":"","overlay-color":"","overlay-opacity":"","overlay-gradient":""},"tablet":{"background-color":"","background-image":"","background-repeat":"repeat","background-position":"center center","background-size":"auto","background-attachment":"scroll","background-type":"","background-media":"","overlay-type":"","overlay-color":"","overlay-opacity":"","overlay-gradient":""},"mobile":{"background-color":"","background-image":"","background-repeat":"repeat","background-position":"center center","background-size":"auto","background-attachment":"scroll","background-type":"","background-media":"","overlay-type":"","overlay-color":"","overlay-opacity":"","overlay-gradient":""}},"ast-content-background-meta":{"desktop":{"background-color":"var(--ast-global-color-5)","background-image":"","background-repeat":"repeat","background-position":"center center","background-size":"auto","background-attachment":"scroll","background-type":"","background-media":"","overlay-type":"","overlay-color":"","overlay-opacity":"","overlay-gradient":""},"tablet":{"background-color":"var(--ast-global-color-5)","background-image":"","background-repeat":"repeat","background-position":"center center","background-size":"auto","background-attachment":"scroll","background-type":"","background-media":"","overlay-type":"","overlay-color":"","overlay-opacity":"","overlay-gradient":""},"mobile":{"background-color":"var(--ast-global-color-5)","background-image":"","background-repeat":"repeat","background-position":"center center","background-size":"auto","background-attachment":"scroll","background-type":"","background-media":"","overlay-type":"","overlay-color":"","overlay-opacity":"","overlay-gradient":""}},"footnotes":""},"categories":[59,8,61],"tags":[],"class_list":["post-14520","post","type-post","status-publish","format-standard","has-post-thumbnail","hentry","category-destacado-noticia","category-noticias","category-novedades"],"yoast_head":"<!-- This site is optimized with the Yoast SEO plugin v25.4 - https:\/\/yoast.com\/wordpress\/plugins\/seo\/ -->\n<title>Exitosa presentaci\u00f3n de &quot;Violeta &amp; Nicanor&quot;, de Patricia Cerda, en el Museo Violeta Parra - Museo Violeta Parra<\/title>\n<meta name=\"robots\" content=\"index, follow, max-snippet:-1, max-image-preview:large, max-video-preview:-1\" \/>\n<link rel=\"canonical\" href=\"http:\/\/vientosur.top\/museo\/novela-violeta-nicanor-patricia-cerda-sera-presentada-esta-tarde-museo-violeta-parra\/\" \/>\n<meta property=\"og:locale\" content=\"es_ES\" \/>\n<meta property=\"og:type\" content=\"article\" \/>\n<meta property=\"og:title\" content=\"Exitosa presentaci\u00f3n de &quot;Violeta &amp; Nicanor&quot;, de Patricia Cerda, en el Museo Violeta Parra - Museo Violeta Parra\" \/>\n<meta property=\"og:description\" content=\"La tarde del jueves 12 de abril se present\u00f3 la novela Violeta &amp; Nicanor, escrita por Patricia Cerda, en la Sala Antar del Museo Violeta Parra. La actividad cont\u00f3 con la participaci\u00f3n de: Cecilia Garc\u00eda-Huidobro, Directora del Museo Violeta Parra;el editor Diego Gonz\u00e1lez, la escritora Patricia Cerda y el soci\u00f3logo Luciano Ojeda.\u00a0 Al finalizar el [&hellip;]\" \/>\n<meta property=\"og:url\" content=\"http:\/\/vientosur.top\/museo\/novela-violeta-nicanor-patricia-cerda-sera-presentada-esta-tarde-museo-violeta-parra\/\" \/>\n<meta property=\"og:site_name\" content=\"Museo Violeta Parra\" \/>\n<meta property=\"article:published_time\" content=\"2018-04-12T15:57:38+00:00\" \/>\n<meta property=\"og:image\" content=\"http:\/\/vientosur.top\/museo\/wp-content\/uploads\/2018\/03\/violeta-y-nicanor_patricia-cerda_201803011542-scaled.jpg\" \/>\n\t<meta property=\"og:image:width\" content=\"1601\" \/>\n\t<meta property=\"og:image:height\" content=\"2560\" \/>\n\t<meta property=\"og:image:type\" content=\"image\/jpeg\" \/>\n<meta name=\"author\" content=\"admin\" \/>\n<meta name=\"twitter:card\" content=\"summary_large_image\" \/>\n<meta name=\"twitter:label1\" content=\"Escrito por\" \/>\n\t<meta name=\"twitter:data1\" content=\"admin\" \/>\n\t<meta name=\"twitter:label2\" content=\"Tiempo de lectura\" \/>\n\t<meta name=\"twitter:data2\" content=\"2 minutos\" \/>\n<script type=\"application\/ld+json\" class=\"yoast-schema-graph\">{\"@context\":\"https:\/\/schema.org\",\"@graph\":[{\"@type\":\"WebPage\",\"@id\":\"http:\/\/vientosur.top\/museo\/novela-violeta-nicanor-patricia-cerda-sera-presentada-esta-tarde-museo-violeta-parra\/\",\"url\":\"http:\/\/vientosur.top\/museo\/novela-violeta-nicanor-patricia-cerda-sera-presentada-esta-tarde-museo-violeta-parra\/\",\"name\":\"Exitosa presentaci\u00f3n de \\\"Violeta & Nicanor\\\", de Patricia Cerda, en el Museo Violeta Parra - Museo Violeta Parra\",\"isPartOf\":{\"@id\":\"http:\/\/vientosur.top\/museo\/#website\"},\"primaryImageOfPage\":{\"@id\":\"http:\/\/vientosur.top\/museo\/novela-violeta-nicanor-patricia-cerda-sera-presentada-esta-tarde-museo-violeta-parra\/#primaryimage\"},\"image\":{\"@id\":\"http:\/\/vientosur.top\/museo\/novela-violeta-nicanor-patricia-cerda-sera-presentada-esta-tarde-museo-violeta-parra\/#primaryimage\"},\"thumbnailUrl\":\"http:\/\/vientosur.top\/museo\/wp-content\/uploads\/2018\/03\/violeta-y-nicanor_patricia-cerda_201803011542-scaled.jpg\",\"datePublished\":\"2018-04-12T15:57:38+00:00\",\"author\":{\"@id\":\"http:\/\/vientosur.top\/museo\/#\/schema\/person\/20c79d3c38800971feec8c2693c3dd9c\"},\"breadcrumb\":{\"@id\":\"http:\/\/vientosur.top\/museo\/novela-violeta-nicanor-patricia-cerda-sera-presentada-esta-tarde-museo-violeta-parra\/#breadcrumb\"},\"inLanguage\":\"es\",\"potentialAction\":[{\"@type\":\"ReadAction\",\"target\":[\"http:\/\/vientosur.top\/museo\/novela-violeta-nicanor-patricia-cerda-sera-presentada-esta-tarde-museo-violeta-parra\/\"]}]},{\"@type\":\"ImageObject\",\"inLanguage\":\"es\",\"@id\":\"http:\/\/vientosur.top\/museo\/novela-violeta-nicanor-patricia-cerda-sera-presentada-esta-tarde-museo-violeta-parra\/#primaryimage\",\"url\":\"http:\/\/vientosur.top\/museo\/wp-content\/uploads\/2018\/03\/violeta-y-nicanor_patricia-cerda_201803011542-scaled.jpg\",\"contentUrl\":\"http:\/\/vientosur.top\/museo\/wp-content\/uploads\/2018\/03\/violeta-y-nicanor_patricia-cerda_201803011542-scaled.jpg\",\"width\":1601,\"height\":2560},{\"@type\":\"BreadcrumbList\",\"@id\":\"http:\/\/vientosur.top\/museo\/novela-violeta-nicanor-patricia-cerda-sera-presentada-esta-tarde-museo-violeta-parra\/#breadcrumb\",\"itemListElement\":[{\"@type\":\"ListItem\",\"position\":1,\"name\":\"Portada\",\"item\":\"http:\/\/vientosur.top\/museo\/\"},{\"@type\":\"ListItem\",\"position\":2,\"name\":\"Exitosa presentaci\u00f3n de \u00abVioleta &#038; Nicanor\u00bb, de Patricia Cerda, en el Museo Violeta Parra\"}]},{\"@type\":\"WebSite\",\"@id\":\"http:\/\/vientosur.top\/museo\/#website\",\"url\":\"http:\/\/vientosur.top\/museo\/\",\"name\":\"Museo Violeta Parra\",\"description\":\"Espacio que alberga tanto la memoria y legado creativo de la artista\",\"potentialAction\":[{\"@type\":\"SearchAction\",\"target\":{\"@type\":\"EntryPoint\",\"urlTemplate\":\"http:\/\/vientosur.top\/museo\/?s={search_term_string}\"},\"query-input\":{\"@type\":\"PropertyValueSpecification\",\"valueRequired\":true,\"valueName\":\"search_term_string\"}}],\"inLanguage\":\"es\"},{\"@type\":\"Person\",\"@id\":\"http:\/\/vientosur.top\/museo\/#\/schema\/person\/20c79d3c38800971feec8c2693c3dd9c\",\"name\":\"admin\",\"image\":{\"@type\":\"ImageObject\",\"inLanguage\":\"es\",\"@id\":\"http:\/\/vientosur.top\/museo\/#\/schema\/person\/image\/\",\"url\":\"https:\/\/secure.gravatar.com\/avatar\/713677ece3ffa642287213a80e5b773bce9ab81c269dd6d95102a990951c922f?s=96&d=mm&r=g\",\"contentUrl\":\"https:\/\/secure.gravatar.com\/avatar\/713677ece3ffa642287213a80e5b773bce9ab81c269dd6d95102a990951c922f?s=96&d=mm&r=g\",\"caption\":\"admin\"},\"sameAs\":[\"http:\/\/vientosur.top\/museo\"],\"url\":\"http:\/\/vientosur.top\/museo\/author\/comunicacionesmvp\/\"}]}<\/script>\n<!-- \/ Yoast SEO plugin. -->","yoast_head_json":{"title":"Exitosa presentaci\u00f3n de \"Violeta & Nicanor\", de Patricia Cerda, en el Museo Violeta Parra - Museo Violeta Parra","robots":{"index":"index","follow":"follow","max-snippet":"max-snippet:-1","max-image-preview":"max-image-preview:large","max-video-preview":"max-video-preview:-1"},"canonical":"http:\/\/vientosur.top\/museo\/novela-violeta-nicanor-patricia-cerda-sera-presentada-esta-tarde-museo-violeta-parra\/","og_locale":"es_ES","og_type":"article","og_title":"Exitosa presentaci\u00f3n de \"Violeta & Nicanor\", de Patricia Cerda, en el Museo Violeta Parra - Museo Violeta Parra","og_description":"La tarde del jueves 12 de abril se present\u00f3 la novela Violeta &amp; Nicanor, escrita por Patricia Cerda, en la Sala Antar del Museo Violeta Parra. La actividad cont\u00f3 con la participaci\u00f3n de: Cecilia Garc\u00eda-Huidobro, Directora del Museo Violeta Parra;el editor Diego Gonz\u00e1lez, la escritora Patricia Cerda y el soci\u00f3logo Luciano Ojeda.\u00a0 Al finalizar el [&hellip;]","og_url":"http:\/\/vientosur.top\/museo\/novela-violeta-nicanor-patricia-cerda-sera-presentada-esta-tarde-museo-violeta-parra\/","og_site_name":"Museo Violeta Parra","article_published_time":"2018-04-12T15:57:38+00:00","og_image":[{"width":1601,"height":2560,"url":"http:\/\/vientosur.top\/museo\/wp-content\/uploads\/2018\/03\/violeta-y-nicanor_patricia-cerda_201803011542-scaled.jpg","type":"image\/jpeg"}],"author":"admin","twitter_card":"summary_large_image","twitter_misc":{"Escrito por":"admin","Tiempo de lectura":"2 minutos"},"schema":{"@context":"https:\/\/schema.org","@graph":[{"@type":"WebPage","@id":"http:\/\/vientosur.top\/museo\/novela-violeta-nicanor-patricia-cerda-sera-presentada-esta-tarde-museo-violeta-parra\/","url":"http:\/\/vientosur.top\/museo\/novela-violeta-nicanor-patricia-cerda-sera-presentada-esta-tarde-museo-violeta-parra\/","name":"Exitosa presentaci\u00f3n de \"Violeta & Nicanor\", de Patricia Cerda, en el Museo Violeta Parra - Museo Violeta Parra","isPartOf":{"@id":"http:\/\/vientosur.top\/museo\/#website"},"primaryImageOfPage":{"@id":"http:\/\/vientosur.top\/museo\/novela-violeta-nicanor-patricia-cerda-sera-presentada-esta-tarde-museo-violeta-parra\/#primaryimage"},"image":{"@id":"http:\/\/vientosur.top\/museo\/novela-violeta-nicanor-patricia-cerda-sera-presentada-esta-tarde-museo-violeta-parra\/#primaryimage"},"thumbnailUrl":"http:\/\/vientosur.top\/museo\/wp-content\/uploads\/2018\/03\/violeta-y-nicanor_patricia-cerda_201803011542-scaled.jpg","datePublished":"2018-04-12T15:57:38+00:00","author":{"@id":"http:\/\/vientosur.top\/museo\/#\/schema\/person\/20c79d3c38800971feec8c2693c3dd9c"},"breadcrumb":{"@id":"http:\/\/vientosur.top\/museo\/novela-violeta-nicanor-patricia-cerda-sera-presentada-esta-tarde-museo-violeta-parra\/#breadcrumb"},"inLanguage":"es","potentialAction":[{"@type":"ReadAction","target":["http:\/\/vientosur.top\/museo\/novela-violeta-nicanor-patricia-cerda-sera-presentada-esta-tarde-museo-violeta-parra\/"]}]},{"@type":"ImageObject","inLanguage":"es","@id":"http:\/\/vientosur.top\/museo\/novela-violeta-nicanor-patricia-cerda-sera-presentada-esta-tarde-museo-violeta-parra\/#primaryimage","url":"http:\/\/vientosur.top\/museo\/wp-content\/uploads\/2018\/03\/violeta-y-nicanor_patricia-cerda_201803011542-scaled.jpg","contentUrl":"http:\/\/vientosur.top\/museo\/wp-content\/uploads\/2018\/03\/violeta-y-nicanor_patricia-cerda_201803011542-scaled.jpg","width":1601,"height":2560},{"@type":"BreadcrumbList","@id":"http:\/\/vientosur.top\/museo\/novela-violeta-nicanor-patricia-cerda-sera-presentada-esta-tarde-museo-violeta-parra\/#breadcrumb","itemListElement":[{"@type":"ListItem","position":1,"name":"Portada","item":"http:\/\/vientosur.top\/museo\/"},{"@type":"ListItem","position":2,"name":"Exitosa presentaci\u00f3n de \u00abVioleta &#038; Nicanor\u00bb, de Patricia Cerda, en el Museo Violeta Parra"}]},{"@type":"WebSite","@id":"http:\/\/vientosur.top\/museo\/#website","url":"http:\/\/vientosur.top\/museo\/","name":"Museo Violeta Parra","description":"Espacio que alberga tanto la memoria y legado creativo de la artista","potentialAction":[{"@type":"SearchAction","target":{"@type":"EntryPoint","urlTemplate":"http:\/\/vientosur.top\/museo\/?s={search_term_string}"},"query-input":{"@type":"PropertyValueSpecification","valueRequired":true,"valueName":"search_term_string"}}],"inLanguage":"es"},{"@type":"Person","@id":"http:\/\/vientosur.top\/museo\/#\/schema\/person\/20c79d3c38800971feec8c2693c3dd9c","name":"admin","image":{"@type":"ImageObject","inLanguage":"es","@id":"http:\/\/vientosur.top\/museo\/#\/schema\/person\/image\/","url":"https:\/\/secure.gravatar.com\/avatar\/713677ece3ffa642287213a80e5b773bce9ab81c269dd6d95102a990951c922f?s=96&d=mm&r=g","contentUrl":"https:\/\/secure.gravatar.com\/avatar\/713677ece3ffa642287213a80e5b773bce9ab81c269dd6d95102a990951c922f?s=96&d=mm&r=g","caption":"admin"},"sameAs":["http:\/\/vientosur.top\/museo"],"url":"http:\/\/vientosur.top\/museo\/author\/comunicacionesmvp\/"}]}},"_links":{"self":[{"href":"http:\/\/vientosur.top\/museo\/wp-json\/wp\/v2\/posts\/14520","targetHints":{"allow":["GET"]}}],"collection":[{"href":"http:\/\/vientosur.top\/museo\/wp-json\/wp\/v2\/posts"}],"about":[{"href":"http:\/\/vientosur.top\/museo\/wp-json\/wp\/v2\/types\/post"}],"author":[{"embeddable":true,"href":"http:\/\/vientosur.top\/museo\/wp-json\/wp\/v2\/users\/5"}],"replies":[{"embeddable":true,"href":"http:\/\/vientosur.top\/museo\/wp-json\/wp\/v2\/comments?post=14520"}],"version-history":[{"count":0,"href":"http:\/\/vientosur.top\/museo\/wp-json\/wp\/v2\/posts\/14520\/revisions"}],"wp:featuredmedia":[{"embeddable":true,"href":"http:\/\/vientosur.top\/museo\/wp-json\/wp\/v2\/media\/14296"}],"wp:attachment":[{"href":"http:\/\/vientosur.top\/museo\/wp-json\/wp\/v2\/media?parent=14520"}],"wp:term":[{"taxonomy":"category","embeddable":true,"href":"http:\/\/vientosur.top\/museo\/wp-json\/wp\/v2\/categories?post=14520"},{"taxonomy":"post_tag","embeddable":true,"href":"http:\/\/vientosur.top\/museo\/wp-json\/wp\/v2\/tags?post=14520"}],"curies":[{"name":"wp","href":"https:\/\/api.w.org\/{rel}","templated":true}]}}