{"id":1463,"date":"2016-09-05T13:39:36","date_gmt":"2016-09-05T13:39:36","guid":{"rendered":"http:\/\/vientosur.top\/museo\/\/?p=1463"},"modified":"2016-09-05T13:39:36","modified_gmt":"2016-09-05T13:39:36","slug":"museo-violeta-parra-homenajeo-a-tony-canarito-con-documental-el-parra-menos-parra","status":"publish","type":"post","link":"http:\/\/vientosur.top\/museo\/museo-violeta-parra-homenajeo-a-tony-canarito-con-documental-el-parra-menos-parra\/","title":{"rendered":"Museo Violeta Parra homenaje\u00f3 a \u00abTony Canarito\u00bb con documental \u00abEl Parra Menos Parra\u00bb"},"content":{"rendered":"<ul>\n<li><em><strong>A la funci\u00f3n asistieron Isabel Parra, sobrina del artista, y Cecilia Garc\u00eda-Huidobro, Directora Ejecutiva del museo.<\/strong><\/em><\/li>\n<\/ul>\n<p><!--more--><\/p>\n<p>Con la presencia de su director, Jorge Catoni, y del productor, Milton Izurieta, se exhibi\u00f3 en el Museo Violeta Parra el galardonado documental \u201cEl Parra Menos Parra\u201d, que repasa la vida de \u00d3scar Parra Sandoval, el menor de la familia, quien falleci\u00f3 el pasado mi\u00e9rcoles 31 de agosto.<\/p>\n<p>A la funci\u00f3n, realizada a modo de homenaje a \u201cTony Canarito\u201d, asistieron tambi\u00e9n Isabel Parra, sobrina del fallecido artista, y Cecilia Garc\u00eda-Huidobro, Directora Ejecutiva del espacio cultural.<\/p>\n<p>El Museo Violeta Parra conf\u00eda en que la muestra del documental haya contribuido al reconocimiento de la labor del \u00abHuaso Parra\u00bb, quien se destac\u00f3 como cantautor popular, c\u00f3mico y artista circense.<\/p>\n<figure id=\"attachment_1467\" aria-describedby=\"caption-attachment-1467\" style=\"width: 300px\" class=\"wp-caption aligncenter\"><img fetchpriority=\"high\" decoding=\"async\" class=\"wp-image-1467 size-medium\" src=\"http:\/\/vientosur.top\/museo\/\/wp-content\/uploads\/2016\/09\/Isabel-Parra-documental-300x226.jpg\" alt=\"Isabel Parra documental\" width=\"300\" height=\"226\" \/><figcaption id=\"caption-attachment-1467\" class=\"wp-caption-text\"><strong>Isabel Parra junto a Milton Izurieta y Jorge Catoni.<\/strong><\/figcaption><\/figure>\n<p>&nbsp;<\/p>\n","protected":false},"excerpt":{"rendered":"<p>A la funci\u00f3n asistieron Isabel Parra, sobrina del artista, y Cecilia Garc\u00eda-Huidobro, Directora Ejecutiva del museo.<\/p>\n","protected":false},"author":5,"featured_media":1464,"comment_status":"open","ping_status":"open","sticky":false,"template":"","format":"standard","meta":{"site-sidebar-layout":"default","site-content-layout":"","ast-site-content-layout":"default","site-content-style":"default","site-sidebar-style":"default","ast-global-header-display":"","ast-banner-title-visibility":"","ast-main-header-display":"","ast-hfb-above-header-display":"","ast-hfb-below-header-display":"","ast-hfb-mobile-header-display":"","site-post-title":"","ast-breadcrumbs-content":"","ast-featured-img":"","footer-sml-layout":"","theme-transparent-header-meta":"","adv-header-id-meta":"","stick-header-meta":"","header-above-stick-meta":"","header-main-stick-meta":"","header-below-stick-meta":"","astra-migrate-meta-layouts":"default","ast-page-background-enabled":"default","ast-page-background-meta":{"desktop":{"background-color":"var(--ast-global-color-4)","background-image":"","background-repeat":"repeat","background-position":"center center","background-size":"auto","background-attachment":"scroll","background-type":"","background-media":"","overlay-type":"","overlay-color":"","overlay-opacity":"","overlay-gradient":""},"tablet":{"background-color":"","background-image":"","background-repeat":"repeat","background-position":"center center","background-size":"auto","background-attachment":"scroll","background-type":"","background-media":"","overlay-type":"","overlay-color":"","overlay-opacity":"","overlay-gradient":""},"mobile":{"background-color":"","background-image":"","background-repeat":"repeat","background-position":"center center","background-size":"auto","background-attachment":"scroll","background-type":"","background-media":"","overlay-type":"","overlay-color":"","overlay-opacity":"","overlay-gradient":""}},"ast-content-background-meta":{"desktop":{"background-color":"var(--ast-global-color-5)","background-image":"","background-repeat":"repeat","background-position":"center center","background-size":"auto","background-attachment":"scroll","background-type":"","background-media":"","overlay-type":"","overlay-color":"","overlay-opacity":"","overlay-gradient":""},"tablet":{"background-color":"var(--ast-global-color-5)","background-image":"","background-repeat":"repeat","background-position":"center center","background-size":"auto","background-attachment":"scroll","background-type":"","background-media":"","overlay-type":"","overlay-color":"","overlay-opacity":"","overlay-gradient":""},"mobile":{"background-color":"var(--ast-global-color-5)","background-image":"","background-repeat":"repeat","background-position":"center center","background-size":"auto","background-attachment":"scroll","background-type":"","background-media":"","overlay-type":"","overlay-color":"","overlay-opacity":"","overlay-gradient":""}},"footnotes":""},"categories":[59,8,61],"tags":[],"class_list":["post-1463","post","type-post","status-publish","format-standard","has-post-thumbnail","hentry","category-destacado-noticia","category-noticias","category-novedades"],"yoast_head":"<!-- This site is optimized with the Yoast SEO plugin v25.4 - https:\/\/yoast.com\/wordpress\/plugins\/seo\/ -->\n<title>Museo Violeta Parra homenaje\u00f3 a &quot;Tony Canarito&quot; con documental &quot;El Parra Menos Parra&quot; - Museo Violeta Parra<\/title>\n<meta name=\"robots\" content=\"index, follow, max-snippet:-1, max-image-preview:large, max-video-preview:-1\" \/>\n<link rel=\"canonical\" href=\"http:\/\/vientosur.top\/museo\/museo-violeta-parra-homenajeo-a-tony-canarito-con-documental-el-parra-menos-parra\/\" \/>\n<meta property=\"og:locale\" content=\"es_ES\" \/>\n<meta property=\"og:type\" content=\"article\" \/>\n<meta property=\"og:title\" content=\"Museo Violeta Parra homenaje\u00f3 a &quot;Tony Canarito&quot; con documental &quot;El Parra Menos Parra&quot; - Museo Violeta Parra\" \/>\n<meta property=\"og:description\" content=\"A la funci\u00f3n asistieron Isabel Parra, sobrina del artista, y Cecilia Garc\u00eda-Huidobro, Directora Ejecutiva del museo.\" \/>\n<meta property=\"og:url\" content=\"http:\/\/vientosur.top\/museo\/museo-violeta-parra-homenajeo-a-tony-canarito-con-documental-el-parra-menos-parra\/\" \/>\n<meta property=\"og:site_name\" content=\"Museo Violeta Parra\" \/>\n<meta property=\"article:published_time\" content=\"2016-09-05T13:39:36+00:00\" \/>\n<meta property=\"og:image\" content=\"http:\/\/vientosur.top\/museo\/wp-content\/uploads\/2016\/09\/DSC_0466-e1512398018183.jpg\" \/>\n\t<meta property=\"og:image:width\" content=\"1400\" \/>\n\t<meta property=\"og:image:height\" content=\"931\" \/>\n\t<meta property=\"og:image:type\" content=\"image\/jpeg\" \/>\n<meta name=\"author\" content=\"admin\" \/>\n<meta name=\"twitter:card\" content=\"summary_large_image\" \/>\n<meta name=\"twitter:label1\" content=\"Escrito por\" \/>\n\t<meta name=\"twitter:data1\" content=\"admin\" \/>\n\t<meta name=\"twitter:label2\" content=\"Tiempo de lectura\" \/>\n\t<meta name=\"twitter:data2\" content=\"1 minuto\" \/>\n<script type=\"application\/ld+json\" class=\"yoast-schema-graph\">{\"@context\":\"https:\/\/schema.org\",\"@graph\":[{\"@type\":\"WebPage\",\"@id\":\"http:\/\/vientosur.top\/museo\/museo-violeta-parra-homenajeo-a-tony-canarito-con-documental-el-parra-menos-parra\/\",\"url\":\"http:\/\/vientosur.top\/museo\/museo-violeta-parra-homenajeo-a-tony-canarito-con-documental-el-parra-menos-parra\/\",\"name\":\"Museo Violeta Parra homenaje\u00f3 a \\\"Tony Canarito\\\" con documental \\\"El Parra Menos Parra\\\" - Museo Violeta Parra\",\"isPartOf\":{\"@id\":\"http:\/\/vientosur.top\/museo\/#website\"},\"primaryImageOfPage\":{\"@id\":\"http:\/\/vientosur.top\/museo\/museo-violeta-parra-homenajeo-a-tony-canarito-con-documental-el-parra-menos-parra\/#primaryimage\"},\"image\":{\"@id\":\"http:\/\/vientosur.top\/museo\/museo-violeta-parra-homenajeo-a-tony-canarito-con-documental-el-parra-menos-parra\/#primaryimage\"},\"thumbnailUrl\":\"http:\/\/vientosur.top\/museo\/wp-content\/uploads\/2016\/09\/DSC_0466-e1512398018183.jpg\",\"datePublished\":\"2016-09-05T13:39:36+00:00\",\"author\":{\"@id\":\"http:\/\/vientosur.top\/museo\/#\/schema\/person\/20c79d3c38800971feec8c2693c3dd9c\"},\"breadcrumb\":{\"@id\":\"http:\/\/vientosur.top\/museo\/museo-violeta-parra-homenajeo-a-tony-canarito-con-documental-el-parra-menos-parra\/#breadcrumb\"},\"inLanguage\":\"es\",\"potentialAction\":[{\"@type\":\"ReadAction\",\"target\":[\"http:\/\/vientosur.top\/museo\/museo-violeta-parra-homenajeo-a-tony-canarito-con-documental-el-parra-menos-parra\/\"]}]},{\"@type\":\"ImageObject\",\"inLanguage\":\"es\",\"@id\":\"http:\/\/vientosur.top\/museo\/museo-violeta-parra-homenajeo-a-tony-canarito-con-documental-el-parra-menos-parra\/#primaryimage\",\"url\":\"http:\/\/vientosur.top\/museo\/wp-content\/uploads\/2016\/09\/DSC_0466-e1512398018183.jpg\",\"contentUrl\":\"http:\/\/vientosur.top\/museo\/wp-content\/uploads\/2016\/09\/DSC_0466-e1512398018183.jpg\",\"width\":1400,\"height\":931},{\"@type\":\"BreadcrumbList\",\"@id\":\"http:\/\/vientosur.top\/museo\/museo-violeta-parra-homenajeo-a-tony-canarito-con-documental-el-parra-menos-parra\/#breadcrumb\",\"itemListElement\":[{\"@type\":\"ListItem\",\"position\":1,\"name\":\"Portada\",\"item\":\"http:\/\/vientosur.top\/museo\/\"},{\"@type\":\"ListItem\",\"position\":2,\"name\":\"Museo Violeta Parra homenaje\u00f3 a \u00abTony Canarito\u00bb con documental \u00abEl Parra Menos Parra\u00bb\"}]},{\"@type\":\"WebSite\",\"@id\":\"http:\/\/vientosur.top\/museo\/#website\",\"url\":\"http:\/\/vientosur.top\/museo\/\",\"name\":\"Museo Violeta Parra\",\"description\":\"Espacio que alberga tanto la memoria y legado creativo de la artista\",\"potentialAction\":[{\"@type\":\"SearchAction\",\"target\":{\"@type\":\"EntryPoint\",\"urlTemplate\":\"http:\/\/vientosur.top\/museo\/?s={search_term_string}\"},\"query-input\":{\"@type\":\"PropertyValueSpecification\",\"valueRequired\":true,\"valueName\":\"search_term_string\"}}],\"inLanguage\":\"es\"},{\"@type\":\"Person\",\"@id\":\"http:\/\/vientosur.top\/museo\/#\/schema\/person\/20c79d3c38800971feec8c2693c3dd9c\",\"name\":\"admin\",\"image\":{\"@type\":\"ImageObject\",\"inLanguage\":\"es\",\"@id\":\"http:\/\/vientosur.top\/museo\/#\/schema\/person\/image\/\",\"url\":\"https:\/\/secure.gravatar.com\/avatar\/713677ece3ffa642287213a80e5b773bce9ab81c269dd6d95102a990951c922f?s=96&d=mm&r=g\",\"contentUrl\":\"https:\/\/secure.gravatar.com\/avatar\/713677ece3ffa642287213a80e5b773bce9ab81c269dd6d95102a990951c922f?s=96&d=mm&r=g\",\"caption\":\"admin\"},\"sameAs\":[\"http:\/\/vientosur.top\/museo\"],\"url\":\"http:\/\/vientosur.top\/museo\/author\/comunicacionesmvp\/\"}]}<\/script>\n<!-- \/ Yoast SEO plugin. -->","yoast_head_json":{"title":"Museo Violeta Parra homenaje\u00f3 a \"Tony Canarito\" con documental \"El Parra Menos Parra\" - Museo Violeta Parra","robots":{"index":"index","follow":"follow","max-snippet":"max-snippet:-1","max-image-preview":"max-image-preview:large","max-video-preview":"max-video-preview:-1"},"canonical":"http:\/\/vientosur.top\/museo\/museo-violeta-parra-homenajeo-a-tony-canarito-con-documental-el-parra-menos-parra\/","og_locale":"es_ES","og_type":"article","og_title":"Museo Violeta Parra homenaje\u00f3 a \"Tony Canarito\" con documental \"El Parra Menos Parra\" - Museo Violeta Parra","og_description":"A la funci\u00f3n asistieron Isabel Parra, sobrina del artista, y Cecilia Garc\u00eda-Huidobro, Directora Ejecutiva del museo.","og_url":"http:\/\/vientosur.top\/museo\/museo-violeta-parra-homenajeo-a-tony-canarito-con-documental-el-parra-menos-parra\/","og_site_name":"Museo Violeta Parra","article_published_time":"2016-09-05T13:39:36+00:00","og_image":[{"width":1400,"height":931,"url":"http:\/\/vientosur.top\/museo\/wp-content\/uploads\/2016\/09\/DSC_0466-e1512398018183.jpg","type":"image\/jpeg"}],"author":"admin","twitter_card":"summary_large_image","twitter_misc":{"Escrito por":"admin","Tiempo de lectura":"1 minuto"},"schema":{"@context":"https:\/\/schema.org","@graph":[{"@type":"WebPage","@id":"http:\/\/vientosur.top\/museo\/museo-violeta-parra-homenajeo-a-tony-canarito-con-documental-el-parra-menos-parra\/","url":"http:\/\/vientosur.top\/museo\/museo-violeta-parra-homenajeo-a-tony-canarito-con-documental-el-parra-menos-parra\/","name":"Museo Violeta Parra homenaje\u00f3 a \"Tony Canarito\" con documental \"El Parra Menos Parra\" - Museo Violeta Parra","isPartOf":{"@id":"http:\/\/vientosur.top\/museo\/#website"},"primaryImageOfPage":{"@id":"http:\/\/vientosur.top\/museo\/museo-violeta-parra-homenajeo-a-tony-canarito-con-documental-el-parra-menos-parra\/#primaryimage"},"image":{"@id":"http:\/\/vientosur.top\/museo\/museo-violeta-parra-homenajeo-a-tony-canarito-con-documental-el-parra-menos-parra\/#primaryimage"},"thumbnailUrl":"http:\/\/vientosur.top\/museo\/wp-content\/uploads\/2016\/09\/DSC_0466-e1512398018183.jpg","datePublished":"2016-09-05T13:39:36+00:00","author":{"@id":"http:\/\/vientosur.top\/museo\/#\/schema\/person\/20c79d3c38800971feec8c2693c3dd9c"},"breadcrumb":{"@id":"http:\/\/vientosur.top\/museo\/museo-violeta-parra-homenajeo-a-tony-canarito-con-documental-el-parra-menos-parra\/#breadcrumb"},"inLanguage":"es","potentialAction":[{"@type":"ReadAction","target":["http:\/\/vientosur.top\/museo\/museo-violeta-parra-homenajeo-a-tony-canarito-con-documental-el-parra-menos-parra\/"]}]},{"@type":"ImageObject","inLanguage":"es","@id":"http:\/\/vientosur.top\/museo\/museo-violeta-parra-homenajeo-a-tony-canarito-con-documental-el-parra-menos-parra\/#primaryimage","url":"http:\/\/vientosur.top\/museo\/wp-content\/uploads\/2016\/09\/DSC_0466-e1512398018183.jpg","contentUrl":"http:\/\/vientosur.top\/museo\/wp-content\/uploads\/2016\/09\/DSC_0466-e1512398018183.jpg","width":1400,"height":931},{"@type":"BreadcrumbList","@id":"http:\/\/vientosur.top\/museo\/museo-violeta-parra-homenajeo-a-tony-canarito-con-documental-el-parra-menos-parra\/#breadcrumb","itemListElement":[{"@type":"ListItem","position":1,"name":"Portada","item":"http:\/\/vientosur.top\/museo\/"},{"@type":"ListItem","position":2,"name":"Museo Violeta Parra homenaje\u00f3 a \u00abTony Canarito\u00bb con documental \u00abEl Parra Menos Parra\u00bb"}]},{"@type":"WebSite","@id":"http:\/\/vientosur.top\/museo\/#website","url":"http:\/\/vientosur.top\/museo\/","name":"Museo Violeta Parra","description":"Espacio que alberga tanto la memoria y legado creativo de la artista","potentialAction":[{"@type":"SearchAction","target":{"@type":"EntryPoint","urlTemplate":"http:\/\/vientosur.top\/museo\/?s={search_term_string}"},"query-input":{"@type":"PropertyValueSpecification","valueRequired":true,"valueName":"search_term_string"}}],"inLanguage":"es"},{"@type":"Person","@id":"http:\/\/vientosur.top\/museo\/#\/schema\/person\/20c79d3c38800971feec8c2693c3dd9c","name":"admin","image":{"@type":"ImageObject","inLanguage":"es","@id":"http:\/\/vientosur.top\/museo\/#\/schema\/person\/image\/","url":"https:\/\/secure.gravatar.com\/avatar\/713677ece3ffa642287213a80e5b773bce9ab81c269dd6d95102a990951c922f?s=96&d=mm&r=g","contentUrl":"https:\/\/secure.gravatar.com\/avatar\/713677ece3ffa642287213a80e5b773bce9ab81c269dd6d95102a990951c922f?s=96&d=mm&r=g","caption":"admin"},"sameAs":["http:\/\/vientosur.top\/museo"],"url":"http:\/\/vientosur.top\/museo\/author\/comunicacionesmvp\/"}]}},"_links":{"self":[{"href":"http:\/\/vientosur.top\/museo\/wp-json\/wp\/v2\/posts\/1463","targetHints":{"allow":["GET"]}}],"collection":[{"href":"http:\/\/vientosur.top\/museo\/wp-json\/wp\/v2\/posts"}],"about":[{"href":"http:\/\/vientosur.top\/museo\/wp-json\/wp\/v2\/types\/post"}],"author":[{"embeddable":true,"href":"http:\/\/vientosur.top\/museo\/wp-json\/wp\/v2\/users\/5"}],"replies":[{"embeddable":true,"href":"http:\/\/vientosur.top\/museo\/wp-json\/wp\/v2\/comments?post=1463"}],"version-history":[{"count":0,"href":"http:\/\/vientosur.top\/museo\/wp-json\/wp\/v2\/posts\/1463\/revisions"}],"wp:featuredmedia":[{"embeddable":true,"href":"http:\/\/vientosur.top\/museo\/wp-json\/wp\/v2\/media\/1464"}],"wp:attachment":[{"href":"http:\/\/vientosur.top\/museo\/wp-json\/wp\/v2\/media?parent=1463"}],"wp:term":[{"taxonomy":"category","embeddable":true,"href":"http:\/\/vientosur.top\/museo\/wp-json\/wp\/v2\/categories?post=1463"},{"taxonomy":"post_tag","embeddable":true,"href":"http:\/\/vientosur.top\/museo\/wp-json\/wp\/v2\/tags?post=1463"}],"curies":[{"name":"wp","href":"https:\/\/api.w.org\/{rel}","templated":true}]}}