{"id":14635,"date":"2018-04-27T07:44:26","date_gmt":"2018-04-27T12:44:26","guid":{"rendered":"http:\/\/vientosur.top\/museo\/?p=14635"},"modified":"2018-04-27T07:44:26","modified_gmt":"2018-04-27T12:44:26","slug":"museo-violeta-parra-inicia-ciclo-documentales-chilenos-guerrero-una-vida-muchas-batallas","status":"publish","type":"post","link":"http:\/\/vientosur.top\/museo\/museo-violeta-parra-inicia-ciclo-documentales-chilenos-guerrero-una-vida-muchas-batallas\/","title":{"rendered":"Museo Violeta Parra inici\u00f3 ciclo de documentales chilenos con \u201cGuerrero. Una vida, muchas batallas\u201d"},"content":{"rendered":"<p><em><a href=\"http:\/\/vientosur.top\/museo\/wp-content\/uploads\/2018\/04\/guerrero1.jpg\"><img fetchpriority=\"high\" decoding=\"async\" class=\"alignnone size-large wp-image-14636\" src=\"http:\/\/vientosur.top\/museo\/wp-content\/uploads\/2018\/04\/guerrero1-1024x576.jpg\" alt=\"\" width=\"840\" height=\"473\" \/><\/a><\/em><\/p>\n<p><em>A las 16:00 horas del domingos 28 de abril se<\/em><em>\u00a0present\u00f3 la pel\u00edcula \u00a0dirigida por Sebasti\u00e1n Moreno.<\/em><\/p>\n<p>El Museo Violeta Parra ha abierto una importante ventana al mundo audiovisual, celebrando convenios de colaboraci\u00f3n con\u00a0Chiledoc\u00a0y el Festival Internacional Cinelebu, con el objetivo de mostrar al p\u00fablico, de manera gratuita, documentales y cortometrajes chilenos de dif\u00edcil acceso. \u00abEste es un gui\u00f1o al mundo audiovisual que tiene un sello patrimonial. El museo invita al p\u00fablico a conocer importantes trabajos de creadores chilenos\u00bb, se\u00f1ala la Directora Cecilia Garc\u00eda-Huidobro.<\/p>\n<p>El convenio con\u00a0Chiledoc\u00a0se firm\u00f3 el 9 de marzo, d\u00eda en que se proyect\u00f3 el documental \u00abJaar. El lamento de las im\u00e1genes\u00bb, de Paula Rodr\u00edguez. En tanto el acuerdo con Cinelebu entr\u00f3 en vigencia el jueves 15 del mismo mes con la proyecci\u00f3n de pel\u00edculas realizadas por mujeres de Arica, Lebu e Isla Mocha.<\/p>\n<p>El Museo Violeta Parra exhibe documentales de Chiledoc los \u00faltimos domingos de cada mes y el ciclo de Cinelebu se realiza los segundos domingos, a contar del 13 de mayo, a las 16:00 horas en la Sala Antar del Museo Violeta Parra. La selecci\u00f3n de Cinelebu, primer festival chileno calificador de cortometrajes para los Premios Oscar, exhibir\u00e1: cortometrajes documentales regionales, cortometrajes de ficci\u00f3n regional y cortometrajes documentales sobre pueblos originarios.<\/p>\n<p><strong>Domingo 29 de abril\u00a0<\/strong><\/p>\n<p>\u201cEl asesinato de tres profesionales comunistas en marzo de 1985, conocido como el caso degollados, fue uno de los cr\u00edmenes de mayor impacto\u00a0ocurridos durante la dictadura chilena. Manuel Guerrero Ceballos fue una de las v\u00edctimas y ese d\u00eda la vida de su hijo Manuel cambi\u00f3 para siempre. Se transform\u00f3 en un \u00edcono de la resistencia. Hoy, inicia un viaje a los lugares donde vivi\u00f3 su exilio pol\u00edtico, lo que lo lleva a enfrentar el dolor y la rabia. Una experiencia que se convierte en un acto de sanaci\u00f3n\u201d, describe la rese\u00f1a del documental publicada en www.chiledoc.cl.<\/p>\n<p><strong>Documental \u201cGuerrero. Una vida, muchas batallas\u201d<br \/>\nDomingo 29 de abril \/ 16:00 horas \/ Sala Antar<br \/>\nAvenida Vicu\u00f1a Mackenna 37<br \/>\nEntrada liberada<\/strong><\/p>\n<p>&nbsp;<\/p>\n<p><iframe src=\"https:\/\/www.youtube.com\/embed\/g9l6jgNVffk\" width=\"560\" height=\"315\" frameborder=\"0\" allowfullscreen=\"allowfullscreen\"><\/iframe><\/p>\n","protected":false},"excerpt":{"rendered":"<p>A las 16:00 horas del domingos 28 de abril se\u00a0present\u00f3 la pel\u00edcula \u00a0dirigida por Sebasti\u00e1n Moreno. El Museo Violeta Parra ha abierto una importante ventana al mundo audiovisual, celebrando convenios de colaboraci\u00f3n con\u00a0Chiledoc\u00a0y el Festival Internacional Cinelebu, con el objetivo de mostrar al p\u00fablico, de manera gratuita, documentales y cortometrajes chilenos de dif\u00edcil acceso. \u00abEste [&hellip;]<\/p>\n","protected":false},"author":5,"featured_media":14308,"comment_status":"open","ping_status":"open","sticky":false,"template":"","format":"standard","meta":{"site-sidebar-layout":"default","site-content-layout":"","ast-site-content-layout":"default","site-content-style":"default","site-sidebar-style":"default","ast-global-header-display":"","ast-banner-title-visibility":"","ast-main-header-display":"","ast-hfb-above-header-display":"","ast-hfb-below-header-display":"","ast-hfb-mobile-header-display":"","site-post-title":"","ast-breadcrumbs-content":"","ast-featured-img":"","footer-sml-layout":"","theme-transparent-header-meta":"","adv-header-id-meta":"","stick-header-meta":"","header-above-stick-meta":"","header-main-stick-meta":"","header-below-stick-meta":"","astra-migrate-meta-layouts":"default","ast-page-background-enabled":"default","ast-page-background-meta":{"desktop":{"background-color":"var(--ast-global-color-4)","background-image":"","background-repeat":"repeat","background-position":"center center","background-size":"auto","background-attachment":"scroll","background-type":"","background-media":"","overlay-type":"","overlay-color":"","overlay-opacity":"","overlay-gradient":""},"tablet":{"background-color":"","background-image":"","background-repeat":"repeat","background-position":"center center","background-size":"auto","background-attachment":"scroll","background-type":"","background-media":"","overlay-type":"","overlay-color":"","overlay-opacity":"","overlay-gradient":""},"mobile":{"background-color":"","background-image":"","background-repeat":"repeat","background-position":"center center","background-size":"auto","background-attachment":"scroll","background-type":"","background-media":"","overlay-type":"","overlay-color":"","overlay-opacity":"","overlay-gradient":""}},"ast-content-background-meta":{"desktop":{"background-color":"var(--ast-global-color-5)","background-image":"","background-repeat":"repeat","background-position":"center center","background-size":"auto","background-attachment":"scroll","background-type":"","background-media":"","overlay-type":"","overlay-color":"","overlay-opacity":"","overlay-gradient":""},"tablet":{"background-color":"var(--ast-global-color-5)","background-image":"","background-repeat":"repeat","background-position":"center center","background-size":"auto","background-attachment":"scroll","background-type":"","background-media":"","overlay-type":"","overlay-color":"","overlay-opacity":"","overlay-gradient":""},"mobile":{"background-color":"var(--ast-global-color-5)","background-image":"","background-repeat":"repeat","background-position":"center center","background-size":"auto","background-attachment":"scroll","background-type":"","background-media":"","overlay-type":"","overlay-color":"","overlay-opacity":"","overlay-gradient":""}},"footnotes":""},"categories":[59,8,61],"tags":[],"class_list":["post-14635","post","type-post","status-publish","format-standard","has-post-thumbnail","hentry","category-destacado-noticia","category-noticias","category-novedades"],"yoast_head":"<!-- This site is optimized with the Yoast SEO plugin v25.4 - https:\/\/yoast.com\/wordpress\/plugins\/seo\/ -->\n<title>Museo Violeta Parra inici\u00f3 ciclo de documentales chilenos con \u201cGuerrero. Una vida, muchas batallas\u201d - Museo Violeta Parra<\/title>\n<meta name=\"robots\" content=\"index, follow, max-snippet:-1, max-image-preview:large, max-video-preview:-1\" \/>\n<link rel=\"canonical\" href=\"http:\/\/vientosur.top\/museo\/museo-violeta-parra-inicia-ciclo-documentales-chilenos-guerrero-una-vida-muchas-batallas\/\" \/>\n<meta property=\"og:locale\" content=\"es_ES\" \/>\n<meta property=\"og:type\" content=\"article\" \/>\n<meta property=\"og:title\" content=\"Museo Violeta Parra inici\u00f3 ciclo de documentales chilenos con \u201cGuerrero. Una vida, muchas batallas\u201d - Museo Violeta Parra\" \/>\n<meta property=\"og:description\" content=\"A las 16:00 horas del domingos 28 de abril se\u00a0present\u00f3 la pel\u00edcula \u00a0dirigida por Sebasti\u00e1n Moreno. El Museo Violeta Parra ha abierto una importante ventana al mundo audiovisual, celebrando convenios de colaboraci\u00f3n con\u00a0Chiledoc\u00a0y el Festival Internacional Cinelebu, con el objetivo de mostrar al p\u00fablico, de manera gratuita, documentales y cortometrajes chilenos de dif\u00edcil acceso. \u00abEste [&hellip;]\" \/>\n<meta property=\"og:url\" content=\"http:\/\/vientosur.top\/museo\/museo-violeta-parra-inicia-ciclo-documentales-chilenos-guerrero-una-vida-muchas-batallas\/\" \/>\n<meta property=\"og:site_name\" content=\"Museo Violeta Parra\" \/>\n<meta property=\"article:published_time\" content=\"2018-04-27T12:44:26+00:00\" \/>\n<meta property=\"og:image\" content=\"http:\/\/vientosur.top\/museo\/wp-content\/uploads\/2018\/03\/guerrero.jpg\" \/>\n\t<meta property=\"og:image:width\" content=\"831\" \/>\n\t<meta property=\"og:image:height\" content=\"1022\" \/>\n\t<meta property=\"og:image:type\" content=\"image\/jpeg\" \/>\n<meta name=\"author\" content=\"admin\" \/>\n<meta name=\"twitter:card\" content=\"summary_large_image\" \/>\n<meta name=\"twitter:label1\" content=\"Escrito por\" \/>\n\t<meta name=\"twitter:data1\" content=\"admin\" \/>\n\t<meta name=\"twitter:label2\" content=\"Tiempo de lectura\" \/>\n\t<meta name=\"twitter:data2\" content=\"2 minutos\" \/>\n<script type=\"application\/ld+json\" class=\"yoast-schema-graph\">{\"@context\":\"https:\/\/schema.org\",\"@graph\":[{\"@type\":\"WebPage\",\"@id\":\"http:\/\/vientosur.top\/museo\/museo-violeta-parra-inicia-ciclo-documentales-chilenos-guerrero-una-vida-muchas-batallas\/\",\"url\":\"http:\/\/vientosur.top\/museo\/museo-violeta-parra-inicia-ciclo-documentales-chilenos-guerrero-una-vida-muchas-batallas\/\",\"name\":\"Museo Violeta Parra inici\u00f3 ciclo de documentales chilenos con \u201cGuerrero. Una vida, muchas batallas\u201d - Museo Violeta Parra\",\"isPartOf\":{\"@id\":\"http:\/\/vientosur.top\/museo\/#website\"},\"primaryImageOfPage\":{\"@id\":\"http:\/\/vientosur.top\/museo\/museo-violeta-parra-inicia-ciclo-documentales-chilenos-guerrero-una-vida-muchas-batallas\/#primaryimage\"},\"image\":{\"@id\":\"http:\/\/vientosur.top\/museo\/museo-violeta-parra-inicia-ciclo-documentales-chilenos-guerrero-una-vida-muchas-batallas\/#primaryimage\"},\"thumbnailUrl\":\"http:\/\/vientosur.top\/museo\/wp-content\/uploads\/2018\/03\/guerrero.jpg\",\"datePublished\":\"2018-04-27T12:44:26+00:00\",\"author\":{\"@id\":\"http:\/\/vientosur.top\/museo\/#\/schema\/person\/20c79d3c38800971feec8c2693c3dd9c\"},\"breadcrumb\":{\"@id\":\"http:\/\/vientosur.top\/museo\/museo-violeta-parra-inicia-ciclo-documentales-chilenos-guerrero-una-vida-muchas-batallas\/#breadcrumb\"},\"inLanguage\":\"es\",\"potentialAction\":[{\"@type\":\"ReadAction\",\"target\":[\"http:\/\/vientosur.top\/museo\/museo-violeta-parra-inicia-ciclo-documentales-chilenos-guerrero-una-vida-muchas-batallas\/\"]}]},{\"@type\":\"ImageObject\",\"inLanguage\":\"es\",\"@id\":\"http:\/\/vientosur.top\/museo\/museo-violeta-parra-inicia-ciclo-documentales-chilenos-guerrero-una-vida-muchas-batallas\/#primaryimage\",\"url\":\"http:\/\/vientosur.top\/museo\/wp-content\/uploads\/2018\/03\/guerrero.jpg\",\"contentUrl\":\"http:\/\/vientosur.top\/museo\/wp-content\/uploads\/2018\/03\/guerrero.jpg\",\"width\":831,\"height\":1022},{\"@type\":\"BreadcrumbList\",\"@id\":\"http:\/\/vientosur.top\/museo\/museo-violeta-parra-inicia-ciclo-documentales-chilenos-guerrero-una-vida-muchas-batallas\/#breadcrumb\",\"itemListElement\":[{\"@type\":\"ListItem\",\"position\":1,\"name\":\"Portada\",\"item\":\"http:\/\/vientosur.top\/museo\/\"},{\"@type\":\"ListItem\",\"position\":2,\"name\":\"Museo Violeta Parra inici\u00f3 ciclo de documentales chilenos con \u201cGuerrero. Una vida, muchas batallas\u201d\"}]},{\"@type\":\"WebSite\",\"@id\":\"http:\/\/vientosur.top\/museo\/#website\",\"url\":\"http:\/\/vientosur.top\/museo\/\",\"name\":\"Museo Violeta Parra\",\"description\":\"Espacio que alberga tanto la memoria y legado creativo de la artista\",\"potentialAction\":[{\"@type\":\"SearchAction\",\"target\":{\"@type\":\"EntryPoint\",\"urlTemplate\":\"http:\/\/vientosur.top\/museo\/?s={search_term_string}\"},\"query-input\":{\"@type\":\"PropertyValueSpecification\",\"valueRequired\":true,\"valueName\":\"search_term_string\"}}],\"inLanguage\":\"es\"},{\"@type\":\"Person\",\"@id\":\"http:\/\/vientosur.top\/museo\/#\/schema\/person\/20c79d3c38800971feec8c2693c3dd9c\",\"name\":\"admin\",\"image\":{\"@type\":\"ImageObject\",\"inLanguage\":\"es\",\"@id\":\"http:\/\/vientosur.top\/museo\/#\/schema\/person\/image\/\",\"url\":\"https:\/\/secure.gravatar.com\/avatar\/713677ece3ffa642287213a80e5b773bce9ab81c269dd6d95102a990951c922f?s=96&d=mm&r=g\",\"contentUrl\":\"https:\/\/secure.gravatar.com\/avatar\/713677ece3ffa642287213a80e5b773bce9ab81c269dd6d95102a990951c922f?s=96&d=mm&r=g\",\"caption\":\"admin\"},\"sameAs\":[\"http:\/\/vientosur.top\/museo\"],\"url\":\"http:\/\/vientosur.top\/museo\/author\/comunicacionesmvp\/\"}]}<\/script>\n<!-- \/ Yoast SEO plugin. -->","yoast_head_json":{"title":"Museo Violeta Parra inici\u00f3 ciclo de documentales chilenos con \u201cGuerrero. Una vida, muchas batallas\u201d - Museo Violeta Parra","robots":{"index":"index","follow":"follow","max-snippet":"max-snippet:-1","max-image-preview":"max-image-preview:large","max-video-preview":"max-video-preview:-1"},"canonical":"http:\/\/vientosur.top\/museo\/museo-violeta-parra-inicia-ciclo-documentales-chilenos-guerrero-una-vida-muchas-batallas\/","og_locale":"es_ES","og_type":"article","og_title":"Museo Violeta Parra inici\u00f3 ciclo de documentales chilenos con \u201cGuerrero. Una vida, muchas batallas\u201d - Museo Violeta Parra","og_description":"A las 16:00 horas del domingos 28 de abril se\u00a0present\u00f3 la pel\u00edcula \u00a0dirigida por Sebasti\u00e1n Moreno. El Museo Violeta Parra ha abierto una importante ventana al mundo audiovisual, celebrando convenios de colaboraci\u00f3n con\u00a0Chiledoc\u00a0y el Festival Internacional Cinelebu, con el objetivo de mostrar al p\u00fablico, de manera gratuita, documentales y cortometrajes chilenos de dif\u00edcil acceso. \u00abEste [&hellip;]","og_url":"http:\/\/vientosur.top\/museo\/museo-violeta-parra-inicia-ciclo-documentales-chilenos-guerrero-una-vida-muchas-batallas\/","og_site_name":"Museo Violeta Parra","article_published_time":"2018-04-27T12:44:26+00:00","og_image":[{"width":831,"height":1022,"url":"http:\/\/vientosur.top\/museo\/wp-content\/uploads\/2018\/03\/guerrero.jpg","type":"image\/jpeg"}],"author":"admin","twitter_card":"summary_large_image","twitter_misc":{"Escrito por":"admin","Tiempo de lectura":"2 minutos"},"schema":{"@context":"https:\/\/schema.org","@graph":[{"@type":"WebPage","@id":"http:\/\/vientosur.top\/museo\/museo-violeta-parra-inicia-ciclo-documentales-chilenos-guerrero-una-vida-muchas-batallas\/","url":"http:\/\/vientosur.top\/museo\/museo-violeta-parra-inicia-ciclo-documentales-chilenos-guerrero-una-vida-muchas-batallas\/","name":"Museo Violeta Parra inici\u00f3 ciclo de documentales chilenos con \u201cGuerrero. Una vida, muchas batallas\u201d - Museo Violeta Parra","isPartOf":{"@id":"http:\/\/vientosur.top\/museo\/#website"},"primaryImageOfPage":{"@id":"http:\/\/vientosur.top\/museo\/museo-violeta-parra-inicia-ciclo-documentales-chilenos-guerrero-una-vida-muchas-batallas\/#primaryimage"},"image":{"@id":"http:\/\/vientosur.top\/museo\/museo-violeta-parra-inicia-ciclo-documentales-chilenos-guerrero-una-vida-muchas-batallas\/#primaryimage"},"thumbnailUrl":"http:\/\/vientosur.top\/museo\/wp-content\/uploads\/2018\/03\/guerrero.jpg","datePublished":"2018-04-27T12:44:26+00:00","author":{"@id":"http:\/\/vientosur.top\/museo\/#\/schema\/person\/20c79d3c38800971feec8c2693c3dd9c"},"breadcrumb":{"@id":"http:\/\/vientosur.top\/museo\/museo-violeta-parra-inicia-ciclo-documentales-chilenos-guerrero-una-vida-muchas-batallas\/#breadcrumb"},"inLanguage":"es","potentialAction":[{"@type":"ReadAction","target":["http:\/\/vientosur.top\/museo\/museo-violeta-parra-inicia-ciclo-documentales-chilenos-guerrero-una-vida-muchas-batallas\/"]}]},{"@type":"ImageObject","inLanguage":"es","@id":"http:\/\/vientosur.top\/museo\/museo-violeta-parra-inicia-ciclo-documentales-chilenos-guerrero-una-vida-muchas-batallas\/#primaryimage","url":"http:\/\/vientosur.top\/museo\/wp-content\/uploads\/2018\/03\/guerrero.jpg","contentUrl":"http:\/\/vientosur.top\/museo\/wp-content\/uploads\/2018\/03\/guerrero.jpg","width":831,"height":1022},{"@type":"BreadcrumbList","@id":"http:\/\/vientosur.top\/museo\/museo-violeta-parra-inicia-ciclo-documentales-chilenos-guerrero-una-vida-muchas-batallas\/#breadcrumb","itemListElement":[{"@type":"ListItem","position":1,"name":"Portada","item":"http:\/\/vientosur.top\/museo\/"},{"@type":"ListItem","position":2,"name":"Museo Violeta Parra inici\u00f3 ciclo de documentales chilenos con \u201cGuerrero. Una vida, muchas batallas\u201d"}]},{"@type":"WebSite","@id":"http:\/\/vientosur.top\/museo\/#website","url":"http:\/\/vientosur.top\/museo\/","name":"Museo Violeta Parra","description":"Espacio que alberga tanto la memoria y legado creativo de la artista","potentialAction":[{"@type":"SearchAction","target":{"@type":"EntryPoint","urlTemplate":"http:\/\/vientosur.top\/museo\/?s={search_term_string}"},"query-input":{"@type":"PropertyValueSpecification","valueRequired":true,"valueName":"search_term_string"}}],"inLanguage":"es"},{"@type":"Person","@id":"http:\/\/vientosur.top\/museo\/#\/schema\/person\/20c79d3c38800971feec8c2693c3dd9c","name":"admin","image":{"@type":"ImageObject","inLanguage":"es","@id":"http:\/\/vientosur.top\/museo\/#\/schema\/person\/image\/","url":"https:\/\/secure.gravatar.com\/avatar\/713677ece3ffa642287213a80e5b773bce9ab81c269dd6d95102a990951c922f?s=96&d=mm&r=g","contentUrl":"https:\/\/secure.gravatar.com\/avatar\/713677ece3ffa642287213a80e5b773bce9ab81c269dd6d95102a990951c922f?s=96&d=mm&r=g","caption":"admin"},"sameAs":["http:\/\/vientosur.top\/museo"],"url":"http:\/\/vientosur.top\/museo\/author\/comunicacionesmvp\/"}]}},"_links":{"self":[{"href":"http:\/\/vientosur.top\/museo\/wp-json\/wp\/v2\/posts\/14635","targetHints":{"allow":["GET"]}}],"collection":[{"href":"http:\/\/vientosur.top\/museo\/wp-json\/wp\/v2\/posts"}],"about":[{"href":"http:\/\/vientosur.top\/museo\/wp-json\/wp\/v2\/types\/post"}],"author":[{"embeddable":true,"href":"http:\/\/vientosur.top\/museo\/wp-json\/wp\/v2\/users\/5"}],"replies":[{"embeddable":true,"href":"http:\/\/vientosur.top\/museo\/wp-json\/wp\/v2\/comments?post=14635"}],"version-history":[{"count":0,"href":"http:\/\/vientosur.top\/museo\/wp-json\/wp\/v2\/posts\/14635\/revisions"}],"wp:featuredmedia":[{"embeddable":true,"href":"http:\/\/vientosur.top\/museo\/wp-json\/wp\/v2\/media\/14308"}],"wp:attachment":[{"href":"http:\/\/vientosur.top\/museo\/wp-json\/wp\/v2\/media?parent=14635"}],"wp:term":[{"taxonomy":"category","embeddable":true,"href":"http:\/\/vientosur.top\/museo\/wp-json\/wp\/v2\/categories?post=14635"},{"taxonomy":"post_tag","embeddable":true,"href":"http:\/\/vientosur.top\/museo\/wp-json\/wp\/v2\/tags?post=14635"}],"curies":[{"name":"wp","href":"https:\/\/api.w.org\/{rel}","templated":true}]}}