{"id":14641,"date":"2018-04-27T12:42:08","date_gmt":"2018-04-27T17:42:08","guid":{"rendered":"http:\/\/vientosur.top\/museo\/?p=14641"},"modified":"2018-04-27T12:42:08","modified_gmt":"2018-04-27T17:42:08","slug":"museo-violeta-parra-muestra-diseno-jovenes-creadores-chilenos","status":"publish","type":"post","link":"http:\/\/vientosur.top\/museo\/museo-violeta-parra-muestra-diseno-jovenes-creadores-chilenos\/","title":{"rendered":"El Museo Violeta Parra muestra el dise\u00f1o de j\u00f3venes creadores chilenos"},"content":{"rendered":"<p style=\"font-weight: 400;\"><em>Sebasti\u00e1n del Real, Neutro, Roberta, Y.A.N.G. y Singolare participaron en la aplaudida pasarela.<br \/>\n<\/em><\/p>\n<p style=\"font-weight: 400;\">La plataforma\u00a0<a href=\"http:\/\/www.modacl.com\/\" data-saferedirecturl=\"https:\/\/www.google.com\/url?hl=es&amp;q=http:\/\/www.modacl.com\/&amp;source=gmail&amp;ust=1524936801090000&amp;usg=AFQjCNFd3A4T2sf22xXedfNOytuM72JKtA\">www.modacl.com<\/a>, que promueve y potencia la industria de la moda chilena, realiz\u00f3<br \/>\npor primera vez un desfile el jueves 26 de abril, uni\u00e9ndose al Museo Violeta Parra, al \u00e1rea de Dise\u00f1o del Ministerio de las Culturas, las Artes y el Patrimonio, al Campus Creativo de la Universidad Andr\u00e9s Bello y a PROCHILE, bajo el auspicio de EPSON. La concurrida asistencia pudo apreciar, en una pasarela muy atractiva y profesional, los dise\u00f1os \u00a0de Sebasti\u00e1n del Real, Neutro, Roberta, Y.A.N.G. y Singolare, todos inspirados, en mayor o menor medida, en \u00a0la figura de la artista.<\/p>\n<p style=\"font-weight: 400;\">La Directora, Cecilia Garc\u00eda-Huidobro expres\u00f3 su satisfacci\u00f3n por el proyecto: \u00abUn museo vivo debe acoger a las nuevas generaciones que se inspiran en el legado de Violeta Parra. Es un gusto constatar la valoraci\u00f3n de su obra en los dise\u00f1adores chilenos. La moda es una expresi\u00f3n cultural\u00bb.<\/p>\n<p>&nbsp;<\/p>\n<p>Luis Andr\u00e9s Miranda, autor y director del proyecto, se\u00f1al\u00f3: \u00abLos dise\u00f1adores, el p\u00fablico y todas las instituciones que participaron quedaron muy felices porque logramos mostrar una pasarela nacional con proyecci\u00f3n internacional. Para nosotros era importante hacer este desfile en el museo. Porque Violeta Parra es un figura muy chilena, que nos representa muy bien y adem\u00e1s es una artista con reconocimiento en todo el mundo. Personalmente admiro todo su trabajo, que sigue inspirando a artistas de distintas \u00e1reas. En ese sentido me gustar\u00eda destacar el trabajo que mostr\u00f3 Sebasti\u00e1n del Real, que logr\u00f3 interpretar, de una manera no literal, el legado de Violeta\u00bb.<\/p>\n<p style=\"font-weight: 400;\"><strong><br \/>\nDise\u00f1o nacional<\/strong><\/p>\n<p>&nbsp;<\/p>\n<p style=\"font-weight: 400;\">Para Francisca Gajardo, autora de Y.A.N.G., la moda y la confecci\u00f3n son \u201cun medio de expresi\u00f3n para transmitir mi mensaje, ya que mi intenci\u00f3n no es mostrar ropa linda para que la gente la quiera comprar, sino que el producto es el medio\u201d. Coherente con su estilo es que va a mostrar una colecci\u00f3n que est\u00e1 mayormente reciclada denominada \u201cConciencia en pasarela\u201d. As\u00ed qued\u00f3 de manifiesto con la performance que dio inicio al desfile.<\/p>\n<p style=\"font-weight: 400;\">En tanto, Neutro a cargo de la arquitecta Denise Baselli, lanz\u00f3 su colecci\u00f3n de invierno llamada \u201cTHE EMPIRE\u201d, en el que se mostraron prendas vers\u00e1tiles acompa\u00f1adas de notas de rock, una caracter\u00edstica de la marca.<\/p>\n<p style=\"font-weight: 400;\">Singolare, marca de la dise\u00f1adora Marcela Rojas y Daniela Castro, mostr\u00f3 su nueva colecci\u00f3n y dio cuenta sobre c\u00f3mo han construido una s\u00f3lida empresa que ya exporta al mundo.<\/p>\n<p style=\"font-weight: 400;\">Daniela Hoehmann, de Roberta, present\u00f3 estampados inspirados en la naturaleza del sur de Chile, basadas en las algas valdivianas del mar en diferentes colores y tejidos mezclando siluetas holgadas, muy en consonancia con las arpilleras de Violeta Parra.<\/p>\n<p>&nbsp;<\/p>\n<p style=\"font-weight: 400;\"><strong>Violeta inspiradora<\/strong><\/p>\n<p style=\"font-weight: 400;\">Finalmente, el desfile cerr\u00f3 con el trabajo del dise\u00f1ador Sebasti\u00e1n del Real, quien dio cuenta de su nueva colecci\u00f3n, que \u201cest\u00e1 desarrollada e inspirada en el universo de la Violeta Parra\u00a0\u00a0mezclado con el universo de mi marca. Tiene sin duda una inspiraci\u00f3n en ella como de ese lado m\u00e1s oscuro y m\u00e1s punk que ten\u00eda Violeta, pero siempre siendo s\u00faper fuerte\u201d. La cer\u00e1mica de Quinchamal\u00ed, la Jardinera y el velorio del angelito fueron referentes.<\/p>\n<p>&nbsp;<\/p>\n<p style=\"font-weight: 400;\">Los dise\u00f1adores valoraron la iniciativa de exponer sus propuestas en el Museo Violeta Parra, lugar que alberga la obra art\u00edstica de la creadora.<\/p>\n","protected":false},"excerpt":{"rendered":"<p>Sebasti\u00e1n del Real, Neutro, Roberta, Y.A.N.G. y Singolare participaron en la aplaudida pasarela. La plataforma\u00a0www.modacl.com, que promueve y potencia la industria de la moda chilena, realiz\u00f3 por primera vez un desfile el jueves 26 de abril, uni\u00e9ndose al Museo Violeta Parra, al \u00e1rea de Dise\u00f1o del Ministerio de las Culturas, las Artes y el Patrimonio, [&hellip;]<\/p>\n","protected":false},"author":5,"featured_media":14642,"comment_status":"open","ping_status":"open","sticky":false,"template":"","format":"standard","meta":{"site-sidebar-layout":"default","site-content-layout":"","ast-site-content-layout":"default","site-content-style":"default","site-sidebar-style":"default","ast-global-header-display":"","ast-banner-title-visibility":"","ast-main-header-display":"","ast-hfb-above-header-display":"","ast-hfb-below-header-display":"","ast-hfb-mobile-header-display":"","site-post-title":"","ast-breadcrumbs-content":"","ast-featured-img":"","footer-sml-layout":"","theme-transparent-header-meta":"","adv-header-id-meta":"","stick-header-meta":"","header-above-stick-meta":"","header-main-stick-meta":"","header-below-stick-meta":"","astra-migrate-meta-layouts":"default","ast-page-background-enabled":"default","ast-page-background-meta":{"desktop":{"background-color":"var(--ast-global-color-4)","background-image":"","background-repeat":"repeat","background-position":"center center","background-size":"auto","background-attachment":"scroll","background-type":"","background-media":"","overlay-type":"","overlay-color":"","overlay-opacity":"","overlay-gradient":""},"tablet":{"background-color":"","background-image":"","background-repeat":"repeat","background-position":"center center","background-size":"auto","background-attachment":"scroll","background-type":"","background-media":"","overlay-type":"","overlay-color":"","overlay-opacity":"","overlay-gradient":""},"mobile":{"background-color":"","background-image":"","background-repeat":"repeat","background-position":"center center","background-size":"auto","background-attachment":"scroll","background-type":"","background-media":"","overlay-type":"","overlay-color":"","overlay-opacity":"","overlay-gradient":""}},"ast-content-background-meta":{"desktop":{"background-color":"var(--ast-global-color-5)","background-image":"","background-repeat":"repeat","background-position":"center center","background-size":"auto","background-attachment":"scroll","background-type":"","background-media":"","overlay-type":"","overlay-color":"","overlay-opacity":"","overlay-gradient":""},"tablet":{"background-color":"var(--ast-global-color-5)","background-image":"","background-repeat":"repeat","background-position":"center center","background-size":"auto","background-attachment":"scroll","background-type":"","background-media":"","overlay-type":"","overlay-color":"","overlay-opacity":"","overlay-gradient":""},"mobile":{"background-color":"var(--ast-global-color-5)","background-image":"","background-repeat":"repeat","background-position":"center center","background-size":"auto","background-attachment":"scroll","background-type":"","background-media":"","overlay-type":"","overlay-color":"","overlay-opacity":"","overlay-gradient":""}},"footnotes":""},"categories":[59,8,61],"tags":[],"class_list":["post-14641","post","type-post","status-publish","format-standard","has-post-thumbnail","hentry","category-destacado-noticia","category-noticias","category-novedades"],"yoast_head":"<!-- This site is optimized with the Yoast SEO plugin v25.4 - https:\/\/yoast.com\/wordpress\/plugins\/seo\/ -->\n<title>El Museo Violeta Parra muestra el dise\u00f1o de j\u00f3venes creadores chilenos - Museo Violeta Parra<\/title>\n<meta name=\"robots\" content=\"index, follow, max-snippet:-1, max-image-preview:large, max-video-preview:-1\" \/>\n<link rel=\"canonical\" href=\"http:\/\/vientosur.top\/museo\/museo-violeta-parra-muestra-diseno-jovenes-creadores-chilenos\/\" \/>\n<meta property=\"og:locale\" content=\"es_ES\" \/>\n<meta property=\"og:type\" content=\"article\" \/>\n<meta property=\"og:title\" content=\"El Museo Violeta Parra muestra el dise\u00f1o de j\u00f3venes creadores chilenos - Museo Violeta Parra\" \/>\n<meta property=\"og:description\" content=\"Sebasti\u00e1n del Real, Neutro, Roberta, Y.A.N.G. y Singolare participaron en la aplaudida pasarela. La plataforma\u00a0www.modacl.com, que promueve y potencia la industria de la moda chilena, realiz\u00f3 por primera vez un desfile el jueves 26 de abril, uni\u00e9ndose al Museo Violeta Parra, al \u00e1rea de Dise\u00f1o del Ministerio de las Culturas, las Artes y el Patrimonio, [&hellip;]\" \/>\n<meta property=\"og:url\" content=\"http:\/\/vientosur.top\/museo\/museo-violeta-parra-muestra-diseno-jovenes-creadores-chilenos\/\" \/>\n<meta property=\"og:site_name\" content=\"Museo Violeta Parra\" \/>\n<meta property=\"article:published_time\" content=\"2018-04-27T17:42:08+00:00\" \/>\n<meta property=\"og:image\" content=\"http:\/\/vientosur.top\/museo\/wp-content\/uploads\/2018\/04\/DSC_0169-scaled.jpg\" \/>\n\t<meta property=\"og:image:width\" content=\"2560\" \/>\n\t<meta property=\"og:image:height\" content=\"1702\" \/>\n\t<meta property=\"og:image:type\" content=\"image\/jpeg\" \/>\n<meta name=\"author\" content=\"admin\" \/>\n<meta name=\"twitter:card\" content=\"summary_large_image\" \/>\n<meta name=\"twitter:label1\" content=\"Escrito por\" \/>\n\t<meta name=\"twitter:data1\" content=\"admin\" \/>\n\t<meta name=\"twitter:label2\" content=\"Tiempo de lectura\" \/>\n\t<meta name=\"twitter:data2\" content=\"3 minutos\" \/>\n<script type=\"application\/ld+json\" class=\"yoast-schema-graph\">{\"@context\":\"https:\/\/schema.org\",\"@graph\":[{\"@type\":\"WebPage\",\"@id\":\"http:\/\/vientosur.top\/museo\/museo-violeta-parra-muestra-diseno-jovenes-creadores-chilenos\/\",\"url\":\"http:\/\/vientosur.top\/museo\/museo-violeta-parra-muestra-diseno-jovenes-creadores-chilenos\/\",\"name\":\"El Museo Violeta Parra muestra el dise\u00f1o de j\u00f3venes creadores chilenos - Museo Violeta Parra\",\"isPartOf\":{\"@id\":\"http:\/\/vientosur.top\/museo\/#website\"},\"primaryImageOfPage\":{\"@id\":\"http:\/\/vientosur.top\/museo\/museo-violeta-parra-muestra-diseno-jovenes-creadores-chilenos\/#primaryimage\"},\"image\":{\"@id\":\"http:\/\/vientosur.top\/museo\/museo-violeta-parra-muestra-diseno-jovenes-creadores-chilenos\/#primaryimage\"},\"thumbnailUrl\":\"http:\/\/vientosur.top\/museo\/wp-content\/uploads\/2018\/04\/DSC_0169-scaled.jpg\",\"datePublished\":\"2018-04-27T17:42:08+00:00\",\"author\":{\"@id\":\"http:\/\/vientosur.top\/museo\/#\/schema\/person\/20c79d3c38800971feec8c2693c3dd9c\"},\"breadcrumb\":{\"@id\":\"http:\/\/vientosur.top\/museo\/museo-violeta-parra-muestra-diseno-jovenes-creadores-chilenos\/#breadcrumb\"},\"inLanguage\":\"es\",\"potentialAction\":[{\"@type\":\"ReadAction\",\"target\":[\"http:\/\/vientosur.top\/museo\/museo-violeta-parra-muestra-diseno-jovenes-creadores-chilenos\/\"]}]},{\"@type\":\"ImageObject\",\"inLanguage\":\"es\",\"@id\":\"http:\/\/vientosur.top\/museo\/museo-violeta-parra-muestra-diseno-jovenes-creadores-chilenos\/#primaryimage\",\"url\":\"http:\/\/vientosur.top\/museo\/wp-content\/uploads\/2018\/04\/DSC_0169-scaled.jpg\",\"contentUrl\":\"http:\/\/vientosur.top\/museo\/wp-content\/uploads\/2018\/04\/DSC_0169-scaled.jpg\",\"width\":2560,\"height\":1702},{\"@type\":\"BreadcrumbList\",\"@id\":\"http:\/\/vientosur.top\/museo\/museo-violeta-parra-muestra-diseno-jovenes-creadores-chilenos\/#breadcrumb\",\"itemListElement\":[{\"@type\":\"ListItem\",\"position\":1,\"name\":\"Portada\",\"item\":\"http:\/\/vientosur.top\/museo\/\"},{\"@type\":\"ListItem\",\"position\":2,\"name\":\"El Museo Violeta Parra muestra el dise\u00f1o de j\u00f3venes creadores chilenos\"}]},{\"@type\":\"WebSite\",\"@id\":\"http:\/\/vientosur.top\/museo\/#website\",\"url\":\"http:\/\/vientosur.top\/museo\/\",\"name\":\"Museo Violeta Parra\",\"description\":\"Espacio que alberga tanto la memoria y legado creativo de la artista\",\"potentialAction\":[{\"@type\":\"SearchAction\",\"target\":{\"@type\":\"EntryPoint\",\"urlTemplate\":\"http:\/\/vientosur.top\/museo\/?s={search_term_string}\"},\"query-input\":{\"@type\":\"PropertyValueSpecification\",\"valueRequired\":true,\"valueName\":\"search_term_string\"}}],\"inLanguage\":\"es\"},{\"@type\":\"Person\",\"@id\":\"http:\/\/vientosur.top\/museo\/#\/schema\/person\/20c79d3c38800971feec8c2693c3dd9c\",\"name\":\"admin\",\"image\":{\"@type\":\"ImageObject\",\"inLanguage\":\"es\",\"@id\":\"http:\/\/vientosur.top\/museo\/#\/schema\/person\/image\/\",\"url\":\"https:\/\/secure.gravatar.com\/avatar\/713677ece3ffa642287213a80e5b773bce9ab81c269dd6d95102a990951c922f?s=96&d=mm&r=g\",\"contentUrl\":\"https:\/\/secure.gravatar.com\/avatar\/713677ece3ffa642287213a80e5b773bce9ab81c269dd6d95102a990951c922f?s=96&d=mm&r=g\",\"caption\":\"admin\"},\"sameAs\":[\"http:\/\/vientosur.top\/museo\"],\"url\":\"http:\/\/vientosur.top\/museo\/author\/comunicacionesmvp\/\"}]}<\/script>\n<!-- \/ Yoast SEO plugin. -->","yoast_head_json":{"title":"El Museo Violeta Parra muestra el dise\u00f1o de j\u00f3venes creadores chilenos - Museo Violeta Parra","robots":{"index":"index","follow":"follow","max-snippet":"max-snippet:-1","max-image-preview":"max-image-preview:large","max-video-preview":"max-video-preview:-1"},"canonical":"http:\/\/vientosur.top\/museo\/museo-violeta-parra-muestra-diseno-jovenes-creadores-chilenos\/","og_locale":"es_ES","og_type":"article","og_title":"El Museo Violeta Parra muestra el dise\u00f1o de j\u00f3venes creadores chilenos - Museo Violeta Parra","og_description":"Sebasti\u00e1n del Real, Neutro, Roberta, Y.A.N.G. y Singolare participaron en la aplaudida pasarela. La plataforma\u00a0www.modacl.com, que promueve y potencia la industria de la moda chilena, realiz\u00f3 por primera vez un desfile el jueves 26 de abril, uni\u00e9ndose al Museo Violeta Parra, al \u00e1rea de Dise\u00f1o del Ministerio de las Culturas, las Artes y el Patrimonio, [&hellip;]","og_url":"http:\/\/vientosur.top\/museo\/museo-violeta-parra-muestra-diseno-jovenes-creadores-chilenos\/","og_site_name":"Museo Violeta Parra","article_published_time":"2018-04-27T17:42:08+00:00","og_image":[{"width":2560,"height":1702,"url":"http:\/\/vientosur.top\/museo\/wp-content\/uploads\/2018\/04\/DSC_0169-scaled.jpg","type":"image\/jpeg"}],"author":"admin","twitter_card":"summary_large_image","twitter_misc":{"Escrito por":"admin","Tiempo de lectura":"3 minutos"},"schema":{"@context":"https:\/\/schema.org","@graph":[{"@type":"WebPage","@id":"http:\/\/vientosur.top\/museo\/museo-violeta-parra-muestra-diseno-jovenes-creadores-chilenos\/","url":"http:\/\/vientosur.top\/museo\/museo-violeta-parra-muestra-diseno-jovenes-creadores-chilenos\/","name":"El Museo Violeta Parra muestra el dise\u00f1o de j\u00f3venes creadores chilenos - Museo Violeta Parra","isPartOf":{"@id":"http:\/\/vientosur.top\/museo\/#website"},"primaryImageOfPage":{"@id":"http:\/\/vientosur.top\/museo\/museo-violeta-parra-muestra-diseno-jovenes-creadores-chilenos\/#primaryimage"},"image":{"@id":"http:\/\/vientosur.top\/museo\/museo-violeta-parra-muestra-diseno-jovenes-creadores-chilenos\/#primaryimage"},"thumbnailUrl":"http:\/\/vientosur.top\/museo\/wp-content\/uploads\/2018\/04\/DSC_0169-scaled.jpg","datePublished":"2018-04-27T17:42:08+00:00","author":{"@id":"http:\/\/vientosur.top\/museo\/#\/schema\/person\/20c79d3c38800971feec8c2693c3dd9c"},"breadcrumb":{"@id":"http:\/\/vientosur.top\/museo\/museo-violeta-parra-muestra-diseno-jovenes-creadores-chilenos\/#breadcrumb"},"inLanguage":"es","potentialAction":[{"@type":"ReadAction","target":["http:\/\/vientosur.top\/museo\/museo-violeta-parra-muestra-diseno-jovenes-creadores-chilenos\/"]}]},{"@type":"ImageObject","inLanguage":"es","@id":"http:\/\/vientosur.top\/museo\/museo-violeta-parra-muestra-diseno-jovenes-creadores-chilenos\/#primaryimage","url":"http:\/\/vientosur.top\/museo\/wp-content\/uploads\/2018\/04\/DSC_0169-scaled.jpg","contentUrl":"http:\/\/vientosur.top\/museo\/wp-content\/uploads\/2018\/04\/DSC_0169-scaled.jpg","width":2560,"height":1702},{"@type":"BreadcrumbList","@id":"http:\/\/vientosur.top\/museo\/museo-violeta-parra-muestra-diseno-jovenes-creadores-chilenos\/#breadcrumb","itemListElement":[{"@type":"ListItem","position":1,"name":"Portada","item":"http:\/\/vientosur.top\/museo\/"},{"@type":"ListItem","position":2,"name":"El Museo Violeta Parra muestra el dise\u00f1o de j\u00f3venes creadores chilenos"}]},{"@type":"WebSite","@id":"http:\/\/vientosur.top\/museo\/#website","url":"http:\/\/vientosur.top\/museo\/","name":"Museo Violeta Parra","description":"Espacio que alberga tanto la memoria y legado creativo de la artista","potentialAction":[{"@type":"SearchAction","target":{"@type":"EntryPoint","urlTemplate":"http:\/\/vientosur.top\/museo\/?s={search_term_string}"},"query-input":{"@type":"PropertyValueSpecification","valueRequired":true,"valueName":"search_term_string"}}],"inLanguage":"es"},{"@type":"Person","@id":"http:\/\/vientosur.top\/museo\/#\/schema\/person\/20c79d3c38800971feec8c2693c3dd9c","name":"admin","image":{"@type":"ImageObject","inLanguage":"es","@id":"http:\/\/vientosur.top\/museo\/#\/schema\/person\/image\/","url":"https:\/\/secure.gravatar.com\/avatar\/713677ece3ffa642287213a80e5b773bce9ab81c269dd6d95102a990951c922f?s=96&d=mm&r=g","contentUrl":"https:\/\/secure.gravatar.com\/avatar\/713677ece3ffa642287213a80e5b773bce9ab81c269dd6d95102a990951c922f?s=96&d=mm&r=g","caption":"admin"},"sameAs":["http:\/\/vientosur.top\/museo"],"url":"http:\/\/vientosur.top\/museo\/author\/comunicacionesmvp\/"}]}},"_links":{"self":[{"href":"http:\/\/vientosur.top\/museo\/wp-json\/wp\/v2\/posts\/14641","targetHints":{"allow":["GET"]}}],"collection":[{"href":"http:\/\/vientosur.top\/museo\/wp-json\/wp\/v2\/posts"}],"about":[{"href":"http:\/\/vientosur.top\/museo\/wp-json\/wp\/v2\/types\/post"}],"author":[{"embeddable":true,"href":"http:\/\/vientosur.top\/museo\/wp-json\/wp\/v2\/users\/5"}],"replies":[{"embeddable":true,"href":"http:\/\/vientosur.top\/museo\/wp-json\/wp\/v2\/comments?post=14641"}],"version-history":[{"count":0,"href":"http:\/\/vientosur.top\/museo\/wp-json\/wp\/v2\/posts\/14641\/revisions"}],"wp:featuredmedia":[{"embeddable":true,"href":"http:\/\/vientosur.top\/museo\/wp-json\/wp\/v2\/media\/14642"}],"wp:attachment":[{"href":"http:\/\/vientosur.top\/museo\/wp-json\/wp\/v2\/media?parent=14641"}],"wp:term":[{"taxonomy":"category","embeddable":true,"href":"http:\/\/vientosur.top\/museo\/wp-json\/wp\/v2\/categories?post=14641"},{"taxonomy":"post_tag","embeddable":true,"href":"http:\/\/vientosur.top\/museo\/wp-json\/wp\/v2\/tags?post=14641"}],"curies":[{"name":"wp","href":"https:\/\/api.w.org\/{rel}","templated":true}]}}