{"id":14727,"date":"2018-04-30T14:41:52","date_gmt":"2018-04-30T19:41:52","guid":{"rendered":"http:\/\/vientosur.top\/museo\/?p=14727"},"modified":"2018-04-30T14:41:52","modified_gmt":"2018-04-30T19:41:52","slug":"los-piolas-del-lote-se-presentan-este-sabado-ciclo-cuecas","status":"publish","type":"post","link":"http:\/\/vientosur.top\/museo\/los-piolas-del-lote-se-presentan-este-sabado-ciclo-cuecas\/","title":{"rendered":"Los Piolas del Lote se presentaron en el Ciclo de Cuecas"},"content":{"rendered":"<p style=\"font-weight: 400;\"><em>El quinteto, en el que participan Nicol\u00e1s Poblete y Lucho Castillo, se present\u00f3 el s\u00e1bado 5 de mayo en una actividad gratuita del Museo Vi0leta Parra en la que participaron m\u00e1s de 300 personas.\u00a0<\/em><\/p>\n<p>\u00a0Ya es una tradici\u00f3n. El primer s\u00e1bado de cada mes la explanada del Museo Violeta Parra se llena de alegr\u00eda, pasi\u00f3n, m\u00fasica y baile con el popular Ciclo de Cuecas. Esta actividad gratuita, que se desarrolla desde enero de 2017, invita al p\u00fablico a unirse a una verdadera fiesta ciudadana protagonizada por \u00abla chilena\u00bb.<\/p>\n<p style=\"font-weight: 400;\">Los encargados de musicalizar la jornada el s\u00e1bado 5 de mayo fueron Los Piolas del Lote, quinteto compuesto por Lucho Castill<em>o,\u00a0<\/em>Dangelo Guerra, Daniel Bert\u00edn, Pablo Guzm\u00e1n y Nicol\u00e1s Poblete, quienes ya cuentan con una d\u00e9cada de trayectoria art\u00edstica.<\/p>\n<p style=\"font-weight: 400;\">La agrupaci\u00f3n, que naci\u00f3 con el af\u00e1n de cultivar la cueca, ha desarrollado una fruct\u00edfera carrera sobre m\u00faltiples escenarios en todo Chile.\u00a0\u00a0En 2013, editaron su primer disco, \u201cTiempos de oro\u201d, dedicado a los a\u00f1os de gloria de la cueca brava. Adem\u00e1s de la creaci\u00f3n de nuevas piezas musicales, el grupo se ha dedicado al rescate de tradicionales composiciones, como lo hac\u00eda Violeta Parra.<\/p>\n<p style=\"font-weight: 400;\">Sobre su trabajo, los integrantes de Los Piolas del Lote explican que \u201ces la mejor manera de vivir el d\u00eda a d\u00eda juntos, unidos por una hermosa causa y, principalmente, por una honesta amistad\u201d.<\/p>\n<p style=\"font-weight: 400;\">Prontos a comenzar a registrar nuevas obras, el grupo invita al p\u00fablico a participar de este ciclo para toda la familia, ya sea escuchando o bailando, y donde esperan seguir con su misi\u00f3n art\u00edstica: \u201cir dejando alg\u00fan peque\u00f1o recuerdo en el folclore de nuestra tierra\u201d, agregan.<\/p>\n<p style=\"font-weight: 400;\">Los Piolas del Lote se unen a una larga lista de agrupaciones locales que han sido parte del Ciclo de Cuecas del Museo Violeta Parra, como Los Trukeros, 3&#215;7 Veintiuna, Los Palmeros de Rancagua, Los Republicanos de la Cueca, Las Primas,\u00a0\u00a0Los Chinganeros, Las Chinas Cholas y Las Pecadoras, entre otras.<\/p>\n<p>Revisa im\u00e1genes del evento<a href=\"https:\/\/www.facebook.com\/media\/set\/?set=a.2104530779790332.1073742667.1619584511618297&amp;type=1&amp;l=558adc74cd\" target=\"_blank\" rel=\"noopener noreferrer\"> aqu\u00ed\u00a0<\/a><\/p>\n<p><iframe style=\"border: none; overflow: hidden;\" src=\"https:\/\/www.facebook.com\/plugins\/video.php?href=https%3A%2F%2Fwww.facebook.com%2FMuseoVioletaParra%2Fvideos%2F2103647319878678%2F&amp;show_text=1&amp;width=560\" width=\"560\" height=\"426\" frameborder=\"0\" scrolling=\"no\" allowfullscreen=\"allowfullscreen\"><\/iframe><\/p>\n<p>&nbsp;<\/p>\n<p>&nbsp;<\/p>\n<p>&nbsp;<\/p>\n<p>&nbsp;<\/p>\n<p>&nbsp;<\/p>\n","protected":false},"excerpt":{"rendered":"<p>El quinteto, en el que participan Nicol\u00e1s Poblete y Lucho Castillo, se present\u00f3 el s\u00e1bado 5 de mayo en una actividad gratuita del Museo Vi0leta Parra en la que participaron m\u00e1s de 300 personas.\u00a0 \u00a0Ya es una tradici\u00f3n. El primer s\u00e1bado de cada mes la explanada del Museo Violeta Parra se llena de alegr\u00eda, pasi\u00f3n, [&hellip;]<\/p>\n","protected":false},"author":5,"featured_media":14669,"comment_status":"open","ping_status":"open","sticky":false,"template":"","format":"standard","meta":{"site-sidebar-layout":"default","site-content-layout":"","ast-site-content-layout":"default","site-content-style":"default","site-sidebar-style":"default","ast-global-header-display":"","ast-banner-title-visibility":"","ast-main-header-display":"","ast-hfb-above-header-display":"","ast-hfb-below-header-display":"","ast-hfb-mobile-header-display":"","site-post-title":"","ast-breadcrumbs-content":"","ast-featured-img":"","footer-sml-layout":"","theme-transparent-header-meta":"","adv-header-id-meta":"","stick-header-meta":"","header-above-stick-meta":"","header-main-stick-meta":"","header-below-stick-meta":"","astra-migrate-meta-layouts":"default","ast-page-background-enabled":"default","ast-page-background-meta":{"desktop":{"background-color":"var(--ast-global-color-4)","background-image":"","background-repeat":"repeat","background-position":"center center","background-size":"auto","background-attachment":"scroll","background-type":"","background-media":"","overlay-type":"","overlay-color":"","overlay-opacity":"","overlay-gradient":""},"tablet":{"background-color":"","background-image":"","background-repeat":"repeat","background-position":"center center","background-size":"auto","background-attachment":"scroll","background-type":"","background-media":"","overlay-type":"","overlay-color":"","overlay-opacity":"","overlay-gradient":""},"mobile":{"background-color":"","background-image":"","background-repeat":"repeat","background-position":"center center","background-size":"auto","background-attachment":"scroll","background-type":"","background-media":"","overlay-type":"","overlay-color":"","overlay-opacity":"","overlay-gradient":""}},"ast-content-background-meta":{"desktop":{"background-color":"var(--ast-global-color-5)","background-image":"","background-repeat":"repeat","background-position":"center center","background-size":"auto","background-attachment":"scroll","background-type":"","background-media":"","overlay-type":"","overlay-color":"","overlay-opacity":"","overlay-gradient":""},"tablet":{"background-color":"var(--ast-global-color-5)","background-image":"","background-repeat":"repeat","background-position":"center center","background-size":"auto","background-attachment":"scroll","background-type":"","background-media":"","overlay-type":"","overlay-color":"","overlay-opacity":"","overlay-gradient":""},"mobile":{"background-color":"var(--ast-global-color-5)","background-image":"","background-repeat":"repeat","background-position":"center center","background-size":"auto","background-attachment":"scroll","background-type":"","background-media":"","overlay-type":"","overlay-color":"","overlay-opacity":"","overlay-gradient":""}},"footnotes":""},"categories":[59,8,61],"tags":[],"class_list":["post-14727","post","type-post","status-publish","format-standard","has-post-thumbnail","hentry","category-destacado-noticia","category-noticias","category-novedades"],"yoast_head":"<!-- This site is optimized with the Yoast SEO plugin v25.4 - https:\/\/yoast.com\/wordpress\/plugins\/seo\/ -->\n<title>Los Piolas del Lote se presentaron en el Ciclo de Cuecas - Museo Violeta Parra<\/title>\n<meta name=\"robots\" content=\"index, follow, max-snippet:-1, max-image-preview:large, max-video-preview:-1\" \/>\n<link rel=\"canonical\" href=\"http:\/\/vientosur.top\/museo\/los-piolas-del-lote-se-presentan-este-sabado-ciclo-cuecas\/\" \/>\n<meta property=\"og:locale\" content=\"es_ES\" \/>\n<meta property=\"og:type\" content=\"article\" \/>\n<meta property=\"og:title\" content=\"Los Piolas del Lote se presentaron en el Ciclo de Cuecas - Museo Violeta Parra\" \/>\n<meta property=\"og:description\" content=\"El quinteto, en el que participan Nicol\u00e1s Poblete y Lucho Castillo, se present\u00f3 el s\u00e1bado 5 de mayo en una actividad gratuita del Museo Vi0leta Parra en la que participaron m\u00e1s de 300 personas.\u00a0 \u00a0Ya es una tradici\u00f3n. El primer s\u00e1bado de cada mes la explanada del Museo Violeta Parra se llena de alegr\u00eda, pasi\u00f3n, [&hellip;]\" \/>\n<meta property=\"og:url\" content=\"http:\/\/vientosur.top\/museo\/los-piolas-del-lote-se-presentan-este-sabado-ciclo-cuecas\/\" \/>\n<meta property=\"og:site_name\" content=\"Museo Violeta Parra\" \/>\n<meta property=\"article:published_time\" content=\"2018-04-30T19:41:52+00:00\" \/>\n<meta property=\"og:image\" content=\"http:\/\/vientosur.top\/museo\/wp-content\/uploads\/2018\/04\/IMG_2526-scaled.jpg\" \/>\n\t<meta property=\"og:image:width\" content=\"2560\" \/>\n\t<meta property=\"og:image:height\" content=\"1707\" \/>\n\t<meta property=\"og:image:type\" content=\"image\/jpeg\" \/>\n<meta name=\"author\" content=\"admin\" \/>\n<meta name=\"twitter:card\" content=\"summary_large_image\" \/>\n<meta name=\"twitter:label1\" content=\"Escrito por\" \/>\n\t<meta name=\"twitter:data1\" content=\"admin\" \/>\n\t<meta name=\"twitter:label2\" content=\"Tiempo de lectura\" \/>\n\t<meta name=\"twitter:data2\" content=\"2 minutos\" \/>\n<script type=\"application\/ld+json\" class=\"yoast-schema-graph\">{\"@context\":\"https:\/\/schema.org\",\"@graph\":[{\"@type\":\"WebPage\",\"@id\":\"http:\/\/vientosur.top\/museo\/los-piolas-del-lote-se-presentan-este-sabado-ciclo-cuecas\/\",\"url\":\"http:\/\/vientosur.top\/museo\/los-piolas-del-lote-se-presentan-este-sabado-ciclo-cuecas\/\",\"name\":\"Los Piolas del Lote se presentaron en el Ciclo de Cuecas - Museo Violeta Parra\",\"isPartOf\":{\"@id\":\"http:\/\/vientosur.top\/museo\/#website\"},\"primaryImageOfPage\":{\"@id\":\"http:\/\/vientosur.top\/museo\/los-piolas-del-lote-se-presentan-este-sabado-ciclo-cuecas\/#primaryimage\"},\"image\":{\"@id\":\"http:\/\/vientosur.top\/museo\/los-piolas-del-lote-se-presentan-este-sabado-ciclo-cuecas\/#primaryimage\"},\"thumbnailUrl\":\"http:\/\/vientosur.top\/museo\/wp-content\/uploads\/2018\/04\/IMG_2526-scaled.jpg\",\"datePublished\":\"2018-04-30T19:41:52+00:00\",\"author\":{\"@id\":\"http:\/\/vientosur.top\/museo\/#\/schema\/person\/20c79d3c38800971feec8c2693c3dd9c\"},\"breadcrumb\":{\"@id\":\"http:\/\/vientosur.top\/museo\/los-piolas-del-lote-se-presentan-este-sabado-ciclo-cuecas\/#breadcrumb\"},\"inLanguage\":\"es\",\"potentialAction\":[{\"@type\":\"ReadAction\",\"target\":[\"http:\/\/vientosur.top\/museo\/los-piolas-del-lote-se-presentan-este-sabado-ciclo-cuecas\/\"]}]},{\"@type\":\"ImageObject\",\"inLanguage\":\"es\",\"@id\":\"http:\/\/vientosur.top\/museo\/los-piolas-del-lote-se-presentan-este-sabado-ciclo-cuecas\/#primaryimage\",\"url\":\"http:\/\/vientosur.top\/museo\/wp-content\/uploads\/2018\/04\/IMG_2526-scaled.jpg\",\"contentUrl\":\"http:\/\/vientosur.top\/museo\/wp-content\/uploads\/2018\/04\/IMG_2526-scaled.jpg\",\"width\":2560,\"height\":1707},{\"@type\":\"BreadcrumbList\",\"@id\":\"http:\/\/vientosur.top\/museo\/los-piolas-del-lote-se-presentan-este-sabado-ciclo-cuecas\/#breadcrumb\",\"itemListElement\":[{\"@type\":\"ListItem\",\"position\":1,\"name\":\"Portada\",\"item\":\"http:\/\/vientosur.top\/museo\/\"},{\"@type\":\"ListItem\",\"position\":2,\"name\":\"Los Piolas del Lote se presentaron en el Ciclo de Cuecas\"}]},{\"@type\":\"WebSite\",\"@id\":\"http:\/\/vientosur.top\/museo\/#website\",\"url\":\"http:\/\/vientosur.top\/museo\/\",\"name\":\"Museo Violeta Parra\",\"description\":\"Espacio que alberga tanto la memoria y legado creativo de la artista\",\"potentialAction\":[{\"@type\":\"SearchAction\",\"target\":{\"@type\":\"EntryPoint\",\"urlTemplate\":\"http:\/\/vientosur.top\/museo\/?s={search_term_string}\"},\"query-input\":{\"@type\":\"PropertyValueSpecification\",\"valueRequired\":true,\"valueName\":\"search_term_string\"}}],\"inLanguage\":\"es\"},{\"@type\":\"Person\",\"@id\":\"http:\/\/vientosur.top\/museo\/#\/schema\/person\/20c79d3c38800971feec8c2693c3dd9c\",\"name\":\"admin\",\"image\":{\"@type\":\"ImageObject\",\"inLanguage\":\"es\",\"@id\":\"http:\/\/vientosur.top\/museo\/#\/schema\/person\/image\/\",\"url\":\"https:\/\/secure.gravatar.com\/avatar\/713677ece3ffa642287213a80e5b773bce9ab81c269dd6d95102a990951c922f?s=96&d=mm&r=g\",\"contentUrl\":\"https:\/\/secure.gravatar.com\/avatar\/713677ece3ffa642287213a80e5b773bce9ab81c269dd6d95102a990951c922f?s=96&d=mm&r=g\",\"caption\":\"admin\"},\"sameAs\":[\"http:\/\/vientosur.top\/museo\"],\"url\":\"http:\/\/vientosur.top\/museo\/author\/comunicacionesmvp\/\"}]}<\/script>\n<!-- \/ Yoast SEO plugin. -->","yoast_head_json":{"title":"Los Piolas del Lote se presentaron en el Ciclo de Cuecas - Museo Violeta Parra","robots":{"index":"index","follow":"follow","max-snippet":"max-snippet:-1","max-image-preview":"max-image-preview:large","max-video-preview":"max-video-preview:-1"},"canonical":"http:\/\/vientosur.top\/museo\/los-piolas-del-lote-se-presentan-este-sabado-ciclo-cuecas\/","og_locale":"es_ES","og_type":"article","og_title":"Los Piolas del Lote se presentaron en el Ciclo de Cuecas - Museo Violeta Parra","og_description":"El quinteto, en el que participan Nicol\u00e1s Poblete y Lucho Castillo, se present\u00f3 el s\u00e1bado 5 de mayo en una actividad gratuita del Museo Vi0leta Parra en la que participaron m\u00e1s de 300 personas.\u00a0 \u00a0Ya es una tradici\u00f3n. El primer s\u00e1bado de cada mes la explanada del Museo Violeta Parra se llena de alegr\u00eda, pasi\u00f3n, [&hellip;]","og_url":"http:\/\/vientosur.top\/museo\/los-piolas-del-lote-se-presentan-este-sabado-ciclo-cuecas\/","og_site_name":"Museo Violeta Parra","article_published_time":"2018-04-30T19:41:52+00:00","og_image":[{"width":2560,"height":1707,"url":"http:\/\/vientosur.top\/museo\/wp-content\/uploads\/2018\/04\/IMG_2526-scaled.jpg","type":"image\/jpeg"}],"author":"admin","twitter_card":"summary_large_image","twitter_misc":{"Escrito por":"admin","Tiempo de lectura":"2 minutos"},"schema":{"@context":"https:\/\/schema.org","@graph":[{"@type":"WebPage","@id":"http:\/\/vientosur.top\/museo\/los-piolas-del-lote-se-presentan-este-sabado-ciclo-cuecas\/","url":"http:\/\/vientosur.top\/museo\/los-piolas-del-lote-se-presentan-este-sabado-ciclo-cuecas\/","name":"Los Piolas del Lote se presentaron en el Ciclo de Cuecas - Museo Violeta Parra","isPartOf":{"@id":"http:\/\/vientosur.top\/museo\/#website"},"primaryImageOfPage":{"@id":"http:\/\/vientosur.top\/museo\/los-piolas-del-lote-se-presentan-este-sabado-ciclo-cuecas\/#primaryimage"},"image":{"@id":"http:\/\/vientosur.top\/museo\/los-piolas-del-lote-se-presentan-este-sabado-ciclo-cuecas\/#primaryimage"},"thumbnailUrl":"http:\/\/vientosur.top\/museo\/wp-content\/uploads\/2018\/04\/IMG_2526-scaled.jpg","datePublished":"2018-04-30T19:41:52+00:00","author":{"@id":"http:\/\/vientosur.top\/museo\/#\/schema\/person\/20c79d3c38800971feec8c2693c3dd9c"},"breadcrumb":{"@id":"http:\/\/vientosur.top\/museo\/los-piolas-del-lote-se-presentan-este-sabado-ciclo-cuecas\/#breadcrumb"},"inLanguage":"es","potentialAction":[{"@type":"ReadAction","target":["http:\/\/vientosur.top\/museo\/los-piolas-del-lote-se-presentan-este-sabado-ciclo-cuecas\/"]}]},{"@type":"ImageObject","inLanguage":"es","@id":"http:\/\/vientosur.top\/museo\/los-piolas-del-lote-se-presentan-este-sabado-ciclo-cuecas\/#primaryimage","url":"http:\/\/vientosur.top\/museo\/wp-content\/uploads\/2018\/04\/IMG_2526-scaled.jpg","contentUrl":"http:\/\/vientosur.top\/museo\/wp-content\/uploads\/2018\/04\/IMG_2526-scaled.jpg","width":2560,"height":1707},{"@type":"BreadcrumbList","@id":"http:\/\/vientosur.top\/museo\/los-piolas-del-lote-se-presentan-este-sabado-ciclo-cuecas\/#breadcrumb","itemListElement":[{"@type":"ListItem","position":1,"name":"Portada","item":"http:\/\/vientosur.top\/museo\/"},{"@type":"ListItem","position":2,"name":"Los Piolas del Lote se presentaron en el Ciclo de Cuecas"}]},{"@type":"WebSite","@id":"http:\/\/vientosur.top\/museo\/#website","url":"http:\/\/vientosur.top\/museo\/","name":"Museo Violeta Parra","description":"Espacio que alberga tanto la memoria y legado creativo de la artista","potentialAction":[{"@type":"SearchAction","target":{"@type":"EntryPoint","urlTemplate":"http:\/\/vientosur.top\/museo\/?s={search_term_string}"},"query-input":{"@type":"PropertyValueSpecification","valueRequired":true,"valueName":"search_term_string"}}],"inLanguage":"es"},{"@type":"Person","@id":"http:\/\/vientosur.top\/museo\/#\/schema\/person\/20c79d3c38800971feec8c2693c3dd9c","name":"admin","image":{"@type":"ImageObject","inLanguage":"es","@id":"http:\/\/vientosur.top\/museo\/#\/schema\/person\/image\/","url":"https:\/\/secure.gravatar.com\/avatar\/713677ece3ffa642287213a80e5b773bce9ab81c269dd6d95102a990951c922f?s=96&d=mm&r=g","contentUrl":"https:\/\/secure.gravatar.com\/avatar\/713677ece3ffa642287213a80e5b773bce9ab81c269dd6d95102a990951c922f?s=96&d=mm&r=g","caption":"admin"},"sameAs":["http:\/\/vientosur.top\/museo"],"url":"http:\/\/vientosur.top\/museo\/author\/comunicacionesmvp\/"}]}},"_links":{"self":[{"href":"http:\/\/vientosur.top\/museo\/wp-json\/wp\/v2\/posts\/14727","targetHints":{"allow":["GET"]}}],"collection":[{"href":"http:\/\/vientosur.top\/museo\/wp-json\/wp\/v2\/posts"}],"about":[{"href":"http:\/\/vientosur.top\/museo\/wp-json\/wp\/v2\/types\/post"}],"author":[{"embeddable":true,"href":"http:\/\/vientosur.top\/museo\/wp-json\/wp\/v2\/users\/5"}],"replies":[{"embeddable":true,"href":"http:\/\/vientosur.top\/museo\/wp-json\/wp\/v2\/comments?post=14727"}],"version-history":[{"count":0,"href":"http:\/\/vientosur.top\/museo\/wp-json\/wp\/v2\/posts\/14727\/revisions"}],"wp:featuredmedia":[{"embeddable":true,"href":"http:\/\/vientosur.top\/museo\/wp-json\/wp\/v2\/media\/14669"}],"wp:attachment":[{"href":"http:\/\/vientosur.top\/museo\/wp-json\/wp\/v2\/media?parent=14727"}],"wp:term":[{"taxonomy":"category","embeddable":true,"href":"http:\/\/vientosur.top\/museo\/wp-json\/wp\/v2\/categories?post=14727"},{"taxonomy":"post_tag","embeddable":true,"href":"http:\/\/vientosur.top\/museo\/wp-json\/wp\/v2\/tags?post=14727"}],"curies":[{"name":"wp","href":"https:\/\/api.w.org\/{rel}","templated":true}]}}