{"id":14753,"date":"2018-05-04T15:53:34","date_gmt":"2018-05-04T20:53:34","guid":{"rendered":"http:\/\/vientosur.top\/museo\/?p=14753"},"modified":"2018-05-04T15:53:34","modified_gmt":"2018-05-04T20:53:34","slug":"inscribete-los-talleres-gratuitos-museo-violeta-parra-ofrecera-la-vi-semana-la-educacion-artistica","status":"publish","type":"post","link":"http:\/\/vientosur.top\/museo\/inscribete-los-talleres-gratuitos-museo-violeta-parra-ofrecera-la-vi-semana-la-educacion-artistica\/","title":{"rendered":"Inscr\u00edbete en los talleres gratuitos de la Semana de la Educaci\u00f3n Art\u00edstica en el Museo Violeta Parra"},"content":{"rendered":"<p style=\"font-weight: 400;\"><em>A trav\u00e9s de su \u00e1rea de Educaci\u00f3n, Mediaci\u00f3n, Audiencias y Voluntariado, el museo ser\u00e1 parte de esta celebraci\u00f3n con cuatro talleres gratuitos, que se realizar\u00e1n entre el 15 y el 18\u00a0de mayo.<\/em><\/p>\n<p>&nbsp;<\/p>\n<p style=\"font-weight: 400;\">Bajo el lema \u201cLa expresi\u00f3n de la diferencia\u201d, entre el 14 y el 18 de mayo, se celebrar\u00e1 en todo Chile la VI versi\u00f3n de la Semana de la Educaci\u00f3n Art\u00edstica. La iniciativa busca que mediante las experiencias art\u00edsticas, cada ni\u00f1o\/a, joven y docente, se conecte con su propia identidad y diversidad.<\/p>\n<p>&nbsp;<\/p>\n<p style=\"font-weight: 400;\">El Museo Violeta Parra, que durante todo el a\u00f1o ofrece talleres y visitas gratuitas, tambi\u00e9n ser\u00e1 parte de esta instancia impulsada por la Organizaci\u00f3n de las Naciones Unidas para la Educaci\u00f3n, la Ciencia y la Cultura (Unesco). El \u00e1rea educativa ofrecer\u00e1 cuatro talleres gratuitos, que tienen como eje central el valor de la diferencia, uno de los motivos centrales del canto y obra visual de la artista.<\/p>\n<p>&nbsp;<\/p>\n<p>Las actividades comenzar\u00e1n el martes 15 de mayo a las 16:00 horas con el Taller de Espejos con Material Reciclado, donde las y los participantes trabajar\u00e1n inspirados en la idea de que la imagen humana es el reflejo de la diversidad. La celebraci\u00f3n de la Semana de la Educaci\u00f3n Art\u00edstica continuar\u00e1 con la actividad Pintando con Lanas, que se desarrollar\u00e1 el mi\u00e9rcoles 16, y donde las y los participantes utilizar\u00e1n la t\u00e9cnica de lanigraf\u00eda para confeccionar una composici\u00f3n basada en las pinturas de Violeta Parra, rescatando personajes, objetos y escenas que ser\u00e1n repensadas en una nueva materialidad.<\/p>\n<p>&nbsp;<\/p>\n<p style=\"font-weight: 400;\">S\u00edmbolo de libertad, las aves destacaron en la obra musical y visual de Violeta Parra, con ellas expres\u00f3 emociones, pensamientos y perspectivas acerca de la diversidad de nuestro entorno cultural. Esta idea inspir\u00f3 el Taller de Guirnaldas de Pajaritos, que se dictar\u00e1 el jueves 17 de mayo. Para cerrar las actividades, el 18 de mayo, se realizar\u00e1 el Taller de Colgante \u00c1rbol de la Vida, donde los y las participantes realizar\u00e1n un \u00e1rbol decorativo, torciendo alambres, cubri\u00e9ndolo con lana y mostacillas.<\/p>\n<p>&nbsp;<\/p>\n<p style=\"font-weight: 400;\">Todas las actividades se realizar\u00e1n a las 16 horas en el museo ubicado en\u00a0 <a href=\"https:\/\/maps.google.com\/?q=Vicu%C3%B1a+Mackenna+n%C2%B0+37,+Santiago&amp;entry=gmail&amp;source=g\" data-saferedirecturl=\"https:\/\/www.google.com\/url?hl=es&amp;q=https:\/\/maps.google.com\/?q%3DVicu%25C3%25B1a%2BMackenna%2Bn%25C2%25B0%2B37,%2BSantiago%26entry%3Dgmail%26source%3Dg&amp;source=gmail&amp;ust=1525544884462000&amp;usg=AFQjCNGFJyrSAYIdzitrmYNu40nar3DJVw\">Vicu\u00f1a Mackenna n\u00b0 37, Santiago<\/a>, y est\u00e1n pensadas para j\u00f3venes desde los 15 a\u00f1os en adelante. Las inscripciones gratuitas se realizar\u00e1n a trav\u00e9s del tel\u00e9fono + 56 2 23554648 y los adultos responsables deben inscribirse y participar del taller.<\/p>\n<p>&nbsp;<\/p>\n<p style=\"font-weight: 400;\"><strong>Resumen de talleres<\/strong><\/p>\n<p style=\"font-weight: 400;\"><a href=\"http:\/\/vientosur.top\/museo\/actividades\/actividad\/taller-espejos-material-reciclado\/\" target=\"_blank\" rel=\"noopener noreferrer\">Taller de Espejos con Material Reciclado\u00a0<\/a><br \/>\nMartes 15 de mayo \/ 16:00 horas<\/p>\n<p style=\"font-weight: 400;\"><a href=\"http:\/\/vientosur.top\/museo\/actividades\/actividad\/taller-pintando-lanas\/\" target=\"_blank\" rel=\"noopener noreferrer\">Taller Pintando con Lanas<\/a><br \/>\nMi\u00e9rcoles 16 de mayo \/ 16:00 horas<\/p>\n<p style=\"font-weight: 400;\"><a href=\"http:\/\/vientosur.top\/museo\/actividades\/actividad\/taller-guirnaldas-pajaritos\/\" target=\"_blank\" rel=\"noopener noreferrer\">Taller de Guirnaldas de Pajaritos<\/a>\u00a0\/ CUPOS AGOTADOS<br \/>\nJueves 17 de mayo \/ 16:00 horas<\/p>\n<p><span style=\"font-weight: 400;\"><a href=\"http:\/\/vientosur.top\/museo\/actividades\/actividad\/taller-colgante-arbol-la-vida\/\" target=\"_blank\" rel=\"noopener noreferrer\">Taller de Colgante \u00c1rbol de la Vida<\/a><br \/>\nViernes 18 de mayo \/ 16:00 horas<\/span><span style=\"font-weight: 400;\">\u00a0<\/span><\/p>\n<p>&nbsp;<\/p>\n<p>&nbsp;<\/p>\n<p style=\"font-weight: 400;\"><strong>Sobre la Semana de la Educaci\u00f3n Art\u00edstica<\/strong><\/p>\n<p style=\"font-weight: 400;\">La Semana de la Educaci\u00f3n Art\u00edstica (SEA), es una celebraci\u00f3n internacional, impulsada por UNESCO que busca \u201csensibilizar a la comunidad internacional sobre la importancia de la educaci\u00f3n art\u00edstica; y promover la diversidad cultural, el di\u00e1logo intercultural y la cohesi\u00f3n social\u201d. En Chile, es organizada por la UNESCO, el Ministerio de las Culturas, las Artes y el Patrimonio, el Ministerio de Educaci\u00f3n, la Universidad de Chile y Balmaceda Arte Joven, y est\u00e1 dirigida a estudiantes de escuelas y liceos del pa\u00eds, etapa de la ense\u00f1anza donde el desarrollo de las artes y la creatividad cumplen un papel fundamental para generar sujetos m\u00e1s libres y conscientes de su entorno.<\/p>\n","protected":false},"excerpt":{"rendered":"<p>A trav\u00e9s de su \u00e1rea de Educaci\u00f3n, Mediaci\u00f3n, Audiencias y Voluntariado, el museo ser\u00e1 parte de esta celebraci\u00f3n con cuatro talleres gratuitos, que se realizar\u00e1n entre el 15 y el 18\u00a0de mayo. &nbsp; Bajo el lema \u201cLa expresi\u00f3n de la diferencia\u201d, entre el 14 y el 18 de mayo, se celebrar\u00e1 en todo Chile la [&hellip;]<\/p>\n","protected":false},"author":5,"featured_media":14619,"comment_status":"open","ping_status":"open","sticky":false,"template":"","format":"standard","meta":{"site-sidebar-layout":"default","site-content-layout":"","ast-site-content-layout":"default","site-content-style":"default","site-sidebar-style":"default","ast-global-header-display":"","ast-banner-title-visibility":"","ast-main-header-display":"","ast-hfb-above-header-display":"","ast-hfb-below-header-display":"","ast-hfb-mobile-header-display":"","site-post-title":"","ast-breadcrumbs-content":"","ast-featured-img":"","footer-sml-layout":"","theme-transparent-header-meta":"","adv-header-id-meta":"","stick-header-meta":"","header-above-stick-meta":"","header-main-stick-meta":"","header-below-stick-meta":"","astra-migrate-meta-layouts":"default","ast-page-background-enabled":"default","ast-page-background-meta":{"desktop":{"background-color":"var(--ast-global-color-4)","background-image":"","background-repeat":"repeat","background-position":"center center","background-size":"auto","background-attachment":"scroll","background-type":"","background-media":"","overlay-type":"","overlay-color":"","overlay-opacity":"","overlay-gradient":""},"tablet":{"background-color":"","background-image":"","background-repeat":"repeat","background-position":"center center","background-size":"auto","background-attachment":"scroll","background-type":"","background-media":"","overlay-type":"","overlay-color":"","overlay-opacity":"","overlay-gradient":""},"mobile":{"background-color":"","background-image":"","background-repeat":"repeat","background-position":"center center","background-size":"auto","background-attachment":"scroll","background-type":"","background-media":"","overlay-type":"","overlay-color":"","overlay-opacity":"","overlay-gradient":""}},"ast-content-background-meta":{"desktop":{"background-color":"var(--ast-global-color-5)","background-image":"","background-repeat":"repeat","background-position":"center center","background-size":"auto","background-attachment":"scroll","background-type":"","background-media":"","overlay-type":"","overlay-color":"","overlay-opacity":"","overlay-gradient":""},"tablet":{"background-color":"var(--ast-global-color-5)","background-image":"","background-repeat":"repeat","background-position":"center center","background-size":"auto","background-attachment":"scroll","background-type":"","background-media":"","overlay-type":"","overlay-color":"","overlay-opacity":"","overlay-gradient":""},"mobile":{"background-color":"var(--ast-global-color-5)","background-image":"","background-repeat":"repeat","background-position":"center center","background-size":"auto","background-attachment":"scroll","background-type":"","background-media":"","overlay-type":"","overlay-color":"","overlay-opacity":"","overlay-gradient":""}},"footnotes":""},"categories":[59,8,61],"tags":[],"class_list":["post-14753","post","type-post","status-publish","format-standard","has-post-thumbnail","hentry","category-destacado-noticia","category-noticias","category-novedades"],"yoast_head":"<!-- This site is optimized with the Yoast SEO plugin v25.4 - https:\/\/yoast.com\/wordpress\/plugins\/seo\/ -->\n<title>Inscr\u00edbete en los talleres gratuitos de la Semana de la Educaci\u00f3n Art\u00edstica en el Museo Violeta Parra - Museo Violeta Parra<\/title>\n<meta name=\"robots\" content=\"index, follow, max-snippet:-1, max-image-preview:large, max-video-preview:-1\" \/>\n<link rel=\"canonical\" href=\"http:\/\/vientosur.top\/museo\/inscribete-los-talleres-gratuitos-museo-violeta-parra-ofrecera-la-vi-semana-la-educacion-artistica\/\" \/>\n<meta property=\"og:locale\" content=\"es_ES\" \/>\n<meta property=\"og:type\" content=\"article\" \/>\n<meta property=\"og:title\" content=\"Inscr\u00edbete en los talleres gratuitos de la Semana de la Educaci\u00f3n Art\u00edstica en el Museo Violeta Parra - Museo Violeta Parra\" \/>\n<meta property=\"og:description\" content=\"A trav\u00e9s de su \u00e1rea de Educaci\u00f3n, Mediaci\u00f3n, Audiencias y Voluntariado, el museo ser\u00e1 parte de esta celebraci\u00f3n con cuatro talleres gratuitos, que se realizar\u00e1n entre el 15 y el 18\u00a0de mayo. &nbsp; Bajo el lema \u201cLa expresi\u00f3n de la diferencia\u201d, entre el 14 y el 18 de mayo, se celebrar\u00e1 en todo Chile la [&hellip;]\" \/>\n<meta property=\"og:url\" content=\"http:\/\/vientosur.top\/museo\/inscribete-los-talleres-gratuitos-museo-violeta-parra-ofrecera-la-vi-semana-la-educacion-artistica\/\" \/>\n<meta property=\"og:site_name\" content=\"Museo Violeta Parra\" \/>\n<meta property=\"article:published_time\" content=\"2018-05-04T20:53:34+00:00\" \/>\n<meta property=\"og:image\" content=\"http:\/\/vientosur.top\/museo\/wp-content\/uploads\/2018\/04\/ARPILLERA-scaled.jpg\" \/>\n\t<meta property=\"og:image:width\" content=\"2560\" \/>\n\t<meta property=\"og:image:height\" content=\"1702\" \/>\n\t<meta property=\"og:image:type\" content=\"image\/jpeg\" \/>\n<meta name=\"author\" content=\"admin\" \/>\n<meta name=\"twitter:card\" content=\"summary_large_image\" \/>\n<meta name=\"twitter:label1\" content=\"Escrito por\" \/>\n\t<meta name=\"twitter:data1\" content=\"admin\" \/>\n\t<meta name=\"twitter:label2\" content=\"Tiempo de lectura\" \/>\n\t<meta name=\"twitter:data2\" content=\"3 minutos\" \/>\n<script type=\"application\/ld+json\" class=\"yoast-schema-graph\">{\"@context\":\"https:\/\/schema.org\",\"@graph\":[{\"@type\":\"WebPage\",\"@id\":\"http:\/\/vientosur.top\/museo\/inscribete-los-talleres-gratuitos-museo-violeta-parra-ofrecera-la-vi-semana-la-educacion-artistica\/\",\"url\":\"http:\/\/vientosur.top\/museo\/inscribete-los-talleres-gratuitos-museo-violeta-parra-ofrecera-la-vi-semana-la-educacion-artistica\/\",\"name\":\"Inscr\u00edbete en los talleres gratuitos de la Semana de la Educaci\u00f3n Art\u00edstica en el Museo Violeta Parra - Museo Violeta Parra\",\"isPartOf\":{\"@id\":\"http:\/\/vientosur.top\/museo\/#website\"},\"primaryImageOfPage\":{\"@id\":\"http:\/\/vientosur.top\/museo\/inscribete-los-talleres-gratuitos-museo-violeta-parra-ofrecera-la-vi-semana-la-educacion-artistica\/#primaryimage\"},\"image\":{\"@id\":\"http:\/\/vientosur.top\/museo\/inscribete-los-talleres-gratuitos-museo-violeta-parra-ofrecera-la-vi-semana-la-educacion-artistica\/#primaryimage\"},\"thumbnailUrl\":\"http:\/\/vientosur.top\/museo\/wp-content\/uploads\/2018\/04\/ARPILLERA-scaled.jpg\",\"datePublished\":\"2018-05-04T20:53:34+00:00\",\"author\":{\"@id\":\"http:\/\/vientosur.top\/museo\/#\/schema\/person\/20c79d3c38800971feec8c2693c3dd9c\"},\"breadcrumb\":{\"@id\":\"http:\/\/vientosur.top\/museo\/inscribete-los-talleres-gratuitos-museo-violeta-parra-ofrecera-la-vi-semana-la-educacion-artistica\/#breadcrumb\"},\"inLanguage\":\"es\",\"potentialAction\":[{\"@type\":\"ReadAction\",\"target\":[\"http:\/\/vientosur.top\/museo\/inscribete-los-talleres-gratuitos-museo-violeta-parra-ofrecera-la-vi-semana-la-educacion-artistica\/\"]}]},{\"@type\":\"ImageObject\",\"inLanguage\":\"es\",\"@id\":\"http:\/\/vientosur.top\/museo\/inscribete-los-talleres-gratuitos-museo-violeta-parra-ofrecera-la-vi-semana-la-educacion-artistica\/#primaryimage\",\"url\":\"http:\/\/vientosur.top\/museo\/wp-content\/uploads\/2018\/04\/ARPILLERA-scaled.jpg\",\"contentUrl\":\"http:\/\/vientosur.top\/museo\/wp-content\/uploads\/2018\/04\/ARPILLERA-scaled.jpg\",\"width\":2560,\"height\":1702},{\"@type\":\"BreadcrumbList\",\"@id\":\"http:\/\/vientosur.top\/museo\/inscribete-los-talleres-gratuitos-museo-violeta-parra-ofrecera-la-vi-semana-la-educacion-artistica\/#breadcrumb\",\"itemListElement\":[{\"@type\":\"ListItem\",\"position\":1,\"name\":\"Portada\",\"item\":\"http:\/\/vientosur.top\/museo\/\"},{\"@type\":\"ListItem\",\"position\":2,\"name\":\"Inscr\u00edbete en los talleres gratuitos de la Semana de la Educaci\u00f3n Art\u00edstica en el Museo Violeta Parra\"}]},{\"@type\":\"WebSite\",\"@id\":\"http:\/\/vientosur.top\/museo\/#website\",\"url\":\"http:\/\/vientosur.top\/museo\/\",\"name\":\"Museo Violeta Parra\",\"description\":\"Espacio que alberga tanto la memoria y legado creativo de la artista\",\"potentialAction\":[{\"@type\":\"SearchAction\",\"target\":{\"@type\":\"EntryPoint\",\"urlTemplate\":\"http:\/\/vientosur.top\/museo\/?s={search_term_string}\"},\"query-input\":{\"@type\":\"PropertyValueSpecification\",\"valueRequired\":true,\"valueName\":\"search_term_string\"}}],\"inLanguage\":\"es\"},{\"@type\":\"Person\",\"@id\":\"http:\/\/vientosur.top\/museo\/#\/schema\/person\/20c79d3c38800971feec8c2693c3dd9c\",\"name\":\"admin\",\"image\":{\"@type\":\"ImageObject\",\"inLanguage\":\"es\",\"@id\":\"http:\/\/vientosur.top\/museo\/#\/schema\/person\/image\/\",\"url\":\"https:\/\/secure.gravatar.com\/avatar\/713677ece3ffa642287213a80e5b773bce9ab81c269dd6d95102a990951c922f?s=96&d=mm&r=g\",\"contentUrl\":\"https:\/\/secure.gravatar.com\/avatar\/713677ece3ffa642287213a80e5b773bce9ab81c269dd6d95102a990951c922f?s=96&d=mm&r=g\",\"caption\":\"admin\"},\"sameAs\":[\"http:\/\/vientosur.top\/museo\"],\"url\":\"http:\/\/vientosur.top\/museo\/author\/comunicacionesmvp\/\"}]}<\/script>\n<!-- \/ Yoast SEO plugin. -->","yoast_head_json":{"title":"Inscr\u00edbete en los talleres gratuitos de la Semana de la Educaci\u00f3n Art\u00edstica en el Museo Violeta Parra - Museo Violeta Parra","robots":{"index":"index","follow":"follow","max-snippet":"max-snippet:-1","max-image-preview":"max-image-preview:large","max-video-preview":"max-video-preview:-1"},"canonical":"http:\/\/vientosur.top\/museo\/inscribete-los-talleres-gratuitos-museo-violeta-parra-ofrecera-la-vi-semana-la-educacion-artistica\/","og_locale":"es_ES","og_type":"article","og_title":"Inscr\u00edbete en los talleres gratuitos de la Semana de la Educaci\u00f3n Art\u00edstica en el Museo Violeta Parra - Museo Violeta Parra","og_description":"A trav\u00e9s de su \u00e1rea de Educaci\u00f3n, Mediaci\u00f3n, Audiencias y Voluntariado, el museo ser\u00e1 parte de esta celebraci\u00f3n con cuatro talleres gratuitos, que se realizar\u00e1n entre el 15 y el 18\u00a0de mayo. &nbsp; Bajo el lema \u201cLa expresi\u00f3n de la diferencia\u201d, entre el 14 y el 18 de mayo, se celebrar\u00e1 en todo Chile la [&hellip;]","og_url":"http:\/\/vientosur.top\/museo\/inscribete-los-talleres-gratuitos-museo-violeta-parra-ofrecera-la-vi-semana-la-educacion-artistica\/","og_site_name":"Museo Violeta Parra","article_published_time":"2018-05-04T20:53:34+00:00","og_image":[{"width":2560,"height":1702,"url":"http:\/\/vientosur.top\/museo\/wp-content\/uploads\/2018\/04\/ARPILLERA-scaled.jpg","type":"image\/jpeg"}],"author":"admin","twitter_card":"summary_large_image","twitter_misc":{"Escrito por":"admin","Tiempo de lectura":"3 minutos"},"schema":{"@context":"https:\/\/schema.org","@graph":[{"@type":"WebPage","@id":"http:\/\/vientosur.top\/museo\/inscribete-los-talleres-gratuitos-museo-violeta-parra-ofrecera-la-vi-semana-la-educacion-artistica\/","url":"http:\/\/vientosur.top\/museo\/inscribete-los-talleres-gratuitos-museo-violeta-parra-ofrecera-la-vi-semana-la-educacion-artistica\/","name":"Inscr\u00edbete en los talleres gratuitos de la Semana de la Educaci\u00f3n Art\u00edstica en el Museo Violeta Parra - Museo Violeta Parra","isPartOf":{"@id":"http:\/\/vientosur.top\/museo\/#website"},"primaryImageOfPage":{"@id":"http:\/\/vientosur.top\/museo\/inscribete-los-talleres-gratuitos-museo-violeta-parra-ofrecera-la-vi-semana-la-educacion-artistica\/#primaryimage"},"image":{"@id":"http:\/\/vientosur.top\/museo\/inscribete-los-talleres-gratuitos-museo-violeta-parra-ofrecera-la-vi-semana-la-educacion-artistica\/#primaryimage"},"thumbnailUrl":"http:\/\/vientosur.top\/museo\/wp-content\/uploads\/2018\/04\/ARPILLERA-scaled.jpg","datePublished":"2018-05-04T20:53:34+00:00","author":{"@id":"http:\/\/vientosur.top\/museo\/#\/schema\/person\/20c79d3c38800971feec8c2693c3dd9c"},"breadcrumb":{"@id":"http:\/\/vientosur.top\/museo\/inscribete-los-talleres-gratuitos-museo-violeta-parra-ofrecera-la-vi-semana-la-educacion-artistica\/#breadcrumb"},"inLanguage":"es","potentialAction":[{"@type":"ReadAction","target":["http:\/\/vientosur.top\/museo\/inscribete-los-talleres-gratuitos-museo-violeta-parra-ofrecera-la-vi-semana-la-educacion-artistica\/"]}]},{"@type":"ImageObject","inLanguage":"es","@id":"http:\/\/vientosur.top\/museo\/inscribete-los-talleres-gratuitos-museo-violeta-parra-ofrecera-la-vi-semana-la-educacion-artistica\/#primaryimage","url":"http:\/\/vientosur.top\/museo\/wp-content\/uploads\/2018\/04\/ARPILLERA-scaled.jpg","contentUrl":"http:\/\/vientosur.top\/museo\/wp-content\/uploads\/2018\/04\/ARPILLERA-scaled.jpg","width":2560,"height":1702},{"@type":"BreadcrumbList","@id":"http:\/\/vientosur.top\/museo\/inscribete-los-talleres-gratuitos-museo-violeta-parra-ofrecera-la-vi-semana-la-educacion-artistica\/#breadcrumb","itemListElement":[{"@type":"ListItem","position":1,"name":"Portada","item":"http:\/\/vientosur.top\/museo\/"},{"@type":"ListItem","position":2,"name":"Inscr\u00edbete en los talleres gratuitos de la Semana de la Educaci\u00f3n Art\u00edstica en el Museo Violeta Parra"}]},{"@type":"WebSite","@id":"http:\/\/vientosur.top\/museo\/#website","url":"http:\/\/vientosur.top\/museo\/","name":"Museo Violeta Parra","description":"Espacio que alberga tanto la memoria y legado creativo de la artista","potentialAction":[{"@type":"SearchAction","target":{"@type":"EntryPoint","urlTemplate":"http:\/\/vientosur.top\/museo\/?s={search_term_string}"},"query-input":{"@type":"PropertyValueSpecification","valueRequired":true,"valueName":"search_term_string"}}],"inLanguage":"es"},{"@type":"Person","@id":"http:\/\/vientosur.top\/museo\/#\/schema\/person\/20c79d3c38800971feec8c2693c3dd9c","name":"admin","image":{"@type":"ImageObject","inLanguage":"es","@id":"http:\/\/vientosur.top\/museo\/#\/schema\/person\/image\/","url":"https:\/\/secure.gravatar.com\/avatar\/713677ece3ffa642287213a80e5b773bce9ab81c269dd6d95102a990951c922f?s=96&d=mm&r=g","contentUrl":"https:\/\/secure.gravatar.com\/avatar\/713677ece3ffa642287213a80e5b773bce9ab81c269dd6d95102a990951c922f?s=96&d=mm&r=g","caption":"admin"},"sameAs":["http:\/\/vientosur.top\/museo"],"url":"http:\/\/vientosur.top\/museo\/author\/comunicacionesmvp\/"}]}},"_links":{"self":[{"href":"http:\/\/vientosur.top\/museo\/wp-json\/wp\/v2\/posts\/14753","targetHints":{"allow":["GET"]}}],"collection":[{"href":"http:\/\/vientosur.top\/museo\/wp-json\/wp\/v2\/posts"}],"about":[{"href":"http:\/\/vientosur.top\/museo\/wp-json\/wp\/v2\/types\/post"}],"author":[{"embeddable":true,"href":"http:\/\/vientosur.top\/museo\/wp-json\/wp\/v2\/users\/5"}],"replies":[{"embeddable":true,"href":"http:\/\/vientosur.top\/museo\/wp-json\/wp\/v2\/comments?post=14753"}],"version-history":[{"count":0,"href":"http:\/\/vientosur.top\/museo\/wp-json\/wp\/v2\/posts\/14753\/revisions"}],"wp:featuredmedia":[{"embeddable":true,"href":"http:\/\/vientosur.top\/museo\/wp-json\/wp\/v2\/media\/14619"}],"wp:attachment":[{"href":"http:\/\/vientosur.top\/museo\/wp-json\/wp\/v2\/media?parent=14753"}],"wp:term":[{"taxonomy":"category","embeddable":true,"href":"http:\/\/vientosur.top\/museo\/wp-json\/wp\/v2\/categories?post=14753"},{"taxonomy":"post_tag","embeddable":true,"href":"http:\/\/vientosur.top\/museo\/wp-json\/wp\/v2\/tags?post=14753"}],"curies":[{"name":"wp","href":"https:\/\/api.w.org\/{rel}","templated":true}]}}