{"id":14772,"date":"2018-05-08T08:44:41","date_gmt":"2018-05-08T13:44:41","guid":{"rendered":"http:\/\/vientosur.top\/museo\/?p=14772"},"modified":"2018-05-08T08:44:41","modified_gmt":"2018-05-08T13:44:41","slug":"reserva-entrada-recital-acustico-claudio-narea-museo-violeta-parra","status":"publish","type":"post","link":"http:\/\/vientosur.top\/museo\/reserva-entrada-recital-acustico-claudio-narea-museo-violeta-parra\/","title":{"rendered":"Claudio Narea present\u00f3 recital ac\u00fastico en el Museo Violeta Parra"},"content":{"rendered":"<p><em>El ex guitarrista de Los Prisioneros ofreci\u00f3 un espect\u00e1culo gratuito el s\u00e1bado 12 de mayo en la Sala Antar del Museo Violeta Parra.\u00a0<\/em><\/p>\n<p style=\"font-weight: 400;\">Fiel a su objetivo de constituirse como un espacio cultural abierto al p\u00fablico de manera gratuita, el Museo Violeta Parra se ha posicionado como una potente vitrina para artistas nacionales y latinoamericanos, desplegando una atractiva programaci\u00f3n que incluye recitales, obras de teatro, presentaci\u00f3n de libros, documentales, charlas y talleres.<\/p>\n<p style=\"font-weight: 400;\">En este contexto, el 12 de mayo, Claudio Narea\u00a0<span style=\"font-weight: 400;\">\u2014<\/span>nombre fundamental en la historia del rock chileno<span style=\"font-weight: 400;\">\u2014<\/span>\u00a0se present\u00f3 en formato ac\u00fastico en un espect\u00e1culo gratuito.<\/p>\n<p style=\"font-weight: 400;\">En esta ocasi\u00f3n, el artista hizo un repaso por diferentes momentos de su carrera, desde su reconocida participaci\u00f3n como miembro fundador de Los Prisioneros hasta su trabajo en la banda Profetas y Fren\u00e9ticos, y por sus discos solistas: \u00abClaudio\u00a0Narea\u00bb, \u00abEl largo camino al \u00e9xito\u00bb y \u00abLa\u00a0vida es circular\u00bb.\u00a0\u00a0A\u00a0la\u00a0guitarra de Claudio se sumaron\u00a0 los m\u00fasicos Di\u00f3genes Matus y Ricardo Carrasco, quienes ya lo han acompa\u00f1ado en diversos proyectos.<\/p>\n<p style=\"font-weight: 400;\">\u201cEl recital de este s\u00e1bado es distinto en varios sentidos. Voy a tocar la guitarra ac\u00fastica, vamos a ocupar una bater\u00eda de jazz y un bajo ac\u00fastico. La gente que conoce las canciones va a encontrarlas distintas, ser\u00e1 otro el sonido de la banda\u201d, dijo el artista antes del recital.<\/p>\n<p style=\"font-weight: 400;\">De esta manera, Narea se suma a una larga lista de artistas que han visto en el escenario del museo, un espacio simb\u00f3lico donde mostrar su trabajo y reconocer el legado de Violeta Parra.<\/p>\n<p style=\"font-weight: 400;\">Sobre la importancia de presentarse en \u201cla casa de Violeta\u201d, Narea explic\u00f3 que \u201csoy un gran fan\u00e1tico de Violeta Parra, y tener la posibilidad de tocar ah\u00ed es algo importante en mi carrera. Adem\u00e1s, me encantar\u00eda incorporar, a futuro, algunas de sus canciones a mi repertorio, siempre aprendiendo de su trabajo musical, que es lo que m\u00e1s me llega\u201d.<\/p>\n<p><iframe style=\"border: none; overflow: hidden;\" src=\"https:\/\/www.facebook.com\/plugins\/video.php?href=https%3A%2F%2Fwww.facebook.com%2FMuseoVioletaParra%2Fvideos%2F2107934259449984%2F&amp;show_text=0&amp;width=560\" width=\"560\" height=\"315\" frameborder=\"0\" scrolling=\"no\" allowfullscreen=\"allowfullscreen\"><\/iframe><\/p>\n<p><strong>Claudio Narea en vivo<\/strong><br \/>\n<strong>S\u00e1bado 12 de mayo \/ 16:00 horas \/ Sala Antar<\/strong><\/p>\n<p>&nbsp;<\/p>\n<p><iframe src=\"https:\/\/docs.google.com\/forms\/d\/e\/1FAIpQLSe37GLSYH0TJI8Wu_zYquDTFarAsoY8SZCSXtZxSOwxmeV4fA\/viewform?embedded=true\" width=\"700\" height=\"520\" frameborder=\"0\" marginwidth=\"0\" marginheight=\"0\">Loading&#8230;<\/iframe><\/p>\n","protected":false},"excerpt":{"rendered":"<p>El ex guitarrista de Los Prisioneros ofreci\u00f3 un espect\u00e1culo gratuito el s\u00e1bado 12 de mayo en la Sala Antar del Museo Violeta Parra.\u00a0 Fiel a su objetivo de constituirse como un espacio cultural abierto al p\u00fablico de manera gratuita, el Museo Violeta Parra se ha posicionado como una potente vitrina para artistas nacionales y latinoamericanos, [&hellip;]<\/p>\n","protected":false},"author":5,"featured_media":14874,"comment_status":"open","ping_status":"open","sticky":false,"template":"","format":"standard","meta":{"site-sidebar-layout":"default","site-content-layout":"","ast-site-content-layout":"default","site-content-style":"default","site-sidebar-style":"default","ast-global-header-display":"","ast-banner-title-visibility":"","ast-main-header-display":"","ast-hfb-above-header-display":"","ast-hfb-below-header-display":"","ast-hfb-mobile-header-display":"","site-post-title":"","ast-breadcrumbs-content":"","ast-featured-img":"","footer-sml-layout":"","theme-transparent-header-meta":"","adv-header-id-meta":"","stick-header-meta":"","header-above-stick-meta":"","header-main-stick-meta":"","header-below-stick-meta":"","astra-migrate-meta-layouts":"default","ast-page-background-enabled":"default","ast-page-background-meta":{"desktop":{"background-color":"var(--ast-global-color-4)","background-image":"","background-repeat":"repeat","background-position":"center center","background-size":"auto","background-attachment":"scroll","background-type":"","background-media":"","overlay-type":"","overlay-color":"","overlay-opacity":"","overlay-gradient":""},"tablet":{"background-color":"","background-image":"","background-repeat":"repeat","background-position":"center center","background-size":"auto","background-attachment":"scroll","background-type":"","background-media":"","overlay-type":"","overlay-color":"","overlay-opacity":"","overlay-gradient":""},"mobile":{"background-color":"","background-image":"","background-repeat":"repeat","background-position":"center center","background-size":"auto","background-attachment":"scroll","background-type":"","background-media":"","overlay-type":"","overlay-color":"","overlay-opacity":"","overlay-gradient":""}},"ast-content-background-meta":{"desktop":{"background-color":"var(--ast-global-color-5)","background-image":"","background-repeat":"repeat","background-position":"center center","background-size":"auto","background-attachment":"scroll","background-type":"","background-media":"","overlay-type":"","overlay-color":"","overlay-opacity":"","overlay-gradient":""},"tablet":{"background-color":"var(--ast-global-color-5)","background-image":"","background-repeat":"repeat","background-position":"center center","background-size":"auto","background-attachment":"scroll","background-type":"","background-media":"","overlay-type":"","overlay-color":"","overlay-opacity":"","overlay-gradient":""},"mobile":{"background-color":"var(--ast-global-color-5)","background-image":"","background-repeat":"repeat","background-position":"center center","background-size":"auto","background-attachment":"scroll","background-type":"","background-media":"","overlay-type":"","overlay-color":"","overlay-opacity":"","overlay-gradient":""}},"footnotes":""},"categories":[59,8,61],"tags":[],"class_list":["post-14772","post","type-post","status-publish","format-standard","has-post-thumbnail","hentry","category-destacado-noticia","category-noticias","category-novedades"],"yoast_head":"<!-- This site is optimized with the Yoast SEO plugin v25.4 - https:\/\/yoast.com\/wordpress\/plugins\/seo\/ -->\n<title>Claudio Narea present\u00f3 recital ac\u00fastico en el Museo Violeta Parra - Museo Violeta Parra<\/title>\n<meta name=\"robots\" content=\"index, follow, max-snippet:-1, max-image-preview:large, max-video-preview:-1\" \/>\n<link rel=\"canonical\" href=\"http:\/\/vientosur.top\/museo\/reserva-entrada-recital-acustico-claudio-narea-museo-violeta-parra\/\" \/>\n<meta property=\"og:locale\" content=\"es_ES\" \/>\n<meta property=\"og:type\" content=\"article\" \/>\n<meta property=\"og:title\" content=\"Claudio Narea present\u00f3 recital ac\u00fastico en el Museo Violeta Parra - Museo Violeta Parra\" \/>\n<meta property=\"og:description\" content=\"El ex guitarrista de Los Prisioneros ofreci\u00f3 un espect\u00e1culo gratuito el s\u00e1bado 12 de mayo en la Sala Antar del Museo Violeta Parra.\u00a0 Fiel a su objetivo de constituirse como un espacio cultural abierto al p\u00fablico de manera gratuita, el Museo Violeta Parra se ha posicionado como una potente vitrina para artistas nacionales y latinoamericanos, [&hellip;]\" \/>\n<meta property=\"og:url\" content=\"http:\/\/vientosur.top\/museo\/reserva-entrada-recital-acustico-claudio-narea-museo-violeta-parra\/\" \/>\n<meta property=\"og:site_name\" content=\"Museo Violeta Parra\" \/>\n<meta property=\"article:published_time\" content=\"2018-05-08T13:44:41+00:00\" \/>\n<meta property=\"og:image\" content=\"http:\/\/vientosur.top\/museo\/wp-content\/uploads\/2018\/05\/32584090_2107911306118946_3977807811143794688_o.jpg\" \/>\n\t<meta property=\"og:image:width\" content=\"1692\" \/>\n\t<meta property=\"og:image:height\" content=\"1125\" \/>\n\t<meta property=\"og:image:type\" content=\"image\/jpeg\" \/>\n<meta name=\"author\" content=\"admin\" \/>\n<meta name=\"twitter:card\" content=\"summary_large_image\" \/>\n<meta name=\"twitter:label1\" content=\"Escrito por\" \/>\n\t<meta name=\"twitter:data1\" content=\"admin\" \/>\n\t<meta name=\"twitter:label2\" content=\"Tiempo de lectura\" \/>\n\t<meta name=\"twitter:data2\" content=\"2 minutos\" \/>\n<script type=\"application\/ld+json\" class=\"yoast-schema-graph\">{\"@context\":\"https:\/\/schema.org\",\"@graph\":[{\"@type\":\"WebPage\",\"@id\":\"http:\/\/vientosur.top\/museo\/reserva-entrada-recital-acustico-claudio-narea-museo-violeta-parra\/\",\"url\":\"http:\/\/vientosur.top\/museo\/reserva-entrada-recital-acustico-claudio-narea-museo-violeta-parra\/\",\"name\":\"Claudio Narea present\u00f3 recital ac\u00fastico en el Museo Violeta Parra - Museo Violeta Parra\",\"isPartOf\":{\"@id\":\"http:\/\/vientosur.top\/museo\/#website\"},\"primaryImageOfPage\":{\"@id\":\"http:\/\/vientosur.top\/museo\/reserva-entrada-recital-acustico-claudio-narea-museo-violeta-parra\/#primaryimage\"},\"image\":{\"@id\":\"http:\/\/vientosur.top\/museo\/reserva-entrada-recital-acustico-claudio-narea-museo-violeta-parra\/#primaryimage\"},\"thumbnailUrl\":\"http:\/\/vientosur.top\/museo\/wp-content\/uploads\/2018\/05\/32584090_2107911306118946_3977807811143794688_o.jpg\",\"datePublished\":\"2018-05-08T13:44:41+00:00\",\"author\":{\"@id\":\"http:\/\/vientosur.top\/museo\/#\/schema\/person\/20c79d3c38800971feec8c2693c3dd9c\"},\"breadcrumb\":{\"@id\":\"http:\/\/vientosur.top\/museo\/reserva-entrada-recital-acustico-claudio-narea-museo-violeta-parra\/#breadcrumb\"},\"inLanguage\":\"es\",\"potentialAction\":[{\"@type\":\"ReadAction\",\"target\":[\"http:\/\/vientosur.top\/museo\/reserva-entrada-recital-acustico-claudio-narea-museo-violeta-parra\/\"]}]},{\"@type\":\"ImageObject\",\"inLanguage\":\"es\",\"@id\":\"http:\/\/vientosur.top\/museo\/reserva-entrada-recital-acustico-claudio-narea-museo-violeta-parra\/#primaryimage\",\"url\":\"http:\/\/vientosur.top\/museo\/wp-content\/uploads\/2018\/05\/32584090_2107911306118946_3977807811143794688_o.jpg\",\"contentUrl\":\"http:\/\/vientosur.top\/museo\/wp-content\/uploads\/2018\/05\/32584090_2107911306118946_3977807811143794688_o.jpg\",\"width\":1692,\"height\":1125},{\"@type\":\"BreadcrumbList\",\"@id\":\"http:\/\/vientosur.top\/museo\/reserva-entrada-recital-acustico-claudio-narea-museo-violeta-parra\/#breadcrumb\",\"itemListElement\":[{\"@type\":\"ListItem\",\"position\":1,\"name\":\"Portada\",\"item\":\"http:\/\/vientosur.top\/museo\/\"},{\"@type\":\"ListItem\",\"position\":2,\"name\":\"Claudio Narea present\u00f3 recital ac\u00fastico en el Museo Violeta Parra\"}]},{\"@type\":\"WebSite\",\"@id\":\"http:\/\/vientosur.top\/museo\/#website\",\"url\":\"http:\/\/vientosur.top\/museo\/\",\"name\":\"Museo Violeta Parra\",\"description\":\"Espacio que alberga tanto la memoria y legado creativo de la artista\",\"potentialAction\":[{\"@type\":\"SearchAction\",\"target\":{\"@type\":\"EntryPoint\",\"urlTemplate\":\"http:\/\/vientosur.top\/museo\/?s={search_term_string}\"},\"query-input\":{\"@type\":\"PropertyValueSpecification\",\"valueRequired\":true,\"valueName\":\"search_term_string\"}}],\"inLanguage\":\"es\"},{\"@type\":\"Person\",\"@id\":\"http:\/\/vientosur.top\/museo\/#\/schema\/person\/20c79d3c38800971feec8c2693c3dd9c\",\"name\":\"admin\",\"image\":{\"@type\":\"ImageObject\",\"inLanguage\":\"es\",\"@id\":\"http:\/\/vientosur.top\/museo\/#\/schema\/person\/image\/\",\"url\":\"https:\/\/secure.gravatar.com\/avatar\/713677ece3ffa642287213a80e5b773bce9ab81c269dd6d95102a990951c922f?s=96&d=mm&r=g\",\"contentUrl\":\"https:\/\/secure.gravatar.com\/avatar\/713677ece3ffa642287213a80e5b773bce9ab81c269dd6d95102a990951c922f?s=96&d=mm&r=g\",\"caption\":\"admin\"},\"sameAs\":[\"http:\/\/vientosur.top\/museo\"],\"url\":\"http:\/\/vientosur.top\/museo\/author\/comunicacionesmvp\/\"}]}<\/script>\n<!-- \/ Yoast SEO plugin. -->","yoast_head_json":{"title":"Claudio Narea present\u00f3 recital ac\u00fastico en el Museo Violeta Parra - Museo Violeta Parra","robots":{"index":"index","follow":"follow","max-snippet":"max-snippet:-1","max-image-preview":"max-image-preview:large","max-video-preview":"max-video-preview:-1"},"canonical":"http:\/\/vientosur.top\/museo\/reserva-entrada-recital-acustico-claudio-narea-museo-violeta-parra\/","og_locale":"es_ES","og_type":"article","og_title":"Claudio Narea present\u00f3 recital ac\u00fastico en el Museo Violeta Parra - Museo Violeta Parra","og_description":"El ex guitarrista de Los Prisioneros ofreci\u00f3 un espect\u00e1culo gratuito el s\u00e1bado 12 de mayo en la Sala Antar del Museo Violeta Parra.\u00a0 Fiel a su objetivo de constituirse como un espacio cultural abierto al p\u00fablico de manera gratuita, el Museo Violeta Parra se ha posicionado como una potente vitrina para artistas nacionales y latinoamericanos, [&hellip;]","og_url":"http:\/\/vientosur.top\/museo\/reserva-entrada-recital-acustico-claudio-narea-museo-violeta-parra\/","og_site_name":"Museo Violeta Parra","article_published_time":"2018-05-08T13:44:41+00:00","og_image":[{"width":1692,"height":1125,"url":"http:\/\/vientosur.top\/museo\/wp-content\/uploads\/2018\/05\/32584090_2107911306118946_3977807811143794688_o.jpg","type":"image\/jpeg"}],"author":"admin","twitter_card":"summary_large_image","twitter_misc":{"Escrito por":"admin","Tiempo de lectura":"2 minutos"},"schema":{"@context":"https:\/\/schema.org","@graph":[{"@type":"WebPage","@id":"http:\/\/vientosur.top\/museo\/reserva-entrada-recital-acustico-claudio-narea-museo-violeta-parra\/","url":"http:\/\/vientosur.top\/museo\/reserva-entrada-recital-acustico-claudio-narea-museo-violeta-parra\/","name":"Claudio Narea present\u00f3 recital ac\u00fastico en el Museo Violeta Parra - Museo Violeta Parra","isPartOf":{"@id":"http:\/\/vientosur.top\/museo\/#website"},"primaryImageOfPage":{"@id":"http:\/\/vientosur.top\/museo\/reserva-entrada-recital-acustico-claudio-narea-museo-violeta-parra\/#primaryimage"},"image":{"@id":"http:\/\/vientosur.top\/museo\/reserva-entrada-recital-acustico-claudio-narea-museo-violeta-parra\/#primaryimage"},"thumbnailUrl":"http:\/\/vientosur.top\/museo\/wp-content\/uploads\/2018\/05\/32584090_2107911306118946_3977807811143794688_o.jpg","datePublished":"2018-05-08T13:44:41+00:00","author":{"@id":"http:\/\/vientosur.top\/museo\/#\/schema\/person\/20c79d3c38800971feec8c2693c3dd9c"},"breadcrumb":{"@id":"http:\/\/vientosur.top\/museo\/reserva-entrada-recital-acustico-claudio-narea-museo-violeta-parra\/#breadcrumb"},"inLanguage":"es","potentialAction":[{"@type":"ReadAction","target":["http:\/\/vientosur.top\/museo\/reserva-entrada-recital-acustico-claudio-narea-museo-violeta-parra\/"]}]},{"@type":"ImageObject","inLanguage":"es","@id":"http:\/\/vientosur.top\/museo\/reserva-entrada-recital-acustico-claudio-narea-museo-violeta-parra\/#primaryimage","url":"http:\/\/vientosur.top\/museo\/wp-content\/uploads\/2018\/05\/32584090_2107911306118946_3977807811143794688_o.jpg","contentUrl":"http:\/\/vientosur.top\/museo\/wp-content\/uploads\/2018\/05\/32584090_2107911306118946_3977807811143794688_o.jpg","width":1692,"height":1125},{"@type":"BreadcrumbList","@id":"http:\/\/vientosur.top\/museo\/reserva-entrada-recital-acustico-claudio-narea-museo-violeta-parra\/#breadcrumb","itemListElement":[{"@type":"ListItem","position":1,"name":"Portada","item":"http:\/\/vientosur.top\/museo\/"},{"@type":"ListItem","position":2,"name":"Claudio Narea present\u00f3 recital ac\u00fastico en el Museo Violeta Parra"}]},{"@type":"WebSite","@id":"http:\/\/vientosur.top\/museo\/#website","url":"http:\/\/vientosur.top\/museo\/","name":"Museo Violeta Parra","description":"Espacio que alberga tanto la memoria y legado creativo de la artista","potentialAction":[{"@type":"SearchAction","target":{"@type":"EntryPoint","urlTemplate":"http:\/\/vientosur.top\/museo\/?s={search_term_string}"},"query-input":{"@type":"PropertyValueSpecification","valueRequired":true,"valueName":"search_term_string"}}],"inLanguage":"es"},{"@type":"Person","@id":"http:\/\/vientosur.top\/museo\/#\/schema\/person\/20c79d3c38800971feec8c2693c3dd9c","name":"admin","image":{"@type":"ImageObject","inLanguage":"es","@id":"http:\/\/vientosur.top\/museo\/#\/schema\/person\/image\/","url":"https:\/\/secure.gravatar.com\/avatar\/713677ece3ffa642287213a80e5b773bce9ab81c269dd6d95102a990951c922f?s=96&d=mm&r=g","contentUrl":"https:\/\/secure.gravatar.com\/avatar\/713677ece3ffa642287213a80e5b773bce9ab81c269dd6d95102a990951c922f?s=96&d=mm&r=g","caption":"admin"},"sameAs":["http:\/\/vientosur.top\/museo"],"url":"http:\/\/vientosur.top\/museo\/author\/comunicacionesmvp\/"}]}},"_links":{"self":[{"href":"http:\/\/vientosur.top\/museo\/wp-json\/wp\/v2\/posts\/14772","targetHints":{"allow":["GET"]}}],"collection":[{"href":"http:\/\/vientosur.top\/museo\/wp-json\/wp\/v2\/posts"}],"about":[{"href":"http:\/\/vientosur.top\/museo\/wp-json\/wp\/v2\/types\/post"}],"author":[{"embeddable":true,"href":"http:\/\/vientosur.top\/museo\/wp-json\/wp\/v2\/users\/5"}],"replies":[{"embeddable":true,"href":"http:\/\/vientosur.top\/museo\/wp-json\/wp\/v2\/comments?post=14772"}],"version-history":[{"count":0,"href":"http:\/\/vientosur.top\/museo\/wp-json\/wp\/v2\/posts\/14772\/revisions"}],"wp:featuredmedia":[{"embeddable":true,"href":"http:\/\/vientosur.top\/museo\/wp-json\/wp\/v2\/media\/14874"}],"wp:attachment":[{"href":"http:\/\/vientosur.top\/museo\/wp-json\/wp\/v2\/media?parent=14772"}],"wp:term":[{"taxonomy":"category","embeddable":true,"href":"http:\/\/vientosur.top\/museo\/wp-json\/wp\/v2\/categories?post=14772"},{"taxonomy":"post_tag","embeddable":true,"href":"http:\/\/vientosur.top\/museo\/wp-json\/wp\/v2\/tags?post=14772"}],"curies":[{"name":"wp","href":"https:\/\/api.w.org\/{rel}","templated":true}]}}