{"id":14787,"date":"2018-05-09T08:02:05","date_gmt":"2018-05-09T13:02:05","guid":{"rendered":"http:\/\/vientosur.top\/museo\/?p=14787"},"modified":"2018-05-09T08:02:05","modified_gmt":"2018-05-09T13:02:05","slug":"cortometrajes-documentales-del-festival-cine-lebu-se-exhibiran-este-domingo-museo-violeta-parra","status":"publish","type":"post","link":"http:\/\/vientosur.top\/museo\/cortometrajes-documentales-del-festival-cine-lebu-se-exhibiran-este-domingo-museo-violeta-parra\/","title":{"rendered":"Cortometrajes documentales del Festival de Cine de Lebu se exhibieron en el Museo Violeta Parra"},"content":{"rendered":"<p style=\"font-weight: 400;\"><em><strong>Una selecci\u00f3n de producciones audiovisuales regionales se proyect\u00f3 de manera gratuita el domingo 13 de mayo en la Sala Antar del Museo Violeta Parra.\u00a0<\/strong><\/em><\/p>\n<p>&nbsp;<\/p>\n<p style=\"font-weight: 400;\">En el marco del convenio de colaboraci\u00f3n que el Museo Violeta Parra suscribi\u00f3 con el Festival Internacional de Cine de Lebu, el 13 de mayo se present\u00f3 una selecci\u00f3n de cortometrajes documentales regionales que fueron parte de este importante certamen cinematogr\u00e1fico.<\/p>\n<p style=\"font-weight: 400;\">Esta actividad inici\u00f3 un ciclo se siete fechas, un domingo por mes, en las que se exhibir\u00e1n creaciones de diversas zonas del pa\u00eds. En este sentido, la exhibici\u00f3n de estos cortos documentales pone en relieve el trabajo de audiovisualistas que desde las regiones aportan al acervo cinematogr\u00e1fico chileno, inspirados en las problem\u00e1ticas y realidades representativas del Chile actual.<\/p>\n<p style=\"font-weight: 400;\">\u00bfEs el cine una m\u00e1quina del tiempo? Esta es la pregunta que se hace Lila Arenas en su cortometraje \u201cNorte del sur\u201d, que lleg\u00f3 al ciclo desde la localidad de Timar, en el norte de Chile. La exhibici\u00f3n continu\u00f3 con un film de Valpara\u00edso: \u201cEl mar se mueve en una espiral\u201d, de Jeremy Hatcher, un relato fotogr\u00e1fico y sonoro, a trav\u00e9s del encuentro de personajes con sus historias de un tiempo sin fin.<\/p>\n<p style=\"font-weight: 400;\">Los dos t\u00edtulos que completaron esta muestra fueron \u201cPan de cada d\u00eda\u201d, de Naggib Zapura (Curepto) y \u00abHaciendo sombra\u00bb, de Iara\u00a0\u00a0Acu\u00f1a (Iquique). El primero,\u00a0cuenta la historia de Juan Beltr\u00e1n, un panificador de 69 a\u00f1os que no puede dejar de trabajar, ya que su jubilaci\u00f3n no le alcanza para sostener su hogar. El \u00faltimo t\u00edtulo que se present\u00f3 en esta primera fecha aborda la historia de Cristian Moreno, campe\u00f3n nacional de boxeo, uno de los talentos del ring; que aun as\u00ed, se involucra en lo profundo de la soledad y la desesperaci\u00f3n.<\/p>\n<p>\u201cEste es un gui\u00f1o al mundo audiovisual que tiene un sello patrimonial. El museo invita al p\u00fablico a conocer importantes trabajos de creadores chilenos\u201d, se\u00f1al\u00f3 la Directora Cecilia Garc\u00eda-Huidobro.<\/p>\n<p style=\"font-weight: 400;\"><strong><br \/>\nSobre FICIL<\/strong><\/p>\n<p style=\"font-weight: 400;\">En febrero de 2018 se desarroll\u00f3 la 18\u00aa versi\u00f3n del Festival Internacional de Cine de Lebu (CINELEBU) en Lebu, Ca\u00f1ete y Concepci\u00f3n, instancia que marc\u00f3 un hito en Chile y en festivales de cine, al anunciar que por primera vez un festival de cine del Cono Sur, es calificador de cortometrajes para los Premios Oscar. De esa categor\u00eda existen s\u00f3lo cinco en Latinoam\u00e9rica: Guadalajara, Guanajuato, Cartagena, Gran Prix y Morelia.<\/p>\n<p>&nbsp;<\/p>\n<p style=\"font-weight: 400;\"><strong>PROGRAMACI\u00d3N EN MUSEO VIOLETA PARRA<\/strong><br \/>\n<strong>13 de mayo \/ 16:00 horas \/ Sala Antar<\/strong><br \/>\n<strong>Entrada liberada<\/strong><\/p>\n<p style=\"font-weight: 400;\">Norte del sur<br \/>\nDirector: Lila Arenas<br \/>\nDuraci\u00f3n: 17 minutos<br \/>\nCiudad: Timar<\/p>\n<p style=\"font-weight: 400;\">El mar se mueve en una espiral<br \/>\nDirector: Jeremy Hatcher<br \/>\nDuraci\u00f3n: 16 minutos 30 segundos<br \/>\nCiudad: Valpara\u00edso<\/p>\n<p style=\"font-weight: 400;\">Pan de cada d\u00eda<br \/>\nDirector: Naggib Zapura<br \/>\nDuraci\u00f3n: 9 minutos 29 segundos<br \/>\nCiudad: Curepto<\/p>\n<p style=\"font-weight: 400;\">Haciendo sombra<br \/>\nDirector: Iara\u00a0\u00a0Acu\u00f1a<br \/>\nDuraci\u00f3n: 29 minutos 12 segundos<br \/>\nCiudad: Iquique<\/p>\n","protected":false},"excerpt":{"rendered":"<p>Una selecci\u00f3n de producciones audiovisuales regionales se proyect\u00f3 de manera gratuita el domingo 13 de mayo en la Sala Antar del Museo Violeta Parra.\u00a0 &nbsp; En el marco del convenio de colaboraci\u00f3n que el Museo Violeta Parra suscribi\u00f3 con el Festival Internacional de Cine de Lebu, el 13 de mayo se present\u00f3 una selecci\u00f3n de [&hellip;]<\/p>\n","protected":false},"author":5,"featured_media":14701,"comment_status":"open","ping_status":"open","sticky":false,"template":"","format":"standard","meta":{"site-sidebar-layout":"default","site-content-layout":"","ast-site-content-layout":"default","site-content-style":"default","site-sidebar-style":"default","ast-global-header-display":"","ast-banner-title-visibility":"","ast-main-header-display":"","ast-hfb-above-header-display":"","ast-hfb-below-header-display":"","ast-hfb-mobile-header-display":"","site-post-title":"","ast-breadcrumbs-content":"","ast-featured-img":"","footer-sml-layout":"","theme-transparent-header-meta":"","adv-header-id-meta":"","stick-header-meta":"","header-above-stick-meta":"","header-main-stick-meta":"","header-below-stick-meta":"","astra-migrate-meta-layouts":"default","ast-page-background-enabled":"default","ast-page-background-meta":{"desktop":{"background-color":"var(--ast-global-color-4)","background-image":"","background-repeat":"repeat","background-position":"center center","background-size":"auto","background-attachment":"scroll","background-type":"","background-media":"","overlay-type":"","overlay-color":"","overlay-opacity":"","overlay-gradient":""},"tablet":{"background-color":"","background-image":"","background-repeat":"repeat","background-position":"center center","background-size":"auto","background-attachment":"scroll","background-type":"","background-media":"","overlay-type":"","overlay-color":"","overlay-opacity":"","overlay-gradient":""},"mobile":{"background-color":"","background-image":"","background-repeat":"repeat","background-position":"center center","background-size":"auto","background-attachment":"scroll","background-type":"","background-media":"","overlay-type":"","overlay-color":"","overlay-opacity":"","overlay-gradient":""}},"ast-content-background-meta":{"desktop":{"background-color":"var(--ast-global-color-5)","background-image":"","background-repeat":"repeat","background-position":"center center","background-size":"auto","background-attachment":"scroll","background-type":"","background-media":"","overlay-type":"","overlay-color":"","overlay-opacity":"","overlay-gradient":""},"tablet":{"background-color":"var(--ast-global-color-5)","background-image":"","background-repeat":"repeat","background-position":"center center","background-size":"auto","background-attachment":"scroll","background-type":"","background-media":"","overlay-type":"","overlay-color":"","overlay-opacity":"","overlay-gradient":""},"mobile":{"background-color":"var(--ast-global-color-5)","background-image":"","background-repeat":"repeat","background-position":"center center","background-size":"auto","background-attachment":"scroll","background-type":"","background-media":"","overlay-type":"","overlay-color":"","overlay-opacity":"","overlay-gradient":""}},"footnotes":""},"categories":[59,8,61],"tags":[],"class_list":["post-14787","post","type-post","status-publish","format-standard","has-post-thumbnail","hentry","category-destacado-noticia","category-noticias","category-novedades"],"yoast_head":"<!-- This site is optimized with the Yoast SEO plugin v25.4 - https:\/\/yoast.com\/wordpress\/plugins\/seo\/ -->\n<title>Cortometrajes documentales del Festival de Cine de Lebu se exhibieron en el Museo Violeta Parra - Museo Violeta Parra<\/title>\n<meta name=\"robots\" content=\"index, follow, max-snippet:-1, max-image-preview:large, max-video-preview:-1\" \/>\n<link rel=\"canonical\" href=\"http:\/\/vientosur.top\/museo\/cortometrajes-documentales-del-festival-cine-lebu-se-exhibiran-este-domingo-museo-violeta-parra\/\" \/>\n<meta property=\"og:locale\" content=\"es_ES\" \/>\n<meta property=\"og:type\" content=\"article\" \/>\n<meta property=\"og:title\" content=\"Cortometrajes documentales del Festival de Cine de Lebu se exhibieron en el Museo Violeta Parra - Museo Violeta Parra\" \/>\n<meta property=\"og:description\" content=\"Una selecci\u00f3n de producciones audiovisuales regionales se proyect\u00f3 de manera gratuita el domingo 13 de mayo en la Sala Antar del Museo Violeta Parra.\u00a0 &nbsp; En el marco del convenio de colaboraci\u00f3n que el Museo Violeta Parra suscribi\u00f3 con el Festival Internacional de Cine de Lebu, el 13 de mayo se present\u00f3 una selecci\u00f3n de [&hellip;]\" \/>\n<meta property=\"og:url\" content=\"http:\/\/vientosur.top\/museo\/cortometrajes-documentales-del-festival-cine-lebu-se-exhibiran-este-domingo-museo-violeta-parra\/\" \/>\n<meta property=\"og:site_name\" content=\"Museo Violeta Parra\" \/>\n<meta property=\"article:published_time\" content=\"2018-05-09T13:02:05+00:00\" \/>\n<meta property=\"og:image\" content=\"http:\/\/vientosur.top\/museo\/wp-content\/uploads\/2018\/04\/haciendo-sombre.jpg\" \/>\n\t<meta property=\"og:image:width\" content=\"504\" \/>\n\t<meta property=\"og:image:height\" content=\"305\" \/>\n\t<meta property=\"og:image:type\" content=\"image\/jpeg\" \/>\n<meta name=\"author\" content=\"admin\" \/>\n<meta name=\"twitter:card\" content=\"summary_large_image\" \/>\n<meta name=\"twitter:label1\" content=\"Escrito por\" \/>\n\t<meta name=\"twitter:data1\" content=\"admin\" \/>\n\t<meta name=\"twitter:label2\" content=\"Tiempo de lectura\" \/>\n\t<meta name=\"twitter:data2\" content=\"2 minutos\" \/>\n<script type=\"application\/ld+json\" class=\"yoast-schema-graph\">{\"@context\":\"https:\/\/schema.org\",\"@graph\":[{\"@type\":\"WebPage\",\"@id\":\"http:\/\/vientosur.top\/museo\/cortometrajes-documentales-del-festival-cine-lebu-se-exhibiran-este-domingo-museo-violeta-parra\/\",\"url\":\"http:\/\/vientosur.top\/museo\/cortometrajes-documentales-del-festival-cine-lebu-se-exhibiran-este-domingo-museo-violeta-parra\/\",\"name\":\"Cortometrajes documentales del Festival de Cine de Lebu se exhibieron en el Museo Violeta Parra - Museo Violeta Parra\",\"isPartOf\":{\"@id\":\"http:\/\/vientosur.top\/museo\/#website\"},\"primaryImageOfPage\":{\"@id\":\"http:\/\/vientosur.top\/museo\/cortometrajes-documentales-del-festival-cine-lebu-se-exhibiran-este-domingo-museo-violeta-parra\/#primaryimage\"},\"image\":{\"@id\":\"http:\/\/vientosur.top\/museo\/cortometrajes-documentales-del-festival-cine-lebu-se-exhibiran-este-domingo-museo-violeta-parra\/#primaryimage\"},\"thumbnailUrl\":\"http:\/\/vientosur.top\/museo\/wp-content\/uploads\/2018\/04\/haciendo-sombre.jpg\",\"datePublished\":\"2018-05-09T13:02:05+00:00\",\"author\":{\"@id\":\"http:\/\/vientosur.top\/museo\/#\/schema\/person\/20c79d3c38800971feec8c2693c3dd9c\"},\"breadcrumb\":{\"@id\":\"http:\/\/vientosur.top\/museo\/cortometrajes-documentales-del-festival-cine-lebu-se-exhibiran-este-domingo-museo-violeta-parra\/#breadcrumb\"},\"inLanguage\":\"es\",\"potentialAction\":[{\"@type\":\"ReadAction\",\"target\":[\"http:\/\/vientosur.top\/museo\/cortometrajes-documentales-del-festival-cine-lebu-se-exhibiran-este-domingo-museo-violeta-parra\/\"]}]},{\"@type\":\"ImageObject\",\"inLanguage\":\"es\",\"@id\":\"http:\/\/vientosur.top\/museo\/cortometrajes-documentales-del-festival-cine-lebu-se-exhibiran-este-domingo-museo-violeta-parra\/#primaryimage\",\"url\":\"http:\/\/vientosur.top\/museo\/wp-content\/uploads\/2018\/04\/haciendo-sombre.jpg\",\"contentUrl\":\"http:\/\/vientosur.top\/museo\/wp-content\/uploads\/2018\/04\/haciendo-sombre.jpg\",\"width\":504,\"height\":305},{\"@type\":\"BreadcrumbList\",\"@id\":\"http:\/\/vientosur.top\/museo\/cortometrajes-documentales-del-festival-cine-lebu-se-exhibiran-este-domingo-museo-violeta-parra\/#breadcrumb\",\"itemListElement\":[{\"@type\":\"ListItem\",\"position\":1,\"name\":\"Portada\",\"item\":\"http:\/\/vientosur.top\/museo\/\"},{\"@type\":\"ListItem\",\"position\":2,\"name\":\"Cortometrajes documentales del Festival de Cine de Lebu se exhibieron en el Museo Violeta Parra\"}]},{\"@type\":\"WebSite\",\"@id\":\"http:\/\/vientosur.top\/museo\/#website\",\"url\":\"http:\/\/vientosur.top\/museo\/\",\"name\":\"Museo Violeta Parra\",\"description\":\"Espacio que alberga tanto la memoria y legado creativo de la artista\",\"potentialAction\":[{\"@type\":\"SearchAction\",\"target\":{\"@type\":\"EntryPoint\",\"urlTemplate\":\"http:\/\/vientosur.top\/museo\/?s={search_term_string}\"},\"query-input\":{\"@type\":\"PropertyValueSpecification\",\"valueRequired\":true,\"valueName\":\"search_term_string\"}}],\"inLanguage\":\"es\"},{\"@type\":\"Person\",\"@id\":\"http:\/\/vientosur.top\/museo\/#\/schema\/person\/20c79d3c38800971feec8c2693c3dd9c\",\"name\":\"admin\",\"image\":{\"@type\":\"ImageObject\",\"inLanguage\":\"es\",\"@id\":\"http:\/\/vientosur.top\/museo\/#\/schema\/person\/image\/\",\"url\":\"https:\/\/secure.gravatar.com\/avatar\/713677ece3ffa642287213a80e5b773bce9ab81c269dd6d95102a990951c922f?s=96&d=mm&r=g\",\"contentUrl\":\"https:\/\/secure.gravatar.com\/avatar\/713677ece3ffa642287213a80e5b773bce9ab81c269dd6d95102a990951c922f?s=96&d=mm&r=g\",\"caption\":\"admin\"},\"sameAs\":[\"http:\/\/vientosur.top\/museo\"],\"url\":\"http:\/\/vientosur.top\/museo\/author\/comunicacionesmvp\/\"}]}<\/script>\n<!-- \/ Yoast SEO plugin. -->","yoast_head_json":{"title":"Cortometrajes documentales del Festival de Cine de Lebu se exhibieron en el Museo Violeta Parra - Museo Violeta Parra","robots":{"index":"index","follow":"follow","max-snippet":"max-snippet:-1","max-image-preview":"max-image-preview:large","max-video-preview":"max-video-preview:-1"},"canonical":"http:\/\/vientosur.top\/museo\/cortometrajes-documentales-del-festival-cine-lebu-se-exhibiran-este-domingo-museo-violeta-parra\/","og_locale":"es_ES","og_type":"article","og_title":"Cortometrajes documentales del Festival de Cine de Lebu se exhibieron en el Museo Violeta Parra - Museo Violeta Parra","og_description":"Una selecci\u00f3n de producciones audiovisuales regionales se proyect\u00f3 de manera gratuita el domingo 13 de mayo en la Sala Antar del Museo Violeta Parra.\u00a0 &nbsp; En el marco del convenio de colaboraci\u00f3n que el Museo Violeta Parra suscribi\u00f3 con el Festival Internacional de Cine de Lebu, el 13 de mayo se present\u00f3 una selecci\u00f3n de [&hellip;]","og_url":"http:\/\/vientosur.top\/museo\/cortometrajes-documentales-del-festival-cine-lebu-se-exhibiran-este-domingo-museo-violeta-parra\/","og_site_name":"Museo Violeta Parra","article_published_time":"2018-05-09T13:02:05+00:00","og_image":[{"width":504,"height":305,"url":"http:\/\/vientosur.top\/museo\/wp-content\/uploads\/2018\/04\/haciendo-sombre.jpg","type":"image\/jpeg"}],"author":"admin","twitter_card":"summary_large_image","twitter_misc":{"Escrito por":"admin","Tiempo de lectura":"2 minutos"},"schema":{"@context":"https:\/\/schema.org","@graph":[{"@type":"WebPage","@id":"http:\/\/vientosur.top\/museo\/cortometrajes-documentales-del-festival-cine-lebu-se-exhibiran-este-domingo-museo-violeta-parra\/","url":"http:\/\/vientosur.top\/museo\/cortometrajes-documentales-del-festival-cine-lebu-se-exhibiran-este-domingo-museo-violeta-parra\/","name":"Cortometrajes documentales del Festival de Cine de Lebu se exhibieron en el Museo Violeta Parra - Museo Violeta Parra","isPartOf":{"@id":"http:\/\/vientosur.top\/museo\/#website"},"primaryImageOfPage":{"@id":"http:\/\/vientosur.top\/museo\/cortometrajes-documentales-del-festival-cine-lebu-se-exhibiran-este-domingo-museo-violeta-parra\/#primaryimage"},"image":{"@id":"http:\/\/vientosur.top\/museo\/cortometrajes-documentales-del-festival-cine-lebu-se-exhibiran-este-domingo-museo-violeta-parra\/#primaryimage"},"thumbnailUrl":"http:\/\/vientosur.top\/museo\/wp-content\/uploads\/2018\/04\/haciendo-sombre.jpg","datePublished":"2018-05-09T13:02:05+00:00","author":{"@id":"http:\/\/vientosur.top\/museo\/#\/schema\/person\/20c79d3c38800971feec8c2693c3dd9c"},"breadcrumb":{"@id":"http:\/\/vientosur.top\/museo\/cortometrajes-documentales-del-festival-cine-lebu-se-exhibiran-este-domingo-museo-violeta-parra\/#breadcrumb"},"inLanguage":"es","potentialAction":[{"@type":"ReadAction","target":["http:\/\/vientosur.top\/museo\/cortometrajes-documentales-del-festival-cine-lebu-se-exhibiran-este-domingo-museo-violeta-parra\/"]}]},{"@type":"ImageObject","inLanguage":"es","@id":"http:\/\/vientosur.top\/museo\/cortometrajes-documentales-del-festival-cine-lebu-se-exhibiran-este-domingo-museo-violeta-parra\/#primaryimage","url":"http:\/\/vientosur.top\/museo\/wp-content\/uploads\/2018\/04\/haciendo-sombre.jpg","contentUrl":"http:\/\/vientosur.top\/museo\/wp-content\/uploads\/2018\/04\/haciendo-sombre.jpg","width":504,"height":305},{"@type":"BreadcrumbList","@id":"http:\/\/vientosur.top\/museo\/cortometrajes-documentales-del-festival-cine-lebu-se-exhibiran-este-domingo-museo-violeta-parra\/#breadcrumb","itemListElement":[{"@type":"ListItem","position":1,"name":"Portada","item":"http:\/\/vientosur.top\/museo\/"},{"@type":"ListItem","position":2,"name":"Cortometrajes documentales del Festival de Cine de Lebu se exhibieron en el Museo Violeta Parra"}]},{"@type":"WebSite","@id":"http:\/\/vientosur.top\/museo\/#website","url":"http:\/\/vientosur.top\/museo\/","name":"Museo Violeta Parra","description":"Espacio que alberga tanto la memoria y legado creativo de la artista","potentialAction":[{"@type":"SearchAction","target":{"@type":"EntryPoint","urlTemplate":"http:\/\/vientosur.top\/museo\/?s={search_term_string}"},"query-input":{"@type":"PropertyValueSpecification","valueRequired":true,"valueName":"search_term_string"}}],"inLanguage":"es"},{"@type":"Person","@id":"http:\/\/vientosur.top\/museo\/#\/schema\/person\/20c79d3c38800971feec8c2693c3dd9c","name":"admin","image":{"@type":"ImageObject","inLanguage":"es","@id":"http:\/\/vientosur.top\/museo\/#\/schema\/person\/image\/","url":"https:\/\/secure.gravatar.com\/avatar\/713677ece3ffa642287213a80e5b773bce9ab81c269dd6d95102a990951c922f?s=96&d=mm&r=g","contentUrl":"https:\/\/secure.gravatar.com\/avatar\/713677ece3ffa642287213a80e5b773bce9ab81c269dd6d95102a990951c922f?s=96&d=mm&r=g","caption":"admin"},"sameAs":["http:\/\/vientosur.top\/museo"],"url":"http:\/\/vientosur.top\/museo\/author\/comunicacionesmvp\/"}]}},"_links":{"self":[{"href":"http:\/\/vientosur.top\/museo\/wp-json\/wp\/v2\/posts\/14787","targetHints":{"allow":["GET"]}}],"collection":[{"href":"http:\/\/vientosur.top\/museo\/wp-json\/wp\/v2\/posts"}],"about":[{"href":"http:\/\/vientosur.top\/museo\/wp-json\/wp\/v2\/types\/post"}],"author":[{"embeddable":true,"href":"http:\/\/vientosur.top\/museo\/wp-json\/wp\/v2\/users\/5"}],"replies":[{"embeddable":true,"href":"http:\/\/vientosur.top\/museo\/wp-json\/wp\/v2\/comments?post=14787"}],"version-history":[{"count":0,"href":"http:\/\/vientosur.top\/museo\/wp-json\/wp\/v2\/posts\/14787\/revisions"}],"wp:featuredmedia":[{"embeddable":true,"href":"http:\/\/vientosur.top\/museo\/wp-json\/wp\/v2\/media\/14701"}],"wp:attachment":[{"href":"http:\/\/vientosur.top\/museo\/wp-json\/wp\/v2\/media?parent=14787"}],"wp:term":[{"taxonomy":"category","embeddable":true,"href":"http:\/\/vientosur.top\/museo\/wp-json\/wp\/v2\/categories?post=14787"},{"taxonomy":"post_tag","embeddable":true,"href":"http:\/\/vientosur.top\/museo\/wp-json\/wp\/v2\/tags?post=14787"}],"curies":[{"name":"wp","href":"https:\/\/api.w.org\/{rel}","templated":true}]}}