{"id":14863,"date":"2018-05-14T09:53:51","date_gmt":"2018-05-14T14:53:51","guid":{"rendered":"http:\/\/vientosur.top\/museo\/?p=14863"},"modified":"2018-05-14T09:53:51","modified_gmt":"2018-05-14T14:53:51","slug":"museo-violeta-parra-lanza-nuevos-programas-educativos-la-semana-la-educacion-artistica","status":"publish","type":"post","link":"http:\/\/vientosur.top\/museo\/museo-violeta-parra-lanza-nuevos-programas-educativos-la-semana-la-educacion-artistica\/","title":{"rendered":"Museo Violeta Parra lanz\u00f3 nuevos programas educativos en la Semana de la Educaci\u00f3n Art\u00edstica"},"content":{"rendered":"<p style=\"font-weight: 400;\"><em><strong>Las actividades pedag\u00f3gicas fueron el resultado de un trabajo colaborativo con docentes de diversas zonas de Chile. El museo cuenta con\u00a0<a href=\"http:\/\/vientosur.top\/museo\/visitas\/\" target=\"_blank\" rel=\"noopener noreferrer\">14 programas educativos<\/a>, dise\u00f1ados para cada uno de los segmentos de la educaci\u00f3n formal.<br \/>\n<\/strong><\/em><br \/>\nBajo el lema \u201cLa expresi\u00f3n de la diferencia\u201d, entre el 14 y el 18 de mayo, se celebr\u00f3 en todo Chile la VI versi\u00f3n de la Semana de la Educaci\u00f3n Art\u00edstica. La iniciativa buscaba que mediante las experiencias art\u00edsticas, cada ni\u00f1o\/a, joven y docente, se conectara con su propia identidad y diversidad.<\/p>\n<p>El Museo Violeta Parra tambi\u00e9n fue parte de esta instancia impulsada por la Organizaci\u00f3n de las Naciones Unidas para la Educaci\u00f3n, la Ciencia y la Cultura. El<a href=\"http:\/\/vientosur.top\/museo\/inscribete-los-talleres-gratuitos-museo-violeta-parra-ofrecera-la-vi-semana-la-educacion-artistica\/\" target=\"_blank\" rel=\"noopener noreferrer\">\u00a0\u00e1rea educativa ofreci\u00f3 cuatro talleres gratuitos<\/a>\u00a0y lanz\u00f3 nuevos programas educativos que se impartir\u00e1n durante todo el a\u00f1o<span style=\"font-weight: 400;\">.<br \/>\n<\/span><br \/>\n\u201cAl igual que el a\u00f1o pasado, en el contexto de la Semana de la Educaci\u00f3n Art\u00edstica, como un evento relevante propiciado por UNESCO a nivel mundial, damos a conocer a la comunidad nuestras cuatro nuevas propuestas para vincularnos con la educaci\u00f3n formal a trav\u00e9s del arte, dando a conocer el legado de Violeta Parra, que es nuestro objetivo como museo\u201d, explic\u00f3 Esteban Torres, Jefe de Educaci\u00f3n, Mediaci\u00f3n y Audiencias de la instituci\u00f3n.<\/p>\n<p>La incorporaci\u00f3n de las nuevas actividades pedag\u00f3gicas es fruto de un trabajo colaborativo desarrollado junto a docentes del pa\u00eds en jornadas denominadas Desarrollos Pedag\u00f3gicos Participativos, que el museo realiz\u00f3 en febrero de este a\u00f1o.<\/p>\n<p>\u00abCon esto, nos enorgullecemos de contar en la actualidad con 14 programas diferentes y espec\u00edficos, siendo el\u00a0<span class=\"il\">\u00fanico<\/span>\u00a0<span class=\"il\">museo<\/span>\u00a0del pa\u00eds en disponer de propuestas dise\u00f1adas colaborativamente para cada uno de los segmentos de la educaci\u00f3n formal\u00bb, finaliza Esteban Torres.<\/p>\n<p><strong>Los nuevos programas<\/strong><\/p>\n<p style=\"font-weight: 400;\"><a href=\"http:\/\/vientosur.top\/museo\/wp-content\/uploads\/2018\/05\/DSC_0379.jpg\"><img fetchpriority=\"high\" decoding=\"async\" class=\"size-medium wp-image-14865 alignleft\" src=\"http:\/\/vientosur.top\/museo\/wp-content\/uploads\/2018\/05\/DSC_0379-300x199.jpg\" alt=\"\" width=\"300\" height=\"199\" \/><\/a>El primero de los nuevos programas es \u201cEl d\u00eda de tu cumplea\u00f1os\u201d, que est\u00e1 destinado al primer ciclo b\u00e1sico. Junto con visitar el museo, los y las participantes experimentar\u00e1n la organizaci\u00f3n de una fiesta de cumplea\u00f1os, bas\u00e1ndose en los elementos y personajes descritos por Violeta Parra en su canci\u00f3n \u201cEl d\u00eda de tu cumplea\u00f1os\u201d.<\/p>\n<p>Para la educaci\u00f3n inicial, se cre\u00f3 el programa \u201cMe fui por un senderito\u201d,\u00a0 apoyado por Fundaci\u00f3n Integra. Las y los participantes crear\u00e1n un <em>collage<\/em> colectivo que represente uno de los conceptos trabajados en sala. Se utilizar\u00e1n materiales diversos que inviten a la exploraci\u00f3n sensorial de texturas, formas y tama\u00f1os.<\/p>\n<p>Para la educaci\u00f3n diferencial, la instituci\u00f3n presenta \u201cFiesta en casa de Violeta\u201d, donde las y los participantes organizar\u00e1n una \u201cchingana\u201d, tradici\u00f3n festiva que representar\u00e1n performativamente mediante disfraces y ornamentos caracter\u00edsticos. El proceso y el resultado resultado final ser\u00e1n registrados en fotograf\u00eda y\/o video.<\/p>\n<p>J\u00f3venes y adultos tambi\u00e9n est\u00e1n considerados en las nuevas propuestas. \u201cVolver a los 17\u201d es el nombre del programa en que las y los participantes crear\u00e1n una obra de arte colectiva con t\u00e9cnica mixta que aborde alguna preocupaci\u00f3n social expresada por Violeta Parra, y que consideren vigente en su entorno, priorizando el uso de material reutilizado, enfatizando el desarrollo de la creatividad.<\/p>\n<p>Todas las actividades del Museo Violeta Parra son gratuitas.<\/p>\n","protected":false},"excerpt":{"rendered":"<p>Las actividades pedag\u00f3gicas fueron el resultado de un trabajo colaborativo con docentes de diversas zonas de Chile. El museo cuenta con\u00a014 programas educativos, dise\u00f1ados para cada uno de los segmentos de la educaci\u00f3n formal. Bajo el lema \u201cLa expresi\u00f3n de la diferencia\u201d, entre el 14 y el 18 de mayo, se celebr\u00f3 en todo Chile [&hellip;]<\/p>\n","protected":false},"author":5,"featured_media":14864,"comment_status":"open","ping_status":"open","sticky":false,"template":"","format":"standard","meta":{"site-sidebar-layout":"default","site-content-layout":"","ast-site-content-layout":"default","site-content-style":"default","site-sidebar-style":"default","ast-global-header-display":"","ast-banner-title-visibility":"","ast-main-header-display":"","ast-hfb-above-header-display":"","ast-hfb-below-header-display":"","ast-hfb-mobile-header-display":"","site-post-title":"","ast-breadcrumbs-content":"","ast-featured-img":"","footer-sml-layout":"","theme-transparent-header-meta":"","adv-header-id-meta":"","stick-header-meta":"","header-above-stick-meta":"","header-main-stick-meta":"","header-below-stick-meta":"","astra-migrate-meta-layouts":"default","ast-page-background-enabled":"default","ast-page-background-meta":{"desktop":{"background-color":"var(--ast-global-color-4)","background-image":"","background-repeat":"repeat","background-position":"center center","background-size":"auto","background-attachment":"scroll","background-type":"","background-media":"","overlay-type":"","overlay-color":"","overlay-opacity":"","overlay-gradient":""},"tablet":{"background-color":"","background-image":"","background-repeat":"repeat","background-position":"center center","background-size":"auto","background-attachment":"scroll","background-type":"","background-media":"","overlay-type":"","overlay-color":"","overlay-opacity":"","overlay-gradient":""},"mobile":{"background-color":"","background-image":"","background-repeat":"repeat","background-position":"center center","background-size":"auto","background-attachment":"scroll","background-type":"","background-media":"","overlay-type":"","overlay-color":"","overlay-opacity":"","overlay-gradient":""}},"ast-content-background-meta":{"desktop":{"background-color":"var(--ast-global-color-5)","background-image":"","background-repeat":"repeat","background-position":"center center","background-size":"auto","background-attachment":"scroll","background-type":"","background-media":"","overlay-type":"","overlay-color":"","overlay-opacity":"","overlay-gradient":""},"tablet":{"background-color":"var(--ast-global-color-5)","background-image":"","background-repeat":"repeat","background-position":"center center","background-size":"auto","background-attachment":"scroll","background-type":"","background-media":"","overlay-type":"","overlay-color":"","overlay-opacity":"","overlay-gradient":""},"mobile":{"background-color":"var(--ast-global-color-5)","background-image":"","background-repeat":"repeat","background-position":"center center","background-size":"auto","background-attachment":"scroll","background-type":"","background-media":"","overlay-type":"","overlay-color":"","overlay-opacity":"","overlay-gradient":""}},"footnotes":""},"categories":[59,8,61],"tags":[],"class_list":["post-14863","post","type-post","status-publish","format-standard","has-post-thumbnail","hentry","category-destacado-noticia","category-noticias","category-novedades"],"yoast_head":"<!-- This site is optimized with the Yoast SEO plugin v25.4 - https:\/\/yoast.com\/wordpress\/plugins\/seo\/ -->\n<title>Museo Violeta Parra lanz\u00f3 nuevos programas educativos en la Semana de la Educaci\u00f3n Art\u00edstica - Museo Violeta Parra<\/title>\n<meta name=\"robots\" content=\"index, follow, max-snippet:-1, max-image-preview:large, max-video-preview:-1\" \/>\n<link rel=\"canonical\" href=\"http:\/\/vientosur.top\/museo\/museo-violeta-parra-lanza-nuevos-programas-educativos-la-semana-la-educacion-artistica\/\" \/>\n<meta property=\"og:locale\" content=\"es_ES\" \/>\n<meta property=\"og:type\" content=\"article\" \/>\n<meta property=\"og:title\" content=\"Museo Violeta Parra lanz\u00f3 nuevos programas educativos en la Semana de la Educaci\u00f3n Art\u00edstica - Museo Violeta Parra\" \/>\n<meta property=\"og:description\" content=\"Las actividades pedag\u00f3gicas fueron el resultado de un trabajo colaborativo con docentes de diversas zonas de Chile. El museo cuenta con\u00a014 programas educativos, dise\u00f1ados para cada uno de los segmentos de la educaci\u00f3n formal. Bajo el lema \u201cLa expresi\u00f3n de la diferencia\u201d, entre el 14 y el 18 de mayo, se celebr\u00f3 en todo Chile [&hellip;]\" \/>\n<meta property=\"og:url\" content=\"http:\/\/vientosur.top\/museo\/museo-violeta-parra-lanza-nuevos-programas-educativos-la-semana-la-educacion-artistica\/\" \/>\n<meta property=\"og:site_name\" content=\"Museo Violeta Parra\" \/>\n<meta property=\"article:published_time\" content=\"2018-05-14T14:53:51+00:00\" \/>\n<meta property=\"og:image\" content=\"http:\/\/vientosur.top\/museo\/wp-content\/uploads\/2018\/05\/DSC_0321-scaled.jpg\" \/>\n\t<meta property=\"og:image:width\" content=\"2560\" \/>\n\t<meta property=\"og:image:height\" content=\"1702\" \/>\n\t<meta property=\"og:image:type\" content=\"image\/jpeg\" \/>\n<meta name=\"author\" content=\"admin\" \/>\n<meta name=\"twitter:card\" content=\"summary_large_image\" \/>\n<meta name=\"twitter:image\" content=\"http:\/\/vientosur.top\/museo\/wp-content\/uploads\/2018\/05\/DSC_0321-1.jpg\" \/>\n<meta name=\"twitter:label1\" content=\"Escrito por\" \/>\n\t<meta name=\"twitter:data1\" content=\"admin\" \/>\n\t<meta name=\"twitter:label2\" content=\"Tiempo de lectura\" \/>\n\t<meta name=\"twitter:data2\" content=\"3 minutos\" \/>\n<script type=\"application\/ld+json\" class=\"yoast-schema-graph\">{\"@context\":\"https:\/\/schema.org\",\"@graph\":[{\"@type\":\"WebPage\",\"@id\":\"http:\/\/vientosur.top\/museo\/museo-violeta-parra-lanza-nuevos-programas-educativos-la-semana-la-educacion-artistica\/\",\"url\":\"http:\/\/vientosur.top\/museo\/museo-violeta-parra-lanza-nuevos-programas-educativos-la-semana-la-educacion-artistica\/\",\"name\":\"Museo Violeta Parra lanz\u00f3 nuevos programas educativos en la Semana de la Educaci\u00f3n Art\u00edstica - Museo Violeta Parra\",\"isPartOf\":{\"@id\":\"http:\/\/vientosur.top\/museo\/#website\"},\"primaryImageOfPage\":{\"@id\":\"http:\/\/vientosur.top\/museo\/museo-violeta-parra-lanza-nuevos-programas-educativos-la-semana-la-educacion-artistica\/#primaryimage\"},\"image\":{\"@id\":\"http:\/\/vientosur.top\/museo\/museo-violeta-parra-lanza-nuevos-programas-educativos-la-semana-la-educacion-artistica\/#primaryimage\"},\"thumbnailUrl\":\"http:\/\/vientosur.top\/museo\/wp-content\/uploads\/2018\/05\/DSC_0321-scaled.jpg\",\"datePublished\":\"2018-05-14T14:53:51+00:00\",\"author\":{\"@id\":\"http:\/\/vientosur.top\/museo\/#\/schema\/person\/20c79d3c38800971feec8c2693c3dd9c\"},\"breadcrumb\":{\"@id\":\"http:\/\/vientosur.top\/museo\/museo-violeta-parra-lanza-nuevos-programas-educativos-la-semana-la-educacion-artistica\/#breadcrumb\"},\"inLanguage\":\"es\",\"potentialAction\":[{\"@type\":\"ReadAction\",\"target\":[\"http:\/\/vientosur.top\/museo\/museo-violeta-parra-lanza-nuevos-programas-educativos-la-semana-la-educacion-artistica\/\"]}]},{\"@type\":\"ImageObject\",\"inLanguage\":\"es\",\"@id\":\"http:\/\/vientosur.top\/museo\/museo-violeta-parra-lanza-nuevos-programas-educativos-la-semana-la-educacion-artistica\/#primaryimage\",\"url\":\"http:\/\/vientosur.top\/museo\/wp-content\/uploads\/2018\/05\/DSC_0321-scaled.jpg\",\"contentUrl\":\"http:\/\/vientosur.top\/museo\/wp-content\/uploads\/2018\/05\/DSC_0321-scaled.jpg\",\"width\":2560,\"height\":1702},{\"@type\":\"BreadcrumbList\",\"@id\":\"http:\/\/vientosur.top\/museo\/museo-violeta-parra-lanza-nuevos-programas-educativos-la-semana-la-educacion-artistica\/#breadcrumb\",\"itemListElement\":[{\"@type\":\"ListItem\",\"position\":1,\"name\":\"Portada\",\"item\":\"http:\/\/vientosur.top\/museo\/\"},{\"@type\":\"ListItem\",\"position\":2,\"name\":\"Museo Violeta Parra lanz\u00f3 nuevos programas educativos en la Semana de la Educaci\u00f3n Art\u00edstica\"}]},{\"@type\":\"WebSite\",\"@id\":\"http:\/\/vientosur.top\/museo\/#website\",\"url\":\"http:\/\/vientosur.top\/museo\/\",\"name\":\"Museo Violeta Parra\",\"description\":\"Espacio que alberga tanto la memoria y legado creativo de la artista\",\"potentialAction\":[{\"@type\":\"SearchAction\",\"target\":{\"@type\":\"EntryPoint\",\"urlTemplate\":\"http:\/\/vientosur.top\/museo\/?s={search_term_string}\"},\"query-input\":{\"@type\":\"PropertyValueSpecification\",\"valueRequired\":true,\"valueName\":\"search_term_string\"}}],\"inLanguage\":\"es\"},{\"@type\":\"Person\",\"@id\":\"http:\/\/vientosur.top\/museo\/#\/schema\/person\/20c79d3c38800971feec8c2693c3dd9c\",\"name\":\"admin\",\"image\":{\"@type\":\"ImageObject\",\"inLanguage\":\"es\",\"@id\":\"http:\/\/vientosur.top\/museo\/#\/schema\/person\/image\/\",\"url\":\"https:\/\/secure.gravatar.com\/avatar\/713677ece3ffa642287213a80e5b773bce9ab81c269dd6d95102a990951c922f?s=96&d=mm&r=g\",\"contentUrl\":\"https:\/\/secure.gravatar.com\/avatar\/713677ece3ffa642287213a80e5b773bce9ab81c269dd6d95102a990951c922f?s=96&d=mm&r=g\",\"caption\":\"admin\"},\"sameAs\":[\"http:\/\/vientosur.top\/museo\"],\"url\":\"http:\/\/vientosur.top\/museo\/author\/comunicacionesmvp\/\"}]}<\/script>\n<!-- \/ Yoast SEO plugin. -->","yoast_head_json":{"title":"Museo Violeta Parra lanz\u00f3 nuevos programas educativos en la Semana de la Educaci\u00f3n Art\u00edstica - Museo Violeta Parra","robots":{"index":"index","follow":"follow","max-snippet":"max-snippet:-1","max-image-preview":"max-image-preview:large","max-video-preview":"max-video-preview:-1"},"canonical":"http:\/\/vientosur.top\/museo\/museo-violeta-parra-lanza-nuevos-programas-educativos-la-semana-la-educacion-artistica\/","og_locale":"es_ES","og_type":"article","og_title":"Museo Violeta Parra lanz\u00f3 nuevos programas educativos en la Semana de la Educaci\u00f3n Art\u00edstica - Museo Violeta Parra","og_description":"Las actividades pedag\u00f3gicas fueron el resultado de un trabajo colaborativo con docentes de diversas zonas de Chile. El museo cuenta con\u00a014 programas educativos, dise\u00f1ados para cada uno de los segmentos de la educaci\u00f3n formal. Bajo el lema \u201cLa expresi\u00f3n de la diferencia\u201d, entre el 14 y el 18 de mayo, se celebr\u00f3 en todo Chile [&hellip;]","og_url":"http:\/\/vientosur.top\/museo\/museo-violeta-parra-lanza-nuevos-programas-educativos-la-semana-la-educacion-artistica\/","og_site_name":"Museo Violeta Parra","article_published_time":"2018-05-14T14:53:51+00:00","og_image":[{"width":2560,"height":1702,"url":"http:\/\/vientosur.top\/museo\/wp-content\/uploads\/2018\/05\/DSC_0321-scaled.jpg","type":"image\/jpeg"}],"author":"admin","twitter_card":"summary_large_image","twitter_image":"http:\/\/vientosur.top\/museo\/wp-content\/uploads\/2018\/05\/DSC_0321-1.jpg","twitter_misc":{"Escrito por":"admin","Tiempo de lectura":"3 minutos"},"schema":{"@context":"https:\/\/schema.org","@graph":[{"@type":"WebPage","@id":"http:\/\/vientosur.top\/museo\/museo-violeta-parra-lanza-nuevos-programas-educativos-la-semana-la-educacion-artistica\/","url":"http:\/\/vientosur.top\/museo\/museo-violeta-parra-lanza-nuevos-programas-educativos-la-semana-la-educacion-artistica\/","name":"Museo Violeta Parra lanz\u00f3 nuevos programas educativos en la Semana de la Educaci\u00f3n Art\u00edstica - Museo Violeta Parra","isPartOf":{"@id":"http:\/\/vientosur.top\/museo\/#website"},"primaryImageOfPage":{"@id":"http:\/\/vientosur.top\/museo\/museo-violeta-parra-lanza-nuevos-programas-educativos-la-semana-la-educacion-artistica\/#primaryimage"},"image":{"@id":"http:\/\/vientosur.top\/museo\/museo-violeta-parra-lanza-nuevos-programas-educativos-la-semana-la-educacion-artistica\/#primaryimage"},"thumbnailUrl":"http:\/\/vientosur.top\/museo\/wp-content\/uploads\/2018\/05\/DSC_0321-scaled.jpg","datePublished":"2018-05-14T14:53:51+00:00","author":{"@id":"http:\/\/vientosur.top\/museo\/#\/schema\/person\/20c79d3c38800971feec8c2693c3dd9c"},"breadcrumb":{"@id":"http:\/\/vientosur.top\/museo\/museo-violeta-parra-lanza-nuevos-programas-educativos-la-semana-la-educacion-artistica\/#breadcrumb"},"inLanguage":"es","potentialAction":[{"@type":"ReadAction","target":["http:\/\/vientosur.top\/museo\/museo-violeta-parra-lanza-nuevos-programas-educativos-la-semana-la-educacion-artistica\/"]}]},{"@type":"ImageObject","inLanguage":"es","@id":"http:\/\/vientosur.top\/museo\/museo-violeta-parra-lanza-nuevos-programas-educativos-la-semana-la-educacion-artistica\/#primaryimage","url":"http:\/\/vientosur.top\/museo\/wp-content\/uploads\/2018\/05\/DSC_0321-scaled.jpg","contentUrl":"http:\/\/vientosur.top\/museo\/wp-content\/uploads\/2018\/05\/DSC_0321-scaled.jpg","width":2560,"height":1702},{"@type":"BreadcrumbList","@id":"http:\/\/vientosur.top\/museo\/museo-violeta-parra-lanza-nuevos-programas-educativos-la-semana-la-educacion-artistica\/#breadcrumb","itemListElement":[{"@type":"ListItem","position":1,"name":"Portada","item":"http:\/\/vientosur.top\/museo\/"},{"@type":"ListItem","position":2,"name":"Museo Violeta Parra lanz\u00f3 nuevos programas educativos en la Semana de la Educaci\u00f3n Art\u00edstica"}]},{"@type":"WebSite","@id":"http:\/\/vientosur.top\/museo\/#website","url":"http:\/\/vientosur.top\/museo\/","name":"Museo Violeta Parra","description":"Espacio que alberga tanto la memoria y legado creativo de la artista","potentialAction":[{"@type":"SearchAction","target":{"@type":"EntryPoint","urlTemplate":"http:\/\/vientosur.top\/museo\/?s={search_term_string}"},"query-input":{"@type":"PropertyValueSpecification","valueRequired":true,"valueName":"search_term_string"}}],"inLanguage":"es"},{"@type":"Person","@id":"http:\/\/vientosur.top\/museo\/#\/schema\/person\/20c79d3c38800971feec8c2693c3dd9c","name":"admin","image":{"@type":"ImageObject","inLanguage":"es","@id":"http:\/\/vientosur.top\/museo\/#\/schema\/person\/image\/","url":"https:\/\/secure.gravatar.com\/avatar\/713677ece3ffa642287213a80e5b773bce9ab81c269dd6d95102a990951c922f?s=96&d=mm&r=g","contentUrl":"https:\/\/secure.gravatar.com\/avatar\/713677ece3ffa642287213a80e5b773bce9ab81c269dd6d95102a990951c922f?s=96&d=mm&r=g","caption":"admin"},"sameAs":["http:\/\/vientosur.top\/museo"],"url":"http:\/\/vientosur.top\/museo\/author\/comunicacionesmvp\/"}]}},"_links":{"self":[{"href":"http:\/\/vientosur.top\/museo\/wp-json\/wp\/v2\/posts\/14863","targetHints":{"allow":["GET"]}}],"collection":[{"href":"http:\/\/vientosur.top\/museo\/wp-json\/wp\/v2\/posts"}],"about":[{"href":"http:\/\/vientosur.top\/museo\/wp-json\/wp\/v2\/types\/post"}],"author":[{"embeddable":true,"href":"http:\/\/vientosur.top\/museo\/wp-json\/wp\/v2\/users\/5"}],"replies":[{"embeddable":true,"href":"http:\/\/vientosur.top\/museo\/wp-json\/wp\/v2\/comments?post=14863"}],"version-history":[{"count":0,"href":"http:\/\/vientosur.top\/museo\/wp-json\/wp\/v2\/posts\/14863\/revisions"}],"wp:featuredmedia":[{"embeddable":true,"href":"http:\/\/vientosur.top\/museo\/wp-json\/wp\/v2\/media\/14864"}],"wp:attachment":[{"href":"http:\/\/vientosur.top\/museo\/wp-json\/wp\/v2\/media?parent=14863"}],"wp:term":[{"taxonomy":"category","embeddable":true,"href":"http:\/\/vientosur.top\/museo\/wp-json\/wp\/v2\/categories?post=14863"},{"taxonomy":"post_tag","embeddable":true,"href":"http:\/\/vientosur.top\/museo\/wp-json\/wp\/v2\/tags?post=14863"}],"curies":[{"name":"wp","href":"https:\/\/api.w.org\/{rel}","templated":true}]}}