{"id":14881,"date":"2018-05-15T16:53:52","date_gmt":"2018-05-15T21:53:52","guid":{"rendered":"http:\/\/vientosur.top\/museo\/?p=14881"},"modified":"2018-05-15T16:53:52","modified_gmt":"2018-05-15T21:53:52","slug":"museo-violeta-parra-exhibe-primera-vez-la-arpillera-combate-naval-ii","status":"publish","type":"post","link":"http:\/\/vientosur.top\/museo\/museo-violeta-parra-exhibe-primera-vez-la-arpillera-combate-naval-ii\/","title":{"rendered":"Museo Violeta Parra exhibe por primera vez la arpillera \u201cCombate Naval II\u201d"},"content":{"rendered":"<p style=\"font-weight: 400;\"><em>La obra, creada por Violeta Parra en 1964, podr\u00e1 ser vista por el p\u00fablico durante mayo, en el marco de las celebraciones del Mes del Mar. La entrada es liberada.<\/em><\/p>\n<p>\u00abChile es un pa\u00eds mar\u00edtimo, rico en recursos naturales, pero tambi\u00e9n en patrimonio cultural\u00bb, se\u00f1ala el texto escrito por Cecilia Garc\u00eda-Huidobro,\u00a0 Directora del museo, que acompa\u00f1a la exhibici\u00f3n de \u00abCombate Naval II\u00bb.<\/p>\n<p>La obra, inspirada en la gesta hist\u00f3rica del Combate Naval de Iquique, es una de las dos arpilleras bordadas por Violeta Parra con esta tem\u00e1tica, creadas en Par\u00eds en 1964, y que hoy se conservan en el\u00a0\u00a0museo. La primera de estas obras, <a href=\"https:\/\/www.biobiochile.cl\/noticias\/artes-y-cultura\/patrimonio\/2017\/05\/05\/museo-violeta-parra-conmemora-el-mes-del-mar-con-arpillera-creada-por-la-artista-en-1964.shtml\" target=\"_blank\" rel=\"noopener noreferrer\">\u00abCombate Naval I\u00bb, fue exhibida el a\u00f1o pasado en la Sala Divina de la instituci\u00f3n<\/a>.<\/p>\n<p>Considerando la importancia de que el p\u00fablico conozca el amplio legado art\u00edstico de Violeta, por primera vez los visitantes del museo podr\u00e1n ver este trabajo realizado en tela bordada. En la obra se aprecia a Arturo Prat Chac\u00f3n (1848-1879) saltando al abordaje el 21 de Mayo de 1879.<\/p>\n<p>Sobre el proceso de creaci\u00f3n, Milena Rojas Cereceda, Jefa de Colecci\u00f3n y Patrimonio de la instituci\u00f3n, cuenta que \u201ccuando bord\u00f3 esta arpillera, Violeta viv\u00eda entre Par\u00eds y Ginebra, en este \u00faltimo lugar ten\u00eda su taller donde hac\u00eda todos sus trabajos. Hay una peque\u00f1a an\u00e9cdota que me cont\u00f3 Isabel Parra: Violeta compr\u00f3 la tela en una multitienda francesa llamada La Samaritaine\u201d.<\/p>\n<p>Rojas, adem\u00e1s, invit\u00f3 al p\u00fablico a visitar la obra, destacando que \u201ces primera vez que se exhibe en el Museo, por lo que esta es una oportunidad \u00fanica para conocerla\u201d.<\/p>\n<p>En la ceremonia de inauguraci\u00f3n, que se realiz\u00f3 el martes 15 de mayo, particip\u00f3 el Jard\u00edn Cardenal Ra\u00fal Silva Henr\u00edquez, de la comuna de La Cisterna, perteneciente a la Fundaci\u00f3n Integra. En la ocasi\u00f3n los ni\u00f1os y ni\u00f1as hicieron un recorrido educativo por el museo e interpretaron la canci\u00f3n \u201cCasamiento de Negros\u201d en la Sala La Jardinera.<\/p>\n<p><span style=\"font-weight: 400;\">La entrada al Museo Violeta Parra, ubicado en Vicu\u00f1a Mackena 37, Metro Baquedano, es liberada. M\u00e1s informaci\u00f3n en\u00a0<\/span><a style=\"font-weight: 400;\" href=\"http:\/\/vientosur.top\/museo\/\" data-saferedirecturl=\"https:\/\/www.google.com\/url?hl=es&amp;q=http:\/\/vientosur.top\/museo&amp;source=gmail&amp;ust=1526495870862000&amp;usg=AFQjCNG_Yp8mA2vPfp-QXVJQuegxlOJg0A\">www.museovioletaparra.cl<\/a><\/p>\n<p><strong><a href=\"https:\/\/www.facebook.com\/pg\/MuseoVioletaParra\/photos\/?tab=album&amp;album_id=2108484916061585\" target=\"_blank\" rel=\"noopener noreferrer\"><br \/>\nVer galer\u00eda de im\u00e1genes<\/a><\/strong><\/p>\n","protected":false},"excerpt":{"rendered":"<p>La obra, creada por Violeta Parra en 1964, podr\u00e1 ser vista por el p\u00fablico durante mayo, en el marco de las celebraciones del Mes del Mar. La entrada es liberada. \u00abChile es un pa\u00eds mar\u00edtimo, rico en recursos naturales, pero tambi\u00e9n en patrimonio cultural\u00bb, se\u00f1ala el texto escrito por Cecilia Garc\u00eda-Huidobro,\u00a0 Directora del museo, que [&hellip;]<\/p>\n","protected":false},"author":5,"featured_media":14883,"comment_status":"open","ping_status":"open","sticky":false,"template":"","format":"standard","meta":{"site-sidebar-layout":"default","site-content-layout":"","ast-site-content-layout":"default","site-content-style":"default","site-sidebar-style":"default","ast-global-header-display":"","ast-banner-title-visibility":"","ast-main-header-display":"","ast-hfb-above-header-display":"","ast-hfb-below-header-display":"","ast-hfb-mobile-header-display":"","site-post-title":"","ast-breadcrumbs-content":"","ast-featured-img":"","footer-sml-layout":"","theme-transparent-header-meta":"","adv-header-id-meta":"","stick-header-meta":"","header-above-stick-meta":"","header-main-stick-meta":"","header-below-stick-meta":"","astra-migrate-meta-layouts":"default","ast-page-background-enabled":"default","ast-page-background-meta":{"desktop":{"background-color":"var(--ast-global-color-4)","background-image":"","background-repeat":"repeat","background-position":"center center","background-size":"auto","background-attachment":"scroll","background-type":"","background-media":"","overlay-type":"","overlay-color":"","overlay-opacity":"","overlay-gradient":""},"tablet":{"background-color":"","background-image":"","background-repeat":"repeat","background-position":"center center","background-size":"auto","background-attachment":"scroll","background-type":"","background-media":"","overlay-type":"","overlay-color":"","overlay-opacity":"","overlay-gradient":""},"mobile":{"background-color":"","background-image":"","background-repeat":"repeat","background-position":"center center","background-size":"auto","background-attachment":"scroll","background-type":"","background-media":"","overlay-type":"","overlay-color":"","overlay-opacity":"","overlay-gradient":""}},"ast-content-background-meta":{"desktop":{"background-color":"var(--ast-global-color-5)","background-image":"","background-repeat":"repeat","background-position":"center center","background-size":"auto","background-attachment":"scroll","background-type":"","background-media":"","overlay-type":"","overlay-color":"","overlay-opacity":"","overlay-gradient":""},"tablet":{"background-color":"var(--ast-global-color-5)","background-image":"","background-repeat":"repeat","background-position":"center center","background-size":"auto","background-attachment":"scroll","background-type":"","background-media":"","overlay-type":"","overlay-color":"","overlay-opacity":"","overlay-gradient":""},"mobile":{"background-color":"var(--ast-global-color-5)","background-image":"","background-repeat":"repeat","background-position":"center center","background-size":"auto","background-attachment":"scroll","background-type":"","background-media":"","overlay-type":"","overlay-color":"","overlay-opacity":"","overlay-gradient":""}},"footnotes":""},"categories":[59,8,61],"tags":[],"class_list":["post-14881","post","type-post","status-publish","format-standard","has-post-thumbnail","hentry","category-destacado-noticia","category-noticias","category-novedades"],"yoast_head":"<!-- This site is optimized with the Yoast SEO plugin v25.4 - https:\/\/yoast.com\/wordpress\/plugins\/seo\/ -->\n<title>Museo Violeta Parra exhibe por primera vez la arpillera \u201cCombate Naval II\u201d - Museo Violeta Parra<\/title>\n<meta name=\"robots\" content=\"index, follow, max-snippet:-1, max-image-preview:large, max-video-preview:-1\" \/>\n<link rel=\"canonical\" href=\"http:\/\/vientosur.top\/museo\/museo-violeta-parra-exhibe-primera-vez-la-arpillera-combate-naval-ii\/\" \/>\n<meta property=\"og:locale\" content=\"es_ES\" \/>\n<meta property=\"og:type\" content=\"article\" \/>\n<meta property=\"og:title\" content=\"Museo Violeta Parra exhibe por primera vez la arpillera \u201cCombate Naval II\u201d - Museo Violeta Parra\" \/>\n<meta property=\"og:description\" content=\"La obra, creada por Violeta Parra en 1964, podr\u00e1 ser vista por el p\u00fablico durante mayo, en el marco de las celebraciones del Mes del Mar. La entrada es liberada. \u00abChile es un pa\u00eds mar\u00edtimo, rico en recursos naturales, pero tambi\u00e9n en patrimonio cultural\u00bb, se\u00f1ala el texto escrito por Cecilia Garc\u00eda-Huidobro,\u00a0 Directora del museo, que [&hellip;]\" \/>\n<meta property=\"og:url\" content=\"http:\/\/vientosur.top\/museo\/museo-violeta-parra-exhibe-primera-vez-la-arpillera-combate-naval-ii\/\" \/>\n<meta property=\"og:site_name\" content=\"Museo Violeta Parra\" \/>\n<meta property=\"article:published_time\" content=\"2018-05-15T21:53:52+00:00\" \/>\n<meta property=\"og:image\" content=\"http:\/\/vientosur.top\/museo\/wp-content\/uploads\/2018\/05\/milenaanita2.jpg\" \/>\n\t<meta property=\"og:image:width\" content=\"2000\" \/>\n\t<meta property=\"og:image:height\" content=\"1243\" \/>\n\t<meta property=\"og:image:type\" content=\"image\/jpeg\" \/>\n<meta name=\"author\" content=\"admin\" \/>\n<meta name=\"twitter:card\" content=\"summary_large_image\" \/>\n<meta name=\"twitter:label1\" content=\"Escrito por\" \/>\n\t<meta name=\"twitter:data1\" content=\"admin\" \/>\n\t<meta name=\"twitter:label2\" content=\"Tiempo de lectura\" \/>\n\t<meta name=\"twitter:data2\" content=\"2 minutos\" \/>\n<script type=\"application\/ld+json\" class=\"yoast-schema-graph\">{\"@context\":\"https:\/\/schema.org\",\"@graph\":[{\"@type\":\"WebPage\",\"@id\":\"http:\/\/vientosur.top\/museo\/museo-violeta-parra-exhibe-primera-vez-la-arpillera-combate-naval-ii\/\",\"url\":\"http:\/\/vientosur.top\/museo\/museo-violeta-parra-exhibe-primera-vez-la-arpillera-combate-naval-ii\/\",\"name\":\"Museo Violeta Parra exhibe por primera vez la arpillera \u201cCombate Naval II\u201d - Museo Violeta Parra\",\"isPartOf\":{\"@id\":\"http:\/\/vientosur.top\/museo\/#website\"},\"primaryImageOfPage\":{\"@id\":\"http:\/\/vientosur.top\/museo\/museo-violeta-parra-exhibe-primera-vez-la-arpillera-combate-naval-ii\/#primaryimage\"},\"image\":{\"@id\":\"http:\/\/vientosur.top\/museo\/museo-violeta-parra-exhibe-primera-vez-la-arpillera-combate-naval-ii\/#primaryimage\"},\"thumbnailUrl\":\"http:\/\/vientosur.top\/museo\/wp-content\/uploads\/2018\/05\/milenaanita2.jpg\",\"datePublished\":\"2018-05-15T21:53:52+00:00\",\"author\":{\"@id\":\"http:\/\/vientosur.top\/museo\/#\/schema\/person\/20c79d3c38800971feec8c2693c3dd9c\"},\"breadcrumb\":{\"@id\":\"http:\/\/vientosur.top\/museo\/museo-violeta-parra-exhibe-primera-vez-la-arpillera-combate-naval-ii\/#breadcrumb\"},\"inLanguage\":\"es\",\"potentialAction\":[{\"@type\":\"ReadAction\",\"target\":[\"http:\/\/vientosur.top\/museo\/museo-violeta-parra-exhibe-primera-vez-la-arpillera-combate-naval-ii\/\"]}]},{\"@type\":\"ImageObject\",\"inLanguage\":\"es\",\"@id\":\"http:\/\/vientosur.top\/museo\/museo-violeta-parra-exhibe-primera-vez-la-arpillera-combate-naval-ii\/#primaryimage\",\"url\":\"http:\/\/vientosur.top\/museo\/wp-content\/uploads\/2018\/05\/milenaanita2.jpg\",\"contentUrl\":\"http:\/\/vientosur.top\/museo\/wp-content\/uploads\/2018\/05\/milenaanita2.jpg\",\"width\":2000,\"height\":1243},{\"@type\":\"BreadcrumbList\",\"@id\":\"http:\/\/vientosur.top\/museo\/museo-violeta-parra-exhibe-primera-vez-la-arpillera-combate-naval-ii\/#breadcrumb\",\"itemListElement\":[{\"@type\":\"ListItem\",\"position\":1,\"name\":\"Portada\",\"item\":\"http:\/\/vientosur.top\/museo\/\"},{\"@type\":\"ListItem\",\"position\":2,\"name\":\"Museo Violeta Parra exhibe por primera vez la arpillera \u201cCombate Naval II\u201d\"}]},{\"@type\":\"WebSite\",\"@id\":\"http:\/\/vientosur.top\/museo\/#website\",\"url\":\"http:\/\/vientosur.top\/museo\/\",\"name\":\"Museo Violeta Parra\",\"description\":\"Espacio que alberga tanto la memoria y legado creativo de la artista\",\"potentialAction\":[{\"@type\":\"SearchAction\",\"target\":{\"@type\":\"EntryPoint\",\"urlTemplate\":\"http:\/\/vientosur.top\/museo\/?s={search_term_string}\"},\"query-input\":{\"@type\":\"PropertyValueSpecification\",\"valueRequired\":true,\"valueName\":\"search_term_string\"}}],\"inLanguage\":\"es\"},{\"@type\":\"Person\",\"@id\":\"http:\/\/vientosur.top\/museo\/#\/schema\/person\/20c79d3c38800971feec8c2693c3dd9c\",\"name\":\"admin\",\"image\":{\"@type\":\"ImageObject\",\"inLanguage\":\"es\",\"@id\":\"http:\/\/vientosur.top\/museo\/#\/schema\/person\/image\/\",\"url\":\"https:\/\/secure.gravatar.com\/avatar\/713677ece3ffa642287213a80e5b773bce9ab81c269dd6d95102a990951c922f?s=96&d=mm&r=g\",\"contentUrl\":\"https:\/\/secure.gravatar.com\/avatar\/713677ece3ffa642287213a80e5b773bce9ab81c269dd6d95102a990951c922f?s=96&d=mm&r=g\",\"caption\":\"admin\"},\"sameAs\":[\"http:\/\/vientosur.top\/museo\"],\"url\":\"http:\/\/vientosur.top\/museo\/author\/comunicacionesmvp\/\"}]}<\/script>\n<!-- \/ Yoast SEO plugin. -->","yoast_head_json":{"title":"Museo Violeta Parra exhibe por primera vez la arpillera \u201cCombate Naval II\u201d - Museo Violeta Parra","robots":{"index":"index","follow":"follow","max-snippet":"max-snippet:-1","max-image-preview":"max-image-preview:large","max-video-preview":"max-video-preview:-1"},"canonical":"http:\/\/vientosur.top\/museo\/museo-violeta-parra-exhibe-primera-vez-la-arpillera-combate-naval-ii\/","og_locale":"es_ES","og_type":"article","og_title":"Museo Violeta Parra exhibe por primera vez la arpillera \u201cCombate Naval II\u201d - Museo Violeta Parra","og_description":"La obra, creada por Violeta Parra en 1964, podr\u00e1 ser vista por el p\u00fablico durante mayo, en el marco de las celebraciones del Mes del Mar. La entrada es liberada. \u00abChile es un pa\u00eds mar\u00edtimo, rico en recursos naturales, pero tambi\u00e9n en patrimonio cultural\u00bb, se\u00f1ala el texto escrito por Cecilia Garc\u00eda-Huidobro,\u00a0 Directora del museo, que [&hellip;]","og_url":"http:\/\/vientosur.top\/museo\/museo-violeta-parra-exhibe-primera-vez-la-arpillera-combate-naval-ii\/","og_site_name":"Museo Violeta Parra","article_published_time":"2018-05-15T21:53:52+00:00","og_image":[{"width":2000,"height":1243,"url":"http:\/\/vientosur.top\/museo\/wp-content\/uploads\/2018\/05\/milenaanita2.jpg","type":"image\/jpeg"}],"author":"admin","twitter_card":"summary_large_image","twitter_misc":{"Escrito por":"admin","Tiempo de lectura":"2 minutos"},"schema":{"@context":"https:\/\/schema.org","@graph":[{"@type":"WebPage","@id":"http:\/\/vientosur.top\/museo\/museo-violeta-parra-exhibe-primera-vez-la-arpillera-combate-naval-ii\/","url":"http:\/\/vientosur.top\/museo\/museo-violeta-parra-exhibe-primera-vez-la-arpillera-combate-naval-ii\/","name":"Museo Violeta Parra exhibe por primera vez la arpillera \u201cCombate Naval II\u201d - Museo Violeta Parra","isPartOf":{"@id":"http:\/\/vientosur.top\/museo\/#website"},"primaryImageOfPage":{"@id":"http:\/\/vientosur.top\/museo\/museo-violeta-parra-exhibe-primera-vez-la-arpillera-combate-naval-ii\/#primaryimage"},"image":{"@id":"http:\/\/vientosur.top\/museo\/museo-violeta-parra-exhibe-primera-vez-la-arpillera-combate-naval-ii\/#primaryimage"},"thumbnailUrl":"http:\/\/vientosur.top\/museo\/wp-content\/uploads\/2018\/05\/milenaanita2.jpg","datePublished":"2018-05-15T21:53:52+00:00","author":{"@id":"http:\/\/vientosur.top\/museo\/#\/schema\/person\/20c79d3c38800971feec8c2693c3dd9c"},"breadcrumb":{"@id":"http:\/\/vientosur.top\/museo\/museo-violeta-parra-exhibe-primera-vez-la-arpillera-combate-naval-ii\/#breadcrumb"},"inLanguage":"es","potentialAction":[{"@type":"ReadAction","target":["http:\/\/vientosur.top\/museo\/museo-violeta-parra-exhibe-primera-vez-la-arpillera-combate-naval-ii\/"]}]},{"@type":"ImageObject","inLanguage":"es","@id":"http:\/\/vientosur.top\/museo\/museo-violeta-parra-exhibe-primera-vez-la-arpillera-combate-naval-ii\/#primaryimage","url":"http:\/\/vientosur.top\/museo\/wp-content\/uploads\/2018\/05\/milenaanita2.jpg","contentUrl":"http:\/\/vientosur.top\/museo\/wp-content\/uploads\/2018\/05\/milenaanita2.jpg","width":2000,"height":1243},{"@type":"BreadcrumbList","@id":"http:\/\/vientosur.top\/museo\/museo-violeta-parra-exhibe-primera-vez-la-arpillera-combate-naval-ii\/#breadcrumb","itemListElement":[{"@type":"ListItem","position":1,"name":"Portada","item":"http:\/\/vientosur.top\/museo\/"},{"@type":"ListItem","position":2,"name":"Museo Violeta Parra exhibe por primera vez la arpillera \u201cCombate Naval II\u201d"}]},{"@type":"WebSite","@id":"http:\/\/vientosur.top\/museo\/#website","url":"http:\/\/vientosur.top\/museo\/","name":"Museo Violeta Parra","description":"Espacio que alberga tanto la memoria y legado creativo de la artista","potentialAction":[{"@type":"SearchAction","target":{"@type":"EntryPoint","urlTemplate":"http:\/\/vientosur.top\/museo\/?s={search_term_string}"},"query-input":{"@type":"PropertyValueSpecification","valueRequired":true,"valueName":"search_term_string"}}],"inLanguage":"es"},{"@type":"Person","@id":"http:\/\/vientosur.top\/museo\/#\/schema\/person\/20c79d3c38800971feec8c2693c3dd9c","name":"admin","image":{"@type":"ImageObject","inLanguage":"es","@id":"http:\/\/vientosur.top\/museo\/#\/schema\/person\/image\/","url":"https:\/\/secure.gravatar.com\/avatar\/713677ece3ffa642287213a80e5b773bce9ab81c269dd6d95102a990951c922f?s=96&d=mm&r=g","contentUrl":"https:\/\/secure.gravatar.com\/avatar\/713677ece3ffa642287213a80e5b773bce9ab81c269dd6d95102a990951c922f?s=96&d=mm&r=g","caption":"admin"},"sameAs":["http:\/\/vientosur.top\/museo"],"url":"http:\/\/vientosur.top\/museo\/author\/comunicacionesmvp\/"}]}},"_links":{"self":[{"href":"http:\/\/vientosur.top\/museo\/wp-json\/wp\/v2\/posts\/14881","targetHints":{"allow":["GET"]}}],"collection":[{"href":"http:\/\/vientosur.top\/museo\/wp-json\/wp\/v2\/posts"}],"about":[{"href":"http:\/\/vientosur.top\/museo\/wp-json\/wp\/v2\/types\/post"}],"author":[{"embeddable":true,"href":"http:\/\/vientosur.top\/museo\/wp-json\/wp\/v2\/users\/5"}],"replies":[{"embeddable":true,"href":"http:\/\/vientosur.top\/museo\/wp-json\/wp\/v2\/comments?post=14881"}],"version-history":[{"count":0,"href":"http:\/\/vientosur.top\/museo\/wp-json\/wp\/v2\/posts\/14881\/revisions"}],"wp:featuredmedia":[{"embeddable":true,"href":"http:\/\/vientosur.top\/museo\/wp-json\/wp\/v2\/media\/14883"}],"wp:attachment":[{"href":"http:\/\/vientosur.top\/museo\/wp-json\/wp\/v2\/media?parent=14881"}],"wp:term":[{"taxonomy":"category","embeddable":true,"href":"http:\/\/vientosur.top\/museo\/wp-json\/wp\/v2\/categories?post=14881"},{"taxonomy":"post_tag","embeddable":true,"href":"http:\/\/vientosur.top\/museo\/wp-json\/wp\/v2\/tags?post=14881"}],"curies":[{"name":"wp","href":"https:\/\/api.w.org\/{rel}","templated":true}]}}