{"id":14903,"date":"2018-05-17T10:55:44","date_gmt":"2018-05-17T15:55:44","guid":{"rendered":"http:\/\/vientosur.top\/museo\/?p=14903"},"modified":"2018-05-17T10:55:44","modified_gmt":"2018-05-17T15:55:44","slug":"discipula-margot-loyola-ofrecera-recital-gratuito-la-guitarra-traspuesta","status":"publish","type":"post","link":"http:\/\/vientosur.top\/museo\/discipula-margot-loyola-ofrecera-recital-gratuito-la-guitarra-traspuesta\/","title":{"rendered":"Disc\u00edpula de Margot Loyola ofreci\u00f3 recital gratuito sobre la guitarra traspuesta"},"content":{"rendered":"<p style=\"font-weight: 400;\"><em>Andrea Andreu se present\u00f3 el s\u00e1bado 19 a las 16:00 horas en la Sala Antar del Museo Violeta Parra.<\/p>\n<p><\/em>En el marco de las celebraciones por los 100 a\u00f1os de Margot Loyola Palacios (1918-2015), una de sus disc\u00edpulas, la cantautora Andrea\u00a0Andreu, present\u00f3 \u201cLa guitarra tradicional y sus modos de templar\u201d, el s\u00e1bado 19 de mayo.<\/p>\n<p>La investigaci\u00f3n y el rescate de los sonidos m\u00e1s tradicionales de Chile son parte del legado art\u00edstico m\u00e1s reconocido y valorado de Violeta Parra. Un trabajo que hoy tiene nuevas protagonistas, quienes ven en el escenario del museo dedicado a la artista un espacio de difusi\u00f3n y de encuentro con el p\u00fablico.<\/p>\n<p>Este es el caso de\u00a0Andrea\u00a0Andreu, quien posee m\u00e1s de una d\u00e9cada de relaci\u00f3n con la guitarra tradicional. Desde 2009, la artista se ha dedicado a la investigaci\u00f3n y ejecuci\u00f3n de este instrumento con el uso de afinaciones distintas a la com\u00fan, lo que en Chile se llama la\u00a0\u00a0\u201cguitarra traspuesta\u201d. Este saber le fue transmitido en primera instancia por la Premio Nacional de Artes Musicales Margot Loyola Palacios, su maestra fundamental; y por expertos estudiosos como Patricia Chavarr\u00eda, Ra\u00fal D\u00edaz, entre otros.<\/p>\n<p>Fruto de todo este conocimiento, y de una investigaci\u00f3n realizada por\u00a0Andrea, naci\u00f3\u00a0 el concierto educativo \u201cLa guitarra tradicional y sus distintos modos de templar\u201d.<\/p>\n<p>Bajo la modalidad de un recital-charla,\u00a0Andreu\u00a0explic\u00f3 a trav\u00e9s de la palabra y la ejecuci\u00f3n musical\u00a0\u00a0el trayecto que ha realizado la guitarra con sus distintas afinaciones, su origen y caracter\u00edsticas fundamentales, desde la Espa\u00f1a antigua hasta la actualidad.<\/p>\n<p><strong>Sobre la artista<\/strong><\/p>\n<p>La formaci\u00f3n art\u00edstica de\u00a0Andrea\u00a0Andreu\u00a0parti\u00f3 a temprana edad. Gracias a su familia, desde ni\u00f1a se rode\u00f3 de un ambiente ligado a la cultura tradicional y la educaci\u00f3n. Desde los cinco a\u00f1os particip\u00f3 de instancias de aprendizajes, tales como talleres de exploraci\u00f3n musical, conjuntos folcl\u00f3ricos y\u00a0\u00a0clases de piano y de guitarra.<\/p>\n<p>Andrea\u00a0es Licenciada en Teor\u00eda de la M\u00fasica de la Universidad de Chile, instituci\u00f3n que le entreg\u00f3 el reconocimiento \u201cMujer Generaci\u00f3n siglo XXI\u201d en 2003.\u00a0\u00a0Tambi\u00e9n es Licenciada y Profesora de Educaci\u00f3n Musical de la Universidad Mayor y tiene estudios de t\u00e9cnica vocal en la Universidad Arcis, en el Taller de M\u00fasica de Barcelona y es Mag\u00edster en M\u00fasica con menci\u00f3n en Cultura Tradicional de la Universidad Mayor.<\/p>\n<p>Ha viajado por M\u00e9xico, Per\u00fa, Argentina, Par\u00eds, Londres, Suecia y Espa\u00f1a mostrando su trabajo de creaci\u00f3n e investigaci\u00f3n.<\/p>\n<p><iframe src=\"https:\/\/www.youtube.com\/embed\/0qUTKxhmHzI\" width=\"560\" height=\"315\" frameborder=\"0\" allowfullscreen=\"allowfullscreen\"><\/iframe><\/p>\n","protected":false},"excerpt":{"rendered":"<p>Andrea Andreu se present\u00f3 el s\u00e1bado 19 a las 16:00 horas en la Sala Antar del Museo Violeta Parra. En el marco de las celebraciones por los 100 a\u00f1os de Margot Loyola Palacios (1918-2015), una de sus disc\u00edpulas, la cantautora Andrea\u00a0Andreu, present\u00f3 \u201cLa guitarra tradicional y sus modos de templar\u201d, el s\u00e1bado 19 de mayo. [&hellip;]<\/p>\n","protected":false},"author":5,"featured_media":14720,"comment_status":"open","ping_status":"open","sticky":false,"template":"","format":"standard","meta":{"site-sidebar-layout":"default","site-content-layout":"","ast-site-content-layout":"default","site-content-style":"default","site-sidebar-style":"default","ast-global-header-display":"","ast-banner-title-visibility":"","ast-main-header-display":"","ast-hfb-above-header-display":"","ast-hfb-below-header-display":"","ast-hfb-mobile-header-display":"","site-post-title":"","ast-breadcrumbs-content":"","ast-featured-img":"","footer-sml-layout":"","theme-transparent-header-meta":"","adv-header-id-meta":"","stick-header-meta":"","header-above-stick-meta":"","header-main-stick-meta":"","header-below-stick-meta":"","astra-migrate-meta-layouts":"default","ast-page-background-enabled":"default","ast-page-background-meta":{"desktop":{"background-color":"var(--ast-global-color-4)","background-image":"","background-repeat":"repeat","background-position":"center center","background-size":"auto","background-attachment":"scroll","background-type":"","background-media":"","overlay-type":"","overlay-color":"","overlay-opacity":"","overlay-gradient":""},"tablet":{"background-color":"","background-image":"","background-repeat":"repeat","background-position":"center center","background-size":"auto","background-attachment":"scroll","background-type":"","background-media":"","overlay-type":"","overlay-color":"","overlay-opacity":"","overlay-gradient":""},"mobile":{"background-color":"","background-image":"","background-repeat":"repeat","background-position":"center center","background-size":"auto","background-attachment":"scroll","background-type":"","background-media":"","overlay-type":"","overlay-color":"","overlay-opacity":"","overlay-gradient":""}},"ast-content-background-meta":{"desktop":{"background-color":"var(--ast-global-color-5)","background-image":"","background-repeat":"repeat","background-position":"center center","background-size":"auto","background-attachment":"scroll","background-type":"","background-media":"","overlay-type":"","overlay-color":"","overlay-opacity":"","overlay-gradient":""},"tablet":{"background-color":"var(--ast-global-color-5)","background-image":"","background-repeat":"repeat","background-position":"center center","background-size":"auto","background-attachment":"scroll","background-type":"","background-media":"","overlay-type":"","overlay-color":"","overlay-opacity":"","overlay-gradient":""},"mobile":{"background-color":"var(--ast-global-color-5)","background-image":"","background-repeat":"repeat","background-position":"center center","background-size":"auto","background-attachment":"scroll","background-type":"","background-media":"","overlay-type":"","overlay-color":"","overlay-opacity":"","overlay-gradient":""}},"footnotes":""},"categories":[59,8,61],"tags":[],"class_list":["post-14903","post","type-post","status-publish","format-standard","has-post-thumbnail","hentry","category-destacado-noticia","category-noticias","category-novedades"],"yoast_head":"<!-- This site is optimized with the Yoast SEO plugin v25.4 - https:\/\/yoast.com\/wordpress\/plugins\/seo\/ -->\n<title>Disc\u00edpula de Margot Loyola ofreci\u00f3 recital gratuito sobre la guitarra traspuesta - Museo Violeta Parra<\/title>\n<meta name=\"robots\" content=\"index, follow, max-snippet:-1, max-image-preview:large, max-video-preview:-1\" \/>\n<link rel=\"canonical\" href=\"http:\/\/vientosur.top\/museo\/discipula-margot-loyola-ofrecera-recital-gratuito-la-guitarra-traspuesta\/\" \/>\n<meta property=\"og:locale\" content=\"es_ES\" \/>\n<meta property=\"og:type\" content=\"article\" \/>\n<meta property=\"og:title\" content=\"Disc\u00edpula de Margot Loyola ofreci\u00f3 recital gratuito sobre la guitarra traspuesta - Museo Violeta Parra\" \/>\n<meta property=\"og:description\" content=\"Andrea Andreu se present\u00f3 el s\u00e1bado 19 a las 16:00 horas en la Sala Antar del Museo Violeta Parra. En el marco de las celebraciones por los 100 a\u00f1os de Margot Loyola Palacios (1918-2015), una de sus disc\u00edpulas, la cantautora Andrea\u00a0Andreu, present\u00f3 \u201cLa guitarra tradicional y sus modos de templar\u201d, el s\u00e1bado 19 de mayo. [&hellip;]\" \/>\n<meta property=\"og:url\" content=\"http:\/\/vientosur.top\/museo\/discipula-margot-loyola-ofrecera-recital-gratuito-la-guitarra-traspuesta\/\" \/>\n<meta property=\"og:site_name\" content=\"Museo Violeta Parra\" \/>\n<meta property=\"article:published_time\" content=\"2018-05-17T15:55:44+00:00\" \/>\n<meta property=\"og:image\" content=\"http:\/\/vientosur.top\/museo\/wp-content\/uploads\/2018\/04\/P1250361-scaled.jpg\" \/>\n\t<meta property=\"og:image:width\" content=\"2560\" \/>\n\t<meta property=\"og:image:height\" content=\"1920\" \/>\n\t<meta property=\"og:image:type\" content=\"image\/jpeg\" \/>\n<meta name=\"author\" content=\"admin\" \/>\n<meta name=\"twitter:card\" content=\"summary_large_image\" \/>\n<meta name=\"twitter:label1\" content=\"Escrito por\" \/>\n\t<meta name=\"twitter:data1\" content=\"admin\" \/>\n\t<meta name=\"twitter:label2\" content=\"Tiempo de lectura\" \/>\n\t<meta name=\"twitter:data2\" content=\"2 minutos\" \/>\n<script type=\"application\/ld+json\" class=\"yoast-schema-graph\">{\"@context\":\"https:\/\/schema.org\",\"@graph\":[{\"@type\":\"WebPage\",\"@id\":\"http:\/\/vientosur.top\/museo\/discipula-margot-loyola-ofrecera-recital-gratuito-la-guitarra-traspuesta\/\",\"url\":\"http:\/\/vientosur.top\/museo\/discipula-margot-loyola-ofrecera-recital-gratuito-la-guitarra-traspuesta\/\",\"name\":\"Disc\u00edpula de Margot Loyola ofreci\u00f3 recital gratuito sobre la guitarra traspuesta - Museo Violeta Parra\",\"isPartOf\":{\"@id\":\"http:\/\/vientosur.top\/museo\/#website\"},\"primaryImageOfPage\":{\"@id\":\"http:\/\/vientosur.top\/museo\/discipula-margot-loyola-ofrecera-recital-gratuito-la-guitarra-traspuesta\/#primaryimage\"},\"image\":{\"@id\":\"http:\/\/vientosur.top\/museo\/discipula-margot-loyola-ofrecera-recital-gratuito-la-guitarra-traspuesta\/#primaryimage\"},\"thumbnailUrl\":\"http:\/\/vientosur.top\/museo\/wp-content\/uploads\/2018\/04\/P1250361-scaled.jpg\",\"datePublished\":\"2018-05-17T15:55:44+00:00\",\"author\":{\"@id\":\"http:\/\/vientosur.top\/museo\/#\/schema\/person\/20c79d3c38800971feec8c2693c3dd9c\"},\"breadcrumb\":{\"@id\":\"http:\/\/vientosur.top\/museo\/discipula-margot-loyola-ofrecera-recital-gratuito-la-guitarra-traspuesta\/#breadcrumb\"},\"inLanguage\":\"es\",\"potentialAction\":[{\"@type\":\"ReadAction\",\"target\":[\"http:\/\/vientosur.top\/museo\/discipula-margot-loyola-ofrecera-recital-gratuito-la-guitarra-traspuesta\/\"]}]},{\"@type\":\"ImageObject\",\"inLanguage\":\"es\",\"@id\":\"http:\/\/vientosur.top\/museo\/discipula-margot-loyola-ofrecera-recital-gratuito-la-guitarra-traspuesta\/#primaryimage\",\"url\":\"http:\/\/vientosur.top\/museo\/wp-content\/uploads\/2018\/04\/P1250361-scaled.jpg\",\"contentUrl\":\"http:\/\/vientosur.top\/museo\/wp-content\/uploads\/2018\/04\/P1250361-scaled.jpg\",\"width\":2560,\"height\":1920},{\"@type\":\"BreadcrumbList\",\"@id\":\"http:\/\/vientosur.top\/museo\/discipula-margot-loyola-ofrecera-recital-gratuito-la-guitarra-traspuesta\/#breadcrumb\",\"itemListElement\":[{\"@type\":\"ListItem\",\"position\":1,\"name\":\"Portada\",\"item\":\"http:\/\/vientosur.top\/museo\/\"},{\"@type\":\"ListItem\",\"position\":2,\"name\":\"Disc\u00edpula de Margot Loyola ofreci\u00f3 recital gratuito sobre la guitarra traspuesta\"}]},{\"@type\":\"WebSite\",\"@id\":\"http:\/\/vientosur.top\/museo\/#website\",\"url\":\"http:\/\/vientosur.top\/museo\/\",\"name\":\"Museo Violeta Parra\",\"description\":\"Espacio que alberga tanto la memoria y legado creativo de la artista\",\"potentialAction\":[{\"@type\":\"SearchAction\",\"target\":{\"@type\":\"EntryPoint\",\"urlTemplate\":\"http:\/\/vientosur.top\/museo\/?s={search_term_string}\"},\"query-input\":{\"@type\":\"PropertyValueSpecification\",\"valueRequired\":true,\"valueName\":\"search_term_string\"}}],\"inLanguage\":\"es\"},{\"@type\":\"Person\",\"@id\":\"http:\/\/vientosur.top\/museo\/#\/schema\/person\/20c79d3c38800971feec8c2693c3dd9c\",\"name\":\"admin\",\"image\":{\"@type\":\"ImageObject\",\"inLanguage\":\"es\",\"@id\":\"http:\/\/vientosur.top\/museo\/#\/schema\/person\/image\/\",\"url\":\"https:\/\/secure.gravatar.com\/avatar\/713677ece3ffa642287213a80e5b773bce9ab81c269dd6d95102a990951c922f?s=96&d=mm&r=g\",\"contentUrl\":\"https:\/\/secure.gravatar.com\/avatar\/713677ece3ffa642287213a80e5b773bce9ab81c269dd6d95102a990951c922f?s=96&d=mm&r=g\",\"caption\":\"admin\"},\"sameAs\":[\"http:\/\/vientosur.top\/museo\"],\"url\":\"http:\/\/vientosur.top\/museo\/author\/comunicacionesmvp\/\"}]}<\/script>\n<!-- \/ Yoast SEO plugin. -->","yoast_head_json":{"title":"Disc\u00edpula de Margot Loyola ofreci\u00f3 recital gratuito sobre la guitarra traspuesta - Museo Violeta Parra","robots":{"index":"index","follow":"follow","max-snippet":"max-snippet:-1","max-image-preview":"max-image-preview:large","max-video-preview":"max-video-preview:-1"},"canonical":"http:\/\/vientosur.top\/museo\/discipula-margot-loyola-ofrecera-recital-gratuito-la-guitarra-traspuesta\/","og_locale":"es_ES","og_type":"article","og_title":"Disc\u00edpula de Margot Loyola ofreci\u00f3 recital gratuito sobre la guitarra traspuesta - Museo Violeta Parra","og_description":"Andrea Andreu se present\u00f3 el s\u00e1bado 19 a las 16:00 horas en la Sala Antar del Museo Violeta Parra. En el marco de las celebraciones por los 100 a\u00f1os de Margot Loyola Palacios (1918-2015), una de sus disc\u00edpulas, la cantautora Andrea\u00a0Andreu, present\u00f3 \u201cLa guitarra tradicional y sus modos de templar\u201d, el s\u00e1bado 19 de mayo. [&hellip;]","og_url":"http:\/\/vientosur.top\/museo\/discipula-margot-loyola-ofrecera-recital-gratuito-la-guitarra-traspuesta\/","og_site_name":"Museo Violeta Parra","article_published_time":"2018-05-17T15:55:44+00:00","og_image":[{"width":2560,"height":1920,"url":"http:\/\/vientosur.top\/museo\/wp-content\/uploads\/2018\/04\/P1250361-scaled.jpg","type":"image\/jpeg"}],"author":"admin","twitter_card":"summary_large_image","twitter_misc":{"Escrito por":"admin","Tiempo de lectura":"2 minutos"},"schema":{"@context":"https:\/\/schema.org","@graph":[{"@type":"WebPage","@id":"http:\/\/vientosur.top\/museo\/discipula-margot-loyola-ofrecera-recital-gratuito-la-guitarra-traspuesta\/","url":"http:\/\/vientosur.top\/museo\/discipula-margot-loyola-ofrecera-recital-gratuito-la-guitarra-traspuesta\/","name":"Disc\u00edpula de Margot Loyola ofreci\u00f3 recital gratuito sobre la guitarra traspuesta - Museo Violeta Parra","isPartOf":{"@id":"http:\/\/vientosur.top\/museo\/#website"},"primaryImageOfPage":{"@id":"http:\/\/vientosur.top\/museo\/discipula-margot-loyola-ofrecera-recital-gratuito-la-guitarra-traspuesta\/#primaryimage"},"image":{"@id":"http:\/\/vientosur.top\/museo\/discipula-margot-loyola-ofrecera-recital-gratuito-la-guitarra-traspuesta\/#primaryimage"},"thumbnailUrl":"http:\/\/vientosur.top\/museo\/wp-content\/uploads\/2018\/04\/P1250361-scaled.jpg","datePublished":"2018-05-17T15:55:44+00:00","author":{"@id":"http:\/\/vientosur.top\/museo\/#\/schema\/person\/20c79d3c38800971feec8c2693c3dd9c"},"breadcrumb":{"@id":"http:\/\/vientosur.top\/museo\/discipula-margot-loyola-ofrecera-recital-gratuito-la-guitarra-traspuesta\/#breadcrumb"},"inLanguage":"es","potentialAction":[{"@type":"ReadAction","target":["http:\/\/vientosur.top\/museo\/discipula-margot-loyola-ofrecera-recital-gratuito-la-guitarra-traspuesta\/"]}]},{"@type":"ImageObject","inLanguage":"es","@id":"http:\/\/vientosur.top\/museo\/discipula-margot-loyola-ofrecera-recital-gratuito-la-guitarra-traspuesta\/#primaryimage","url":"http:\/\/vientosur.top\/museo\/wp-content\/uploads\/2018\/04\/P1250361-scaled.jpg","contentUrl":"http:\/\/vientosur.top\/museo\/wp-content\/uploads\/2018\/04\/P1250361-scaled.jpg","width":2560,"height":1920},{"@type":"BreadcrumbList","@id":"http:\/\/vientosur.top\/museo\/discipula-margot-loyola-ofrecera-recital-gratuito-la-guitarra-traspuesta\/#breadcrumb","itemListElement":[{"@type":"ListItem","position":1,"name":"Portada","item":"http:\/\/vientosur.top\/museo\/"},{"@type":"ListItem","position":2,"name":"Disc\u00edpula de Margot Loyola ofreci\u00f3 recital gratuito sobre la guitarra traspuesta"}]},{"@type":"WebSite","@id":"http:\/\/vientosur.top\/museo\/#website","url":"http:\/\/vientosur.top\/museo\/","name":"Museo Violeta Parra","description":"Espacio que alberga tanto la memoria y legado creativo de la artista","potentialAction":[{"@type":"SearchAction","target":{"@type":"EntryPoint","urlTemplate":"http:\/\/vientosur.top\/museo\/?s={search_term_string}"},"query-input":{"@type":"PropertyValueSpecification","valueRequired":true,"valueName":"search_term_string"}}],"inLanguage":"es"},{"@type":"Person","@id":"http:\/\/vientosur.top\/museo\/#\/schema\/person\/20c79d3c38800971feec8c2693c3dd9c","name":"admin","image":{"@type":"ImageObject","inLanguage":"es","@id":"http:\/\/vientosur.top\/museo\/#\/schema\/person\/image\/","url":"https:\/\/secure.gravatar.com\/avatar\/713677ece3ffa642287213a80e5b773bce9ab81c269dd6d95102a990951c922f?s=96&d=mm&r=g","contentUrl":"https:\/\/secure.gravatar.com\/avatar\/713677ece3ffa642287213a80e5b773bce9ab81c269dd6d95102a990951c922f?s=96&d=mm&r=g","caption":"admin"},"sameAs":["http:\/\/vientosur.top\/museo"],"url":"http:\/\/vientosur.top\/museo\/author\/comunicacionesmvp\/"}]}},"_links":{"self":[{"href":"http:\/\/vientosur.top\/museo\/wp-json\/wp\/v2\/posts\/14903","targetHints":{"allow":["GET"]}}],"collection":[{"href":"http:\/\/vientosur.top\/museo\/wp-json\/wp\/v2\/posts"}],"about":[{"href":"http:\/\/vientosur.top\/museo\/wp-json\/wp\/v2\/types\/post"}],"author":[{"embeddable":true,"href":"http:\/\/vientosur.top\/museo\/wp-json\/wp\/v2\/users\/5"}],"replies":[{"embeddable":true,"href":"http:\/\/vientosur.top\/museo\/wp-json\/wp\/v2\/comments?post=14903"}],"version-history":[{"count":0,"href":"http:\/\/vientosur.top\/museo\/wp-json\/wp\/v2\/posts\/14903\/revisions"}],"wp:featuredmedia":[{"embeddable":true,"href":"http:\/\/vientosur.top\/museo\/wp-json\/wp\/v2\/media\/14720"}],"wp:attachment":[{"href":"http:\/\/vientosur.top\/museo\/wp-json\/wp\/v2\/media?parent=14903"}],"wp:term":[{"taxonomy":"category","embeddable":true,"href":"http:\/\/vientosur.top\/museo\/wp-json\/wp\/v2\/categories?post=14903"},{"taxonomy":"post_tag","embeddable":true,"href":"http:\/\/vientosur.top\/museo\/wp-json\/wp\/v2\/tags?post=14903"}],"curies":[{"name":"wp","href":"https:\/\/api.w.org\/{rel}","templated":true}]}}